{"id":13803,"date":"2026-03-27T05:00:13","date_gmt":"2026-03-27T09:00:13","guid":{"rendered":"https:\/\/blogdacondessa.com.br\/blog\/?p=13803"},"modified":"2026-03-26T19:23:57","modified_gmt":"2026-03-26T23:23:57","slug":"a-paixao-de-cristo","status":"publish","type":"post","link":"https:\/\/blogdacondessa.com.br\/blog\/cidades\/a-paixao-de-cristo\/","title":{"rendered":"A \u201cPaix\u00e3o de Cristo\u201d"},"content":{"rendered":"<p>A primeira-dama de Mato Grosso, Virginia Mendes, e a Secretaria de Estado de Assist\u00eancia Social e Cidadania (Setasc) convidam para o espet\u00e1culo \u201cPaix\u00e3o de Cristo\u201d, de 30 de mar\u00e7o a 4 de abril, na Arena Pantanal.\u00a0A abertura do espet\u00e1culo, ser\u00e1 na segunda-feira (30), \u00e0s 18h. Nos demais dias, as apresenta\u00e7\u00f5es come\u00e7am \u00e0s 19h.<\/p>\n<p>O evento, realizado pela Setasc, integra cultura e a\u00e7\u00e3o social, com estrutura voltada \u00e0s fam\u00edlias. A programa\u00e7\u00e3o contar\u00e1 com a participa\u00e7\u00e3o especial do ator Kayky Brito, al\u00e9m de pra\u00e7a de alimenta\u00e7\u00e3o e feira de artesanato.<\/p>\n<p>A primeira-dama Virginia Mendes destacou que a iniciativa amplia o acesso da popula\u00e7\u00e3o tanto \u00e0 cultura quanto aos servi\u00e7os essenciais.<\/p>\n<p>\u201cNosso objetivo \u00e9 proporcionar um momento de f\u00e9 e reflex\u00e3o, mas tamb\u00e9m facilitar o acesso a servi\u00e7os importantes. \u00c9 uma forma de estar mais perto das pessoas, levando cuidado, dignidade e cidadania\u201d, afirmou.<\/p>\n<p>Durante o evento, haver\u00e1 o Mutir\u00e3o da Cidadania com a oferta de servi\u00e7os gratuitos, entre eles atendimentos do SER Fam\u00edlia Habita\u00e7\u00e3o, SER Fam\u00edlia Capacita, Capacita Sine, Procon, emiss\u00e3o da carteirinha do autista pelo SER Fam\u00edlia Inclusivo, al\u00e9m do SER Fam\u00edlia Cart\u00e3o e SER Fam\u00edlia Mulher.<\/p>\n<p>Al\u00e9m da programa\u00e7\u00e3o cultural, o espa\u00e7o contar\u00e1 com o Parque Solid\u00e1rio, com ingresso no valor simb\u00f3lico de R$ 5, oferecendo mais uma op\u00e7\u00e3o de lazer ao p\u00fablico durante os dias de evento.<\/p>\n","protected":false},"excerpt":{"rendered":"<p>A primeira-dama de Mato Grosso, Virginia Mendes, e a Secretaria de Estado de Assist\u00eancia Social e Cidadania (Setasc) convidam para o espet\u00e1culo \u201cPaix\u00e3o de Cristo\u201d, de 30 de mar\u00e7o a 4 de abril, na Arena Pantanal.\u00a0A abertura do espet\u00e1culo, ser\u00e1 na segunda-feira (30), \u00e0s 18h. Nos demais dias, as apresenta\u00e7\u00f5es come\u00e7am \u00e0s 19h. O evento, [&hellip;]<\/p>\n","protected":false},"author":2,"featured_media":13804,"comment_status":"closed","ping_status":"closed","sticky":false,"template":"","format":"standard","meta":{"iawp_total_views":34,"footnotes":""},"categories":[12],"tags":[],"class_list":["post-13803","post","type-post","status-publish","format-standard","has-post-thumbnail","hentry","category-cidades"],"yoast_head":"<!-- This site is optimized with the Yoast SEO plugin v27.3 - https:\/\/yoast.com\/product\/yoast-seo-wordpress\/ -->\n<title>A \u201cPaix\u00e3o de Cristo\u201d &#8902; Blog da Condessa<\/title>\n<meta name=\"robots\" content=\"index, follow, max-snippet:-1, max-image-preview:large, max-video-preview:-1\" \/>\n<link rel=\"canonical\" href=\"https:\/\/blogdacondessa.com.br\/blog\/cidades\/a-paixao-de-cristo\/\" \/>\n<meta property=\"og:locale\" content=\"pt_BR\" \/>\n<meta property=\"og:type\" content=\"article\" \/>\n<meta property=\"og:title\" content=\"A \u201cPaix\u00e3o de Cristo\u201d &#8902; Blog da Condessa\" \/>\n<meta property=\"og:description\" content=\"A primeira-dama de Mato Grosso, Virginia Mendes, e a Secretaria de Estado de Assist\u00eancia Social e Cidadania (Setasc) convidam para o espet\u00e1culo \u201cPaix\u00e3o de Cristo\u201d, de 30 de mar\u00e7o a 4 de abril, na Arena Pantanal.\u00a0A abertura do espet\u00e1culo, ser\u00e1 na segunda-feira (30), \u00e0s 18h. Nos demais dias, as apresenta\u00e7\u00f5es come\u00e7am \u00e0s 19h. O evento, [&hellip;]\" \/>\n<meta property=\"og:url\" content=\"https:\/\/blogdacondessa.com.br\/blog\/cidades\/a-paixao-de-cristo\/\" \/>\n<meta property=\"og:site_name\" content=\"Blog da Condessa\" \/>\n<meta property=\"article:published_time\" content=\"2026-03-27T09:00:13+00:00\" \/>\n<meta property=\"og:image\" content=\"https:\/\/blogdacondessa.com.br\/blog\/wp-content\/uploads\/2026\/03\/a-paixao-de-cristo.jpg\" \/>\n\t<meta property=\"og:image:width\" content=\"1024\" \/>\n\t<meta property=\"og:image:height\" content=\"682\" \/>\n\t<meta property=\"og:image:type\" content=\"image\/jpeg\" \/>\n<meta name=\"author\" content=\"Blog da Condessa\" \/>\n<meta name=\"twitter:card\" content=\"summary_large_image\" \/>\n<meta name=\"twitter:label1\" content=\"Escrito por\" \/>\n\t<meta name=\"twitter:data1\" content=\"Blog da Condessa\" \/>\n\t<meta name=\"twitter:label2\" content=\"Est. tempo de leitura\" \/>\n\t<meta name=\"twitter:data2\" content=\"2 minutos\" \/>\n<script type=\"application\/ld+json\" class=\"yoast-schema-graph\">{\"@context\":\"https:\\\/\\\/schema.org\",\"@graph\":[{\"@type\":\"Article\",\"@id\":\"https:\\\/\\\/blogdacondessa.com.br\\\/blog\\\/cidades\\\/a-paixao-de-cristo\\\/#article\",\"isPartOf\":{\"@id\":\"https:\\\/\\\/blogdacondessa.com.br\\\/blog\\\/cidades\\\/a-paixao-de-cristo\\\/\"},\"author\":{\"name\":\"Blog da Condessa\",\"@id\":\"https:\\\/\\\/blogdacondessa.com.br\\\/blog\\\/#\\\/schema\\\/person\\\/1d667ff8b785195b568677489d266035\"},\"headline\":\"A \u201cPaix\u00e3o de Cristo\u201d\",\"datePublished\":\"2026-03-27T09:00:13+00:00\",\"mainEntityOfPage\":{\"@id\":\"https:\\\/\\\/blogdacondessa.com.br\\\/blog\\\/cidades\\\/a-paixao-de-cristo\\\/\"},\"wordCount\":254,\"image\":{\"@id\":\"https:\\\/\\\/blogdacondessa.com.br\\\/blog\\\/cidades\\\/a-paixao-de-cristo\\\/#primaryimage\"},\"thumbnailUrl\":\"https:\\\/\\\/blogdacondessa.com.br\\\/blog\\\/wp-content\\\/uploads\\\/2026\\\/03\\\/a-paixao-de-cristo.jpg\",\"articleSection\":[\"Cidades\"],\"inLanguage\":\"pt-BR\"},{\"@type\":\"WebPage\",\"@id\":\"https:\\\/\\\/blogdacondessa.com.br\\\/blog\\\/cidades\\\/a-paixao-de-cristo\\\/\",\"url\":\"https:\\\/\\\/blogdacondessa.com.br\\\/blog\\\/cidades\\\/a-paixao-de-cristo\\\/\",\"name\":\"A \u201cPaix\u00e3o de Cristo\u201d &#8902; Blog da Condessa\",\"isPartOf\":{\"@id\":\"https:\\\/\\\/blogdacondessa.com.br\\\/blog\\\/#website\"},\"primaryImageOfPage\":{\"@id\":\"https:\\\/\\\/blogdacondessa.com.br\\\/blog\\\/cidades\\\/a-paixao-de-cristo\\\/#primaryimage\"},\"image\":{\"@id\":\"https:\\\/\\\/blogdacondessa.com.br\\\/blog\\\/cidades\\\/a-paixao-de-cristo\\\/#primaryimage\"},\"thumbnailUrl\":\"https:\\\/\\\/blogdacondessa.com.br\\\/blog\\\/wp-content\\\/uploads\\\/2026\\\/03\\\/a-paixao-de-cristo.jpg\",\"datePublished\":\"2026-03-27T09:00:13+00:00\",\"author\":{\"@id\":\"https:\\\/\\\/blogdacondessa.com.br\\\/blog\\\/#\\\/schema\\\/person\\\/1d667ff8b785195b568677489d266035\"},\"breadcrumb\":{\"@id\":\"https:\\\/\\\/blogdacondessa.com.br\\\/blog\\\/cidades\\\/a-paixao-de-cristo\\\/#breadcrumb\"},\"inLanguage\":\"pt-BR\",\"potentialAction\":[{\"@type\":\"ReadAction\",\"target\":[\"https:\\\/\\\/blogdacondessa.com.br\\\/blog\\\/cidades\\\/a-paixao-de-cristo\\\/\"]}]},{\"@type\":\"ImageObject\",\"inLanguage\":\"pt-BR\",\"@id\":\"https:\\\/\\\/blogdacondessa.com.br\\\/blog\\\/cidades\\\/a-paixao-de-cristo\\\/#primaryimage\",\"url\":\"https:\\\/\\\/blogdacondessa.com.br\\\/blog\\\/wp-content\\\/uploads\\\/2026\\\/03\\\/a-paixao-de-cristo.jpg\",\"contentUrl\":\"https:\\\/\\\/blogdacondessa.com.br\\\/blog\\\/wp-content\\\/uploads\\\/2026\\\/03\\\/a-paixao-de-cristo.jpg\",\"width\":1024,\"height\":682,\"caption\":\"Foto: Assessoria\"},{\"@type\":\"BreadcrumbList\",\"@id\":\"https:\\\/\\\/blogdacondessa.com.br\\\/blog\\\/cidades\\\/a-paixao-de-cristo\\\/#breadcrumb\",\"itemListElement\":[{\"@type\":\"ListItem\",\"position\":1,\"name\":\"In\u00edcio\",\"item\":\"https:\\\/\\\/blogdacondessa.com.br\\\/blog\\\/\"},{\"@type\":\"ListItem\",\"position\":2,\"name\":\"A \u201cPaix\u00e3o de Cristo\u201d\"}]},{\"@type\":\"WebSite\",\"@id\":\"https:\\\/\\\/blogdacondessa.com.br\\\/blog\\\/#website\",\"url\":\"https:\\\/\\\/blogdacondessa.com.br\\\/blog\\\/\",\"name\":\"Blog da Condessa\",\"description\":\"Com Shirley de Souza O\u2019Campos\",\"potentialAction\":[{\"@type\":\"SearchAction\",\"target\":{\"@type\":\"EntryPoint\",\"urlTemplate\":\"https:\\\/\\\/blogdacondessa.com.br\\\/blog\\\/?s={search_term_string}\"},\"query-input\":{\"@type\":\"PropertyValueSpecification\",\"valueRequired\":true,\"valueName\":\"search_term_string\"}}],\"inLanguage\":\"pt-BR\"},{\"@type\":\"Person\",\"@id\":\"https:\\\/\\\/blogdacondessa.com.br\\\/blog\\\/#\\\/schema\\\/person\\\/1d667ff8b785195b568677489d266035\",\"name\":\"Blog da Condessa\",\"image\":{\"@type\":\"ImageObject\",\"inLanguage\":\"pt-BR\",\"@id\":\"https:\\\/\\\/secure.gravatar.com\\\/avatar\\\/377c0eb8b4ad2bfc25461b41564b5971e721ca34a57642868fc7b0c8ac7b52c5?s=96&d=mm&r=g\",\"url\":\"https:\\\/\\\/secure.gravatar.com\\\/avatar\\\/377c0eb8b4ad2bfc25461b41564b5971e721ca34a57642868fc7b0c8ac7b52c5?s=96&d=mm&r=g\",\"contentUrl\":\"https:\\\/\\\/secure.gravatar.com\\\/avatar\\\/377c0eb8b4ad2bfc25461b41564b5971e721ca34a57642868fc7b0c8ac7b52c5?s=96&d=mm&r=g\",\"caption\":\"Blog da Condessa\"},\"url\":\"https:\\\/\\\/blogdacondessa.com.br\\\/blog\\\/author\\\/beatriz\\\/\"}]}<\/script>\n<!-- \/ Yoast SEO plugin. -->","yoast_head_json":{"title":"A \u201cPaix\u00e3o de Cristo\u201d &#8902; Blog da Condessa","robots":{"index":"index","follow":"follow","max-snippet":"max-snippet:-1","max-image-preview":"max-image-preview:large","max-video-preview":"max-video-preview:-1"},"canonical":"https:\/\/blogdacondessa.com.br\/blog\/cidades\/a-paixao-de-cristo\/","og_locale":"pt_BR","og_type":"article","og_title":"A \u201cPaix\u00e3o de Cristo\u201d &#8902; Blog da Condessa","og_description":"A primeira-dama de Mato Grosso, Virginia Mendes, e a Secretaria de Estado de Assist\u00eancia Social e Cidadania (Setasc) convidam para o espet\u00e1culo \u201cPaix\u00e3o de Cristo\u201d, de 30 de mar\u00e7o a 4 de abril, na Arena Pantanal.\u00a0A abertura do espet\u00e1culo, ser\u00e1 na segunda-feira (30), \u00e0s 18h. Nos demais dias, as apresenta\u00e7\u00f5es come\u00e7am \u00e0s 19h. O evento, [&hellip;]","og_url":"https:\/\/blogdacondessa.com.br\/blog\/cidades\/a-paixao-de-cristo\/","og_site_name":"Blog da Condessa","article_published_time":"2026-03-27T09:00:13+00:00","og_image":[{"width":1024,"height":682,"url":"https:\/\/blogdacondessa.com.br\/blog\/wp-content\/uploads\/2026\/03\/a-paixao-de-cristo.jpg","type":"image\/jpeg"}],"author":"Blog da Condessa","twitter_card":"summary_large_image","twitter_misc":{"Escrito por":"Blog da Condessa","Est. tempo de leitura":"2 minutos"},"schema":{"@context":"https:\/\/schema.org","@graph":[{"@type":"Article","@id":"https:\/\/blogdacondessa.com.br\/blog\/cidades\/a-paixao-de-cristo\/#article","isPartOf":{"@id":"https:\/\/blogdacondessa.com.br\/blog\/cidades\/a-paixao-de-cristo\/"},"author":{"name":"Blog da Condessa","@id":"https:\/\/blogdacondessa.com.br\/blog\/#\/schema\/person\/1d667ff8b785195b568677489d266035"},"headline":"A \u201cPaix\u00e3o de Cristo\u201d","datePublished":"2026-03-27T09:00:13+00:00","mainEntityOfPage":{"@id":"https:\/\/blogdacondessa.com.br\/blog\/cidades\/a-paixao-de-cristo\/"},"wordCount":254,"image":{"@id":"https:\/\/blogdacondessa.com.br\/blog\/cidades\/a-paixao-de-cristo\/#primaryimage"},"thumbnailUrl":"https:\/\/blogdacondessa.com.br\/blog\/wp-content\/uploads\/2026\/03\/a-paixao-de-cristo.jpg","articleSection":["Cidades"],"inLanguage":"pt-BR"},{"@type":"WebPage","@id":"https:\/\/blogdacondessa.com.br\/blog\/cidades\/a-paixao-de-cristo\/","url":"https:\/\/blogdacondessa.com.br\/blog\/cidades\/a-paixao-de-cristo\/","name":"A \u201cPaix\u00e3o de Cristo\u201d &#8902; Blog da Condessa","isPartOf":{"@id":"https:\/\/blogdacondessa.com.br\/blog\/#website"},"primaryImageOfPage":{"@id":"https:\/\/blogdacondessa.com.br\/blog\/cidades\/a-paixao-de-cristo\/#primaryimage"},"image":{"@id":"https:\/\/blogdacondessa.com.br\/blog\/cidades\/a-paixao-de-cristo\/#primaryimage"},"thumbnailUrl":"https:\/\/blogdacondessa.com.br\/blog\/wp-content\/uploads\/2026\/03\/a-paixao-de-cristo.jpg","datePublished":"2026-03-27T09:00:13+00:00","author":{"@id":"https:\/\/blogdacondessa.com.br\/blog\/#\/schema\/person\/1d667ff8b785195b568677489d266035"},"breadcrumb":{"@id":"https:\/\/blogdacondessa.com.br\/blog\/cidades\/a-paixao-de-cristo\/#breadcrumb"},"inLanguage":"pt-BR","potentialAction":[{"@type":"ReadAction","target":["https:\/\/blogdacondessa.com.br\/blog\/cidades\/a-paixao-de-cristo\/"]}]},{"@type":"ImageObject","inLanguage":"pt-BR","@id":"https:\/\/blogdacondessa.com.br\/blog\/cidades\/a-paixao-de-cristo\/#primaryimage","url":"https:\/\/blogdacondessa.com.br\/blog\/wp-content\/uploads\/2026\/03\/a-paixao-de-cristo.jpg","contentUrl":"https:\/\/blogdacondessa.com.br\/blog\/wp-content\/uploads\/2026\/03\/a-paixao-de-cristo.jpg","width":1024,"height":682,"caption":"Foto: Assessoria"},{"@type":"BreadcrumbList","@id":"https:\/\/blogdacondessa.com.br\/blog\/cidades\/a-paixao-de-cristo\/#breadcrumb","itemListElement":[{"@type":"ListItem","position":1,"name":"In\u00edcio","item":"https:\/\/blogdacondessa.com.br\/blog\/"},{"@type":"ListItem","position":2,"name":"A \u201cPaix\u00e3o de Cristo\u201d"}]},{"@type":"WebSite","@id":"https:\/\/blogdacondessa.com.br\/blog\/#website","url":"https:\/\/blogdacondessa.com.br\/blog\/","name":"Blog da Condessa","description":"Com Shirley de Souza O\u2019Campos","potentialAction":[{"@type":"SearchAction","target":{"@type":"EntryPoint","urlTemplate":"https:\/\/blogdacondessa.com.br\/blog\/?s={search_term_string}"},"query-input":{"@type":"PropertyValueSpecification","valueRequired":true,"valueName":"search_term_string"}}],"inLanguage":"pt-BR"},{"@type":"Person","@id":"https:\/\/blogdacondessa.com.br\/blog\/#\/schema\/person\/1d667ff8b785195b568677489d266035","name":"Blog da Condessa","image":{"@type":"ImageObject","inLanguage":"pt-BR","@id":"https:\/\/secure.gravatar.com\/avatar\/377c0eb8b4ad2bfc25461b41564b5971e721ca34a57642868fc7b0c8ac7b52c5?s=96&d=mm&r=g","url":"https:\/\/secure.gravatar.com\/avatar\/377c0eb8b4ad2bfc25461b41564b5971e721ca34a57642868fc7b0c8ac7b52c5?s=96&d=mm&r=g","contentUrl":"https:\/\/secure.gravatar.com\/avatar\/377c0eb8b4ad2bfc25461b41564b5971e721ca34a57642868fc7b0c8ac7b52c5?s=96&d=mm&r=g","caption":"Blog da Condessa"},"url":"https:\/\/blogdacondessa.com.br\/blog\/author\/beatriz\/"}]}},"_links":{"self":[{"href":"https:\/\/blogdacondessa.com.br\/blog\/wp-json\/wp\/v2\/posts\/13803","targetHints":{"allow":["GET"]}}],"collection":[{"href":"https:\/\/blogdacondessa.com.br\/blog\/wp-json\/wp\/v2\/posts"}],"about":[{"href":"https:\/\/blogdacondessa.com.br\/blog\/wp-json\/wp\/v2\/types\/post"}],"author":[{"embeddable":true,"href":"https:\/\/blogdacondessa.com.br\/blog\/wp-json\/wp\/v2\/users\/2"}],"replies":[{"embeddable":true,"href":"https:\/\/blogdacondessa.com.br\/blog\/wp-json\/wp\/v2\/comments?post=13803"}],"version-history":[{"count":1,"href":"https:\/\/blogdacondessa.com.br\/blog\/wp-json\/wp\/v2\/posts\/13803\/revisions"}],"predecessor-version":[{"id":13805,"href":"https:\/\/blogdacondessa.com.br\/blog\/wp-json\/wp\/v2\/posts\/13803\/revisions\/13805"}],"wp:featuredmedia":[{"embeddable":true,"href":"https:\/\/blogdacondessa.com.br\/blog\/wp-json\/wp\/v2\/media\/13804"}],"wp:attachment":[{"href":"https:\/\/blogdacondessa.com.br\/blog\/wp-json\/wp\/v2\/media?parent=13803"}],"wp:term":[{"taxonomy":"category","embeddable":true,"href":"https:\/\/blogdacondessa.com.br\/blog\/wp-json\/wp\/v2\/categories?post=13803"},{"taxonomy":"post_tag","embeddable":true,"href":"https:\/\/blogdacondessa.com.br\/blog\/wp-json\/wp\/v2\/tags?post=13803"}],"curies":[{"name":"wp","href":"https:\/\/api.w.org\/{rel}","templated":true}]}}