{"id":138,"date":"2020-02-26T23:08:13","date_gmt":"2020-02-26T23:08:13","guid":{"rendered":"https:\/\/blogdacondessa.local\/ipva-prazo-encerra-na-sexta-feira\/"},"modified":"2020-02-26T23:08:13","modified_gmt":"2020-02-26T23:08:13","slug":"ipva-prazo-encerra-na-sexta-feira","status":"publish","type":"post","link":"https:\/\/blogdacondessa.com.br\/blog\/economia\/ipva-prazo-encerra-na-sexta-feira\/","title":{"rendered":"IPVA: prazo encerra na sexta-feira"},"content":{"rendered":"<p>Os propriet\u00e1rios de ve\u00edculos com placa de final 2 e 3 devem efetuar o pagamento at\u00e9 o dia 28 de fevereiro. Os contribuintes t\u00eam duas op\u00e7\u00f5es: cota \u00fanica ou parcelada em at\u00e9 seis vezes, todas sem o benef\u00edcio da redu\u00e7\u00e3o no valor. Ap\u00f3s o \u00faltimo dia \u00fatil do m\u00eas de fevereiro (28) o imposto ser\u00e1 acrescido de juros e multas. Os descontos de 5% e 3% foram concedidos apenas para os pagamentos realizados at\u00e9 os dias 10 e 20 de fevereiro, respectivamente.<\/p>\n<p>Ap\u00f3s o \u00faltimo dia \u00fatil do m\u00eas de fevereiro (28) o IPVA ser\u00e1 acrescido de juros e multas. Os contribuintes que optarem pelo parcelamento, podem dividir o d\u00e9bito em\u00a0parcelas iguais e sucessivas. Para que a negocia\u00e7\u00e3o tenha validade, o pagamento da primeira parcela deve ser efetuado at\u00e9 o dia 28. Al\u00e9m disso, o valor por parcela n\u00e3o poder\u00e1 ser inferior a uma Unidade Padr\u00e3o Fiscal (UPF), que para este m\u00eas est\u00e1 cotada em R$ 148,98.<\/p>\n<p>Para efetuar o pagamento, o contribuinte deve emitir a guia de recolhimento no portal da Sefaz, no banner IPVA 2020. Ao acessar o servi\u00e7o, o propriet\u00e1rio do ve\u00edculo tamb\u00e9m poder\u00e1 consultar informa\u00e7\u00f5es como poss\u00edveis d\u00e9bitos pendentes e parcelamentos.<\/p>\n<p>O pagamento poder\u00e1 ser efetuado mediante a apresenta\u00e7\u00e3o do documento de arrecada\u00e7\u00e3o nas seguintes institui\u00e7\u00f5es financeiras: Banco do Brasil e correspondente banc\u00e1rio, SICREDI, BANCOOB, Bradesco e correspondente banc\u00e1rio, Ita\u00fa, PRIMACREDI e Santander. Confira as datas de vencimento das pr\u00f3ximas placas. ( Fonte: Sefaz\/MT)<\/p>\n<p><strong>Finais 4 e 5<\/strong><\/p>\n<p>Recolhimento em cota \u00fanica com 5% de desconto &#8211; At\u00e9 10.03.2020<\/p>\n<p>Recolhimento em cota \u00fanica com 3% de desconto &#8211; At\u00e9 20.03.2020<\/p>\n<p>Recolhimento em cota \u00fanica sem desconto ou da 1\u00aa parcela &#8211; At\u00e9 31.03.2020<\/p>\n<p>Recolhimento integral com multa e juros &#8211; Ap\u00f3s 31.03.2020<\/p>\n<p><strong>Finais 6 e 7<\/strong><\/p>\n<p>Recolhimento em cota \u00fanica com 5% de desconto &#8211; At\u00e9 13.04.2020<\/p>\n<p>Recolhimento em cota \u00fanica com 3% de desconto &#8211; At\u00e9 20.04.2020<\/p>\n<p>Recolhimento em cota \u00fanica sem desconto ou da 1\u00aa parcela &#8211; At\u00e9 30.04.2020<\/p>\n<p>Recolhimento integral com multa e juros &#8211; Ap\u00f3s 30.04.2020<\/p>\n<p><strong>Finais 8 e 9<\/strong><\/p>\n<p>Recolhimento em cota \u00fanica com 5% de desconto &#8211; At\u00e9 11.05.2020<\/p>\n<p>Recolhimento em cota \u00fanica com 3% de desconto &#8211; At\u00e9 20.05.2020<\/p>\n<p>Recolhimento em cota \u00fanica sem desconto ou da 1\u00aa parcela &#8211; At\u00e9 29.05.2020<\/p>\n<p>Recolhimento integral com multa e juros &#8211; Ap\u00f3s 29.05.2020<\/p>\n<p><strong>Final 0<\/strong><\/p>\n<p>Recolhimento em cota \u00fanica com 5% de desconto &#8211; At\u00e9 10.06.2020<\/p>\n<p>Recolhimento em cota \u00fanica com 3% de desconto &#8211; At\u00e9 22.06.2020<\/p>\n<p>Recolhimento em cota \u00fanica sem desconto ou da 1\u00aa parcela &#8211; At\u00e9 30.06.2020<\/p>\n<p>Recolhimento integral com multa e juros &#8211; Ap\u00f3s 30.06.2020<\/p>\n<p>\u00a0<\/p>\n","protected":false},"excerpt":{"rendered":"<p>Os propriet\u00e1rios de ve\u00edculos com placa de final 2 e 3 devem efetuar o pagamento at\u00e9 o dia 28 de fevereiro. Os contribuintes t\u00eam duas op\u00e7\u00f5es: cota \u00fanica ou parcelada em at\u00e9 seis vezes, todas sem o benef\u00edcio da redu\u00e7\u00e3o no valor. Ap\u00f3s o \u00faltimo dia \u00fatil do m\u00eas de fevereiro (28) o imposto ser\u00e1 [&hellip;]<\/p>\n","protected":false},"author":2,"featured_media":0,"comment_status":"open","ping_status":"closed","sticky":false,"template":"","format":"standard","meta":{"iawp_total_views":0,"footnotes":""},"categories":[9],"tags":[],"class_list":["post-138","post","type-post","status-publish","format-standard","hentry","category-economia"],"yoast_head":"<!-- This site is optimized with the Yoast SEO plugin v27.3 - https:\/\/yoast.com\/product\/yoast-seo-wordpress\/ -->\n<title>IPVA: prazo encerra na sexta-feira &#8902; Blog da Condessa<\/title>\n<meta name=\"robots\" content=\"index, follow, max-snippet:-1, max-image-preview:large, max-video-preview:-1\" \/>\n<link rel=\"canonical\" href=\"https:\/\/blogdacondessa.com.br\/blog\/economia\/ipva-prazo-encerra-na-sexta-feira\/\" \/>\n<meta property=\"og:locale\" content=\"pt_BR\" \/>\n<meta property=\"og:type\" content=\"article\" \/>\n<meta property=\"og:title\" content=\"IPVA: prazo encerra na sexta-feira &#8902; Blog da Condessa\" \/>\n<meta property=\"og:description\" content=\"Os propriet\u00e1rios de ve\u00edculos com placa de final 2 e 3 devem efetuar o pagamento at\u00e9 o dia 28 de fevereiro. Os contribuintes t\u00eam duas op\u00e7\u00f5es: cota \u00fanica ou parcelada em at\u00e9 seis vezes, todas sem o benef\u00edcio da redu\u00e7\u00e3o no valor. Ap\u00f3s o \u00faltimo dia \u00fatil do m\u00eas de fevereiro (28) o imposto ser\u00e1 [&hellip;]\" \/>\n<meta property=\"og:url\" content=\"https:\/\/blogdacondessa.com.br\/blog\/economia\/ipva-prazo-encerra-na-sexta-feira\/\" \/>\n<meta property=\"og:site_name\" content=\"Blog da Condessa\" \/>\n<meta property=\"article:published_time\" content=\"2020-02-26T23:08:13+00:00\" \/>\n<meta name=\"author\" content=\"Blog da Condessa\" \/>\n<meta name=\"twitter:card\" content=\"summary_large_image\" \/>\n<meta name=\"twitter:label1\" content=\"Escrito por\" \/>\n\t<meta name=\"twitter:data1\" content=\"Blog da Condessa\" \/>\n\t<meta name=\"twitter:label2\" content=\"Est. tempo de leitura\" \/>\n\t<meta name=\"twitter:data2\" content=\"2 minutos\" \/>\n<script type=\"application\/ld+json\" class=\"yoast-schema-graph\">{\"@context\":\"https:\\\/\\\/schema.org\",\"@graph\":[{\"@type\":\"Article\",\"@id\":\"https:\\\/\\\/blogdacondessa.com.br\\\/blog\\\/economia\\\/ipva-prazo-encerra-na-sexta-feira\\\/#article\",\"isPartOf\":{\"@id\":\"https:\\\/\\\/blogdacondessa.com.br\\\/blog\\\/economia\\\/ipva-prazo-encerra-na-sexta-feira\\\/\"},\"author\":{\"name\":\"Blog da Condessa\",\"@id\":\"https:\\\/\\\/blogdacondessa.com.br\\\/blog\\\/#\\\/schema\\\/person\\\/1d667ff8b785195b568677489d266035\"},\"headline\":\"IPVA: prazo encerra na sexta-feira\",\"datePublished\":\"2020-02-26T23:08:13+00:00\",\"mainEntityOfPage\":{\"@id\":\"https:\\\/\\\/blogdacondessa.com.br\\\/blog\\\/economia\\\/ipva-prazo-encerra-na-sexta-feira\\\/\"},\"wordCount\":420,\"commentCount\":0,\"articleSection\":[\"Economia\"],\"inLanguage\":\"pt-BR\",\"potentialAction\":[{\"@type\":\"CommentAction\",\"name\":\"Comment\",\"target\":[\"https:\\\/\\\/blogdacondessa.com.br\\\/blog\\\/economia\\\/ipva-prazo-encerra-na-sexta-feira\\\/#respond\"]}]},{\"@type\":\"WebPage\",\"@id\":\"https:\\\/\\\/blogdacondessa.com.br\\\/blog\\\/economia\\\/ipva-prazo-encerra-na-sexta-feira\\\/\",\"url\":\"https:\\\/\\\/blogdacondessa.com.br\\\/blog\\\/economia\\\/ipva-prazo-encerra-na-sexta-feira\\\/\",\"name\":\"IPVA: prazo encerra na sexta-feira &#8902; Blog da Condessa\",\"isPartOf\":{\"@id\":\"https:\\\/\\\/blogdacondessa.com.br\\\/blog\\\/#website\"},\"datePublished\":\"2020-02-26T23:08:13+00:00\",\"author\":{\"@id\":\"https:\\\/\\\/blogdacondessa.com.br\\\/blog\\\/#\\\/schema\\\/person\\\/1d667ff8b785195b568677489d266035\"},\"breadcrumb\":{\"@id\":\"https:\\\/\\\/blogdacondessa.com.br\\\/blog\\\/economia\\\/ipva-prazo-encerra-na-sexta-feira\\\/#breadcrumb\"},\"inLanguage\":\"pt-BR\",\"potentialAction\":[{\"@type\":\"ReadAction\",\"target\":[\"https:\\\/\\\/blogdacondessa.com.br\\\/blog\\\/economia\\\/ipva-prazo-encerra-na-sexta-feira\\\/\"]}]},{\"@type\":\"BreadcrumbList\",\"@id\":\"https:\\\/\\\/blogdacondessa.com.br\\\/blog\\\/economia\\\/ipva-prazo-encerra-na-sexta-feira\\\/#breadcrumb\",\"itemListElement\":[{\"@type\":\"ListItem\",\"position\":1,\"name\":\"In\u00edcio\",\"item\":\"https:\\\/\\\/blogdacondessa.com.br\\\/blog\\\/\"},{\"@type\":\"ListItem\",\"position\":2,\"name\":\"IPVA: prazo encerra na sexta-feira\"}]},{\"@type\":\"WebSite\",\"@id\":\"https:\\\/\\\/blogdacondessa.com.br\\\/blog\\\/#website\",\"url\":\"https:\\\/\\\/blogdacondessa.com.br\\\/blog\\\/\",\"name\":\"Blog da Condessa\",\"description\":\"Com Shirley de Souza O\u2019Campos\",\"potentialAction\":[{\"@type\":\"SearchAction\",\"target\":{\"@type\":\"EntryPoint\",\"urlTemplate\":\"https:\\\/\\\/blogdacondessa.com.br\\\/blog\\\/?s={search_term_string}\"},\"query-input\":{\"@type\":\"PropertyValueSpecification\",\"valueRequired\":true,\"valueName\":\"search_term_string\"}}],\"inLanguage\":\"pt-BR\"},{\"@type\":\"Person\",\"@id\":\"https:\\\/\\\/blogdacondessa.com.br\\\/blog\\\/#\\\/schema\\\/person\\\/1d667ff8b785195b568677489d266035\",\"name\":\"Blog da Condessa\",\"image\":{\"@type\":\"ImageObject\",\"inLanguage\":\"pt-BR\",\"@id\":\"https:\\\/\\\/secure.gravatar.com\\\/avatar\\\/377c0eb8b4ad2bfc25461b41564b5971e721ca34a57642868fc7b0c8ac7b52c5?s=96&d=mm&r=g\",\"url\":\"https:\\\/\\\/secure.gravatar.com\\\/avatar\\\/377c0eb8b4ad2bfc25461b41564b5971e721ca34a57642868fc7b0c8ac7b52c5?s=96&d=mm&r=g\",\"contentUrl\":\"https:\\\/\\\/secure.gravatar.com\\\/avatar\\\/377c0eb8b4ad2bfc25461b41564b5971e721ca34a57642868fc7b0c8ac7b52c5?s=96&d=mm&r=g\",\"caption\":\"Blog da Condessa\"},\"url\":\"https:\\\/\\\/blogdacondessa.com.br\\\/blog\\\/author\\\/beatriz\\\/\"}]}<\/script>\n<!-- \/ Yoast SEO plugin. -->","yoast_head_json":{"title":"IPVA: prazo encerra na sexta-feira &#8902; Blog da Condessa","robots":{"index":"index","follow":"follow","max-snippet":"max-snippet:-1","max-image-preview":"max-image-preview:large","max-video-preview":"max-video-preview:-1"},"canonical":"https:\/\/blogdacondessa.com.br\/blog\/economia\/ipva-prazo-encerra-na-sexta-feira\/","og_locale":"pt_BR","og_type":"article","og_title":"IPVA: prazo encerra na sexta-feira &#8902; Blog da Condessa","og_description":"Os propriet\u00e1rios de ve\u00edculos com placa de final 2 e 3 devem efetuar o pagamento at\u00e9 o dia 28 de fevereiro. Os contribuintes t\u00eam duas op\u00e7\u00f5es: cota \u00fanica ou parcelada em at\u00e9 seis vezes, todas sem o benef\u00edcio da redu\u00e7\u00e3o no valor. Ap\u00f3s o \u00faltimo dia \u00fatil do m\u00eas de fevereiro (28) o imposto ser\u00e1 [&hellip;]","og_url":"https:\/\/blogdacondessa.com.br\/blog\/economia\/ipva-prazo-encerra-na-sexta-feira\/","og_site_name":"Blog da Condessa","article_published_time":"2020-02-26T23:08:13+00:00","author":"Blog da Condessa","twitter_card":"summary_large_image","twitter_misc":{"Escrito por":"Blog da Condessa","Est. tempo de leitura":"2 minutos"},"schema":{"@context":"https:\/\/schema.org","@graph":[{"@type":"Article","@id":"https:\/\/blogdacondessa.com.br\/blog\/economia\/ipva-prazo-encerra-na-sexta-feira\/#article","isPartOf":{"@id":"https:\/\/blogdacondessa.com.br\/blog\/economia\/ipva-prazo-encerra-na-sexta-feira\/"},"author":{"name":"Blog da Condessa","@id":"https:\/\/blogdacondessa.com.br\/blog\/#\/schema\/person\/1d667ff8b785195b568677489d266035"},"headline":"IPVA: prazo encerra na sexta-feira","datePublished":"2020-02-26T23:08:13+00:00","mainEntityOfPage":{"@id":"https:\/\/blogdacondessa.com.br\/blog\/economia\/ipva-prazo-encerra-na-sexta-feira\/"},"wordCount":420,"commentCount":0,"articleSection":["Economia"],"inLanguage":"pt-BR","potentialAction":[{"@type":"CommentAction","name":"Comment","target":["https:\/\/blogdacondessa.com.br\/blog\/economia\/ipva-prazo-encerra-na-sexta-feira\/#respond"]}]},{"@type":"WebPage","@id":"https:\/\/blogdacondessa.com.br\/blog\/economia\/ipva-prazo-encerra-na-sexta-feira\/","url":"https:\/\/blogdacondessa.com.br\/blog\/economia\/ipva-prazo-encerra-na-sexta-feira\/","name":"IPVA: prazo encerra na sexta-feira &#8902; Blog da Condessa","isPartOf":{"@id":"https:\/\/blogdacondessa.com.br\/blog\/#website"},"datePublished":"2020-02-26T23:08:13+00:00","author":{"@id":"https:\/\/blogdacondessa.com.br\/blog\/#\/schema\/person\/1d667ff8b785195b568677489d266035"},"breadcrumb":{"@id":"https:\/\/blogdacondessa.com.br\/blog\/economia\/ipva-prazo-encerra-na-sexta-feira\/#breadcrumb"},"inLanguage":"pt-BR","potentialAction":[{"@type":"ReadAction","target":["https:\/\/blogdacondessa.com.br\/blog\/economia\/ipva-prazo-encerra-na-sexta-feira\/"]}]},{"@type":"BreadcrumbList","@id":"https:\/\/blogdacondessa.com.br\/blog\/economia\/ipva-prazo-encerra-na-sexta-feira\/#breadcrumb","itemListElement":[{"@type":"ListItem","position":1,"name":"In\u00edcio","item":"https:\/\/blogdacondessa.com.br\/blog\/"},{"@type":"ListItem","position":2,"name":"IPVA: prazo encerra na sexta-feira"}]},{"@type":"WebSite","@id":"https:\/\/blogdacondessa.com.br\/blog\/#website","url":"https:\/\/blogdacondessa.com.br\/blog\/","name":"Blog da Condessa","description":"Com Shirley de Souza O\u2019Campos","potentialAction":[{"@type":"SearchAction","target":{"@type":"EntryPoint","urlTemplate":"https:\/\/blogdacondessa.com.br\/blog\/?s={search_term_string}"},"query-input":{"@type":"PropertyValueSpecification","valueRequired":true,"valueName":"search_term_string"}}],"inLanguage":"pt-BR"},{"@type":"Person","@id":"https:\/\/blogdacondessa.com.br\/blog\/#\/schema\/person\/1d667ff8b785195b568677489d266035","name":"Blog da Condessa","image":{"@type":"ImageObject","inLanguage":"pt-BR","@id":"https:\/\/secure.gravatar.com\/avatar\/377c0eb8b4ad2bfc25461b41564b5971e721ca34a57642868fc7b0c8ac7b52c5?s=96&d=mm&r=g","url":"https:\/\/secure.gravatar.com\/avatar\/377c0eb8b4ad2bfc25461b41564b5971e721ca34a57642868fc7b0c8ac7b52c5?s=96&d=mm&r=g","contentUrl":"https:\/\/secure.gravatar.com\/avatar\/377c0eb8b4ad2bfc25461b41564b5971e721ca34a57642868fc7b0c8ac7b52c5?s=96&d=mm&r=g","caption":"Blog da Condessa"},"url":"https:\/\/blogdacondessa.com.br\/blog\/author\/beatriz\/"}]}},"_links":{"self":[{"href":"https:\/\/blogdacondessa.com.br\/blog\/wp-json\/wp\/v2\/posts\/138","targetHints":{"allow":["GET"]}}],"collection":[{"href":"https:\/\/blogdacondessa.com.br\/blog\/wp-json\/wp\/v2\/posts"}],"about":[{"href":"https:\/\/blogdacondessa.com.br\/blog\/wp-json\/wp\/v2\/types\/post"}],"author":[{"embeddable":true,"href":"https:\/\/blogdacondessa.com.br\/blog\/wp-json\/wp\/v2\/users\/2"}],"replies":[{"embeddable":true,"href":"https:\/\/blogdacondessa.com.br\/blog\/wp-json\/wp\/v2\/comments?post=138"}],"version-history":[{"count":0,"href":"https:\/\/blogdacondessa.com.br\/blog\/wp-json\/wp\/v2\/posts\/138\/revisions"}],"wp:attachment":[{"href":"https:\/\/blogdacondessa.com.br\/blog\/wp-json\/wp\/v2\/media?parent=138"}],"wp:term":[{"taxonomy":"category","embeddable":true,"href":"https:\/\/blogdacondessa.com.br\/blog\/wp-json\/wp\/v2\/categories?post=138"},{"taxonomy":"post_tag","embeddable":true,"href":"https:\/\/blogdacondessa.com.br\/blog\/wp-json\/wp\/v2\/tags?post=138"}],"curies":[{"name":"wp","href":"https:\/\/api.w.org\/{rel}","templated":true}]}}