{"id":13789,"date":"2026-03-25T05:00:54","date_gmt":"2026-03-25T09:00:54","guid":{"rendered":"https:\/\/blogdacondessa.com.br\/blog\/?p=13789"},"modified":"2026-03-24T19:48:03","modified_gmt":"2026-03-24T23:48:03","slug":"bar-em-bar-convida-o-publico-a-explorar-novas-experiencias-gastronomicas","status":"publish","type":"post","link":"https:\/\/blogdacondessa.com.br\/blog\/gastronomia\/bar-em-bar-convida-o-publico-a-explorar-novas-experiencias-gastronomicas\/","title":{"rendered":"Bar em Bar convida o p\u00fablico a explorar novas experi\u00eancias gastron\u00f4micas"},"content":{"rendered":"<p>A cena gastron\u00f4mica de Minas Gerais ganha ainda mais evid\u00eancia neste m\u00eas de mar\u00e7o com a realiza\u00e7\u00e3o de uma edi\u00e7\u00e3o especial do festival Bar em Bar, criada para celebrar os 40 anos da Abrasel. O circuito re\u00fane bares e restaurantes de Belo Horizonte, Tiradentes e Diamantina, que desenvolveram receitas exclusivas para marcar a data e proporcionar ao p\u00fablico uma experi\u00eancia diferenciada.<\/p>\n<p>Promovida pela Abrasel em Minas Gerais, a iniciativa integra a programa\u00e7\u00e3o comemorativa da entidade e refor\u00e7a o papel da gastronomia como elemento central da cultura mineira. A proposta \u00e9 convidar moradores e turistas a percorrerem diferentes estabelecimentos, incentivando a circula\u00e7\u00e3o entre bares e restaurantes e valorizando a diversidade de sabores presentes no estado.<\/p>\n<p>Ao reunir casas tradicionais e estabelecimentos contempor\u00e2neos, o circuito amplia o alcance da experi\u00eancia gastron\u00f4mica e fortalece a conex\u00e3o entre p\u00fablico e empreendedores. A a\u00e7\u00e3o tamb\u00e9m contribui para movimentar o setor durante o per\u00edodo, estimulando a descoberta de novos pratos e a valoriza\u00e7\u00e3o da culin\u00e1ria local.<\/p>\n<p><strong>Pratos exclusivos destacam criatividade e tradi\u00e7\u00e3o <\/strong><\/p>\n<p>Durante todo o m\u00eas de mar\u00e7o, cada estabelecimento participante apresenta um prato criado especialmente para o circuito comemorativo. As receitas foram pensadas para traduzir a ess\u00eancia da gastronomia mineira, reunindo refer\u00eancias tradicionais e toques autorais que evidenciam a criatividade dos bares.<\/p>\n<p>A proposta \u00e9 destacar a pluralidade da cozinha do estado, reconhecida nacionalmente pela for\u00e7a da cultura de boteco e pela capacidade de inova\u00e7\u00e3o de seus profissionais. Os pratos exclusivos refletem essa combina\u00e7\u00e3o entre tradi\u00e7\u00e3o e reinven\u00e7\u00e3o, oferecendo ao p\u00fablico uma oportunidade \u00fanica de experimentar cria\u00e7\u00f5es desenvolvidas especialmente para a celebra\u00e7\u00e3o.<\/p>\n<p>\u201cA celebra\u00e7\u00e3o dos 40 anos da Abrasel \u00e9 uma oportunidade de valorizarmos ainda mais aquilo que nos representa: a nossa gastronomia, a cultura dos botecos e o esp\u00edrito empreendedor que move o setor. Este circuito especial do Bar em Bar \u00e9 um convite para que o p\u00fablico vivencie essa riqueza e essa diversidade\u201d, afirma Karla Rocha, presidente da Abrasel em Minas Gerais.<\/p>\n<p><strong>Experi\u00eancia que vai al\u00e9m da gastronomia <\/strong><\/p>\n<p>Mais do que um festival, o circuito especial do Bar em Bar se apresenta como uma experi\u00eancia que envolve cultura, conviv\u00eancia e identidade. Os bares e restaurantes participantes assumem um papel importante como espa\u00e7os de encontro, refor\u00e7ando sua relev\u00e2ncia na vida social das cidades.<\/p>\n<p>A iniciativa incentiva o p\u00fablico a ocupar esses espa\u00e7os, experimentar receitas in\u00e9ditas e compartilhar momentos, fortalecendo a rela\u00e7\u00e3o entre os estabelecimentos e seus clientes. A circula\u00e7\u00e3o entre diferentes casas tamb\u00e9m permite conhecer novos ambientes e ampliar o repert\u00f3rio gastron\u00f4mico.<\/p>\n<p>Al\u00e9m disso, o circuito contribui para destacar destinos importantes de Minas Gerais, como Belo Horizonte, Tiradentes e Diamantina, reconhecidos por sua tradi\u00e7\u00e3o culin\u00e1ria e por oferecerem experi\u00eancias que unem hist\u00f3ria, cultura e boa comida.<\/p>\n<p><strong>Programa\u00e7\u00e3o especial ao longo de 2026 <\/strong><\/p>\n<p>O circuito comemorativo faz parte de uma s\u00e9rie de a\u00e7\u00f5es planejadas para celebrar os 40 anos da Abrasel ao longo de 2026. A programa\u00e7\u00e3o inclui iniciativas regionais e nacionais que destacam a trajet\u00f3ria da entidade e sua atua\u00e7\u00e3o no fortalecimento do setor de alimenta\u00e7\u00e3o fora do lar.<\/p>\n<p>Ao longo de sua hist\u00f3ria, a Abrasel se consolidou como uma das principais representantes do segmento, promovendo a\u00e7\u00f5es que valorizam bares e restaurantes e fortalecem a conex\u00e3o com o p\u00fablico. A edi\u00e7\u00e3o especial do Bar em Bar refor\u00e7a esse compromisso ao criar uma experi\u00eancia que une celebra\u00e7\u00e3o, gastronomia e incentivo ao setor.<\/p>\n<p>Com essa proposta, a entidade convida o p\u00fablico a participar ativamente das comemora\u00e7\u00f5es, explorando sabores, conhecendo novos espa\u00e7os e celebrando a import\u00e2ncia dos bares e restaurantes<\/p>\n","protected":false},"excerpt":{"rendered":"<p>A cena gastron\u00f4mica de Minas Gerais ganha ainda mais evid\u00eancia neste m\u00eas de mar\u00e7o com a realiza\u00e7\u00e3o de uma edi\u00e7\u00e3o especial do festival Bar em Bar, criada para celebrar os 40 anos da Abrasel. O circuito re\u00fane bares e restaurantes de Belo Horizonte, Tiradentes e Diamantina, que desenvolveram receitas exclusivas para marcar a data e [&hellip;]<\/p>\n","protected":false},"author":2,"featured_media":13790,"comment_status":"closed","ping_status":"closed","sticky":false,"template":"","format":"standard","meta":{"iawp_total_views":5,"footnotes":""},"categories":[35],"tags":[],"class_list":["post-13789","post","type-post","status-publish","format-standard","has-post-thumbnail","hentry","category-gastronomia"],"yoast_head":"<!-- This site is optimized with the Yoast SEO plugin v27.3 - https:\/\/yoast.com\/product\/yoast-seo-wordpress\/ -->\n<title>Bar em Bar convida o p\u00fablico a explorar novas experi\u00eancias gastron\u00f4micas &#8902; Blog da Condessa<\/title>\n<meta name=\"robots\" content=\"index, follow, max-snippet:-1, max-image-preview:large, max-video-preview:-1\" \/>\n<link rel=\"canonical\" href=\"https:\/\/blogdacondessa.com.br\/blog\/gastronomia\/bar-em-bar-convida-o-publico-a-explorar-novas-experiencias-gastronomicas\/\" \/>\n<meta property=\"og:locale\" content=\"pt_BR\" \/>\n<meta property=\"og:type\" content=\"article\" \/>\n<meta property=\"og:title\" content=\"Bar em Bar convida o p\u00fablico a explorar novas experi\u00eancias gastron\u00f4micas &#8902; Blog da Condessa\" \/>\n<meta property=\"og:description\" content=\"A cena gastron\u00f4mica de Minas Gerais ganha ainda mais evid\u00eancia neste m\u00eas de mar\u00e7o com a realiza\u00e7\u00e3o de uma edi\u00e7\u00e3o especial do festival Bar em Bar, criada para celebrar os 40 anos da Abrasel. O circuito re\u00fane bares e restaurantes de Belo Horizonte, Tiradentes e Diamantina, que desenvolveram receitas exclusivas para marcar a data e [&hellip;]\" \/>\n<meta property=\"og:url\" content=\"https:\/\/blogdacondessa.com.br\/blog\/gastronomia\/bar-em-bar-convida-o-publico-a-explorar-novas-experiencias-gastronomicas\/\" \/>\n<meta property=\"og:site_name\" content=\"Blog da Condessa\" \/>\n<meta property=\"article:published_time\" content=\"2026-03-25T09:00:54+00:00\" \/>\n<meta property=\"og:image\" content=\"https:\/\/blogdacondessa.com.br\/blog\/wp-content\/uploads\/2026\/03\/HAPPY-scaled.jpeg\" \/>\n\t<meta property=\"og:image:width\" content=\"2560\" \/>\n\t<meta property=\"og:image:height\" content=\"1707\" \/>\n\t<meta property=\"og:image:type\" content=\"image\/jpeg\" \/>\n<meta name=\"author\" content=\"Blog da Condessa\" \/>\n<meta name=\"twitter:card\" content=\"summary_large_image\" \/>\n<meta name=\"twitter:label1\" content=\"Escrito por\" \/>\n\t<meta name=\"twitter:data1\" content=\"Blog da Condessa\" \/>\n\t<meta name=\"twitter:label2\" content=\"Est. tempo de leitura\" \/>\n\t<meta name=\"twitter:data2\" content=\"4 minutos\" \/>\n<script type=\"application\/ld+json\" class=\"yoast-schema-graph\">{\"@context\":\"https:\\\/\\\/schema.org\",\"@graph\":[{\"@type\":\"Article\",\"@id\":\"https:\\\/\\\/blogdacondessa.com.br\\\/blog\\\/gastronomia\\\/bar-em-bar-convida-o-publico-a-explorar-novas-experiencias-gastronomicas\\\/#article\",\"isPartOf\":{\"@id\":\"https:\\\/\\\/blogdacondessa.com.br\\\/blog\\\/gastronomia\\\/bar-em-bar-convida-o-publico-a-explorar-novas-experiencias-gastronomicas\\\/\"},\"author\":{\"name\":\"Blog da Condessa\",\"@id\":\"https:\\\/\\\/blogdacondessa.com.br\\\/blog\\\/#\\\/schema\\\/person\\\/1d667ff8b785195b568677489d266035\"},\"headline\":\"Bar em Bar convida o p\u00fablico a explorar novas experi\u00eancias gastron\u00f4micas\",\"datePublished\":\"2026-03-25T09:00:54+00:00\",\"mainEntityOfPage\":{\"@id\":\"https:\\\/\\\/blogdacondessa.com.br\\\/blog\\\/gastronomia\\\/bar-em-bar-convida-o-publico-a-explorar-novas-experiencias-gastronomicas\\\/\"},\"wordCount\":655,\"image\":{\"@id\":\"https:\\\/\\\/blogdacondessa.com.br\\\/blog\\\/gastronomia\\\/bar-em-bar-convida-o-publico-a-explorar-novas-experiencias-gastronomicas\\\/#primaryimage\"},\"thumbnailUrl\":\"https:\\\/\\\/blogdacondessa.com.br\\\/blog\\\/wp-content\\\/uploads\\\/2026\\\/03\\\/HAPPY-scaled.jpeg\",\"articleSection\":[\"Gastronomia\"],\"inLanguage\":\"pt-BR\"},{\"@type\":\"WebPage\",\"@id\":\"https:\\\/\\\/blogdacondessa.com.br\\\/blog\\\/gastronomia\\\/bar-em-bar-convida-o-publico-a-explorar-novas-experiencias-gastronomicas\\\/\",\"url\":\"https:\\\/\\\/blogdacondessa.com.br\\\/blog\\\/gastronomia\\\/bar-em-bar-convida-o-publico-a-explorar-novas-experiencias-gastronomicas\\\/\",\"name\":\"Bar em Bar convida o p\u00fablico a explorar novas experi\u00eancias gastron\u00f4micas &#8902; Blog da Condessa\",\"isPartOf\":{\"@id\":\"https:\\\/\\\/blogdacondessa.com.br\\\/blog\\\/#website\"},\"primaryImageOfPage\":{\"@id\":\"https:\\\/\\\/blogdacondessa.com.br\\\/blog\\\/gastronomia\\\/bar-em-bar-convida-o-publico-a-explorar-novas-experiencias-gastronomicas\\\/#primaryimage\"},\"image\":{\"@id\":\"https:\\\/\\\/blogdacondessa.com.br\\\/blog\\\/gastronomia\\\/bar-em-bar-convida-o-publico-a-explorar-novas-experiencias-gastronomicas\\\/#primaryimage\"},\"thumbnailUrl\":\"https:\\\/\\\/blogdacondessa.com.br\\\/blog\\\/wp-content\\\/uploads\\\/2026\\\/03\\\/HAPPY-scaled.jpeg\",\"datePublished\":\"2026-03-25T09:00:54+00:00\",\"author\":{\"@id\":\"https:\\\/\\\/blogdacondessa.com.br\\\/blog\\\/#\\\/schema\\\/person\\\/1d667ff8b785195b568677489d266035\"},\"breadcrumb\":{\"@id\":\"https:\\\/\\\/blogdacondessa.com.br\\\/blog\\\/gastronomia\\\/bar-em-bar-convida-o-publico-a-explorar-novas-experiencias-gastronomicas\\\/#breadcrumb\"},\"inLanguage\":\"pt-BR\",\"potentialAction\":[{\"@type\":\"ReadAction\",\"target\":[\"https:\\\/\\\/blogdacondessa.com.br\\\/blog\\\/gastronomia\\\/bar-em-bar-convida-o-publico-a-explorar-novas-experiencias-gastronomicas\\\/\"]}]},{\"@type\":\"ImageObject\",\"inLanguage\":\"pt-BR\",\"@id\":\"https:\\\/\\\/blogdacondessa.com.br\\\/blog\\\/gastronomia\\\/bar-em-bar-convida-o-publico-a-explorar-novas-experiencias-gastronomicas\\\/#primaryimage\",\"url\":\"https:\\\/\\\/blogdacondessa.com.br\\\/blog\\\/wp-content\\\/uploads\\\/2026\\\/03\\\/HAPPY-scaled.jpeg\",\"contentUrl\":\"https:\\\/\\\/blogdacondessa.com.br\\\/blog\\\/wp-content\\\/uploads\\\/2026\\\/03\\\/HAPPY-scaled.jpeg\",\"width\":2560,\"height\":1707},{\"@type\":\"BreadcrumbList\",\"@id\":\"https:\\\/\\\/blogdacondessa.com.br\\\/blog\\\/gastronomia\\\/bar-em-bar-convida-o-publico-a-explorar-novas-experiencias-gastronomicas\\\/#breadcrumb\",\"itemListElement\":[{\"@type\":\"ListItem\",\"position\":1,\"name\":\"In\u00edcio\",\"item\":\"https:\\\/\\\/blogdacondessa.com.br\\\/blog\\\/\"},{\"@type\":\"ListItem\",\"position\":2,\"name\":\"Bar em Bar convida o p\u00fablico a explorar novas experi\u00eancias gastron\u00f4micas\"}]},{\"@type\":\"WebSite\",\"@id\":\"https:\\\/\\\/blogdacondessa.com.br\\\/blog\\\/#website\",\"url\":\"https:\\\/\\\/blogdacondessa.com.br\\\/blog\\\/\",\"name\":\"Blog da Condessa\",\"description\":\"Com Shirley de Souza O\u2019Campos\",\"potentialAction\":[{\"@type\":\"SearchAction\",\"target\":{\"@type\":\"EntryPoint\",\"urlTemplate\":\"https:\\\/\\\/blogdacondessa.com.br\\\/blog\\\/?s={search_term_string}\"},\"query-input\":{\"@type\":\"PropertyValueSpecification\",\"valueRequired\":true,\"valueName\":\"search_term_string\"}}],\"inLanguage\":\"pt-BR\"},{\"@type\":\"Person\",\"@id\":\"https:\\\/\\\/blogdacondessa.com.br\\\/blog\\\/#\\\/schema\\\/person\\\/1d667ff8b785195b568677489d266035\",\"name\":\"Blog da Condessa\",\"image\":{\"@type\":\"ImageObject\",\"inLanguage\":\"pt-BR\",\"@id\":\"https:\\\/\\\/secure.gravatar.com\\\/avatar\\\/377c0eb8b4ad2bfc25461b41564b5971e721ca34a57642868fc7b0c8ac7b52c5?s=96&d=mm&r=g\",\"url\":\"https:\\\/\\\/secure.gravatar.com\\\/avatar\\\/377c0eb8b4ad2bfc25461b41564b5971e721ca34a57642868fc7b0c8ac7b52c5?s=96&d=mm&r=g\",\"contentUrl\":\"https:\\\/\\\/secure.gravatar.com\\\/avatar\\\/377c0eb8b4ad2bfc25461b41564b5971e721ca34a57642868fc7b0c8ac7b52c5?s=96&d=mm&r=g\",\"caption\":\"Blog da Condessa\"},\"url\":\"https:\\\/\\\/blogdacondessa.com.br\\\/blog\\\/author\\\/beatriz\\\/\"}]}<\/script>\n<!-- \/ Yoast SEO plugin. -->","yoast_head_json":{"title":"Bar em Bar convida o p\u00fablico a explorar novas experi\u00eancias gastron\u00f4micas &#8902; Blog da Condessa","robots":{"index":"index","follow":"follow","max-snippet":"max-snippet:-1","max-image-preview":"max-image-preview:large","max-video-preview":"max-video-preview:-1"},"canonical":"https:\/\/blogdacondessa.com.br\/blog\/gastronomia\/bar-em-bar-convida-o-publico-a-explorar-novas-experiencias-gastronomicas\/","og_locale":"pt_BR","og_type":"article","og_title":"Bar em Bar convida o p\u00fablico a explorar novas experi\u00eancias gastron\u00f4micas &#8902; Blog da Condessa","og_description":"A cena gastron\u00f4mica de Minas Gerais ganha ainda mais evid\u00eancia neste m\u00eas de mar\u00e7o com a realiza\u00e7\u00e3o de uma edi\u00e7\u00e3o especial do festival Bar em Bar, criada para celebrar os 40 anos da Abrasel. O circuito re\u00fane bares e restaurantes de Belo Horizonte, Tiradentes e Diamantina, que desenvolveram receitas exclusivas para marcar a data e [&hellip;]","og_url":"https:\/\/blogdacondessa.com.br\/blog\/gastronomia\/bar-em-bar-convida-o-publico-a-explorar-novas-experiencias-gastronomicas\/","og_site_name":"Blog da Condessa","article_published_time":"2026-03-25T09:00:54+00:00","og_image":[{"width":2560,"height":1707,"url":"https:\/\/blogdacondessa.com.br\/blog\/wp-content\/uploads\/2026\/03\/HAPPY-scaled.jpeg","type":"image\/jpeg"}],"author":"Blog da Condessa","twitter_card":"summary_large_image","twitter_misc":{"Escrito por":"Blog da Condessa","Est. tempo de leitura":"4 minutos"},"schema":{"@context":"https:\/\/schema.org","@graph":[{"@type":"Article","@id":"https:\/\/blogdacondessa.com.br\/blog\/gastronomia\/bar-em-bar-convida-o-publico-a-explorar-novas-experiencias-gastronomicas\/#article","isPartOf":{"@id":"https:\/\/blogdacondessa.com.br\/blog\/gastronomia\/bar-em-bar-convida-o-publico-a-explorar-novas-experiencias-gastronomicas\/"},"author":{"name":"Blog da Condessa","@id":"https:\/\/blogdacondessa.com.br\/blog\/#\/schema\/person\/1d667ff8b785195b568677489d266035"},"headline":"Bar em Bar convida o p\u00fablico a explorar novas experi\u00eancias gastron\u00f4micas","datePublished":"2026-03-25T09:00:54+00:00","mainEntityOfPage":{"@id":"https:\/\/blogdacondessa.com.br\/blog\/gastronomia\/bar-em-bar-convida-o-publico-a-explorar-novas-experiencias-gastronomicas\/"},"wordCount":655,"image":{"@id":"https:\/\/blogdacondessa.com.br\/blog\/gastronomia\/bar-em-bar-convida-o-publico-a-explorar-novas-experiencias-gastronomicas\/#primaryimage"},"thumbnailUrl":"https:\/\/blogdacondessa.com.br\/blog\/wp-content\/uploads\/2026\/03\/HAPPY-scaled.jpeg","articleSection":["Gastronomia"],"inLanguage":"pt-BR"},{"@type":"WebPage","@id":"https:\/\/blogdacondessa.com.br\/blog\/gastronomia\/bar-em-bar-convida-o-publico-a-explorar-novas-experiencias-gastronomicas\/","url":"https:\/\/blogdacondessa.com.br\/blog\/gastronomia\/bar-em-bar-convida-o-publico-a-explorar-novas-experiencias-gastronomicas\/","name":"Bar em Bar convida o p\u00fablico a explorar novas experi\u00eancias gastron\u00f4micas &#8902; Blog da Condessa","isPartOf":{"@id":"https:\/\/blogdacondessa.com.br\/blog\/#website"},"primaryImageOfPage":{"@id":"https:\/\/blogdacondessa.com.br\/blog\/gastronomia\/bar-em-bar-convida-o-publico-a-explorar-novas-experiencias-gastronomicas\/#primaryimage"},"image":{"@id":"https:\/\/blogdacondessa.com.br\/blog\/gastronomia\/bar-em-bar-convida-o-publico-a-explorar-novas-experiencias-gastronomicas\/#primaryimage"},"thumbnailUrl":"https:\/\/blogdacondessa.com.br\/blog\/wp-content\/uploads\/2026\/03\/HAPPY-scaled.jpeg","datePublished":"2026-03-25T09:00:54+00:00","author":{"@id":"https:\/\/blogdacondessa.com.br\/blog\/#\/schema\/person\/1d667ff8b785195b568677489d266035"},"breadcrumb":{"@id":"https:\/\/blogdacondessa.com.br\/blog\/gastronomia\/bar-em-bar-convida-o-publico-a-explorar-novas-experiencias-gastronomicas\/#breadcrumb"},"inLanguage":"pt-BR","potentialAction":[{"@type":"ReadAction","target":["https:\/\/blogdacondessa.com.br\/blog\/gastronomia\/bar-em-bar-convida-o-publico-a-explorar-novas-experiencias-gastronomicas\/"]}]},{"@type":"ImageObject","inLanguage":"pt-BR","@id":"https:\/\/blogdacondessa.com.br\/blog\/gastronomia\/bar-em-bar-convida-o-publico-a-explorar-novas-experiencias-gastronomicas\/#primaryimage","url":"https:\/\/blogdacondessa.com.br\/blog\/wp-content\/uploads\/2026\/03\/HAPPY-scaled.jpeg","contentUrl":"https:\/\/blogdacondessa.com.br\/blog\/wp-content\/uploads\/2026\/03\/HAPPY-scaled.jpeg","width":2560,"height":1707},{"@type":"BreadcrumbList","@id":"https:\/\/blogdacondessa.com.br\/blog\/gastronomia\/bar-em-bar-convida-o-publico-a-explorar-novas-experiencias-gastronomicas\/#breadcrumb","itemListElement":[{"@type":"ListItem","position":1,"name":"In\u00edcio","item":"https:\/\/blogdacondessa.com.br\/blog\/"},{"@type":"ListItem","position":2,"name":"Bar em Bar convida o p\u00fablico a explorar novas experi\u00eancias gastron\u00f4micas"}]},{"@type":"WebSite","@id":"https:\/\/blogdacondessa.com.br\/blog\/#website","url":"https:\/\/blogdacondessa.com.br\/blog\/","name":"Blog da Condessa","description":"Com Shirley de Souza O\u2019Campos","potentialAction":[{"@type":"SearchAction","target":{"@type":"EntryPoint","urlTemplate":"https:\/\/blogdacondessa.com.br\/blog\/?s={search_term_string}"},"query-input":{"@type":"PropertyValueSpecification","valueRequired":true,"valueName":"search_term_string"}}],"inLanguage":"pt-BR"},{"@type":"Person","@id":"https:\/\/blogdacondessa.com.br\/blog\/#\/schema\/person\/1d667ff8b785195b568677489d266035","name":"Blog da Condessa","image":{"@type":"ImageObject","inLanguage":"pt-BR","@id":"https:\/\/secure.gravatar.com\/avatar\/377c0eb8b4ad2bfc25461b41564b5971e721ca34a57642868fc7b0c8ac7b52c5?s=96&d=mm&r=g","url":"https:\/\/secure.gravatar.com\/avatar\/377c0eb8b4ad2bfc25461b41564b5971e721ca34a57642868fc7b0c8ac7b52c5?s=96&d=mm&r=g","contentUrl":"https:\/\/secure.gravatar.com\/avatar\/377c0eb8b4ad2bfc25461b41564b5971e721ca34a57642868fc7b0c8ac7b52c5?s=96&d=mm&r=g","caption":"Blog da Condessa"},"url":"https:\/\/blogdacondessa.com.br\/blog\/author\/beatriz\/"}]}},"_links":{"self":[{"href":"https:\/\/blogdacondessa.com.br\/blog\/wp-json\/wp\/v2\/posts\/13789","targetHints":{"allow":["GET"]}}],"collection":[{"href":"https:\/\/blogdacondessa.com.br\/blog\/wp-json\/wp\/v2\/posts"}],"about":[{"href":"https:\/\/blogdacondessa.com.br\/blog\/wp-json\/wp\/v2\/types\/post"}],"author":[{"embeddable":true,"href":"https:\/\/blogdacondessa.com.br\/blog\/wp-json\/wp\/v2\/users\/2"}],"replies":[{"embeddable":true,"href":"https:\/\/blogdacondessa.com.br\/blog\/wp-json\/wp\/v2\/comments?post=13789"}],"version-history":[{"count":1,"href":"https:\/\/blogdacondessa.com.br\/blog\/wp-json\/wp\/v2\/posts\/13789\/revisions"}],"predecessor-version":[{"id":13791,"href":"https:\/\/blogdacondessa.com.br\/blog\/wp-json\/wp\/v2\/posts\/13789\/revisions\/13791"}],"wp:featuredmedia":[{"embeddable":true,"href":"https:\/\/blogdacondessa.com.br\/blog\/wp-json\/wp\/v2\/media\/13790"}],"wp:attachment":[{"href":"https:\/\/blogdacondessa.com.br\/blog\/wp-json\/wp\/v2\/media?parent=13789"}],"wp:term":[{"taxonomy":"category","embeddable":true,"href":"https:\/\/blogdacondessa.com.br\/blog\/wp-json\/wp\/v2\/categories?post=13789"},{"taxonomy":"post_tag","embeddable":true,"href":"https:\/\/blogdacondessa.com.br\/blog\/wp-json\/wp\/v2\/tags?post=13789"}],"curies":[{"name":"wp","href":"https:\/\/api.w.org\/{rel}","templated":true}]}}