{"id":13738,"date":"2026-03-16T05:00:41","date_gmt":"2026-03-16T09:00:41","guid":{"rendered":"https:\/\/blogdacondessa.com.br\/blog\/?p=13738"},"modified":"2026-03-15T19:09:57","modified_gmt":"2026-03-15T23:09:57","slug":"rinite-por-que-nao-existe-cura-e-o-que-da-pra-fazer-para-melhorar","status":"publish","type":"post","link":"https:\/\/blogdacondessa.com.br\/blog\/saude\/rinite-por-que-nao-existe-cura-e-o-que-da-pra-fazer-para-melhorar\/","title":{"rendered":"Rinite: por que n\u00e3o existe cura (e o que d\u00e1 pra fazer para melhorar)"},"content":{"rendered":"<p>&#8220;O que custa juntar tr\u00eas caras num laborat\u00f3rio e descobrir a cura da\u00a0<a href=\"https:\/\/www.bbc.com\/portuguese\/articles\/cd18801g4z5o\">rinite<\/a>?&#8221;<\/p>\n<p>O que parecia ser um desabafo bem humorado de um usu\u00e1rio do X, virou uma d\u00favida real e instigante sobre uma doen\u00e7a que afeta at\u00e9 40% da popula\u00e7\u00e3o mundial (ou cerca de 84 milh\u00f5es de brasileiros).<\/p>\n<p>A rinite\u00a0<a href=\"https:\/\/www.bbc.com\/portuguese\/vert-fut-62522186\">al\u00e9rgica<\/a>, quadro marcado por nariz entupido, espirros repetidos, coceira no rosto e dificuldade para respirar, costuma piorar no outono ou no inverno e est\u00e1 relacionada a alguns gatilhos do ambiente, como poeira, pelos de animais,\u00a0<a href=\"https:\/\/www.bbc.com\/portuguese\/geral-61924936\">\u00e1caros\u00a0<\/a>e p\u00f3len.<\/p>\n<p>Embora o tratamento tenha evolu\u00eddo bastante nas \u00faltimas duas ou tr\u00eas d\u00e9cadas, a verdade \u00e9 que realmente n\u00e3o existe uma cura para a rinite \u2014 e muitos cientistas acreditam que nunca veremos uma solu\u00e7\u00e3o definitiva para esse problema.<\/p>\n<p>A seguir, voc\u00ea entende quais s\u00e3o geralmente as causas, por que \u00e9 t\u00e3o dif\u00edcil falar em cura para essa doen\u00e7a e quais s\u00e3o as principais formas de controlar o quadro atualmente.<\/p>\n<p><strong>Narivas travadas<\/strong><\/p>\n<p>O nariz funciona como um verdadeiro filtro do nosso sistema respirat\u00f3rio. Ele conta com diversas estruturas e mecanismos para barrar a entrada de part\u00edculas perigosas, que podem prejudicar o funcionamento dos pulm\u00f5es.<\/p>\n<p>Vamos a um exemplo pr\u00e1tico: imagine que um v\u00edrus tente invadir suas narinas. O organismo far\u00e1 de tudo para expuls\u00e1-lo assim que poss\u00edvel, de modo a evitar problemas maiores.<\/p>\n<p>Nessa situa\u00e7\u00e3o, o sistema de defesa desencadeia uma s\u00e9rie de a\u00e7\u00f5es, chamadas genericamente de processo inflamat\u00f3rio, para aniquilar o invasor \u2014 \u00e9 por isso que o nariz fica inchado, cheio de secre\u00e7\u00e3o e n\u00e3o para de espirrar. O muco \u00e9 gerado como uma forma de englobar e expulsar o invasor.<\/p>\n<p>&#8220;O problema \u00e9 que, na rinite al\u00e9rgica, essa rea\u00e7\u00e3o acontece diante de subst\u00e2ncias que n\u00e3o s\u00e3o nocivas&#8221;, diferencia o otorrinolaringologista M\u00e1rcio Salmito, do Hospital Alem\u00e3o Oswaldo Cruz, em S\u00e3o Paulo.<\/p>\n<p>Ou seja: o indiv\u00edduo com essa condi\u00e7\u00e3o inala part\u00edculas de um composto que causa uma alergia nele. Na rinite, os al\u00e9rgenos mais comuns s\u00e3o \u00e1caros (artr\u00f3podes microsc\u00f3picos que vivem no colch\u00e3o e no travesseiro), pelos de animais, p\u00f3len das plantas ou poeira.<\/p>\n<p>Esses compostos s\u00e3o suficientes para disparar uma resposta exagerada do sistema de defesa, que engatilha aquela s\u00e9rie de rea\u00e7\u00f5es t\u00edpicas que descrevemos acima.<\/p>\n<p>&#8220;E todo esse processo costuma ser ainda pior no outono e no inverno, quando ficamos em ambientes fechados, em contato frequente com os al\u00e9rgenos&#8221;, diz a alergista Jane da Silva, que integra o Departamento Cient\u00edfico de Rinite da Associa\u00e7\u00e3o Brasileira de Alergia e Imunologia (Asbai).<\/p>\n<p>&#8220;Para completar, o pr\u00f3prio tempo seco dessas esta\u00e7\u00f5es deixa a mucosa do nariz mais vulner\u00e1vel, o que interfere na capacidade de filtragem&#8221;, aponta a m\u00e9dica, que tamb\u00e9m \u00e9 professora do Departamento de Cl\u00ednica M\u00e9dica da Universidade Federal de Santa Catarina.<\/p>\n<p>Mas se a ci\u00eancia j\u00e1 sabe em detalhes o que est\u00e1 por tr\u00e1s da rinite, por que ainda n\u00e3o existe uma cura para ela?<\/p>\n<p><strong>Um caminho \u00e1rduo<\/strong><\/p>\n<p>O m\u00e9dico Antonio Condino, do Departamento de Imunologia do Instituto de Ci\u00eancias Biom\u00e9dicas da Universidade de S\u00e3o Paulo, explica que aquela rea\u00e7\u00e3o imunol\u00f3gica por tr\u00e1s da rinite \u00e9 muito complexa e recruta diferentes tipos de c\u00e9lulas.<\/p>\n<p>&#8220;Um dos gl\u00f3bulos brancos que est\u00e1 envolvido nesse processo \u00e9 o mast\u00f3cito, que libera uma subst\u00e2ncia chamada histamina&#8221;, exemplifica. A tal da histamina, ali\u00e1s, \u00e9 uma das respons\u00e1veis por sintomas como a coceira e a vermelhid\u00e3o.<\/p>\n<p>Outra c\u00e9lula de defesa envolvida \u00e9 o bas\u00f3filo, que libera subst\u00e2ncias qu\u00edmicas que contribuem no processo inflamat\u00f3rio.<\/p>\n<p>Ou seja: n\u00e3o h\u00e1 um alvo \u00fanico que, ao ser desligado ou inibido, vai evitar definitivamente a crise de espirros e a dificuldade de respirar.<\/p>\n<p>Condino tamb\u00e9m ensina que a rinite \u00e9 uma doen\u00e7a polig\u00eanica, que est\u00e1 relacionada com muta\u00e7\u00f5es em diversas partes do c\u00f3digo gen\u00e9tico humano.<\/p>\n<p>&#8220;Existem algumas enfermidades imunol\u00f3gicas que s\u00e3o monog\u00eanicas, causadas por altera\u00e7\u00f5es em um \u00fanico gene. Nesses casos, fica mais f\u00e1cil pensar em terapias g\u00eanicas capazes de lidar com o problema&#8221;, diz.<\/p>\n<p>Com o avan\u00e7o cient\u00edfico e tecnol\u00f3gico do momento, por\u00e9m, n\u00e3o \u00e9 poss\u00edvel &#8220;consertar&#8221; tantos genes por tr\u00e1s da rinite de uma s\u00f3 vez.<\/p>\n<p>Al\u00e9m dos entraves t\u00e9cnicos, n\u00e3o podemos ignorar tamb\u00e9m como \u00e9 dif\u00edcil criar um novo medicamento. Para ter ideia, o processo de desenvolver um novo rem\u00e9dio demora 12 anos e envolve um investimento m\u00e9dio de 2,5 bilh\u00f5es de d\u00f3lares, Como se n\u00e3o bastasse tudo isso, 90% das mol\u00e9culas avaliadas pelos farmac\u00eauticos n\u00e3o passam nos testes cl\u00ednicos e nem chegam \u00e0s farm\u00e1cias.<\/p>\n<p>Ainda nessa seara, tamb\u00e9m devemos ter em mente que a rinite n\u00e3o costuma ser prioridade nos investimentos para as pesquisas, j\u00e1 que falamos de uma doen\u00e7a que n\u00e3o costuma levar a quadros graves ou com risco de morte.<\/p>\n<p>Mas o fato de a cura da rinite al\u00e9rgica ser algo praticamente ut\u00f3pico nos dias de hoje n\u00e3o significa que os pacientes est\u00e3o largados ao l\u00e9u.<\/p>\n<p>Os tratamentos dispon\u00edveis, que avan\u00e7aram significativamente nas \u00faltimas d\u00e9cadas, podem manter as crises sob controle na maioria das vezes, como voc\u00ea confere a seguir.<\/p>\n<p><strong>Como desentupir o nariz<\/strong><\/p>\n<p>Ap\u00f3s o diagn\u00f3stico, o primeiro passo fundamental para controlar as crises de rinite \u00e9 fazer algumas modifica\u00e7\u00f5es em casa.<\/p>\n<p>&#8220;\u00c9 preciso ventilar bem o quarto, fazer limpezas regulares, trocar len\u00e7\u00f3is uma vez por semana e evitar carpetes, tapetes, bichos de pel\u00facia e cortinas de pano&#8221;, recomenda Silva.<\/p>\n<p>Vale tamb\u00e9m colocar o travesseiro e o colch\u00e3o no sol de vez em quando e lavar roupas, cobertores e edredons que est\u00e3o guardados no arm\u00e1rio por muito tempo antes de utiliz\u00e1-los.<\/p>\n<p>Todas essas atitudes t\u00eam um objetivo em comum: controlar o ac\u00famulo das subst\u00e2ncias que causam alergia, como a poeira, os \u00e1caros e os pelos de animais. Esse cuidado deve ser redobrado no quarto de dormir, j\u00e1 que passamos pelo menos um ter\u00e7o de nosso dia nesse ambiente.<\/p>\n<p>A faxina, claro, n\u00e3o se limita \u00e0 casa: tamb\u00e9m \u00e9 necess\u00e1rio lavar o nariz. &#8220;Fazer uma limpeza di\u00e1ria das narinas com soro fisiol\u00f3gico ajuda a eliminar impurezas e a hidratar a mucosa, o que previne irrita\u00e7\u00f5es&#8221;, complementa a alergista.<\/p>\n<p>Al\u00e9m do controle do ambiente, os m\u00e9dicos tamb\u00e9m costumam prescrever algumas medica\u00e7\u00f5es, a depender do grau da rinite e da frequ\u00eancia das crises.<\/p>\n<p>&#8220;Para pacientes que s\u00f3 t\u00eam rinite al\u00e9rgica na primavera, por exemplo, podemos indicar rem\u00e9dios para aliviar os sintomas somente nessa \u00e9poca do ano&#8221;, conta Salmito.<\/p>\n<p>J\u00e1 para as situa\u00e7\u00f5es em que a rinite \u00e9 mais grave ou aparece em qualquer m\u00eas, n\u00e3o adianta apenas apagar o fogo. Nesses casos, os m\u00e9dicos tentam agir preventivamente.<\/p>\n<p>&#8220;Aqui, os anti-inflamat\u00f3rios da classe dos cortic\u00f3ides podem ajudar&#8221;, cita o otorrino.<\/p>\n<p>&#8220;A boa not\u00edcia \u00e9 que essas drogas evolu\u00edram muito nos \u00faltimos 20 anos e hoje temos op\u00e7\u00f5es aplicadas diretamente no nariz, que n\u00e3o s\u00e3o absorvidas pelo resto do corpo e provocam menos efeitos colaterais&#8221;, completa.<\/p>\n<p><strong>Uma &#8216;vacina&#8217; para a rinite?<\/strong><\/p>\n<p>Uma terceira alternativa farmacol\u00f3gica para destravar a respira\u00e7\u00e3o envolve a imunoterapia.<\/p>\n<p>Em suma, esse tratamento \u00e9 feito ao longo de tr\u00eas a cinco anos e oferece ao paciente doses crescentes da subst\u00e2ncia que provoca a rea\u00e7\u00e3o al\u00e9rgica nele.<\/p>\n<p>Se a pessoa tem um quadro de rinite causado por \u00e1caros, por exemplo, os especialistas produzem inje\u00e7\u00f5es ou comprimidos com uma parcela m\u00ednima do agente que provoca o gatilho das crises. Essa quantidade vai aumentando passo a passo.<\/p>\n<p>&#8220;O objetivo \u00e9 modificar aos poucos a resposta imunol\u00f3gica, de tal modo que a pessoa perca aquela sensibilidade que tinha quando era exposta ao al\u00e9rgeno&#8221;, desvenda Silva. \u00c9 como se o corpo se acostumasse aos poucos e n\u00e3o reagisse t\u00e3o mal \u00e0quela subst\u00e2ncia.<\/p>\n<p>A efic\u00e1cia dessa op\u00e7\u00e3o, por\u00e9m, varia de indiv\u00edduo para indiv\u00edduo. &#8220;Cerca de 30% dos pacientes t\u00eam uma resolu\u00e7\u00e3o quase total do quadro que apresentam. Outros melhoram significativamente&#8221;, calcula Salmito.<\/p>\n<p>&#8220;A perspectiva \u00e9 que essa t\u00e9cnica evolua bastante nos pr\u00f3ximos anos e aumente essa taxa de sucesso progressivamente&#8221;, completa o especialista.<\/p>\n<p>Outro ponto negativo da imunoterapia est\u00e1 na acessibilidade: no Brasil, ela s\u00f3 est\u00e1 dispon\u00edvel em cl\u00ednicas privadas e n\u00e3o faz parte da cobertura dos planos de sa\u00fade.<\/p>\n<p>No sistema p\u00fablico, s\u00f3 \u00e9 poss\u00edvel encontrar alguns poucos servi\u00e7os que oferecem a &#8220;vacina contra a rinite&#8221;, ligadas a grupos de pesquisa e hospitais universit\u00e1rios.<\/p>\n<p>O controle do ambiente, os antial\u00e9rgicos, os anti-inflamat\u00f3rios e a pr\u00f3pria &#8220;vacina&#8221; podem at\u00e9 n\u00e3o representar uma cura.<\/p>\n<p>Mas ao menos eles trazem uma grande possibilidade de controlar a rinite al\u00e9rgica \u2014 e evitar as penosas temporadas de nariz entupido. (Fonte: BBC News Brasil)<\/p>\n<p>&nbsp;<\/p>\n","protected":false},"excerpt":{"rendered":"<p>&#8220;O que custa juntar tr\u00eas caras num laborat\u00f3rio e descobrir a cura da\u00a0rinite?&#8221; O que parecia ser um desabafo bem humorado de um usu\u00e1rio do X, virou uma d\u00favida real e instigante sobre uma doen\u00e7a que afeta at\u00e9 40% da popula\u00e7\u00e3o mundial (ou cerca de 84 milh\u00f5es de brasileiros). A rinite\u00a0al\u00e9rgica, quadro marcado por nariz [&hellip;]<\/p>\n","protected":false},"author":2,"featured_media":13739,"comment_status":"closed","ping_status":"closed","sticky":false,"template":"","format":"standard","meta":{"iawp_total_views":4,"footnotes":""},"categories":[5],"tags":[],"class_list":["post-13738","post","type-post","status-publish","format-standard","has-post-thumbnail","hentry","category-saude"],"yoast_head":"<!-- This site is optimized with the Yoast SEO plugin v27.3 - https:\/\/yoast.com\/product\/yoast-seo-wordpress\/ -->\n<title>Rinite: por que n\u00e3o existe cura (e o que d\u00e1 pra fazer para melhorar) &#8902; Blog da Condessa<\/title>\n<meta name=\"robots\" content=\"index, follow, max-snippet:-1, max-image-preview:large, max-video-preview:-1\" \/>\n<link rel=\"canonical\" href=\"https:\/\/blogdacondessa.com.br\/blog\/saude\/rinite-por-que-nao-existe-cura-e-o-que-da-pra-fazer-para-melhorar\/\" \/>\n<meta property=\"og:locale\" content=\"pt_BR\" \/>\n<meta property=\"og:type\" content=\"article\" \/>\n<meta property=\"og:title\" content=\"Rinite: por que n\u00e3o existe cura (e o que d\u00e1 pra fazer para melhorar) &#8902; Blog da Condessa\" \/>\n<meta property=\"og:description\" content=\"&#8220;O que custa juntar tr\u00eas caras num laborat\u00f3rio e descobrir a cura da\u00a0rinite?&#8221; O que parecia ser um desabafo bem humorado de um usu\u00e1rio do X, virou uma d\u00favida real e instigante sobre uma doen\u00e7a que afeta at\u00e9 40% da popula\u00e7\u00e3o mundial (ou cerca de 84 milh\u00f5es de brasileiros). A rinite\u00a0al\u00e9rgica, quadro marcado por nariz [&hellip;]\" \/>\n<meta property=\"og:url\" content=\"https:\/\/blogdacondessa.com.br\/blog\/saude\/rinite-por-que-nao-existe-cura-e-o-que-da-pra-fazer-para-melhorar\/\" \/>\n<meta property=\"og:site_name\" content=\"Blog da Condessa\" \/>\n<meta property=\"article:published_time\" content=\"2026-03-16T09:00:41+00:00\" \/>\n<meta property=\"og:image\" content=\"https:\/\/blogdacondessa.com.br\/blog\/wp-content\/uploads\/2026\/03\/RINITE-alergica.webp\" \/>\n\t<meta property=\"og:image:width\" content=\"800\" \/>\n\t<meta property=\"og:image:height\" content=\"450\" \/>\n\t<meta property=\"og:image:type\" content=\"image\/webp\" \/>\n<meta name=\"author\" content=\"Blog da Condessa\" \/>\n<meta name=\"twitter:card\" content=\"summary_large_image\" \/>\n<meta name=\"twitter:label1\" content=\"Escrito por\" \/>\n\t<meta name=\"twitter:data1\" content=\"Blog da Condessa\" \/>\n\t<meta name=\"twitter:label2\" content=\"Est. tempo de leitura\" \/>\n\t<meta name=\"twitter:data2\" content=\"8 minutos\" \/>\n<script type=\"application\/ld+json\" class=\"yoast-schema-graph\">{\"@context\":\"https:\\\/\\\/schema.org\",\"@graph\":[{\"@type\":\"Article\",\"@id\":\"https:\\\/\\\/blogdacondessa.com.br\\\/blog\\\/saude\\\/rinite-por-que-nao-existe-cura-e-o-que-da-pra-fazer-para-melhorar\\\/#article\",\"isPartOf\":{\"@id\":\"https:\\\/\\\/blogdacondessa.com.br\\\/blog\\\/saude\\\/rinite-por-que-nao-existe-cura-e-o-que-da-pra-fazer-para-melhorar\\\/\"},\"author\":{\"name\":\"Blog da Condessa\",\"@id\":\"https:\\\/\\\/blogdacondessa.com.br\\\/blog\\\/#\\\/schema\\\/person\\\/1d667ff8b785195b568677489d266035\"},\"headline\":\"Rinite: por que n\u00e3o existe cura (e o que d\u00e1 pra fazer para melhorar)\",\"datePublished\":\"2026-03-16T09:00:41+00:00\",\"mainEntityOfPage\":{\"@id\":\"https:\\\/\\\/blogdacondessa.com.br\\\/blog\\\/saude\\\/rinite-por-que-nao-existe-cura-e-o-que-da-pra-fazer-para-melhorar\\\/\"},\"wordCount\":1566,\"image\":{\"@id\":\"https:\\\/\\\/blogdacondessa.com.br\\\/blog\\\/saude\\\/rinite-por-que-nao-existe-cura-e-o-que-da-pra-fazer-para-melhorar\\\/#primaryimage\"},\"thumbnailUrl\":\"https:\\\/\\\/blogdacondessa.com.br\\\/blog\\\/wp-content\\\/uploads\\\/2026\\\/03\\\/RINITE-alergica.webp\",\"articleSection\":[\"Sa\u00fade\"],\"inLanguage\":\"pt-BR\"},{\"@type\":\"WebPage\",\"@id\":\"https:\\\/\\\/blogdacondessa.com.br\\\/blog\\\/saude\\\/rinite-por-que-nao-existe-cura-e-o-que-da-pra-fazer-para-melhorar\\\/\",\"url\":\"https:\\\/\\\/blogdacondessa.com.br\\\/blog\\\/saude\\\/rinite-por-que-nao-existe-cura-e-o-que-da-pra-fazer-para-melhorar\\\/\",\"name\":\"Rinite: por que n\u00e3o existe cura (e o que d\u00e1 pra fazer para melhorar) &#8902; Blog da Condessa\",\"isPartOf\":{\"@id\":\"https:\\\/\\\/blogdacondessa.com.br\\\/blog\\\/#website\"},\"primaryImageOfPage\":{\"@id\":\"https:\\\/\\\/blogdacondessa.com.br\\\/blog\\\/saude\\\/rinite-por-que-nao-existe-cura-e-o-que-da-pra-fazer-para-melhorar\\\/#primaryimage\"},\"image\":{\"@id\":\"https:\\\/\\\/blogdacondessa.com.br\\\/blog\\\/saude\\\/rinite-por-que-nao-existe-cura-e-o-que-da-pra-fazer-para-melhorar\\\/#primaryimage\"},\"thumbnailUrl\":\"https:\\\/\\\/blogdacondessa.com.br\\\/blog\\\/wp-content\\\/uploads\\\/2026\\\/03\\\/RINITE-alergica.webp\",\"datePublished\":\"2026-03-16T09:00:41+00:00\",\"author\":{\"@id\":\"https:\\\/\\\/blogdacondessa.com.br\\\/blog\\\/#\\\/schema\\\/person\\\/1d667ff8b785195b568677489d266035\"},\"breadcrumb\":{\"@id\":\"https:\\\/\\\/blogdacondessa.com.br\\\/blog\\\/saude\\\/rinite-por-que-nao-existe-cura-e-o-que-da-pra-fazer-para-melhorar\\\/#breadcrumb\"},\"inLanguage\":\"pt-BR\",\"potentialAction\":[{\"@type\":\"ReadAction\",\"target\":[\"https:\\\/\\\/blogdacondessa.com.br\\\/blog\\\/saude\\\/rinite-por-que-nao-existe-cura-e-o-que-da-pra-fazer-para-melhorar\\\/\"]}]},{\"@type\":\"ImageObject\",\"inLanguage\":\"pt-BR\",\"@id\":\"https:\\\/\\\/blogdacondessa.com.br\\\/blog\\\/saude\\\/rinite-por-que-nao-existe-cura-e-o-que-da-pra-fazer-para-melhorar\\\/#primaryimage\",\"url\":\"https:\\\/\\\/blogdacondessa.com.br\\\/blog\\\/wp-content\\\/uploads\\\/2026\\\/03\\\/RINITE-alergica.webp\",\"contentUrl\":\"https:\\\/\\\/blogdacondessa.com.br\\\/blog\\\/wp-content\\\/uploads\\\/2026\\\/03\\\/RINITE-alergica.webp\",\"width\":800,\"height\":450,\"caption\":\"Cr\u00e9dito,Getty Images\"},{\"@type\":\"BreadcrumbList\",\"@id\":\"https:\\\/\\\/blogdacondessa.com.br\\\/blog\\\/saude\\\/rinite-por-que-nao-existe-cura-e-o-que-da-pra-fazer-para-melhorar\\\/#breadcrumb\",\"itemListElement\":[{\"@type\":\"ListItem\",\"position\":1,\"name\":\"In\u00edcio\",\"item\":\"https:\\\/\\\/blogdacondessa.com.br\\\/blog\\\/\"},{\"@type\":\"ListItem\",\"position\":2,\"name\":\"Rinite: por que n\u00e3o existe cura (e o que d\u00e1 pra fazer para melhorar)\"}]},{\"@type\":\"WebSite\",\"@id\":\"https:\\\/\\\/blogdacondessa.com.br\\\/blog\\\/#website\",\"url\":\"https:\\\/\\\/blogdacondessa.com.br\\\/blog\\\/\",\"name\":\"Blog da Condessa\",\"description\":\"Com Shirley de Souza O\u2019Campos\",\"potentialAction\":[{\"@type\":\"SearchAction\",\"target\":{\"@type\":\"EntryPoint\",\"urlTemplate\":\"https:\\\/\\\/blogdacondessa.com.br\\\/blog\\\/?s={search_term_string}\"},\"query-input\":{\"@type\":\"PropertyValueSpecification\",\"valueRequired\":true,\"valueName\":\"search_term_string\"}}],\"inLanguage\":\"pt-BR\"},{\"@type\":\"Person\",\"@id\":\"https:\\\/\\\/blogdacondessa.com.br\\\/blog\\\/#\\\/schema\\\/person\\\/1d667ff8b785195b568677489d266035\",\"name\":\"Blog da Condessa\",\"image\":{\"@type\":\"ImageObject\",\"inLanguage\":\"pt-BR\",\"@id\":\"https:\\\/\\\/secure.gravatar.com\\\/avatar\\\/377c0eb8b4ad2bfc25461b41564b5971e721ca34a57642868fc7b0c8ac7b52c5?s=96&d=mm&r=g\",\"url\":\"https:\\\/\\\/secure.gravatar.com\\\/avatar\\\/377c0eb8b4ad2bfc25461b41564b5971e721ca34a57642868fc7b0c8ac7b52c5?s=96&d=mm&r=g\",\"contentUrl\":\"https:\\\/\\\/secure.gravatar.com\\\/avatar\\\/377c0eb8b4ad2bfc25461b41564b5971e721ca34a57642868fc7b0c8ac7b52c5?s=96&d=mm&r=g\",\"caption\":\"Blog da Condessa\"},\"url\":\"https:\\\/\\\/blogdacondessa.com.br\\\/blog\\\/author\\\/beatriz\\\/\"}]}<\/script>\n<!-- \/ Yoast SEO plugin. -->","yoast_head_json":{"title":"Rinite: por que n\u00e3o existe cura (e o que d\u00e1 pra fazer para melhorar) &#8902; Blog da Condessa","robots":{"index":"index","follow":"follow","max-snippet":"max-snippet:-1","max-image-preview":"max-image-preview:large","max-video-preview":"max-video-preview:-1"},"canonical":"https:\/\/blogdacondessa.com.br\/blog\/saude\/rinite-por-que-nao-existe-cura-e-o-que-da-pra-fazer-para-melhorar\/","og_locale":"pt_BR","og_type":"article","og_title":"Rinite: por que n\u00e3o existe cura (e o que d\u00e1 pra fazer para melhorar) &#8902; Blog da Condessa","og_description":"&#8220;O que custa juntar tr\u00eas caras num laborat\u00f3rio e descobrir a cura da\u00a0rinite?&#8221; O que parecia ser um desabafo bem humorado de um usu\u00e1rio do X, virou uma d\u00favida real e instigante sobre uma doen\u00e7a que afeta at\u00e9 40% da popula\u00e7\u00e3o mundial (ou cerca de 84 milh\u00f5es de brasileiros). A rinite\u00a0al\u00e9rgica, quadro marcado por nariz [&hellip;]","og_url":"https:\/\/blogdacondessa.com.br\/blog\/saude\/rinite-por-que-nao-existe-cura-e-o-que-da-pra-fazer-para-melhorar\/","og_site_name":"Blog da Condessa","article_published_time":"2026-03-16T09:00:41+00:00","og_image":[{"width":800,"height":450,"url":"https:\/\/blogdacondessa.com.br\/blog\/wp-content\/uploads\/2026\/03\/RINITE-alergica.webp","type":"image\/webp"}],"author":"Blog da Condessa","twitter_card":"summary_large_image","twitter_misc":{"Escrito por":"Blog da Condessa","Est. tempo de leitura":"8 minutos"},"schema":{"@context":"https:\/\/schema.org","@graph":[{"@type":"Article","@id":"https:\/\/blogdacondessa.com.br\/blog\/saude\/rinite-por-que-nao-existe-cura-e-o-que-da-pra-fazer-para-melhorar\/#article","isPartOf":{"@id":"https:\/\/blogdacondessa.com.br\/blog\/saude\/rinite-por-que-nao-existe-cura-e-o-que-da-pra-fazer-para-melhorar\/"},"author":{"name":"Blog da Condessa","@id":"https:\/\/blogdacondessa.com.br\/blog\/#\/schema\/person\/1d667ff8b785195b568677489d266035"},"headline":"Rinite: por que n\u00e3o existe cura (e o que d\u00e1 pra fazer para melhorar)","datePublished":"2026-03-16T09:00:41+00:00","mainEntityOfPage":{"@id":"https:\/\/blogdacondessa.com.br\/blog\/saude\/rinite-por-que-nao-existe-cura-e-o-que-da-pra-fazer-para-melhorar\/"},"wordCount":1566,"image":{"@id":"https:\/\/blogdacondessa.com.br\/blog\/saude\/rinite-por-que-nao-existe-cura-e-o-que-da-pra-fazer-para-melhorar\/#primaryimage"},"thumbnailUrl":"https:\/\/blogdacondessa.com.br\/blog\/wp-content\/uploads\/2026\/03\/RINITE-alergica.webp","articleSection":["Sa\u00fade"],"inLanguage":"pt-BR"},{"@type":"WebPage","@id":"https:\/\/blogdacondessa.com.br\/blog\/saude\/rinite-por-que-nao-existe-cura-e-o-que-da-pra-fazer-para-melhorar\/","url":"https:\/\/blogdacondessa.com.br\/blog\/saude\/rinite-por-que-nao-existe-cura-e-o-que-da-pra-fazer-para-melhorar\/","name":"Rinite: por que n\u00e3o existe cura (e o que d\u00e1 pra fazer para melhorar) &#8902; Blog da Condessa","isPartOf":{"@id":"https:\/\/blogdacondessa.com.br\/blog\/#website"},"primaryImageOfPage":{"@id":"https:\/\/blogdacondessa.com.br\/blog\/saude\/rinite-por-que-nao-existe-cura-e-o-que-da-pra-fazer-para-melhorar\/#primaryimage"},"image":{"@id":"https:\/\/blogdacondessa.com.br\/blog\/saude\/rinite-por-que-nao-existe-cura-e-o-que-da-pra-fazer-para-melhorar\/#primaryimage"},"thumbnailUrl":"https:\/\/blogdacondessa.com.br\/blog\/wp-content\/uploads\/2026\/03\/RINITE-alergica.webp","datePublished":"2026-03-16T09:00:41+00:00","author":{"@id":"https:\/\/blogdacondessa.com.br\/blog\/#\/schema\/person\/1d667ff8b785195b568677489d266035"},"breadcrumb":{"@id":"https:\/\/blogdacondessa.com.br\/blog\/saude\/rinite-por-que-nao-existe-cura-e-o-que-da-pra-fazer-para-melhorar\/#breadcrumb"},"inLanguage":"pt-BR","potentialAction":[{"@type":"ReadAction","target":["https:\/\/blogdacondessa.com.br\/blog\/saude\/rinite-por-que-nao-existe-cura-e-o-que-da-pra-fazer-para-melhorar\/"]}]},{"@type":"ImageObject","inLanguage":"pt-BR","@id":"https:\/\/blogdacondessa.com.br\/blog\/saude\/rinite-por-que-nao-existe-cura-e-o-que-da-pra-fazer-para-melhorar\/#primaryimage","url":"https:\/\/blogdacondessa.com.br\/blog\/wp-content\/uploads\/2026\/03\/RINITE-alergica.webp","contentUrl":"https:\/\/blogdacondessa.com.br\/blog\/wp-content\/uploads\/2026\/03\/RINITE-alergica.webp","width":800,"height":450,"caption":"Cr\u00e9dito,Getty Images"},{"@type":"BreadcrumbList","@id":"https:\/\/blogdacondessa.com.br\/blog\/saude\/rinite-por-que-nao-existe-cura-e-o-que-da-pra-fazer-para-melhorar\/#breadcrumb","itemListElement":[{"@type":"ListItem","position":1,"name":"In\u00edcio","item":"https:\/\/blogdacondessa.com.br\/blog\/"},{"@type":"ListItem","position":2,"name":"Rinite: por que n\u00e3o existe cura (e o que d\u00e1 pra fazer para melhorar)"}]},{"@type":"WebSite","@id":"https:\/\/blogdacondessa.com.br\/blog\/#website","url":"https:\/\/blogdacondessa.com.br\/blog\/","name":"Blog da Condessa","description":"Com Shirley de Souza O\u2019Campos","potentialAction":[{"@type":"SearchAction","target":{"@type":"EntryPoint","urlTemplate":"https:\/\/blogdacondessa.com.br\/blog\/?s={search_term_string}"},"query-input":{"@type":"PropertyValueSpecification","valueRequired":true,"valueName":"search_term_string"}}],"inLanguage":"pt-BR"},{"@type":"Person","@id":"https:\/\/blogdacondessa.com.br\/blog\/#\/schema\/person\/1d667ff8b785195b568677489d266035","name":"Blog da Condessa","image":{"@type":"ImageObject","inLanguage":"pt-BR","@id":"https:\/\/secure.gravatar.com\/avatar\/377c0eb8b4ad2bfc25461b41564b5971e721ca34a57642868fc7b0c8ac7b52c5?s=96&d=mm&r=g","url":"https:\/\/secure.gravatar.com\/avatar\/377c0eb8b4ad2bfc25461b41564b5971e721ca34a57642868fc7b0c8ac7b52c5?s=96&d=mm&r=g","contentUrl":"https:\/\/secure.gravatar.com\/avatar\/377c0eb8b4ad2bfc25461b41564b5971e721ca34a57642868fc7b0c8ac7b52c5?s=96&d=mm&r=g","caption":"Blog da Condessa"},"url":"https:\/\/blogdacondessa.com.br\/blog\/author\/beatriz\/"}]}},"_links":{"self":[{"href":"https:\/\/blogdacondessa.com.br\/blog\/wp-json\/wp\/v2\/posts\/13738","targetHints":{"allow":["GET"]}}],"collection":[{"href":"https:\/\/blogdacondessa.com.br\/blog\/wp-json\/wp\/v2\/posts"}],"about":[{"href":"https:\/\/blogdacondessa.com.br\/blog\/wp-json\/wp\/v2\/types\/post"}],"author":[{"embeddable":true,"href":"https:\/\/blogdacondessa.com.br\/blog\/wp-json\/wp\/v2\/users\/2"}],"replies":[{"embeddable":true,"href":"https:\/\/blogdacondessa.com.br\/blog\/wp-json\/wp\/v2\/comments?post=13738"}],"version-history":[{"count":1,"href":"https:\/\/blogdacondessa.com.br\/blog\/wp-json\/wp\/v2\/posts\/13738\/revisions"}],"predecessor-version":[{"id":13740,"href":"https:\/\/blogdacondessa.com.br\/blog\/wp-json\/wp\/v2\/posts\/13738\/revisions\/13740"}],"wp:featuredmedia":[{"embeddable":true,"href":"https:\/\/blogdacondessa.com.br\/blog\/wp-json\/wp\/v2\/media\/13739"}],"wp:attachment":[{"href":"https:\/\/blogdacondessa.com.br\/blog\/wp-json\/wp\/v2\/media?parent=13738"}],"wp:term":[{"taxonomy":"category","embeddable":true,"href":"https:\/\/blogdacondessa.com.br\/blog\/wp-json\/wp\/v2\/categories?post=13738"},{"taxonomy":"post_tag","embeddable":true,"href":"https:\/\/blogdacondessa.com.br\/blog\/wp-json\/wp\/v2\/tags?post=13738"}],"curies":[{"name":"wp","href":"https:\/\/api.w.org\/{rel}","templated":true}]}}