{"id":13711,"date":"2026-03-12T05:00:18","date_gmt":"2026-03-12T09:00:18","guid":{"rendered":"https:\/\/blogdacondessa.com.br\/blog\/?p=13711"},"modified":"2026-03-11T16:50:04","modified_gmt":"2026-03-11T20:50:04","slug":"lembre-de-mim","status":"publish","type":"post","link":"https:\/\/blogdacondessa.com.br\/blog\/cotidiano\/lembre-de-mim\/","title":{"rendered":"\u201cLembre de Mim\u201d"},"content":{"rendered":"<p><em>Projeto localiza 58 pessoas desaparecidas e refor\u00e7a pol\u00edtica de identifica\u00e7\u00e3o humanit\u00e1ria no estado<\/em><\/p>\n<p>O Projeto \u201cLembre de Mim\u201d, desenvolvido pela Per\u00edcia Oficial e Identifica\u00e7\u00e3o T\u00e9cnica de Mato Grosso (Politec-MT), j\u00e1 identificou 58 pessoas desaparecidas, com \u00f3bitos ocorridos entre os anos de 2005 e 2025, a partir da revis\u00e3o de 130 casos de v\u00edtimas n\u00e3o identificadas. A iniciativa consolida-se como uma a\u00e7\u00e3o forense humanit\u00e1ria de refer\u00eancia, voltada \u00e0 garantia do direito fundamental \u00e0 identidade, mesmo ap\u00f3s a morte.<\/p>\n<p>Executado de forma integrada pela Diretoria Metropolitana de Identifica\u00e7\u00e3o T\u00e9cnica e Diretoria Metropolitana de Medicina Legal, o projeto tem como objetivo revisar casos antigos de cad\u00e1veres sepultados sem identifica\u00e7\u00e3o, utilizando necropapiloscopia, an\u00e1lise t\u00e9cnica especializada e tecnologias biom\u00e9tricas, como o Sistema Automatizado de Identifica\u00e7\u00e3o Biom\u00e9trica (ABIS). A a\u00e7\u00e3o est\u00e1 alinhada \u00e0 Pol\u00edtica Nacional de Busca de Pessoas Desaparecidas (Lei n\u00ba 13.812\/2019) e aos princ\u00edpios da A\u00e7\u00e3o Forense Humanit\u00e1ria, que buscam promover verdade, mem\u00f3ria, justi\u00e7a e dignidade humana.<\/p>\n<p>A coordenadora do projeto, Simone Delgado, destaca que o trabalho desenvolvido vai al\u00e9m da identifica\u00e7\u00e3o t\u00e9cnica.<\/p>\n<p>\u201cEsse trabalho tem impacto direto na justi\u00e7a criminal, ao contribuir para a elucida\u00e7\u00e3o de casos, mas sobretudo na justi\u00e7a social e humanit\u00e1ria, ao resgatar a identidade e promover direitos fundamentais, como o direito \u00e0 verdade, \u00e0 mem\u00f3ria e \u00e0 dignidade da pessoa humana\u201d, afirma.<\/p>\n<p><strong>Resultados e impacto institucional<\/strong><\/p>\n<p>Mesmo diante de desafios operacionais, como o ac\u00famulo de demandas rotineiras da institui\u00e7\u00e3o e a indisponibilidade tempor\u00e1ria de parte do acervo f\u00edsico necess\u00e1rio \u00e0s an\u00e1lises, o projeto alcan\u00e7ou resultados expressivos, considerados hist\u00f3ricos no \u00e2mbito da identifica\u00e7\u00e3o humana em Mato Grosso.<\/p>\n<p>At\u00e9 o momento, 28 fam\u00edlias j\u00e1 foram localizadas e oficialmente comunicadas sobre a identifica\u00e7\u00e3o de seus familiares, possibilitando o acesso \u00e0 informa\u00e7\u00e3o, o encerramento do luto suspenso e a ado\u00e7\u00e3o de provid\u00eancias legais e funer\u00e1rias. O trabalho tem sido conduzido com rigor t\u00e9cnico, sensibilidade e respeito \u00e0s fam\u00edlias envolvidas.<\/p>\n<p>A metodologia aplicada tamb\u00e9m contribui para o aperfei\u00e7oamento das investiga\u00e7\u00f5es criminais, a regulariza\u00e7\u00e3o de registros civis e a qualifica\u00e7\u00e3o das informa\u00e7\u00f5es sobre mortalidade, refor\u00e7ando o papel da Politec como \u00f3rg\u00e3o estrat\u00e9gico do Estado.<\/p>\n<p>Para Maira Nunes Bismark, filha do Sr. Odenir Gomes Pedroso, identificado pelo Projeto Lembre de Mim ap\u00f3s anos de desaparecimento, relata o impacto da iniciativa para a fam\u00edlia:<\/p>\n<p>\u201cEsse projeto nos trouxe descanso para o cora\u00e7\u00e3o. Ficamos anos sem saber o que tinha acontecido com meu pai, que estava desaparecido desde 2010. Procuramos em hospitais, abrigos e em v\u00e1rios lugares, sempre na esperan\u00e7a de encontr\u00e1-lo. Por meio do projeto Lembre de Mim, tivemos finalmente uma resposta. N\u00e3o foi da forma que gostar\u00edamos, que era encontr\u00e1-lo em vida, mas saber o que aconteceu nos trouxe al\u00edvio. Fomos acolhidos e orientados em todo o processo, sempre com respeito e aten\u00e7\u00e3o. Somos muito gratos e desejamos que esse projeto continue ajudando outras fam\u00edlias que ainda vivem essa espera.\u201d pontua.<\/p>\n<p><strong>Integra\u00e7\u00e3o\u00a0<\/strong><\/p>\n<p>N\u00e3o h\u00e1 como deixar de destacar a import\u00e2ncia da coopera\u00e7\u00e3o interinstitucional para o alcance dos resultados do projeto. Cerca de 26% dos casos identificados foram poss\u00edveis gra\u00e7as \u00e0 parceria com outros \u00f3rg\u00e3os de identifica\u00e7\u00e3o do pa\u00eds, que est\u00e3o realizando o processamento das impress\u00f5es digitais das pessoas falecidas n\u00e3o identificadas em suas bases biom\u00e9tricas locais.<\/p>\n<p>Al\u00e9m disso, o projeto conta com o apoio do N\u00facleo de Pessoas Desaparecidas da Pol\u00edcia Civil e do PLID- Programa de Localiza\u00e7\u00e3o e Identifica\u00e7\u00e3o de Desaparecidos, do Minist\u00e9rio P\u00fablico Estadual, que contribuem com a busca ativa de informa\u00e7\u00f5es tanto para a identifica\u00e7\u00e3o das v\u00edtimas quanto para a localiza\u00e7\u00e3o de seus familiares. Essa atua\u00e7\u00e3o integrada \u00e9 fundamental para o \u00eaxito das identifica\u00e7\u00f5es e para o alcance do impacto humanit\u00e1rio do projeto \u2018Lembre de Mim\u2019.<\/p>\n<p><strong>Transpar\u00eancia e busca ativa por familiares<\/strong><\/p>\n<p>Como parte da estrat\u00e9gia de transpar\u00eancia e amplia\u00e7\u00e3o do alcance das informa\u00e7\u00f5es, os dados das v\u00edtimas j\u00e1 identificadas cujas fam\u00edlias ainda n\u00e3o foram localizadas s\u00e3o divulgados nos perfis oficiais da Politec e da Pol\u00edcia Civil no Instagram. A medida permite que familiares ou pessoas com informa\u00e7\u00f5es relevantes possam reconhecer os dados divulgados e colaborar com a localiza\u00e7\u00e3o dos parentes.<\/p>\n<p><strong>Servi\u00e7o \u00e0 popula\u00e7\u00e3o<\/strong><\/p>\n<p>Familiares de pessoas desaparecidas ou cidad\u00e3os que possuam informa\u00e7\u00f5es que possam auxiliar na identifica\u00e7\u00e3o ou localiza\u00e7\u00e3o de parentes podem procurar diretamente o Instituto M\u00e9dico Legal (IML) para obter orienta\u00e7\u00f5es e prestar informa\u00e7\u00f5es.<\/p>\n<p>A Politec tamb\u00e9m disponibiliza no\u00a0<a href=\"https:\/\/www.politec.mt.gov.br\/procuram-se-familiares\">site<\/a>\u00a0na aba &#8220;servi\u00e7os &gt; procuram-se familiares&#8221; um espa\u00e7o destinado somente para pessoas identificadas pelo projeto, garantindo transpar\u00eancia, respeito e direito ap\u00f3s a morte para a familia.<\/p>\n<p>O Projeto \u201cLembre de Mim\u201d reafirma o compromisso da Politec com a ci\u00eancia forense, os direitos humanos e a presta\u00e7\u00e3o de um servi\u00e7o p\u00fablico qualificado, devolvendo identidade, mem\u00f3ria e dignidade \u00e0queles que, por anos, permaneceram sem nome.<\/p>\n","protected":false},"excerpt":{"rendered":"<p>Projeto localiza 58 pessoas desaparecidas e refor\u00e7a pol\u00edtica de identifica\u00e7\u00e3o humanit\u00e1ria no estado O Projeto \u201cLembre de Mim\u201d, desenvolvido pela Per\u00edcia Oficial e Identifica\u00e7\u00e3o T\u00e9cnica de Mato Grosso (Politec-MT), j\u00e1 identificou 58 pessoas desaparecidas, com \u00f3bitos ocorridos entre os anos de 2005 e 2025, a partir da revis\u00e3o de 130 casos de v\u00edtimas n\u00e3o identificadas. [&hellip;]<\/p>\n","protected":false},"author":2,"featured_media":13712,"comment_status":"closed","ping_status":"closed","sticky":false,"template":"","format":"standard","meta":{"iawp_total_views":1,"footnotes":""},"categories":[24],"tags":[],"class_list":["post-13711","post","type-post","status-publish","format-standard","has-post-thumbnail","hentry","category-cotidiano"],"yoast_head":"<!-- This site is optimized with the Yoast SEO plugin v27.3 - https:\/\/yoast.com\/product\/yoast-seo-wordpress\/ -->\n<title>\u201cLembre de Mim\u201d &#8902; Blog da Condessa<\/title>\n<meta name=\"robots\" content=\"index, follow, max-snippet:-1, max-image-preview:large, max-video-preview:-1\" \/>\n<link rel=\"canonical\" href=\"https:\/\/blogdacondessa.com.br\/blog\/cotidiano\/lembre-de-mim\/\" \/>\n<meta property=\"og:locale\" content=\"pt_BR\" \/>\n<meta property=\"og:type\" content=\"article\" \/>\n<meta property=\"og:title\" content=\"\u201cLembre de Mim\u201d &#8902; Blog da Condessa\" \/>\n<meta property=\"og:description\" content=\"Projeto localiza 58 pessoas desaparecidas e refor\u00e7a pol\u00edtica de identifica\u00e7\u00e3o humanit\u00e1ria no estado O Projeto \u201cLembre de Mim\u201d, desenvolvido pela Per\u00edcia Oficial e Identifica\u00e7\u00e3o T\u00e9cnica de Mato Grosso (Politec-MT), j\u00e1 identificou 58 pessoas desaparecidas, com \u00f3bitos ocorridos entre os anos de 2005 e 2025, a partir da revis\u00e3o de 130 casos de v\u00edtimas n\u00e3o identificadas. [&hellip;]\" \/>\n<meta property=\"og:url\" content=\"https:\/\/blogdacondessa.com.br\/blog\/cotidiano\/lembre-de-mim\/\" \/>\n<meta property=\"og:site_name\" content=\"Blog da Condessa\" \/>\n<meta property=\"article:published_time\" content=\"2026-03-12T09:00:18+00:00\" \/>\n<meta property=\"og:image\" content=\"https:\/\/blogdacondessa.com.br\/blog\/wp-content\/uploads\/2026\/03\/desaparecidos-atual.jpeg\" \/>\n\t<meta property=\"og:image:width\" content=\"1024\" \/>\n\t<meta property=\"og:image:height\" content=\"682\" \/>\n\t<meta property=\"og:image:type\" content=\"image\/jpeg\" \/>\n<meta name=\"author\" content=\"Blog da Condessa\" \/>\n<meta name=\"twitter:card\" content=\"summary_large_image\" \/>\n<meta name=\"twitter:label1\" content=\"Escrito por\" \/>\n\t<meta name=\"twitter:data1\" content=\"Blog da Condessa\" \/>\n\t<meta name=\"twitter:label2\" content=\"Est. tempo de leitura\" \/>\n\t<meta name=\"twitter:data2\" content=\"5 minutos\" \/>\n<script type=\"application\/ld+json\" class=\"yoast-schema-graph\">{\"@context\":\"https:\\\/\\\/schema.org\",\"@graph\":[{\"@type\":\"Article\",\"@id\":\"https:\\\/\\\/blogdacondessa.com.br\\\/blog\\\/cotidiano\\\/lembre-de-mim\\\/#article\",\"isPartOf\":{\"@id\":\"https:\\\/\\\/blogdacondessa.com.br\\\/blog\\\/cotidiano\\\/lembre-de-mim\\\/\"},\"author\":{\"name\":\"Blog da Condessa\",\"@id\":\"https:\\\/\\\/blogdacondessa.com.br\\\/blog\\\/#\\\/schema\\\/person\\\/1d667ff8b785195b568677489d266035\"},\"headline\":\"\u201cLembre de Mim\u201d\",\"datePublished\":\"2026-03-12T09:00:18+00:00\",\"mainEntityOfPage\":{\"@id\":\"https:\\\/\\\/blogdacondessa.com.br\\\/blog\\\/cotidiano\\\/lembre-de-mim\\\/\"},\"wordCount\":880,\"image\":{\"@id\":\"https:\\\/\\\/blogdacondessa.com.br\\\/blog\\\/cotidiano\\\/lembre-de-mim\\\/#primaryimage\"},\"thumbnailUrl\":\"https:\\\/\\\/blogdacondessa.com.br\\\/blog\\\/wp-content\\\/uploads\\\/2026\\\/03\\\/desaparecidos-atual.jpeg\",\"articleSection\":[\"Cotidiano\"],\"inLanguage\":\"pt-BR\"},{\"@type\":\"WebPage\",\"@id\":\"https:\\\/\\\/blogdacondessa.com.br\\\/blog\\\/cotidiano\\\/lembre-de-mim\\\/\",\"url\":\"https:\\\/\\\/blogdacondessa.com.br\\\/blog\\\/cotidiano\\\/lembre-de-mim\\\/\",\"name\":\"\u201cLembre de Mim\u201d &#8902; Blog da Condessa\",\"isPartOf\":{\"@id\":\"https:\\\/\\\/blogdacondessa.com.br\\\/blog\\\/#website\"},\"primaryImageOfPage\":{\"@id\":\"https:\\\/\\\/blogdacondessa.com.br\\\/blog\\\/cotidiano\\\/lembre-de-mim\\\/#primaryimage\"},\"image\":{\"@id\":\"https:\\\/\\\/blogdacondessa.com.br\\\/blog\\\/cotidiano\\\/lembre-de-mim\\\/#primaryimage\"},\"thumbnailUrl\":\"https:\\\/\\\/blogdacondessa.com.br\\\/blog\\\/wp-content\\\/uploads\\\/2026\\\/03\\\/desaparecidos-atual.jpeg\",\"datePublished\":\"2026-03-12T09:00:18+00:00\",\"author\":{\"@id\":\"https:\\\/\\\/blogdacondessa.com.br\\\/blog\\\/#\\\/schema\\\/person\\\/1d667ff8b785195b568677489d266035\"},\"breadcrumb\":{\"@id\":\"https:\\\/\\\/blogdacondessa.com.br\\\/blog\\\/cotidiano\\\/lembre-de-mim\\\/#breadcrumb\"},\"inLanguage\":\"pt-BR\",\"potentialAction\":[{\"@type\":\"ReadAction\",\"target\":[\"https:\\\/\\\/blogdacondessa.com.br\\\/blog\\\/cotidiano\\\/lembre-de-mim\\\/\"]}]},{\"@type\":\"ImageObject\",\"inLanguage\":\"pt-BR\",\"@id\":\"https:\\\/\\\/blogdacondessa.com.br\\\/blog\\\/cotidiano\\\/lembre-de-mim\\\/#primaryimage\",\"url\":\"https:\\\/\\\/blogdacondessa.com.br\\\/blog\\\/wp-content\\\/uploads\\\/2026\\\/03\\\/desaparecidos-atual.jpeg\",\"contentUrl\":\"https:\\\/\\\/blogdacondessa.com.br\\\/blog\\\/wp-content\\\/uploads\\\/2026\\\/03\\\/desaparecidos-atual.jpeg\",\"width\":1024,\"height\":682,\"caption\":\"Foto: Kamilla Weiss\\\/Politec\"},{\"@type\":\"BreadcrumbList\",\"@id\":\"https:\\\/\\\/blogdacondessa.com.br\\\/blog\\\/cotidiano\\\/lembre-de-mim\\\/#breadcrumb\",\"itemListElement\":[{\"@type\":\"ListItem\",\"position\":1,\"name\":\"In\u00edcio\",\"item\":\"https:\\\/\\\/blogdacondessa.com.br\\\/blog\\\/\"},{\"@type\":\"ListItem\",\"position\":2,\"name\":\"\u201cLembre de Mim\u201d\"}]},{\"@type\":\"WebSite\",\"@id\":\"https:\\\/\\\/blogdacondessa.com.br\\\/blog\\\/#website\",\"url\":\"https:\\\/\\\/blogdacondessa.com.br\\\/blog\\\/\",\"name\":\"Blog da Condessa\",\"description\":\"Com Shirley de Souza O\u2019Campos\",\"potentialAction\":[{\"@type\":\"SearchAction\",\"target\":{\"@type\":\"EntryPoint\",\"urlTemplate\":\"https:\\\/\\\/blogdacondessa.com.br\\\/blog\\\/?s={search_term_string}\"},\"query-input\":{\"@type\":\"PropertyValueSpecification\",\"valueRequired\":true,\"valueName\":\"search_term_string\"}}],\"inLanguage\":\"pt-BR\"},{\"@type\":\"Person\",\"@id\":\"https:\\\/\\\/blogdacondessa.com.br\\\/blog\\\/#\\\/schema\\\/person\\\/1d667ff8b785195b568677489d266035\",\"name\":\"Blog da Condessa\",\"image\":{\"@type\":\"ImageObject\",\"inLanguage\":\"pt-BR\",\"@id\":\"https:\\\/\\\/secure.gravatar.com\\\/avatar\\\/377c0eb8b4ad2bfc25461b41564b5971e721ca34a57642868fc7b0c8ac7b52c5?s=96&d=mm&r=g\",\"url\":\"https:\\\/\\\/secure.gravatar.com\\\/avatar\\\/377c0eb8b4ad2bfc25461b41564b5971e721ca34a57642868fc7b0c8ac7b52c5?s=96&d=mm&r=g\",\"contentUrl\":\"https:\\\/\\\/secure.gravatar.com\\\/avatar\\\/377c0eb8b4ad2bfc25461b41564b5971e721ca34a57642868fc7b0c8ac7b52c5?s=96&d=mm&r=g\",\"caption\":\"Blog da Condessa\"},\"url\":\"https:\\\/\\\/blogdacondessa.com.br\\\/blog\\\/author\\\/beatriz\\\/\"}]}<\/script>\n<!-- \/ Yoast SEO plugin. -->","yoast_head_json":{"title":"\u201cLembre de Mim\u201d &#8902; Blog da Condessa","robots":{"index":"index","follow":"follow","max-snippet":"max-snippet:-1","max-image-preview":"max-image-preview:large","max-video-preview":"max-video-preview:-1"},"canonical":"https:\/\/blogdacondessa.com.br\/blog\/cotidiano\/lembre-de-mim\/","og_locale":"pt_BR","og_type":"article","og_title":"\u201cLembre de Mim\u201d &#8902; Blog da Condessa","og_description":"Projeto localiza 58 pessoas desaparecidas e refor\u00e7a pol\u00edtica de identifica\u00e7\u00e3o humanit\u00e1ria no estado O Projeto \u201cLembre de Mim\u201d, desenvolvido pela Per\u00edcia Oficial e Identifica\u00e7\u00e3o T\u00e9cnica de Mato Grosso (Politec-MT), j\u00e1 identificou 58 pessoas desaparecidas, com \u00f3bitos ocorridos entre os anos de 2005 e 2025, a partir da revis\u00e3o de 130 casos de v\u00edtimas n\u00e3o identificadas. [&hellip;]","og_url":"https:\/\/blogdacondessa.com.br\/blog\/cotidiano\/lembre-de-mim\/","og_site_name":"Blog da Condessa","article_published_time":"2026-03-12T09:00:18+00:00","og_image":[{"width":1024,"height":682,"url":"https:\/\/blogdacondessa.com.br\/blog\/wp-content\/uploads\/2026\/03\/desaparecidos-atual.jpeg","type":"image\/jpeg"}],"author":"Blog da Condessa","twitter_card":"summary_large_image","twitter_misc":{"Escrito por":"Blog da Condessa","Est. tempo de leitura":"5 minutos"},"schema":{"@context":"https:\/\/schema.org","@graph":[{"@type":"Article","@id":"https:\/\/blogdacondessa.com.br\/blog\/cotidiano\/lembre-de-mim\/#article","isPartOf":{"@id":"https:\/\/blogdacondessa.com.br\/blog\/cotidiano\/lembre-de-mim\/"},"author":{"name":"Blog da Condessa","@id":"https:\/\/blogdacondessa.com.br\/blog\/#\/schema\/person\/1d667ff8b785195b568677489d266035"},"headline":"\u201cLembre de Mim\u201d","datePublished":"2026-03-12T09:00:18+00:00","mainEntityOfPage":{"@id":"https:\/\/blogdacondessa.com.br\/blog\/cotidiano\/lembre-de-mim\/"},"wordCount":880,"image":{"@id":"https:\/\/blogdacondessa.com.br\/blog\/cotidiano\/lembre-de-mim\/#primaryimage"},"thumbnailUrl":"https:\/\/blogdacondessa.com.br\/blog\/wp-content\/uploads\/2026\/03\/desaparecidos-atual.jpeg","articleSection":["Cotidiano"],"inLanguage":"pt-BR"},{"@type":"WebPage","@id":"https:\/\/blogdacondessa.com.br\/blog\/cotidiano\/lembre-de-mim\/","url":"https:\/\/blogdacondessa.com.br\/blog\/cotidiano\/lembre-de-mim\/","name":"\u201cLembre de Mim\u201d &#8902; Blog da Condessa","isPartOf":{"@id":"https:\/\/blogdacondessa.com.br\/blog\/#website"},"primaryImageOfPage":{"@id":"https:\/\/blogdacondessa.com.br\/blog\/cotidiano\/lembre-de-mim\/#primaryimage"},"image":{"@id":"https:\/\/blogdacondessa.com.br\/blog\/cotidiano\/lembre-de-mim\/#primaryimage"},"thumbnailUrl":"https:\/\/blogdacondessa.com.br\/blog\/wp-content\/uploads\/2026\/03\/desaparecidos-atual.jpeg","datePublished":"2026-03-12T09:00:18+00:00","author":{"@id":"https:\/\/blogdacondessa.com.br\/blog\/#\/schema\/person\/1d667ff8b785195b568677489d266035"},"breadcrumb":{"@id":"https:\/\/blogdacondessa.com.br\/blog\/cotidiano\/lembre-de-mim\/#breadcrumb"},"inLanguage":"pt-BR","potentialAction":[{"@type":"ReadAction","target":["https:\/\/blogdacondessa.com.br\/blog\/cotidiano\/lembre-de-mim\/"]}]},{"@type":"ImageObject","inLanguage":"pt-BR","@id":"https:\/\/blogdacondessa.com.br\/blog\/cotidiano\/lembre-de-mim\/#primaryimage","url":"https:\/\/blogdacondessa.com.br\/blog\/wp-content\/uploads\/2026\/03\/desaparecidos-atual.jpeg","contentUrl":"https:\/\/blogdacondessa.com.br\/blog\/wp-content\/uploads\/2026\/03\/desaparecidos-atual.jpeg","width":1024,"height":682,"caption":"Foto: Kamilla Weiss\/Politec"},{"@type":"BreadcrumbList","@id":"https:\/\/blogdacondessa.com.br\/blog\/cotidiano\/lembre-de-mim\/#breadcrumb","itemListElement":[{"@type":"ListItem","position":1,"name":"In\u00edcio","item":"https:\/\/blogdacondessa.com.br\/blog\/"},{"@type":"ListItem","position":2,"name":"\u201cLembre de Mim\u201d"}]},{"@type":"WebSite","@id":"https:\/\/blogdacondessa.com.br\/blog\/#website","url":"https:\/\/blogdacondessa.com.br\/blog\/","name":"Blog da Condessa","description":"Com Shirley de Souza O\u2019Campos","potentialAction":[{"@type":"SearchAction","target":{"@type":"EntryPoint","urlTemplate":"https:\/\/blogdacondessa.com.br\/blog\/?s={search_term_string}"},"query-input":{"@type":"PropertyValueSpecification","valueRequired":true,"valueName":"search_term_string"}}],"inLanguage":"pt-BR"},{"@type":"Person","@id":"https:\/\/blogdacondessa.com.br\/blog\/#\/schema\/person\/1d667ff8b785195b568677489d266035","name":"Blog da Condessa","image":{"@type":"ImageObject","inLanguage":"pt-BR","@id":"https:\/\/secure.gravatar.com\/avatar\/377c0eb8b4ad2bfc25461b41564b5971e721ca34a57642868fc7b0c8ac7b52c5?s=96&d=mm&r=g","url":"https:\/\/secure.gravatar.com\/avatar\/377c0eb8b4ad2bfc25461b41564b5971e721ca34a57642868fc7b0c8ac7b52c5?s=96&d=mm&r=g","contentUrl":"https:\/\/secure.gravatar.com\/avatar\/377c0eb8b4ad2bfc25461b41564b5971e721ca34a57642868fc7b0c8ac7b52c5?s=96&d=mm&r=g","caption":"Blog da Condessa"},"url":"https:\/\/blogdacondessa.com.br\/blog\/author\/beatriz\/"}]}},"_links":{"self":[{"href":"https:\/\/blogdacondessa.com.br\/blog\/wp-json\/wp\/v2\/posts\/13711","targetHints":{"allow":["GET"]}}],"collection":[{"href":"https:\/\/blogdacondessa.com.br\/blog\/wp-json\/wp\/v2\/posts"}],"about":[{"href":"https:\/\/blogdacondessa.com.br\/blog\/wp-json\/wp\/v2\/types\/post"}],"author":[{"embeddable":true,"href":"https:\/\/blogdacondessa.com.br\/blog\/wp-json\/wp\/v2\/users\/2"}],"replies":[{"embeddable":true,"href":"https:\/\/blogdacondessa.com.br\/blog\/wp-json\/wp\/v2\/comments?post=13711"}],"version-history":[{"count":1,"href":"https:\/\/blogdacondessa.com.br\/blog\/wp-json\/wp\/v2\/posts\/13711\/revisions"}],"predecessor-version":[{"id":13713,"href":"https:\/\/blogdacondessa.com.br\/blog\/wp-json\/wp\/v2\/posts\/13711\/revisions\/13713"}],"wp:featuredmedia":[{"embeddable":true,"href":"https:\/\/blogdacondessa.com.br\/blog\/wp-json\/wp\/v2\/media\/13712"}],"wp:attachment":[{"href":"https:\/\/blogdacondessa.com.br\/blog\/wp-json\/wp\/v2\/media?parent=13711"}],"wp:term":[{"taxonomy":"category","embeddable":true,"href":"https:\/\/blogdacondessa.com.br\/blog\/wp-json\/wp\/v2\/categories?post=13711"},{"taxonomy":"post_tag","embeddable":true,"href":"https:\/\/blogdacondessa.com.br\/blog\/wp-json\/wp\/v2\/tags?post=13711"}],"curies":[{"name":"wp","href":"https:\/\/api.w.org\/{rel}","templated":true}]}}