{"id":13708,"date":"2026-03-12T05:00:46","date_gmt":"2026-03-12T09:00:46","guid":{"rendered":"https:\/\/blogdacondessa.com.br\/blog\/?p=13708"},"modified":"2026-03-11T16:41:36","modified_gmt":"2026-03-11T20:41:36","slug":"expedicao-rota-do-cafe-leva-pesquisa-e-orientacao-tecnica","status":"publish","type":"post","link":"https:\/\/blogdacondessa.com.br\/blog\/cidades\/expedicao-rota-do-cafe-leva-pesquisa-e-orientacao-tecnica\/","title":{"rendered":"Expedi\u00e7\u00e3o Rota do Caf\u00e9 leva pesquisa e orienta\u00e7\u00e3o t\u00e9cnica"},"content":{"rendered":"<p>A Expedi\u00e7\u00e3o Rota do Caf\u00e9, iniciativa da Empresa Mato-grossense de Pesquisa, Assist\u00eancia e Extens\u00e3o Rural (Empaer) em parceria com a Secretaria de Estado de Agricultura Familiar (Seaf &#8211; MT), iniciou na quarta-feira (11.3) um circuito de palestras t\u00e9cnicas voltadas aos produtores de Colniza, munic\u00edpio reconhecido como a capital do caf\u00e9 em Mato Grosso.<\/p>\n<p>A programa\u00e7\u00e3o apresenta aos cafeicultores os resultados de pesquisas iniciadas em 2021 e conclu\u00eddas em 2025, que passam a orientar as recomenda\u00e7\u00f5es t\u00e9cnicas para a cultura. Os estudos abordam manejo das lavouras, ganho de produtividade e melhoria da qualidade do caf\u00e9 produzido na regi\u00e3o Norte do estado.<\/p>\n<p>Colniza possui atualmente cerca de 11 mil hectares destinados ao cultivo de caf\u00e9, com produ\u00e7\u00e3o estimada em 25 mil toneladas por ano, consolidando o munic\u00edpio como uma das principais regi\u00f5es produtoras do estado.<\/p>\n<p>De acordo com a pesquisadora da Empaer, Danielle M\u00fcller, os estudos realizados ao longo de tr\u00eas safras permitiram identificar materiais gen\u00e9ticos e pr\u00e1ticas de manejo mais adaptadas \u00e0s condi\u00e7\u00f5es da regi\u00e3o.<\/p>\n<p>\u201cA partir desses resultados, conseguimos orientar de forma mais segura a implanta\u00e7\u00e3o e o manejo das lavouras\u201d, explicou.<\/p>\n<p>Segundo Wininton Mendes, t\u00e9cnico envolvido no projeto, a iniciativa busca levar conhecimento diretamente aos produtores, aproximando a pesquisa da realidade do campo.<\/p>\n<p>\u201cQuando a pesquisa chega ao campo, ela se transforma em produtividade e renda para as fam\u00edlias, esse \u00e9 o objetivo do nosso trabalho\u201d, destacou.<\/p>\n<p>O projeto Rota do Caf\u00e9 tamb\u00e9m \u00e9 desenvolvido em parceria com a Funda\u00e7\u00e3o de Amparo \u00e0 Pesquisa do Estado de Mato Grosso (Fapemat) e a Embrapa, fortalecendo a integra\u00e7\u00e3o entre pesquisa, inova\u00e7\u00e3o e assist\u00eancia t\u00e9cnica no campo.<\/p>\n<p>Para Dalilhia Santos, que tamb\u00e9m participa das a\u00e7\u00f5es de capacita\u00e7\u00e3o e orienta\u00e7\u00e3o aos produtores, a troca de conhecimento \u00e9 um dos pontos fortes da expedi\u00e7\u00e3o.<\/p>\n<p>\u201cA partir da pesquisa n\u00f3s queremos fazer com que o produtor tenha acesso aos resultados, e com esse acesso ter resultados espec\u00edficos e satisfat\u00f3rios, com ganho na produtividade e consequentemente aumento da renda\u201d, ressaltou.<\/p>\n<p>A produtora Clarinda Moreira Machado, do S\u00edtio Nova Esperan\u00e7a, em Colniza, conta que ela e o esposo come\u00e7aram a cultivar caf\u00e9 h\u00e1 apenas dois anos, ap\u00f3s trabalharem por muito tempo apenas com a pecu\u00e1ria.<\/p>\n<p>\u201cN\u00f3s estamos felizes com a nossa lavoura e agradecemos a Empaer e a Seaf pelo apoio. Nossa \u00e1rea \u00e9 de 43 hectares e produzimos caf\u00e9 em aproximadamente dois hectares. Este ano \u00e9 a nossa primeira colheita, e eu e meu esposo estamos muito animados\u201d, relatou.<\/p>\n<p>Para os produtores de Colniza, os resultados da pesquisa j\u00e1 podem ser aplicados de forma pr\u00e1tica no campo. A avalia\u00e7\u00e3o agron\u00f4mica realizada ao longo de quatro safras permitiu identificar 15 clones com melhor desempenho produtivo, recomendados para cultivo nas condi\u00e7\u00f5es da regi\u00e3o.<\/p>\n<p>Entre esses materiais selecionados, quatro clones tamb\u00e9m se destacaram pela qualidade da bebida, fator que amplia as oportunidades de agrega\u00e7\u00e3o de valor ao caf\u00e9 produzido no munic\u00edpio.<\/p>\n<p>De acordo com a Seaf\/MT, as pesquisas contam com o apoio do Governo do Estado, que entre 2019 e 2025 investiu em Colniza, cerca de R$ 10 milh\u00f5es em fomento, dentre os investimentos: m\u00e1quinas beneficiadoras de caf\u00e9, secadores rotativos de caf\u00e9, equipamentos e apoio t\u00e9cnico para produtores, entre outras a\u00e7\u00f5es.<\/p>\n<p><strong>Confira os pr\u00f3ximos munic\u00edpios da Rota do Caf\u00e9:\u00a0<\/strong><\/p>\n<p>Aripuan\u00e3: 12\/3 (qui) \u2013 Balne\u00e1rio Oasis, 7h \u00e0s 11h45;<br \/>\nCotrigua\u00e7u: 25\/3 (qua) \u2013 Centro de Eventos, 7h \u00e0s 11h45;<br \/>\nJu\u00edna: 26\/3 (qui) \u2013 Barrac\u00e3o da Feira Municipal, 7h \u00e0s 11h45;<br \/>\nNova Bandeirantes: 08\/4 (qua) \u2013 local a definir, 7h \u00e0s 11h45;<br \/>\nNova Monte Verde: 09\/4 (qui) \u2013 Est\u00e2ncia Villa Bella, 7h \u00e0s 11h45.<\/p>\n<p>&nbsp;<\/p>\n","protected":false},"excerpt":{"rendered":"<p>A Expedi\u00e7\u00e3o Rota do Caf\u00e9, iniciativa da Empresa Mato-grossense de Pesquisa, Assist\u00eancia e Extens\u00e3o Rural (Empaer) em parceria com a Secretaria de Estado de Agricultura Familiar (Seaf &#8211; MT), iniciou na quarta-feira (11.3) um circuito de palestras t\u00e9cnicas voltadas aos produtores de Colniza, munic\u00edpio reconhecido como a capital do caf\u00e9 em Mato Grosso. A programa\u00e7\u00e3o [&hellip;]<\/p>\n","protected":false},"author":2,"featured_media":13709,"comment_status":"closed","ping_status":"closed","sticky":false,"template":"","format":"standard","meta":{"iawp_total_views":24,"footnotes":""},"categories":[12],"tags":[],"class_list":["post-13708","post","type-post","status-publish","format-standard","has-post-thumbnail","hentry","category-cidades"],"yoast_head":"<!-- This site is optimized with the Yoast SEO plugin v27.3 - https:\/\/yoast.com\/product\/yoast-seo-wordpress\/ -->\n<title>Expedi\u00e7\u00e3o Rota do Caf\u00e9 leva pesquisa e orienta\u00e7\u00e3o t\u00e9cnica &#8902; Blog da Condessa<\/title>\n<meta name=\"robots\" content=\"index, follow, max-snippet:-1, max-image-preview:large, max-video-preview:-1\" \/>\n<link rel=\"canonical\" href=\"https:\/\/blogdacondessa.com.br\/blog\/cidades\/expedicao-rota-do-cafe-leva-pesquisa-e-orientacao-tecnica\/\" \/>\n<meta property=\"og:locale\" content=\"pt_BR\" \/>\n<meta property=\"og:type\" content=\"article\" \/>\n<meta property=\"og:title\" content=\"Expedi\u00e7\u00e3o Rota do Caf\u00e9 leva pesquisa e orienta\u00e7\u00e3o t\u00e9cnica &#8902; Blog da Condessa\" \/>\n<meta property=\"og:description\" content=\"A Expedi\u00e7\u00e3o Rota do Caf\u00e9, iniciativa da Empresa Mato-grossense de Pesquisa, Assist\u00eancia e Extens\u00e3o Rural (Empaer) em parceria com a Secretaria de Estado de Agricultura Familiar (Seaf &#8211; MT), iniciou na quarta-feira (11.3) um circuito de palestras t\u00e9cnicas voltadas aos produtores de Colniza, munic\u00edpio reconhecido como a capital do caf\u00e9 em Mato Grosso. A programa\u00e7\u00e3o [&hellip;]\" \/>\n<meta property=\"og:url\" content=\"https:\/\/blogdacondessa.com.br\/blog\/cidades\/expedicao-rota-do-cafe-leva-pesquisa-e-orientacao-tecnica\/\" \/>\n<meta property=\"og:site_name\" content=\"Blog da Condessa\" \/>\n<meta property=\"article:published_time\" content=\"2026-03-12T09:00:46+00:00\" \/>\n<meta property=\"og:image\" content=\"https:\/\/blogdacondessa.com.br\/blog\/wp-content\/uploads\/2026\/03\/cafe-2.jpg\" \/>\n\t<meta property=\"og:image:width\" content=\"1024\" \/>\n\t<meta property=\"og:image:height\" content=\"768\" \/>\n\t<meta property=\"og:image:type\" content=\"image\/jpeg\" \/>\n<meta name=\"author\" content=\"Blog da Condessa\" \/>\n<meta name=\"twitter:card\" content=\"summary_large_image\" \/>\n<meta name=\"twitter:label1\" content=\"Escrito por\" \/>\n\t<meta name=\"twitter:data1\" content=\"Blog da Condessa\" \/>\n\t<meta name=\"twitter:label2\" content=\"Est. tempo de leitura\" \/>\n\t<meta name=\"twitter:data2\" content=\"4 minutos\" \/>\n<script type=\"application\/ld+json\" class=\"yoast-schema-graph\">{\"@context\":\"https:\\\/\\\/schema.org\",\"@graph\":[{\"@type\":\"Article\",\"@id\":\"https:\\\/\\\/blogdacondessa.com.br\\\/blog\\\/cidades\\\/expedicao-rota-do-cafe-leva-pesquisa-e-orientacao-tecnica\\\/#article\",\"isPartOf\":{\"@id\":\"https:\\\/\\\/blogdacondessa.com.br\\\/blog\\\/cidades\\\/expedicao-rota-do-cafe-leva-pesquisa-e-orientacao-tecnica\\\/\"},\"author\":{\"name\":\"Blog da Condessa\",\"@id\":\"https:\\\/\\\/blogdacondessa.com.br\\\/blog\\\/#\\\/schema\\\/person\\\/1d667ff8b785195b568677489d266035\"},\"headline\":\"Expedi\u00e7\u00e3o Rota do Caf\u00e9 leva pesquisa e orienta\u00e7\u00e3o t\u00e9cnica\",\"datePublished\":\"2026-03-12T09:00:46+00:00\",\"mainEntityOfPage\":{\"@id\":\"https:\\\/\\\/blogdacondessa.com.br\\\/blog\\\/cidades\\\/expedicao-rota-do-cafe-leva-pesquisa-e-orientacao-tecnica\\\/\"},\"wordCount\":632,\"image\":{\"@id\":\"https:\\\/\\\/blogdacondessa.com.br\\\/blog\\\/cidades\\\/expedicao-rota-do-cafe-leva-pesquisa-e-orientacao-tecnica\\\/#primaryimage\"},\"thumbnailUrl\":\"https:\\\/\\\/blogdacondessa.com.br\\\/blog\\\/wp-content\\\/uploads\\\/2026\\\/03\\\/cafe-2.jpg\",\"articleSection\":[\"Cidades\"],\"inLanguage\":\"pt-BR\"},{\"@type\":\"WebPage\",\"@id\":\"https:\\\/\\\/blogdacondessa.com.br\\\/blog\\\/cidades\\\/expedicao-rota-do-cafe-leva-pesquisa-e-orientacao-tecnica\\\/\",\"url\":\"https:\\\/\\\/blogdacondessa.com.br\\\/blog\\\/cidades\\\/expedicao-rota-do-cafe-leva-pesquisa-e-orientacao-tecnica\\\/\",\"name\":\"Expedi\u00e7\u00e3o Rota do Caf\u00e9 leva pesquisa e orienta\u00e7\u00e3o t\u00e9cnica &#8902; Blog da Condessa\",\"isPartOf\":{\"@id\":\"https:\\\/\\\/blogdacondessa.com.br\\\/blog\\\/#website\"},\"primaryImageOfPage\":{\"@id\":\"https:\\\/\\\/blogdacondessa.com.br\\\/blog\\\/cidades\\\/expedicao-rota-do-cafe-leva-pesquisa-e-orientacao-tecnica\\\/#primaryimage\"},\"image\":{\"@id\":\"https:\\\/\\\/blogdacondessa.com.br\\\/blog\\\/cidades\\\/expedicao-rota-do-cafe-leva-pesquisa-e-orientacao-tecnica\\\/#primaryimage\"},\"thumbnailUrl\":\"https:\\\/\\\/blogdacondessa.com.br\\\/blog\\\/wp-content\\\/uploads\\\/2026\\\/03\\\/cafe-2.jpg\",\"datePublished\":\"2026-03-12T09:00:46+00:00\",\"author\":{\"@id\":\"https:\\\/\\\/blogdacondessa.com.br\\\/blog\\\/#\\\/schema\\\/person\\\/1d667ff8b785195b568677489d266035\"},\"breadcrumb\":{\"@id\":\"https:\\\/\\\/blogdacondessa.com.br\\\/blog\\\/cidades\\\/expedicao-rota-do-cafe-leva-pesquisa-e-orientacao-tecnica\\\/#breadcrumb\"},\"inLanguage\":\"pt-BR\",\"potentialAction\":[{\"@type\":\"ReadAction\",\"target\":[\"https:\\\/\\\/blogdacondessa.com.br\\\/blog\\\/cidades\\\/expedicao-rota-do-cafe-leva-pesquisa-e-orientacao-tecnica\\\/\"]}]},{\"@type\":\"ImageObject\",\"inLanguage\":\"pt-BR\",\"@id\":\"https:\\\/\\\/blogdacondessa.com.br\\\/blog\\\/cidades\\\/expedicao-rota-do-cafe-leva-pesquisa-e-orientacao-tecnica\\\/#primaryimage\",\"url\":\"https:\\\/\\\/blogdacondessa.com.br\\\/blog\\\/wp-content\\\/uploads\\\/2026\\\/03\\\/cafe-2.jpg\",\"contentUrl\":\"https:\\\/\\\/blogdacondessa.com.br\\\/blog\\\/wp-content\\\/uploads\\\/2026\\\/03\\\/cafe-2.jpg\",\"width\":1024,\"height\":768,\"caption\":\"Foto por: Assessoria Seaf\\\/Empaer\"},{\"@type\":\"BreadcrumbList\",\"@id\":\"https:\\\/\\\/blogdacondessa.com.br\\\/blog\\\/cidades\\\/expedicao-rota-do-cafe-leva-pesquisa-e-orientacao-tecnica\\\/#breadcrumb\",\"itemListElement\":[{\"@type\":\"ListItem\",\"position\":1,\"name\":\"In\u00edcio\",\"item\":\"https:\\\/\\\/blogdacondessa.com.br\\\/blog\\\/\"},{\"@type\":\"ListItem\",\"position\":2,\"name\":\"Expedi\u00e7\u00e3o Rota do Caf\u00e9 leva pesquisa e orienta\u00e7\u00e3o t\u00e9cnica\"}]},{\"@type\":\"WebSite\",\"@id\":\"https:\\\/\\\/blogdacondessa.com.br\\\/blog\\\/#website\",\"url\":\"https:\\\/\\\/blogdacondessa.com.br\\\/blog\\\/\",\"name\":\"Blog da Condessa\",\"description\":\"Com Shirley de Souza O\u2019Campos\",\"potentialAction\":[{\"@type\":\"SearchAction\",\"target\":{\"@type\":\"EntryPoint\",\"urlTemplate\":\"https:\\\/\\\/blogdacondessa.com.br\\\/blog\\\/?s={search_term_string}\"},\"query-input\":{\"@type\":\"PropertyValueSpecification\",\"valueRequired\":true,\"valueName\":\"search_term_string\"}}],\"inLanguage\":\"pt-BR\"},{\"@type\":\"Person\",\"@id\":\"https:\\\/\\\/blogdacondessa.com.br\\\/blog\\\/#\\\/schema\\\/person\\\/1d667ff8b785195b568677489d266035\",\"name\":\"Blog da Condessa\",\"image\":{\"@type\":\"ImageObject\",\"inLanguage\":\"pt-BR\",\"@id\":\"https:\\\/\\\/secure.gravatar.com\\\/avatar\\\/377c0eb8b4ad2bfc25461b41564b5971e721ca34a57642868fc7b0c8ac7b52c5?s=96&d=mm&r=g\",\"url\":\"https:\\\/\\\/secure.gravatar.com\\\/avatar\\\/377c0eb8b4ad2bfc25461b41564b5971e721ca34a57642868fc7b0c8ac7b52c5?s=96&d=mm&r=g\",\"contentUrl\":\"https:\\\/\\\/secure.gravatar.com\\\/avatar\\\/377c0eb8b4ad2bfc25461b41564b5971e721ca34a57642868fc7b0c8ac7b52c5?s=96&d=mm&r=g\",\"caption\":\"Blog da Condessa\"},\"url\":\"https:\\\/\\\/blogdacondessa.com.br\\\/blog\\\/author\\\/beatriz\\\/\"}]}<\/script>\n<!-- \/ Yoast SEO plugin. -->","yoast_head_json":{"title":"Expedi\u00e7\u00e3o Rota do Caf\u00e9 leva pesquisa e orienta\u00e7\u00e3o t\u00e9cnica &#8902; Blog da Condessa","robots":{"index":"index","follow":"follow","max-snippet":"max-snippet:-1","max-image-preview":"max-image-preview:large","max-video-preview":"max-video-preview:-1"},"canonical":"https:\/\/blogdacondessa.com.br\/blog\/cidades\/expedicao-rota-do-cafe-leva-pesquisa-e-orientacao-tecnica\/","og_locale":"pt_BR","og_type":"article","og_title":"Expedi\u00e7\u00e3o Rota do Caf\u00e9 leva pesquisa e orienta\u00e7\u00e3o t\u00e9cnica &#8902; Blog da Condessa","og_description":"A Expedi\u00e7\u00e3o Rota do Caf\u00e9, iniciativa da Empresa Mato-grossense de Pesquisa, Assist\u00eancia e Extens\u00e3o Rural (Empaer) em parceria com a Secretaria de Estado de Agricultura Familiar (Seaf &#8211; MT), iniciou na quarta-feira (11.3) um circuito de palestras t\u00e9cnicas voltadas aos produtores de Colniza, munic\u00edpio reconhecido como a capital do caf\u00e9 em Mato Grosso. A programa\u00e7\u00e3o [&hellip;]","og_url":"https:\/\/blogdacondessa.com.br\/blog\/cidades\/expedicao-rota-do-cafe-leva-pesquisa-e-orientacao-tecnica\/","og_site_name":"Blog da Condessa","article_published_time":"2026-03-12T09:00:46+00:00","og_image":[{"width":1024,"height":768,"url":"https:\/\/blogdacondessa.com.br\/blog\/wp-content\/uploads\/2026\/03\/cafe-2.jpg","type":"image\/jpeg"}],"author":"Blog da Condessa","twitter_card":"summary_large_image","twitter_misc":{"Escrito por":"Blog da Condessa","Est. tempo de leitura":"4 minutos"},"schema":{"@context":"https:\/\/schema.org","@graph":[{"@type":"Article","@id":"https:\/\/blogdacondessa.com.br\/blog\/cidades\/expedicao-rota-do-cafe-leva-pesquisa-e-orientacao-tecnica\/#article","isPartOf":{"@id":"https:\/\/blogdacondessa.com.br\/blog\/cidades\/expedicao-rota-do-cafe-leva-pesquisa-e-orientacao-tecnica\/"},"author":{"name":"Blog da Condessa","@id":"https:\/\/blogdacondessa.com.br\/blog\/#\/schema\/person\/1d667ff8b785195b568677489d266035"},"headline":"Expedi\u00e7\u00e3o Rota do Caf\u00e9 leva pesquisa e orienta\u00e7\u00e3o t\u00e9cnica","datePublished":"2026-03-12T09:00:46+00:00","mainEntityOfPage":{"@id":"https:\/\/blogdacondessa.com.br\/blog\/cidades\/expedicao-rota-do-cafe-leva-pesquisa-e-orientacao-tecnica\/"},"wordCount":632,"image":{"@id":"https:\/\/blogdacondessa.com.br\/blog\/cidades\/expedicao-rota-do-cafe-leva-pesquisa-e-orientacao-tecnica\/#primaryimage"},"thumbnailUrl":"https:\/\/blogdacondessa.com.br\/blog\/wp-content\/uploads\/2026\/03\/cafe-2.jpg","articleSection":["Cidades"],"inLanguage":"pt-BR"},{"@type":"WebPage","@id":"https:\/\/blogdacondessa.com.br\/blog\/cidades\/expedicao-rota-do-cafe-leva-pesquisa-e-orientacao-tecnica\/","url":"https:\/\/blogdacondessa.com.br\/blog\/cidades\/expedicao-rota-do-cafe-leva-pesquisa-e-orientacao-tecnica\/","name":"Expedi\u00e7\u00e3o Rota do Caf\u00e9 leva pesquisa e orienta\u00e7\u00e3o t\u00e9cnica &#8902; Blog da Condessa","isPartOf":{"@id":"https:\/\/blogdacondessa.com.br\/blog\/#website"},"primaryImageOfPage":{"@id":"https:\/\/blogdacondessa.com.br\/blog\/cidades\/expedicao-rota-do-cafe-leva-pesquisa-e-orientacao-tecnica\/#primaryimage"},"image":{"@id":"https:\/\/blogdacondessa.com.br\/blog\/cidades\/expedicao-rota-do-cafe-leva-pesquisa-e-orientacao-tecnica\/#primaryimage"},"thumbnailUrl":"https:\/\/blogdacondessa.com.br\/blog\/wp-content\/uploads\/2026\/03\/cafe-2.jpg","datePublished":"2026-03-12T09:00:46+00:00","author":{"@id":"https:\/\/blogdacondessa.com.br\/blog\/#\/schema\/person\/1d667ff8b785195b568677489d266035"},"breadcrumb":{"@id":"https:\/\/blogdacondessa.com.br\/blog\/cidades\/expedicao-rota-do-cafe-leva-pesquisa-e-orientacao-tecnica\/#breadcrumb"},"inLanguage":"pt-BR","potentialAction":[{"@type":"ReadAction","target":["https:\/\/blogdacondessa.com.br\/blog\/cidades\/expedicao-rota-do-cafe-leva-pesquisa-e-orientacao-tecnica\/"]}]},{"@type":"ImageObject","inLanguage":"pt-BR","@id":"https:\/\/blogdacondessa.com.br\/blog\/cidades\/expedicao-rota-do-cafe-leva-pesquisa-e-orientacao-tecnica\/#primaryimage","url":"https:\/\/blogdacondessa.com.br\/blog\/wp-content\/uploads\/2026\/03\/cafe-2.jpg","contentUrl":"https:\/\/blogdacondessa.com.br\/blog\/wp-content\/uploads\/2026\/03\/cafe-2.jpg","width":1024,"height":768,"caption":"Foto por: Assessoria Seaf\/Empaer"},{"@type":"BreadcrumbList","@id":"https:\/\/blogdacondessa.com.br\/blog\/cidades\/expedicao-rota-do-cafe-leva-pesquisa-e-orientacao-tecnica\/#breadcrumb","itemListElement":[{"@type":"ListItem","position":1,"name":"In\u00edcio","item":"https:\/\/blogdacondessa.com.br\/blog\/"},{"@type":"ListItem","position":2,"name":"Expedi\u00e7\u00e3o Rota do Caf\u00e9 leva pesquisa e orienta\u00e7\u00e3o t\u00e9cnica"}]},{"@type":"WebSite","@id":"https:\/\/blogdacondessa.com.br\/blog\/#website","url":"https:\/\/blogdacondessa.com.br\/blog\/","name":"Blog da Condessa","description":"Com Shirley de Souza O\u2019Campos","potentialAction":[{"@type":"SearchAction","target":{"@type":"EntryPoint","urlTemplate":"https:\/\/blogdacondessa.com.br\/blog\/?s={search_term_string}"},"query-input":{"@type":"PropertyValueSpecification","valueRequired":true,"valueName":"search_term_string"}}],"inLanguage":"pt-BR"},{"@type":"Person","@id":"https:\/\/blogdacondessa.com.br\/blog\/#\/schema\/person\/1d667ff8b785195b568677489d266035","name":"Blog da Condessa","image":{"@type":"ImageObject","inLanguage":"pt-BR","@id":"https:\/\/secure.gravatar.com\/avatar\/377c0eb8b4ad2bfc25461b41564b5971e721ca34a57642868fc7b0c8ac7b52c5?s=96&d=mm&r=g","url":"https:\/\/secure.gravatar.com\/avatar\/377c0eb8b4ad2bfc25461b41564b5971e721ca34a57642868fc7b0c8ac7b52c5?s=96&d=mm&r=g","contentUrl":"https:\/\/secure.gravatar.com\/avatar\/377c0eb8b4ad2bfc25461b41564b5971e721ca34a57642868fc7b0c8ac7b52c5?s=96&d=mm&r=g","caption":"Blog da Condessa"},"url":"https:\/\/blogdacondessa.com.br\/blog\/author\/beatriz\/"}]}},"_links":{"self":[{"href":"https:\/\/blogdacondessa.com.br\/blog\/wp-json\/wp\/v2\/posts\/13708","targetHints":{"allow":["GET"]}}],"collection":[{"href":"https:\/\/blogdacondessa.com.br\/blog\/wp-json\/wp\/v2\/posts"}],"about":[{"href":"https:\/\/blogdacondessa.com.br\/blog\/wp-json\/wp\/v2\/types\/post"}],"author":[{"embeddable":true,"href":"https:\/\/blogdacondessa.com.br\/blog\/wp-json\/wp\/v2\/users\/2"}],"replies":[{"embeddable":true,"href":"https:\/\/blogdacondessa.com.br\/blog\/wp-json\/wp\/v2\/comments?post=13708"}],"version-history":[{"count":1,"href":"https:\/\/blogdacondessa.com.br\/blog\/wp-json\/wp\/v2\/posts\/13708\/revisions"}],"predecessor-version":[{"id":13710,"href":"https:\/\/blogdacondessa.com.br\/blog\/wp-json\/wp\/v2\/posts\/13708\/revisions\/13710"}],"wp:featuredmedia":[{"embeddable":true,"href":"https:\/\/blogdacondessa.com.br\/blog\/wp-json\/wp\/v2\/media\/13709"}],"wp:attachment":[{"href":"https:\/\/blogdacondessa.com.br\/blog\/wp-json\/wp\/v2\/media?parent=13708"}],"wp:term":[{"taxonomy":"category","embeddable":true,"href":"https:\/\/blogdacondessa.com.br\/blog\/wp-json\/wp\/v2\/categories?post=13708"},{"taxonomy":"post_tag","embeddable":true,"href":"https:\/\/blogdacondessa.com.br\/blog\/wp-json\/wp\/v2\/tags?post=13708"}],"curies":[{"name":"wp","href":"https:\/\/api.w.org\/{rel}","templated":true}]}}