{"id":13702,"date":"2026-03-11T05:00:55","date_gmt":"2026-03-11T09:00:55","guid":{"rendered":"https:\/\/blogdacondessa.com.br\/blog\/?p=13702"},"modified":"2026-03-10T18:49:50","modified_gmt":"2026-03-10T22:49:50","slug":"oleo-de-coco-ganha-espaco-na-rotina-de-higiene-bucal","status":"publish","type":"post","link":"https:\/\/blogdacondessa.com.br\/blog\/saude\/oleo-de-coco-ganha-espaco-na-rotina-de-higiene-bucal\/","title":{"rendered":"\u00d3leo de coco ganha espa\u00e7o na rotina de higiene bucal"},"content":{"rendered":"<p>O uso do \u00f3leo de coco na rotina de cuidados bucais tem ganhado espa\u00e7o nas redes sociais, mas a pr\u00e1tica vai al\u00e9m de uma simples tend\u00eancia. Quem confirma isso \u00e9 a cirurgi\u00e3-dentista Dra. Gess Advento, que recomenda o uso do \u00f3leo de coco extravirgem como um aliado complementar \u00e0 higiene bucal tradicional, \u201cauxiliando principalmente na remo\u00e7\u00e3o do biofilme e no combate \u00e0 sensibilidade dentin\u00e1ria\u201d, explica a profissional.<\/p>\n<p>A t\u00e9cnica conhecida como <em>oil pulling <\/em>\u2014 que consiste em realizar bochechos com \u00f3leo de coco por alguns minutos \u2014 tem origem em pr\u00e1ticas tradicionais da medicina ayurv\u00e9dica e hoje vem sendo estudada tamb\u00e9m pela odontologia preventiva como um recurso complementar aos cuidados di\u00e1rios de sa\u00fade bucal. A pr\u00e1tica n\u00e3o substitui a escova\u00e7\u00e3o nem o uso do fio dental, mas pode contribuir para potencializar a limpeza da cavidade oral.<\/p>\n<p>Segundo a dentista, o biofilme, popularmente conhecido como placa bacteriana, \u00e9 \u201caquele ac\u00famulo de restos alimentares e bact\u00e9rias que aderem ao esmalte do dente e que, quando n\u00e3o s\u00e3o removidos corretamente, podem causar t\u00e1rtaro, problemas gengivais e, consequentemente, c\u00e1ries\u201d. Esse ac\u00famulo ocorre de forma cont\u00ednua ao longo do dia, especialmente ap\u00f3s as refei\u00e7\u00f5es. Quando a higiene n\u00e3o \u00e9 realizada de maneira adequada, a placa se organiza em uma camada aderente que favorece a prolifera\u00e7\u00e3o bacteriana e a inflama\u00e7\u00e3o gengival.<\/p>\n<p>O \u00f3leo de coco apresenta propriedades antimicrobianas naturais, atribu\u00eddas principalmente ao \u00e1cido l\u00e1urico, um \u00e1cido graxo presente em alta concentra\u00e7\u00e3o no alimento. Durante o bochecho, por ser uma subst\u00e2ncia lipof\u00edlica, o \u00f3leo ajuda a envolver res\u00edduos e microrganismos presentes na cavidade oral. Associado ao movimento mec\u00e2nico do bochecho, esse processo pode auxiliar na desorganiza\u00e7\u00e3o do biofilme e na remo\u00e7\u00e3o de bact\u00e9rias associadas a problemas como c\u00e1ries, mau h\u00e1lito e doen\u00e7as gengivais.<\/p>\n<p>Quanto \u00e0 sensibilidade dentin\u00e1ria, Advento explica que o problema \u201cacontece quando h\u00e1 exposi\u00e7\u00e3o da dentina\u201d, camada localizada abaixo do esmalte e formada por microcanais chamados t\u00fabulos dentin\u00e1rios. Quando esses t\u00fabulos ficam expostos, est\u00edmulos como alimentos frios, quentes ou \u00e1cidos podem causar dor ou desconforto. O uso do \u00f3leo de coco, segundo a dentista, pode ajudar a reduzir a irrita\u00e7\u00e3o na regi\u00e3o e contribuir para o equil\u00edbrio da microbiota oral, o que favorece a sa\u00fade gengival e pode amenizar epis\u00f3dios de sensibilidade quando associado aos cuidados odontol\u00f3gicos adequados.<\/p>\n<p>Para quem deseja incluir o <em>oil pulling <\/em>na rotina, a recomenda\u00e7\u00e3o \u00e9 realizar bochechos com uma pequena quantidade de \u00f3leo de coco extravirgem por cerca de 5 a 10 minutos, preferencialmente antes da escova\u00e7\u00e3o. Ap\u00f3s o processo, o \u00f3leo deve ser descartado e a higiene bucal tradicional deve ser realizada normalmente.<\/p>\n<p>Entre as op\u00e7\u00f5es dispon\u00edveis no mercado, a Dra. Gess indica o uso do \u00f3leo de coco extra virgem da Copra, eleito pela Proteste como um dos\u00a0mais puros do Brasil.<\/p>\n","protected":false},"excerpt":{"rendered":"<p>O uso do \u00f3leo de coco na rotina de cuidados bucais tem ganhado espa\u00e7o nas redes sociais, mas a pr\u00e1tica vai al\u00e9m de uma simples tend\u00eancia. Quem confirma isso \u00e9 a cirurgi\u00e3-dentista Dra. Gess Advento, que recomenda o uso do \u00f3leo de coco extravirgem como um aliado complementar \u00e0 higiene bucal tradicional, \u201cauxiliando principalmente na [&hellip;]<\/p>\n","protected":false},"author":2,"featured_media":13703,"comment_status":"closed","ping_status":"closed","sticky":false,"template":"","format":"standard","meta":{"iawp_total_views":12,"footnotes":""},"categories":[5],"tags":[],"class_list":["post-13702","post","type-post","status-publish","format-standard","has-post-thumbnail","hentry","category-saude"],"yoast_head":"<!-- This site is optimized with the Yoast SEO plugin v27.3 - https:\/\/yoast.com\/product\/yoast-seo-wordpress\/ -->\n<title>\u00d3leo de coco ganha espa\u00e7o na rotina de higiene bucal &#8902; Blog da Condessa<\/title>\n<meta name=\"robots\" content=\"index, follow, max-snippet:-1, max-image-preview:large, max-video-preview:-1\" \/>\n<link rel=\"canonical\" href=\"https:\/\/blogdacondessa.com.br\/blog\/saude\/oleo-de-coco-ganha-espaco-na-rotina-de-higiene-bucal\/\" \/>\n<meta property=\"og:locale\" content=\"pt_BR\" \/>\n<meta property=\"og:type\" content=\"article\" \/>\n<meta property=\"og:title\" content=\"\u00d3leo de coco ganha espa\u00e7o na rotina de higiene bucal &#8902; Blog da Condessa\" \/>\n<meta property=\"og:description\" content=\"O uso do \u00f3leo de coco na rotina de cuidados bucais tem ganhado espa\u00e7o nas redes sociais, mas a pr\u00e1tica vai al\u00e9m de uma simples tend\u00eancia. Quem confirma isso \u00e9 a cirurgi\u00e3-dentista Dra. Gess Advento, que recomenda o uso do \u00f3leo de coco extravirgem como um aliado complementar \u00e0 higiene bucal tradicional, \u201cauxiliando principalmente na [&hellip;]\" \/>\n<meta property=\"og:url\" content=\"https:\/\/blogdacondessa.com.br\/blog\/saude\/oleo-de-coco-ganha-espaco-na-rotina-de-higiene-bucal\/\" \/>\n<meta property=\"og:site_name\" content=\"Blog da Condessa\" \/>\n<meta property=\"article:published_time\" content=\"2026-03-11T09:00:55+00:00\" \/>\n<meta property=\"og:image\" content=\"https:\/\/blogdacondessa.com.br\/blog\/wp-content\/uploads\/2026\/03\/oleo-de-coco.jpg\" \/>\n\t<meta property=\"og:image:width\" content=\"1000\" \/>\n\t<meta property=\"og:image:height\" content=\"667\" \/>\n\t<meta property=\"og:image:type\" content=\"image\/jpeg\" \/>\n<meta name=\"author\" content=\"Blog da Condessa\" \/>\n<meta name=\"twitter:card\" content=\"summary_large_image\" \/>\n<meta name=\"twitter:label1\" content=\"Escrito por\" \/>\n\t<meta name=\"twitter:data1\" content=\"Blog da Condessa\" \/>\n\t<meta name=\"twitter:label2\" content=\"Est. tempo de leitura\" \/>\n\t<meta name=\"twitter:data2\" content=\"3 minutos\" \/>\n<script type=\"application\/ld+json\" class=\"yoast-schema-graph\">{\"@context\":\"https:\\\/\\\/schema.org\",\"@graph\":[{\"@type\":\"Article\",\"@id\":\"https:\\\/\\\/blogdacondessa.com.br\\\/blog\\\/saude\\\/oleo-de-coco-ganha-espaco-na-rotina-de-higiene-bucal\\\/#article\",\"isPartOf\":{\"@id\":\"https:\\\/\\\/blogdacondessa.com.br\\\/blog\\\/saude\\\/oleo-de-coco-ganha-espaco-na-rotina-de-higiene-bucal\\\/\"},\"author\":{\"name\":\"Blog da Condessa\",\"@id\":\"https:\\\/\\\/blogdacondessa.com.br\\\/blog\\\/#\\\/schema\\\/person\\\/1d667ff8b785195b568677489d266035\"},\"headline\":\"\u00d3leo de coco ganha espa\u00e7o na rotina de higiene bucal\",\"datePublished\":\"2026-03-11T09:00:55+00:00\",\"mainEntityOfPage\":{\"@id\":\"https:\\\/\\\/blogdacondessa.com.br\\\/blog\\\/saude\\\/oleo-de-coco-ganha-espaco-na-rotina-de-higiene-bucal\\\/\"},\"wordCount\":513,\"image\":{\"@id\":\"https:\\\/\\\/blogdacondessa.com.br\\\/blog\\\/saude\\\/oleo-de-coco-ganha-espaco-na-rotina-de-higiene-bucal\\\/#primaryimage\"},\"thumbnailUrl\":\"https:\\\/\\\/blogdacondessa.com.br\\\/blog\\\/wp-content\\\/uploads\\\/2026\\\/03\\\/oleo-de-coco.jpg\",\"articleSection\":[\"Sa\u00fade\"],\"inLanguage\":\"pt-BR\"},{\"@type\":\"WebPage\",\"@id\":\"https:\\\/\\\/blogdacondessa.com.br\\\/blog\\\/saude\\\/oleo-de-coco-ganha-espaco-na-rotina-de-higiene-bucal\\\/\",\"url\":\"https:\\\/\\\/blogdacondessa.com.br\\\/blog\\\/saude\\\/oleo-de-coco-ganha-espaco-na-rotina-de-higiene-bucal\\\/\",\"name\":\"\u00d3leo de coco ganha espa\u00e7o na rotina de higiene bucal &#8902; Blog da Condessa\",\"isPartOf\":{\"@id\":\"https:\\\/\\\/blogdacondessa.com.br\\\/blog\\\/#website\"},\"primaryImageOfPage\":{\"@id\":\"https:\\\/\\\/blogdacondessa.com.br\\\/blog\\\/saude\\\/oleo-de-coco-ganha-espaco-na-rotina-de-higiene-bucal\\\/#primaryimage\"},\"image\":{\"@id\":\"https:\\\/\\\/blogdacondessa.com.br\\\/blog\\\/saude\\\/oleo-de-coco-ganha-espaco-na-rotina-de-higiene-bucal\\\/#primaryimage\"},\"thumbnailUrl\":\"https:\\\/\\\/blogdacondessa.com.br\\\/blog\\\/wp-content\\\/uploads\\\/2026\\\/03\\\/oleo-de-coco.jpg\",\"datePublished\":\"2026-03-11T09:00:55+00:00\",\"author\":{\"@id\":\"https:\\\/\\\/blogdacondessa.com.br\\\/blog\\\/#\\\/schema\\\/person\\\/1d667ff8b785195b568677489d266035\"},\"breadcrumb\":{\"@id\":\"https:\\\/\\\/blogdacondessa.com.br\\\/blog\\\/saude\\\/oleo-de-coco-ganha-espaco-na-rotina-de-higiene-bucal\\\/#breadcrumb\"},\"inLanguage\":\"pt-BR\",\"potentialAction\":[{\"@type\":\"ReadAction\",\"target\":[\"https:\\\/\\\/blogdacondessa.com.br\\\/blog\\\/saude\\\/oleo-de-coco-ganha-espaco-na-rotina-de-higiene-bucal\\\/\"]}]},{\"@type\":\"ImageObject\",\"inLanguage\":\"pt-BR\",\"@id\":\"https:\\\/\\\/blogdacondessa.com.br\\\/blog\\\/saude\\\/oleo-de-coco-ganha-espaco-na-rotina-de-higiene-bucal\\\/#primaryimage\",\"url\":\"https:\\\/\\\/blogdacondessa.com.br\\\/blog\\\/wp-content\\\/uploads\\\/2026\\\/03\\\/oleo-de-coco.jpg\",\"contentUrl\":\"https:\\\/\\\/blogdacondessa.com.br\\\/blog\\\/wp-content\\\/uploads\\\/2026\\\/03\\\/oleo-de-coco.jpg\",\"width\":1000,\"height\":667},{\"@type\":\"BreadcrumbList\",\"@id\":\"https:\\\/\\\/blogdacondessa.com.br\\\/blog\\\/saude\\\/oleo-de-coco-ganha-espaco-na-rotina-de-higiene-bucal\\\/#breadcrumb\",\"itemListElement\":[{\"@type\":\"ListItem\",\"position\":1,\"name\":\"In\u00edcio\",\"item\":\"https:\\\/\\\/blogdacondessa.com.br\\\/blog\\\/\"},{\"@type\":\"ListItem\",\"position\":2,\"name\":\"\u00d3leo de coco ganha espa\u00e7o na rotina de higiene bucal\"}]},{\"@type\":\"WebSite\",\"@id\":\"https:\\\/\\\/blogdacondessa.com.br\\\/blog\\\/#website\",\"url\":\"https:\\\/\\\/blogdacondessa.com.br\\\/blog\\\/\",\"name\":\"Blog da Condessa\",\"description\":\"Com Shirley de Souza O\u2019Campos\",\"potentialAction\":[{\"@type\":\"SearchAction\",\"target\":{\"@type\":\"EntryPoint\",\"urlTemplate\":\"https:\\\/\\\/blogdacondessa.com.br\\\/blog\\\/?s={search_term_string}\"},\"query-input\":{\"@type\":\"PropertyValueSpecification\",\"valueRequired\":true,\"valueName\":\"search_term_string\"}}],\"inLanguage\":\"pt-BR\"},{\"@type\":\"Person\",\"@id\":\"https:\\\/\\\/blogdacondessa.com.br\\\/blog\\\/#\\\/schema\\\/person\\\/1d667ff8b785195b568677489d266035\",\"name\":\"Blog da Condessa\",\"image\":{\"@type\":\"ImageObject\",\"inLanguage\":\"pt-BR\",\"@id\":\"https:\\\/\\\/secure.gravatar.com\\\/avatar\\\/377c0eb8b4ad2bfc25461b41564b5971e721ca34a57642868fc7b0c8ac7b52c5?s=96&d=mm&r=g\",\"url\":\"https:\\\/\\\/secure.gravatar.com\\\/avatar\\\/377c0eb8b4ad2bfc25461b41564b5971e721ca34a57642868fc7b0c8ac7b52c5?s=96&d=mm&r=g\",\"contentUrl\":\"https:\\\/\\\/secure.gravatar.com\\\/avatar\\\/377c0eb8b4ad2bfc25461b41564b5971e721ca34a57642868fc7b0c8ac7b52c5?s=96&d=mm&r=g\",\"caption\":\"Blog da Condessa\"},\"url\":\"https:\\\/\\\/blogdacondessa.com.br\\\/blog\\\/author\\\/beatriz\\\/\"}]}<\/script>\n<!-- \/ Yoast SEO plugin. -->","yoast_head_json":{"title":"\u00d3leo de coco ganha espa\u00e7o na rotina de higiene bucal &#8902; Blog da Condessa","robots":{"index":"index","follow":"follow","max-snippet":"max-snippet:-1","max-image-preview":"max-image-preview:large","max-video-preview":"max-video-preview:-1"},"canonical":"https:\/\/blogdacondessa.com.br\/blog\/saude\/oleo-de-coco-ganha-espaco-na-rotina-de-higiene-bucal\/","og_locale":"pt_BR","og_type":"article","og_title":"\u00d3leo de coco ganha espa\u00e7o na rotina de higiene bucal &#8902; Blog da Condessa","og_description":"O uso do \u00f3leo de coco na rotina de cuidados bucais tem ganhado espa\u00e7o nas redes sociais, mas a pr\u00e1tica vai al\u00e9m de uma simples tend\u00eancia. Quem confirma isso \u00e9 a cirurgi\u00e3-dentista Dra. Gess Advento, que recomenda o uso do \u00f3leo de coco extravirgem como um aliado complementar \u00e0 higiene bucal tradicional, \u201cauxiliando principalmente na [&hellip;]","og_url":"https:\/\/blogdacondessa.com.br\/blog\/saude\/oleo-de-coco-ganha-espaco-na-rotina-de-higiene-bucal\/","og_site_name":"Blog da Condessa","article_published_time":"2026-03-11T09:00:55+00:00","og_image":[{"width":1000,"height":667,"url":"https:\/\/blogdacondessa.com.br\/blog\/wp-content\/uploads\/2026\/03\/oleo-de-coco.jpg","type":"image\/jpeg"}],"author":"Blog da Condessa","twitter_card":"summary_large_image","twitter_misc":{"Escrito por":"Blog da Condessa","Est. tempo de leitura":"3 minutos"},"schema":{"@context":"https:\/\/schema.org","@graph":[{"@type":"Article","@id":"https:\/\/blogdacondessa.com.br\/blog\/saude\/oleo-de-coco-ganha-espaco-na-rotina-de-higiene-bucal\/#article","isPartOf":{"@id":"https:\/\/blogdacondessa.com.br\/blog\/saude\/oleo-de-coco-ganha-espaco-na-rotina-de-higiene-bucal\/"},"author":{"name":"Blog da Condessa","@id":"https:\/\/blogdacondessa.com.br\/blog\/#\/schema\/person\/1d667ff8b785195b568677489d266035"},"headline":"\u00d3leo de coco ganha espa\u00e7o na rotina de higiene bucal","datePublished":"2026-03-11T09:00:55+00:00","mainEntityOfPage":{"@id":"https:\/\/blogdacondessa.com.br\/blog\/saude\/oleo-de-coco-ganha-espaco-na-rotina-de-higiene-bucal\/"},"wordCount":513,"image":{"@id":"https:\/\/blogdacondessa.com.br\/blog\/saude\/oleo-de-coco-ganha-espaco-na-rotina-de-higiene-bucal\/#primaryimage"},"thumbnailUrl":"https:\/\/blogdacondessa.com.br\/blog\/wp-content\/uploads\/2026\/03\/oleo-de-coco.jpg","articleSection":["Sa\u00fade"],"inLanguage":"pt-BR"},{"@type":"WebPage","@id":"https:\/\/blogdacondessa.com.br\/blog\/saude\/oleo-de-coco-ganha-espaco-na-rotina-de-higiene-bucal\/","url":"https:\/\/blogdacondessa.com.br\/blog\/saude\/oleo-de-coco-ganha-espaco-na-rotina-de-higiene-bucal\/","name":"\u00d3leo de coco ganha espa\u00e7o na rotina de higiene bucal &#8902; Blog da Condessa","isPartOf":{"@id":"https:\/\/blogdacondessa.com.br\/blog\/#website"},"primaryImageOfPage":{"@id":"https:\/\/blogdacondessa.com.br\/blog\/saude\/oleo-de-coco-ganha-espaco-na-rotina-de-higiene-bucal\/#primaryimage"},"image":{"@id":"https:\/\/blogdacondessa.com.br\/blog\/saude\/oleo-de-coco-ganha-espaco-na-rotina-de-higiene-bucal\/#primaryimage"},"thumbnailUrl":"https:\/\/blogdacondessa.com.br\/blog\/wp-content\/uploads\/2026\/03\/oleo-de-coco.jpg","datePublished":"2026-03-11T09:00:55+00:00","author":{"@id":"https:\/\/blogdacondessa.com.br\/blog\/#\/schema\/person\/1d667ff8b785195b568677489d266035"},"breadcrumb":{"@id":"https:\/\/blogdacondessa.com.br\/blog\/saude\/oleo-de-coco-ganha-espaco-na-rotina-de-higiene-bucal\/#breadcrumb"},"inLanguage":"pt-BR","potentialAction":[{"@type":"ReadAction","target":["https:\/\/blogdacondessa.com.br\/blog\/saude\/oleo-de-coco-ganha-espaco-na-rotina-de-higiene-bucal\/"]}]},{"@type":"ImageObject","inLanguage":"pt-BR","@id":"https:\/\/blogdacondessa.com.br\/blog\/saude\/oleo-de-coco-ganha-espaco-na-rotina-de-higiene-bucal\/#primaryimage","url":"https:\/\/blogdacondessa.com.br\/blog\/wp-content\/uploads\/2026\/03\/oleo-de-coco.jpg","contentUrl":"https:\/\/blogdacondessa.com.br\/blog\/wp-content\/uploads\/2026\/03\/oleo-de-coco.jpg","width":1000,"height":667},{"@type":"BreadcrumbList","@id":"https:\/\/blogdacondessa.com.br\/blog\/saude\/oleo-de-coco-ganha-espaco-na-rotina-de-higiene-bucal\/#breadcrumb","itemListElement":[{"@type":"ListItem","position":1,"name":"In\u00edcio","item":"https:\/\/blogdacondessa.com.br\/blog\/"},{"@type":"ListItem","position":2,"name":"\u00d3leo de coco ganha espa\u00e7o na rotina de higiene bucal"}]},{"@type":"WebSite","@id":"https:\/\/blogdacondessa.com.br\/blog\/#website","url":"https:\/\/blogdacondessa.com.br\/blog\/","name":"Blog da Condessa","description":"Com Shirley de Souza O\u2019Campos","potentialAction":[{"@type":"SearchAction","target":{"@type":"EntryPoint","urlTemplate":"https:\/\/blogdacondessa.com.br\/blog\/?s={search_term_string}"},"query-input":{"@type":"PropertyValueSpecification","valueRequired":true,"valueName":"search_term_string"}}],"inLanguage":"pt-BR"},{"@type":"Person","@id":"https:\/\/blogdacondessa.com.br\/blog\/#\/schema\/person\/1d667ff8b785195b568677489d266035","name":"Blog da Condessa","image":{"@type":"ImageObject","inLanguage":"pt-BR","@id":"https:\/\/secure.gravatar.com\/avatar\/377c0eb8b4ad2bfc25461b41564b5971e721ca34a57642868fc7b0c8ac7b52c5?s=96&d=mm&r=g","url":"https:\/\/secure.gravatar.com\/avatar\/377c0eb8b4ad2bfc25461b41564b5971e721ca34a57642868fc7b0c8ac7b52c5?s=96&d=mm&r=g","contentUrl":"https:\/\/secure.gravatar.com\/avatar\/377c0eb8b4ad2bfc25461b41564b5971e721ca34a57642868fc7b0c8ac7b52c5?s=96&d=mm&r=g","caption":"Blog da Condessa"},"url":"https:\/\/blogdacondessa.com.br\/blog\/author\/beatriz\/"}]}},"_links":{"self":[{"href":"https:\/\/blogdacondessa.com.br\/blog\/wp-json\/wp\/v2\/posts\/13702","targetHints":{"allow":["GET"]}}],"collection":[{"href":"https:\/\/blogdacondessa.com.br\/blog\/wp-json\/wp\/v2\/posts"}],"about":[{"href":"https:\/\/blogdacondessa.com.br\/blog\/wp-json\/wp\/v2\/types\/post"}],"author":[{"embeddable":true,"href":"https:\/\/blogdacondessa.com.br\/blog\/wp-json\/wp\/v2\/users\/2"}],"replies":[{"embeddable":true,"href":"https:\/\/blogdacondessa.com.br\/blog\/wp-json\/wp\/v2\/comments?post=13702"}],"version-history":[{"count":1,"href":"https:\/\/blogdacondessa.com.br\/blog\/wp-json\/wp\/v2\/posts\/13702\/revisions"}],"predecessor-version":[{"id":13704,"href":"https:\/\/blogdacondessa.com.br\/blog\/wp-json\/wp\/v2\/posts\/13702\/revisions\/13704"}],"wp:featuredmedia":[{"embeddable":true,"href":"https:\/\/blogdacondessa.com.br\/blog\/wp-json\/wp\/v2\/media\/13703"}],"wp:attachment":[{"href":"https:\/\/blogdacondessa.com.br\/blog\/wp-json\/wp\/v2\/media?parent=13702"}],"wp:term":[{"taxonomy":"category","embeddable":true,"href":"https:\/\/blogdacondessa.com.br\/blog\/wp-json\/wp\/v2\/categories?post=13702"},{"taxonomy":"post_tag","embeddable":true,"href":"https:\/\/blogdacondessa.com.br\/blog\/wp-json\/wp\/v2\/tags?post=13702"}],"curies":[{"name":"wp","href":"https:\/\/api.w.org\/{rel}","templated":true}]}}