{"id":137,"date":"2020-02-26T19:41:14","date_gmt":"2020-02-26T19:41:14","guid":{"rendered":"https:\/\/blogdacondessa.local\/a-pluralidade-da-beleza-natural-da-mulher\/"},"modified":"2021-06-24T14:40:22","modified_gmt":"2021-06-24T14:40:22","slug":"a-pluralidade-da-beleza-natural-da-mulher","status":"publish","type":"post","link":"https:\/\/blogdacondessa.com.br\/blog\/moda\/a-pluralidade-da-beleza-natural-da-mulher\/","title":{"rendered":"A pluralidade da beleza natural da mulher"},"content":{"rendered":"<p>\u00c9 fato que a moda plus size vem ganhando espa\u00e7o no mercado. Marcas e lojas v\u00eam surgindo aos poucos e conquistando seu espa\u00e7o. Al\u00e9m de combater os padr\u00f5es inalcan\u00e7\u00e1veis de beleza e desenvolver a autoestima em corpos gordos, esse nicho tamb\u00e9m movimenta o mercado.<\/p>\n<p>Regina Marcia Figueiredo \u00e9 modelo plus size h\u00e1 16 anos desde que chegou \u00e0 Cuiab\u00e1. \u201cSou natural de S\u00e3o Paulo, tenho 60 anos, 1,60 metro de altura e alguns quilos extras\u201d, disse bem humorada. A administradora de empresas e funcion\u00e1ria p\u00fablica municipal \u00e9 top model plus size de uma loja de roupas com tamanhos especiais na Capital.<\/p>\n<p>\u201cSou modelo da Marceille Moda Maior desde que cheguei \u00e0 cidade, ou seja, h\u00e1 16 anos\u201d, enfatizou. \u00a0A carreira de modelo come\u00e7ou por acaso. Regina revela que sempre teve vontade de ter uma cal\u00e7a jeans. \u201cQuando morei em Rondon\u00f3polis(MT) n\u00e3o havia essa op\u00e7\u00e3o de lojas especializadas. Ent\u00e3o, quando vim para Cuiab\u00e1 foi a primeira a\u00e7\u00e3o que tive: buscar a loja e adquirir minha cal\u00e7a jeans\u201d, comemora. Na sequ\u00eancia, Regina conheceu a propriet\u00e1ria e tornou-se a garota propaganda onde segue at\u00e9 hoje.<\/p>\n<p>Empoderada, Regina disse que desde ent\u00e3o seu objetivo \u00e9 incentivar e ajudar as mulheres a aceitarem seu corpo independente de padr\u00f5es de beleza. \u201c\u00c9 poss\u00edvel sim se vestir bem, ser elegante, charmosa, \u00a0se sentir realizada e elevar a autoestima\u201d, frisou.<\/p>\n<p>Falar sobre moda e estilo plus size n\u00e3o \u00e9 esconder ou disfar\u00e7ar a gordura, mas sim valorizar todo o corpo. Tamanhos acima do 48 j\u00e1 s\u00e3o uma realidade no Brasil, mas que precisam de mais acessibilidade para o p\u00fablico.<\/p>\n<p>A modelo Regina j\u00e1 participou de comerciais e programas na televis\u00e3o, sempre baseada na empatia e companheirismo, em busca de alcan\u00e7ar objetivos em comum.<\/p>\n<p>\u00a0\u201cA ideia sempre foi romper paradigmas. Tornei-me a primeira modelo plus size de Mato Grosso\u201d, conta.<\/p>\n<p>Apelidos como \u201cgordinho\u201d, cheinho\u201d, \u201cbaleia\u201d entre tantos outros sempre utilizados para depreciar algu\u00e9m ainda s\u00e3o comuns, mais do que se pode imaginar.<\/p>\n<p>Conforme a modelo, n\u00e3o consta na sua rotina nenhum epis\u00f3dio de preconceito. Praticou dan\u00e7a cigana e outras por um longo per\u00edodo. Hoje, por uma restri\u00e7\u00e3o, est\u00e1 em stand by. \u201cJ\u00e1 nasci gordinha. Em um momento da minha vida, l\u00e1 pelos 20 e poucos anos, tentei fazer um tratamento para emagrecer, N\u00e3o obtive sucesso. Tive, inclusive, uma anemia profunda. Desisti, e sigo feliz. Resolvida com minha situa\u00e7\u00e3o de mulher diferente. Estou aqui para empoderar a beleza fora dos padr\u00f5es e n\u00e3o tenho receio da palavra gorda\u201d, disse.<\/p>\n<p><strong>\u201cTamanho \u00e9 s\u00f3 um n\u00famero\u201d<\/strong><\/p>\n<p>As lindas modelos plus size real\u00e7am as caracter\u00edsticas de um corpo mais voluptuoso, fugindo do esteri\u00f3tipo de magreza tanto visto no mundo da moda.<\/p>\n<p>\u00a0Em uma pesquisa de 2019 pelo Minist\u00e9rio da Sa\u00fade, 55,7% da popula\u00e7\u00e3o encontra-se acima do peso.<\/p>\n<p>A caminhada para a aceita\u00e7\u00e3o e constru\u00e7\u00e3o de autoestima \u00e9 longa? N\u00e3o para Regina. Para ela, o fato de ser considerada obesa n\u00e3o \u00e9 sin\u00f4nimo de doente. \u201cPelo contr\u00e1rio, sou saud\u00e1vel, Tenho uma disposi\u00e7\u00e3o invej\u00e1vel, uma enorme energia vital e uma intensa vida social\u201d garante.<\/p>\n<p>Inspirar pessoas e incentivar outras mulheres a seguir mulheres reais \u00e9 a inten\u00e7\u00e3o da modelo plus size, Regina Marcia Figueiredo.<\/p>\n<p>Sin\u00f4nimo de beleza, segundo Regina, \u00e9 a alegria de viver, ser feliz e fazer os outros felizes. \u201c\u00c9 a beleza interior da pessoa. \u00c9 se preocupar em levar mensagens positivas. Respeito \u00e0s diferen\u00e7as e\u00a0sororidade\u201d, conclui.<\/p>\n<p>\u00a0<\/p>\n","protected":false},"excerpt":{"rendered":"<p>\u00c9 fato que a moda plus size vem ganhando espa\u00e7o no mercado. Marcas e lojas v\u00eam surgindo aos poucos e conquistando seu espa\u00e7o. Al\u00e9m de combater os padr\u00f5es inalcan\u00e7\u00e1veis de beleza e desenvolver a autoestima em corpos gordos, esse nicho tamb\u00e9m movimenta o mercado. Regina Marcia Figueiredo \u00e9 modelo plus size h\u00e1 16 anos desde [&hellip;]<\/p>\n","protected":false},"author":2,"featured_media":1661,"comment_status":"open","ping_status":"closed","sticky":false,"template":"","format":"standard","meta":{"iawp_total_views":3,"footnotes":""},"categories":[21],"tags":[],"class_list":["post-137","post","type-post","status-publish","format-standard","has-post-thumbnail","hentry","category-moda"],"yoast_head":"<!-- This site is optimized with the Yoast SEO plugin v27.3 - https:\/\/yoast.com\/product\/yoast-seo-wordpress\/ -->\n<title>A pluralidade da beleza natural da mulher &#8902; Blog da Condessa<\/title>\n<meta name=\"robots\" content=\"index, follow, max-snippet:-1, max-image-preview:large, max-video-preview:-1\" \/>\n<link rel=\"canonical\" href=\"https:\/\/blogdacondessa.com.br\/blog\/moda\/a-pluralidade-da-beleza-natural-da-mulher\/\" \/>\n<meta property=\"og:locale\" content=\"pt_BR\" \/>\n<meta property=\"og:type\" content=\"article\" \/>\n<meta property=\"og:title\" content=\"A pluralidade da beleza natural da mulher &#8902; Blog da Condessa\" \/>\n<meta property=\"og:description\" content=\"\u00c9 fato que a moda plus size vem ganhando espa\u00e7o no mercado. Marcas e lojas v\u00eam surgindo aos poucos e conquistando seu espa\u00e7o. Al\u00e9m de combater os padr\u00f5es inalcan\u00e7\u00e1veis de beleza e desenvolver a autoestima em corpos gordos, esse nicho tamb\u00e9m movimenta o mercado. Regina Marcia Figueiredo \u00e9 modelo plus size h\u00e1 16 anos desde [&hellip;]\" \/>\n<meta property=\"og:url\" content=\"https:\/\/blogdacondessa.com.br\/blog\/moda\/a-pluralidade-da-beleza-natural-da-mulher\/\" \/>\n<meta property=\"og:site_name\" content=\"Blog da Condessa\" \/>\n<meta property=\"article:published_time\" content=\"2020-02-26T19:41:14+00:00\" \/>\n<meta property=\"article:modified_time\" content=\"2021-06-24T14:40:22+00:00\" \/>\n<meta property=\"og:image\" content=\"https:\/\/blogdacondessa.com.br\/blog\/wp-content\/uploads\/2021\/06\/d063d8b7c1471349d2847c26ce4e4d8c_L.jpg\" \/>\n\t<meta property=\"og:image:width\" content=\"600\" \/>\n\t<meta property=\"og:image:height\" content=\"1067\" \/>\n\t<meta property=\"og:image:type\" content=\"image\/jpeg\" \/>\n<meta name=\"author\" content=\"Blog da Condessa\" \/>\n<meta name=\"twitter:card\" content=\"summary_large_image\" \/>\n<meta name=\"twitter:label1\" content=\"Escrito por\" \/>\n\t<meta name=\"twitter:data1\" content=\"Blog da Condessa\" \/>\n\t<meta name=\"twitter:label2\" content=\"Est. tempo de leitura\" \/>\n\t<meta name=\"twitter:data2\" content=\"3 minutos\" \/>\n<script type=\"application\/ld+json\" class=\"yoast-schema-graph\">{\"@context\":\"https:\\\/\\\/schema.org\",\"@graph\":[{\"@type\":\"Article\",\"@id\":\"https:\\\/\\\/blogdacondessa.com.br\\\/blog\\\/moda\\\/a-pluralidade-da-beleza-natural-da-mulher\\\/#article\",\"isPartOf\":{\"@id\":\"https:\\\/\\\/blogdacondessa.com.br\\\/blog\\\/moda\\\/a-pluralidade-da-beleza-natural-da-mulher\\\/\"},\"author\":{\"name\":\"Blog da Condessa\",\"@id\":\"https:\\\/\\\/blogdacondessa.com.br\\\/blog\\\/#\\\/schema\\\/person\\\/1d667ff8b785195b568677489d266035\"},\"headline\":\"A pluralidade da beleza natural da mulher\",\"datePublished\":\"2020-02-26T19:41:14+00:00\",\"dateModified\":\"2021-06-24T14:40:22+00:00\",\"mainEntityOfPage\":{\"@id\":\"https:\\\/\\\/blogdacondessa.com.br\\\/blog\\\/moda\\\/a-pluralidade-da-beleza-natural-da-mulher\\\/\"},\"wordCount\":599,\"commentCount\":0,\"image\":{\"@id\":\"https:\\\/\\\/blogdacondessa.com.br\\\/blog\\\/moda\\\/a-pluralidade-da-beleza-natural-da-mulher\\\/#primaryimage\"},\"thumbnailUrl\":\"https:\\\/\\\/blogdacondessa.com.br\\\/blog\\\/wp-content\\\/uploads\\\/2021\\\/06\\\/d063d8b7c1471349d2847c26ce4e4d8c_L.jpg\",\"articleSection\":[\"Moda\"],\"inLanguage\":\"pt-BR\",\"potentialAction\":[{\"@type\":\"CommentAction\",\"name\":\"Comment\",\"target\":[\"https:\\\/\\\/blogdacondessa.com.br\\\/blog\\\/moda\\\/a-pluralidade-da-beleza-natural-da-mulher\\\/#respond\"]}]},{\"@type\":\"WebPage\",\"@id\":\"https:\\\/\\\/blogdacondessa.com.br\\\/blog\\\/moda\\\/a-pluralidade-da-beleza-natural-da-mulher\\\/\",\"url\":\"https:\\\/\\\/blogdacondessa.com.br\\\/blog\\\/moda\\\/a-pluralidade-da-beleza-natural-da-mulher\\\/\",\"name\":\"A pluralidade da beleza natural da mulher &#8902; Blog da Condessa\",\"isPartOf\":{\"@id\":\"https:\\\/\\\/blogdacondessa.com.br\\\/blog\\\/#website\"},\"primaryImageOfPage\":{\"@id\":\"https:\\\/\\\/blogdacondessa.com.br\\\/blog\\\/moda\\\/a-pluralidade-da-beleza-natural-da-mulher\\\/#primaryimage\"},\"image\":{\"@id\":\"https:\\\/\\\/blogdacondessa.com.br\\\/blog\\\/moda\\\/a-pluralidade-da-beleza-natural-da-mulher\\\/#primaryimage\"},\"thumbnailUrl\":\"https:\\\/\\\/blogdacondessa.com.br\\\/blog\\\/wp-content\\\/uploads\\\/2021\\\/06\\\/d063d8b7c1471349d2847c26ce4e4d8c_L.jpg\",\"datePublished\":\"2020-02-26T19:41:14+00:00\",\"dateModified\":\"2021-06-24T14:40:22+00:00\",\"author\":{\"@id\":\"https:\\\/\\\/blogdacondessa.com.br\\\/blog\\\/#\\\/schema\\\/person\\\/1d667ff8b785195b568677489d266035\"},\"breadcrumb\":{\"@id\":\"https:\\\/\\\/blogdacondessa.com.br\\\/blog\\\/moda\\\/a-pluralidade-da-beleza-natural-da-mulher\\\/#breadcrumb\"},\"inLanguage\":\"pt-BR\",\"potentialAction\":[{\"@type\":\"ReadAction\",\"target\":[\"https:\\\/\\\/blogdacondessa.com.br\\\/blog\\\/moda\\\/a-pluralidade-da-beleza-natural-da-mulher\\\/\"]}]},{\"@type\":\"ImageObject\",\"inLanguage\":\"pt-BR\",\"@id\":\"https:\\\/\\\/blogdacondessa.com.br\\\/blog\\\/moda\\\/a-pluralidade-da-beleza-natural-da-mulher\\\/#primaryimage\",\"url\":\"https:\\\/\\\/blogdacondessa.com.br\\\/blog\\\/wp-content\\\/uploads\\\/2021\\\/06\\\/d063d8b7c1471349d2847c26ce4e4d8c_L.jpg\",\"contentUrl\":\"https:\\\/\\\/blogdacondessa.com.br\\\/blog\\\/wp-content\\\/uploads\\\/2021\\\/06\\\/d063d8b7c1471349d2847c26ce4e4d8c_L.jpg\",\"width\":600,\"height\":1067},{\"@type\":\"BreadcrumbList\",\"@id\":\"https:\\\/\\\/blogdacondessa.com.br\\\/blog\\\/moda\\\/a-pluralidade-da-beleza-natural-da-mulher\\\/#breadcrumb\",\"itemListElement\":[{\"@type\":\"ListItem\",\"position\":1,\"name\":\"In\u00edcio\",\"item\":\"https:\\\/\\\/blogdacondessa.com.br\\\/blog\\\/\"},{\"@type\":\"ListItem\",\"position\":2,\"name\":\"A pluralidade da beleza natural da mulher\"}]},{\"@type\":\"WebSite\",\"@id\":\"https:\\\/\\\/blogdacondessa.com.br\\\/blog\\\/#website\",\"url\":\"https:\\\/\\\/blogdacondessa.com.br\\\/blog\\\/\",\"name\":\"Blog da Condessa\",\"description\":\"Com Shirley de Souza O\u2019Campos\",\"potentialAction\":[{\"@type\":\"SearchAction\",\"target\":{\"@type\":\"EntryPoint\",\"urlTemplate\":\"https:\\\/\\\/blogdacondessa.com.br\\\/blog\\\/?s={search_term_string}\"},\"query-input\":{\"@type\":\"PropertyValueSpecification\",\"valueRequired\":true,\"valueName\":\"search_term_string\"}}],\"inLanguage\":\"pt-BR\"},{\"@type\":\"Person\",\"@id\":\"https:\\\/\\\/blogdacondessa.com.br\\\/blog\\\/#\\\/schema\\\/person\\\/1d667ff8b785195b568677489d266035\",\"name\":\"Blog da Condessa\",\"image\":{\"@type\":\"ImageObject\",\"inLanguage\":\"pt-BR\",\"@id\":\"https:\\\/\\\/secure.gravatar.com\\\/avatar\\\/377c0eb8b4ad2bfc25461b41564b5971e721ca34a57642868fc7b0c8ac7b52c5?s=96&d=mm&r=g\",\"url\":\"https:\\\/\\\/secure.gravatar.com\\\/avatar\\\/377c0eb8b4ad2bfc25461b41564b5971e721ca34a57642868fc7b0c8ac7b52c5?s=96&d=mm&r=g\",\"contentUrl\":\"https:\\\/\\\/secure.gravatar.com\\\/avatar\\\/377c0eb8b4ad2bfc25461b41564b5971e721ca34a57642868fc7b0c8ac7b52c5?s=96&d=mm&r=g\",\"caption\":\"Blog da Condessa\"},\"url\":\"https:\\\/\\\/blogdacondessa.com.br\\\/blog\\\/author\\\/beatriz\\\/\"}]}<\/script>\n<!-- \/ Yoast SEO plugin. -->","yoast_head_json":{"title":"A pluralidade da beleza natural da mulher &#8902; Blog da Condessa","robots":{"index":"index","follow":"follow","max-snippet":"max-snippet:-1","max-image-preview":"max-image-preview:large","max-video-preview":"max-video-preview:-1"},"canonical":"https:\/\/blogdacondessa.com.br\/blog\/moda\/a-pluralidade-da-beleza-natural-da-mulher\/","og_locale":"pt_BR","og_type":"article","og_title":"A pluralidade da beleza natural da mulher &#8902; Blog da Condessa","og_description":"\u00c9 fato que a moda plus size vem ganhando espa\u00e7o no mercado. Marcas e lojas v\u00eam surgindo aos poucos e conquistando seu espa\u00e7o. Al\u00e9m de combater os padr\u00f5es inalcan\u00e7\u00e1veis de beleza e desenvolver a autoestima em corpos gordos, esse nicho tamb\u00e9m movimenta o mercado. Regina Marcia Figueiredo \u00e9 modelo plus size h\u00e1 16 anos desde [&hellip;]","og_url":"https:\/\/blogdacondessa.com.br\/blog\/moda\/a-pluralidade-da-beleza-natural-da-mulher\/","og_site_name":"Blog da Condessa","article_published_time":"2020-02-26T19:41:14+00:00","article_modified_time":"2021-06-24T14:40:22+00:00","og_image":[{"width":600,"height":1067,"url":"https:\/\/blogdacondessa.com.br\/blog\/wp-content\/uploads\/2021\/06\/d063d8b7c1471349d2847c26ce4e4d8c_L.jpg","type":"image\/jpeg"}],"author":"Blog da Condessa","twitter_card":"summary_large_image","twitter_misc":{"Escrito por":"Blog da Condessa","Est. tempo de leitura":"3 minutos"},"schema":{"@context":"https:\/\/schema.org","@graph":[{"@type":"Article","@id":"https:\/\/blogdacondessa.com.br\/blog\/moda\/a-pluralidade-da-beleza-natural-da-mulher\/#article","isPartOf":{"@id":"https:\/\/blogdacondessa.com.br\/blog\/moda\/a-pluralidade-da-beleza-natural-da-mulher\/"},"author":{"name":"Blog da Condessa","@id":"https:\/\/blogdacondessa.com.br\/blog\/#\/schema\/person\/1d667ff8b785195b568677489d266035"},"headline":"A pluralidade da beleza natural da mulher","datePublished":"2020-02-26T19:41:14+00:00","dateModified":"2021-06-24T14:40:22+00:00","mainEntityOfPage":{"@id":"https:\/\/blogdacondessa.com.br\/blog\/moda\/a-pluralidade-da-beleza-natural-da-mulher\/"},"wordCount":599,"commentCount":0,"image":{"@id":"https:\/\/blogdacondessa.com.br\/blog\/moda\/a-pluralidade-da-beleza-natural-da-mulher\/#primaryimage"},"thumbnailUrl":"https:\/\/blogdacondessa.com.br\/blog\/wp-content\/uploads\/2021\/06\/d063d8b7c1471349d2847c26ce4e4d8c_L.jpg","articleSection":["Moda"],"inLanguage":"pt-BR","potentialAction":[{"@type":"CommentAction","name":"Comment","target":["https:\/\/blogdacondessa.com.br\/blog\/moda\/a-pluralidade-da-beleza-natural-da-mulher\/#respond"]}]},{"@type":"WebPage","@id":"https:\/\/blogdacondessa.com.br\/blog\/moda\/a-pluralidade-da-beleza-natural-da-mulher\/","url":"https:\/\/blogdacondessa.com.br\/blog\/moda\/a-pluralidade-da-beleza-natural-da-mulher\/","name":"A pluralidade da beleza natural da mulher &#8902; Blog da Condessa","isPartOf":{"@id":"https:\/\/blogdacondessa.com.br\/blog\/#website"},"primaryImageOfPage":{"@id":"https:\/\/blogdacondessa.com.br\/blog\/moda\/a-pluralidade-da-beleza-natural-da-mulher\/#primaryimage"},"image":{"@id":"https:\/\/blogdacondessa.com.br\/blog\/moda\/a-pluralidade-da-beleza-natural-da-mulher\/#primaryimage"},"thumbnailUrl":"https:\/\/blogdacondessa.com.br\/blog\/wp-content\/uploads\/2021\/06\/d063d8b7c1471349d2847c26ce4e4d8c_L.jpg","datePublished":"2020-02-26T19:41:14+00:00","dateModified":"2021-06-24T14:40:22+00:00","author":{"@id":"https:\/\/blogdacondessa.com.br\/blog\/#\/schema\/person\/1d667ff8b785195b568677489d266035"},"breadcrumb":{"@id":"https:\/\/blogdacondessa.com.br\/blog\/moda\/a-pluralidade-da-beleza-natural-da-mulher\/#breadcrumb"},"inLanguage":"pt-BR","potentialAction":[{"@type":"ReadAction","target":["https:\/\/blogdacondessa.com.br\/blog\/moda\/a-pluralidade-da-beleza-natural-da-mulher\/"]}]},{"@type":"ImageObject","inLanguage":"pt-BR","@id":"https:\/\/blogdacondessa.com.br\/blog\/moda\/a-pluralidade-da-beleza-natural-da-mulher\/#primaryimage","url":"https:\/\/blogdacondessa.com.br\/blog\/wp-content\/uploads\/2021\/06\/d063d8b7c1471349d2847c26ce4e4d8c_L.jpg","contentUrl":"https:\/\/blogdacondessa.com.br\/blog\/wp-content\/uploads\/2021\/06\/d063d8b7c1471349d2847c26ce4e4d8c_L.jpg","width":600,"height":1067},{"@type":"BreadcrumbList","@id":"https:\/\/blogdacondessa.com.br\/blog\/moda\/a-pluralidade-da-beleza-natural-da-mulher\/#breadcrumb","itemListElement":[{"@type":"ListItem","position":1,"name":"In\u00edcio","item":"https:\/\/blogdacondessa.com.br\/blog\/"},{"@type":"ListItem","position":2,"name":"A pluralidade da beleza natural da mulher"}]},{"@type":"WebSite","@id":"https:\/\/blogdacondessa.com.br\/blog\/#website","url":"https:\/\/blogdacondessa.com.br\/blog\/","name":"Blog da Condessa","description":"Com Shirley de Souza O\u2019Campos","potentialAction":[{"@type":"SearchAction","target":{"@type":"EntryPoint","urlTemplate":"https:\/\/blogdacondessa.com.br\/blog\/?s={search_term_string}"},"query-input":{"@type":"PropertyValueSpecification","valueRequired":true,"valueName":"search_term_string"}}],"inLanguage":"pt-BR"},{"@type":"Person","@id":"https:\/\/blogdacondessa.com.br\/blog\/#\/schema\/person\/1d667ff8b785195b568677489d266035","name":"Blog da Condessa","image":{"@type":"ImageObject","inLanguage":"pt-BR","@id":"https:\/\/secure.gravatar.com\/avatar\/377c0eb8b4ad2bfc25461b41564b5971e721ca34a57642868fc7b0c8ac7b52c5?s=96&d=mm&r=g","url":"https:\/\/secure.gravatar.com\/avatar\/377c0eb8b4ad2bfc25461b41564b5971e721ca34a57642868fc7b0c8ac7b52c5?s=96&d=mm&r=g","contentUrl":"https:\/\/secure.gravatar.com\/avatar\/377c0eb8b4ad2bfc25461b41564b5971e721ca34a57642868fc7b0c8ac7b52c5?s=96&d=mm&r=g","caption":"Blog da Condessa"},"url":"https:\/\/blogdacondessa.com.br\/blog\/author\/beatriz\/"}]}},"_links":{"self":[{"href":"https:\/\/blogdacondessa.com.br\/blog\/wp-json\/wp\/v2\/posts\/137","targetHints":{"allow":["GET"]}}],"collection":[{"href":"https:\/\/blogdacondessa.com.br\/blog\/wp-json\/wp\/v2\/posts"}],"about":[{"href":"https:\/\/blogdacondessa.com.br\/blog\/wp-json\/wp\/v2\/types\/post"}],"author":[{"embeddable":true,"href":"https:\/\/blogdacondessa.com.br\/blog\/wp-json\/wp\/v2\/users\/2"}],"replies":[{"embeddable":true,"href":"https:\/\/blogdacondessa.com.br\/blog\/wp-json\/wp\/v2\/comments?post=137"}],"version-history":[{"count":0,"href":"https:\/\/blogdacondessa.com.br\/blog\/wp-json\/wp\/v2\/posts\/137\/revisions"}],"wp:featuredmedia":[{"embeddable":true,"href":"https:\/\/blogdacondessa.com.br\/blog\/wp-json\/wp\/v2\/media\/1661"}],"wp:attachment":[{"href":"https:\/\/blogdacondessa.com.br\/blog\/wp-json\/wp\/v2\/media?parent=137"}],"wp:term":[{"taxonomy":"category","embeddable":true,"href":"https:\/\/blogdacondessa.com.br\/blog\/wp-json\/wp\/v2\/categories?post=137"},{"taxonomy":"post_tag","embeddable":true,"href":"https:\/\/blogdacondessa.com.br\/blog\/wp-json\/wp\/v2\/tags?post=137"}],"curies":[{"name":"wp","href":"https:\/\/api.w.org\/{rel}","templated":true}]}}