{"id":13699,"date":"2026-03-10T18:17:36","date_gmt":"2026-03-10T22:17:36","guid":{"rendered":"https:\/\/blogdacondessa.com.br\/blog\/?p=13699"},"modified":"2026-03-10T18:17:36","modified_gmt":"2026-03-10T22:17:36","slug":"a-memoria-como-tecnologia-de-resistencia","status":"publish","type":"post","link":"https:\/\/blogdacondessa.com.br\/blog\/cultura\/a-memoria-como-tecnologia-de-resistencia\/","title":{"rendered":"\u201cA Mem\u00f3ria como Tecnologia de Resist\u00eancia\u201d"},"content":{"rendered":"<p>A 8\u00ba Mostra Quariter\u00ea de Cinema apresenta uma s\u00e9rie de produ\u00e7\u00f5es audiovisuais de realizadores negros e ind\u00edgenas, entre esta sexta-feira e domingo (13 e 15.3), no Cine Teatro Cuiab\u00e1.<\/p>\n<p>Com o tema \u201cA Mem\u00f3ria como Tecnologia de Resist\u00eancia\u201d, o evento exp\u00f5e diferentes formas de olhar para mem\u00f3ria, territ\u00f3rio e identidade a partir do cinema. A edi\u00e7\u00e3o conta com o apoio da Secretaria de Estado de Cultura, Esporte e Lazer (Secel-MT) via emenda parlamentar.<\/p>\n<p>\u201cA Mostra \u00e9 um espa\u00e7o para conhecer essas produ\u00e7\u00f5es, ampliar o contato com outras narrativas e fortalecer o cinema feito fora dos circuitos tradicionais\u201d, enfatiza Juliana Seg\u00f3via, membra do Aquilombamento Audiovisual Quariter\u00ea, que realiza o evento.<\/p>\n<p>Juliana tamb\u00e9m explica o tema da edi\u00e7\u00e3o \u201cA Mem\u00f3ria como Tecnologia de Resist\u00eancia\u201d, destacando a import\u00e2ncia do cinema como espa\u00e7o de disputa, registro e perman\u00eancia de hist\u00f3rias que muitas vezes s\u00e3o apagadas ou silenciadas.<\/p>\n<p>\u201cPovos ind\u00edgenas, quilombolas e comunidades tradicionais sustentam, h\u00e1 mil\u00eanios, modos de viver e transmitir saberes que atravessam o tempo, nas hist\u00f3rias orais, nas ru\u00ednas e nas paredes antigas das cidades, nas pr\u00e1ticas de trabalho e nas cria\u00e7\u00f5es coletivas. \u00c9 relevante compreender quem s\u00e3o as pessoas que ergueram as constru\u00e7\u00f5es das cidades brasileiras atrav\u00e9s das m\u00e3os, bra\u00e7os e saberes das popula\u00e7\u00f5es racializadas\u201d.<\/p>\n<p>A abertura oficial da 8\u00ba Mostra Quariter\u00ea ocorrer\u00e1 na sexta-feira (13), \u00e0s 19h. Em seguida, ter\u00e1 in\u00edcio a exibi\u00e7\u00e3o de filmes selecionados para a mostra competitiva. No s\u00e1bado (14), a sess\u00e3o de filmes retoma \u00e0s 19h, e no domingo (15), \u00e0s 18h. Nos tr\u00eas dias, ap\u00f3s as exibi\u00e7\u00f5es, a programa\u00e7\u00e3o prossegue na Pra\u00e7a da Mandioca, com shows de artistas locais.<\/p>\n<p>Integram a mostra competitiva filmes vindos de todo o pa\u00eds, como os document\u00e1rios \u2018Tukum\u2019 (BA) e Akaiuti (RN), a fic\u00e7\u00e3o \u2018Da sua, Maria\u2019 (RJ) e a anima\u00e7\u00e3o \u2018Coisa de Preto\u2019 (SE). Representando Mato Grosso est\u00e3o a videoarte \u2018Corpo que Dan\u00e7a\u2019, o document\u00e1rio \u2018Mopai Pjuta \u00c3kakjey\u2019 e a anima\u00e7\u00e3o \u2018Cidade dos Rabiscos\u2019.<\/p>\n<p>Al\u00e9m da exibi\u00e7\u00e3o de filmes, a programa\u00e7\u00e3o contou com a\u00e7\u00f5es formativas ofertadas em datas que antecederam o evento, entre as quais oficinas de Assist\u00eancia de Dire\u00e7\u00e3o e de Edi\u00e7\u00e3o. No s\u00e1bado (14), \u00e0s 16h, na sala Anderson Flores do Cine Teatro Cuiab\u00e1, a masterclass Soberania do Imagin\u00e1rio, com Juh Almeida, encerra a agenda formativa do evento.<\/p>\n<p>Mais informa\u00e7\u00f5es no instagram do Aquilombamento Audiovisual Quariter\u00ea (@quaritere)<\/p>\n<p><strong>Sobre o Instituto Quariter\u00ea<\/strong><\/p>\n<p>Criado em 2017, o Instituto Quariter\u00ea \u00e9 formado por pessoas pretas, pardas e ind\u00edgenas atuantes no audiovisual de Mato Grosso. Nasceu da necessidade de discutir e propor a\u00e7\u00f5es em torno das quest\u00f5es raciais e suas intersec\u00e7\u00f5es, g\u00eanero, sexualidade, gera\u00e7\u00e3o e classe, dentro do cinema.<\/p>\n<p>Desde ent\u00e3o, vem se consolidando como um espa\u00e7o de forma\u00e7\u00e3o, articula\u00e7\u00e3o e enfrentamento das desigualdades no setor. O Instituto busca fomentar pol\u00edticas p\u00fablicas que garantam a presen\u00e7a de pessoas negras, ind\u00edgenas e outras popula\u00e7\u00f5es racializadas em todas as etapas da cadeia produtiva do audiovisual.<\/p>\n","protected":false},"excerpt":{"rendered":"<p>A 8\u00ba Mostra Quariter\u00ea de Cinema apresenta uma s\u00e9rie de produ\u00e7\u00f5es audiovisuais de realizadores negros e ind\u00edgenas, entre esta sexta-feira e domingo (13 e 15.3), no Cine Teatro Cuiab\u00e1. Com o tema \u201cA Mem\u00f3ria como Tecnologia de Resist\u00eancia\u201d, o evento exp\u00f5e diferentes formas de olhar para mem\u00f3ria, territ\u00f3rio e identidade a partir do cinema. A [&hellip;]<\/p>\n","protected":false},"author":2,"featured_media":13700,"comment_status":"closed","ping_status":"closed","sticky":false,"template":"","format":"standard","meta":{"iawp_total_views":1,"footnotes":""},"categories":[18],"tags":[],"class_list":["post-13699","post","type-post","status-publish","format-standard","has-post-thumbnail","hentry","category-cultura"],"yoast_head":"<!-- This site is optimized with the Yoast SEO plugin v27.3 - https:\/\/yoast.com\/product\/yoast-seo-wordpress\/ -->\n<title>\u201cA Mem\u00f3ria como Tecnologia de Resist\u00eancia\u201d &#8902; Blog da Condessa<\/title>\n<meta name=\"robots\" content=\"index, follow, max-snippet:-1, max-image-preview:large, max-video-preview:-1\" \/>\n<link rel=\"canonical\" href=\"https:\/\/blogdacondessa.com.br\/blog\/cultura\/a-memoria-como-tecnologia-de-resistencia\/\" \/>\n<meta property=\"og:locale\" content=\"pt_BR\" \/>\n<meta property=\"og:type\" content=\"article\" \/>\n<meta property=\"og:title\" content=\"\u201cA Mem\u00f3ria como Tecnologia de Resist\u00eancia\u201d &#8902; Blog da Condessa\" \/>\n<meta property=\"og:description\" content=\"A 8\u00ba Mostra Quariter\u00ea de Cinema apresenta uma s\u00e9rie de produ\u00e7\u00f5es audiovisuais de realizadores negros e ind\u00edgenas, entre esta sexta-feira e domingo (13 e 15.3), no Cine Teatro Cuiab\u00e1. Com o tema \u201cA Mem\u00f3ria como Tecnologia de Resist\u00eancia\u201d, o evento exp\u00f5e diferentes formas de olhar para mem\u00f3ria, territ\u00f3rio e identidade a partir do cinema. A [&hellip;]\" \/>\n<meta property=\"og:url\" content=\"https:\/\/blogdacondessa.com.br\/blog\/cultura\/a-memoria-como-tecnologia-de-resistencia\/\" \/>\n<meta property=\"og:site_name\" content=\"Blog da Condessa\" \/>\n<meta property=\"article:published_time\" content=\"2026-03-10T22:17:36+00:00\" \/>\n<meta property=\"og:image\" content=\"https:\/\/blogdacondessa.com.br\/blog\/wp-content\/uploads\/2026\/03\/instituto-quaritere.jpg\" \/>\n\t<meta property=\"og:image:width\" content=\"1024\" \/>\n\t<meta property=\"og:image:height\" content=\"779\" \/>\n\t<meta property=\"og:image:type\" content=\"image\/jpeg\" \/>\n<meta name=\"author\" content=\"Blog da Condessa\" \/>\n<meta name=\"twitter:card\" content=\"summary_large_image\" \/>\n<meta name=\"twitter:label1\" content=\"Escrito por\" \/>\n\t<meta name=\"twitter:data1\" content=\"Blog da Condessa\" \/>\n\t<meta name=\"twitter:label2\" content=\"Est. tempo de leitura\" \/>\n\t<meta name=\"twitter:data2\" content=\"3 minutos\" \/>\n<script type=\"application\/ld+json\" class=\"yoast-schema-graph\">{\"@context\":\"https:\\\/\\\/schema.org\",\"@graph\":[{\"@type\":\"Article\",\"@id\":\"https:\\\/\\\/blogdacondessa.com.br\\\/blog\\\/cultura\\\/a-memoria-como-tecnologia-de-resistencia\\\/#article\",\"isPartOf\":{\"@id\":\"https:\\\/\\\/blogdacondessa.com.br\\\/blog\\\/cultura\\\/a-memoria-como-tecnologia-de-resistencia\\\/\"},\"author\":{\"name\":\"Blog da Condessa\",\"@id\":\"https:\\\/\\\/blogdacondessa.com.br\\\/blog\\\/#\\\/schema\\\/person\\\/1d667ff8b785195b568677489d266035\"},\"headline\":\"\u201cA Mem\u00f3ria como Tecnologia de Resist\u00eancia\u201d\",\"datePublished\":\"2026-03-10T22:17:36+00:00\",\"mainEntityOfPage\":{\"@id\":\"https:\\\/\\\/blogdacondessa.com.br\\\/blog\\\/cultura\\\/a-memoria-como-tecnologia-de-resistencia\\\/\"},\"wordCount\":543,\"image\":{\"@id\":\"https:\\\/\\\/blogdacondessa.com.br\\\/blog\\\/cultura\\\/a-memoria-como-tecnologia-de-resistencia\\\/#primaryimage\"},\"thumbnailUrl\":\"https:\\\/\\\/blogdacondessa.com.br\\\/blog\\\/wp-content\\\/uploads\\\/2026\\\/03\\\/instituto-quaritere.jpg\",\"articleSection\":[\"Cultura\"],\"inLanguage\":\"pt-BR\"},{\"@type\":\"WebPage\",\"@id\":\"https:\\\/\\\/blogdacondessa.com.br\\\/blog\\\/cultura\\\/a-memoria-como-tecnologia-de-resistencia\\\/\",\"url\":\"https:\\\/\\\/blogdacondessa.com.br\\\/blog\\\/cultura\\\/a-memoria-como-tecnologia-de-resistencia\\\/\",\"name\":\"\u201cA Mem\u00f3ria como Tecnologia de Resist\u00eancia\u201d &#8902; Blog da Condessa\",\"isPartOf\":{\"@id\":\"https:\\\/\\\/blogdacondessa.com.br\\\/blog\\\/#website\"},\"primaryImageOfPage\":{\"@id\":\"https:\\\/\\\/blogdacondessa.com.br\\\/blog\\\/cultura\\\/a-memoria-como-tecnologia-de-resistencia\\\/#primaryimage\"},\"image\":{\"@id\":\"https:\\\/\\\/blogdacondessa.com.br\\\/blog\\\/cultura\\\/a-memoria-como-tecnologia-de-resistencia\\\/#primaryimage\"},\"thumbnailUrl\":\"https:\\\/\\\/blogdacondessa.com.br\\\/blog\\\/wp-content\\\/uploads\\\/2026\\\/03\\\/instituto-quaritere.jpg\",\"datePublished\":\"2026-03-10T22:17:36+00:00\",\"author\":{\"@id\":\"https:\\\/\\\/blogdacondessa.com.br\\\/blog\\\/#\\\/schema\\\/person\\\/1d667ff8b785195b568677489d266035\"},\"breadcrumb\":{\"@id\":\"https:\\\/\\\/blogdacondessa.com.br\\\/blog\\\/cultura\\\/a-memoria-como-tecnologia-de-resistencia\\\/#breadcrumb\"},\"inLanguage\":\"pt-BR\",\"potentialAction\":[{\"@type\":\"ReadAction\",\"target\":[\"https:\\\/\\\/blogdacondessa.com.br\\\/blog\\\/cultura\\\/a-memoria-como-tecnologia-de-resistencia\\\/\"]}]},{\"@type\":\"ImageObject\",\"inLanguage\":\"pt-BR\",\"@id\":\"https:\\\/\\\/blogdacondessa.com.br\\\/blog\\\/cultura\\\/a-memoria-como-tecnologia-de-resistencia\\\/#primaryimage\",\"url\":\"https:\\\/\\\/blogdacondessa.com.br\\\/blog\\\/wp-content\\\/uploads\\\/2026\\\/03\\\/instituto-quaritere.jpg\",\"contentUrl\":\"https:\\\/\\\/blogdacondessa.com.br\\\/blog\\\/wp-content\\\/uploads\\\/2026\\\/03\\\/instituto-quaritere.jpg\",\"width\":1024,\"height\":779},{\"@type\":\"BreadcrumbList\",\"@id\":\"https:\\\/\\\/blogdacondessa.com.br\\\/blog\\\/cultura\\\/a-memoria-como-tecnologia-de-resistencia\\\/#breadcrumb\",\"itemListElement\":[{\"@type\":\"ListItem\",\"position\":1,\"name\":\"In\u00edcio\",\"item\":\"https:\\\/\\\/blogdacondessa.com.br\\\/blog\\\/\"},{\"@type\":\"ListItem\",\"position\":2,\"name\":\"\u201cA Mem\u00f3ria como Tecnologia de Resist\u00eancia\u201d\"}]},{\"@type\":\"WebSite\",\"@id\":\"https:\\\/\\\/blogdacondessa.com.br\\\/blog\\\/#website\",\"url\":\"https:\\\/\\\/blogdacondessa.com.br\\\/blog\\\/\",\"name\":\"Blog da Condessa\",\"description\":\"Com Shirley de Souza O\u2019Campos\",\"potentialAction\":[{\"@type\":\"SearchAction\",\"target\":{\"@type\":\"EntryPoint\",\"urlTemplate\":\"https:\\\/\\\/blogdacondessa.com.br\\\/blog\\\/?s={search_term_string}\"},\"query-input\":{\"@type\":\"PropertyValueSpecification\",\"valueRequired\":true,\"valueName\":\"search_term_string\"}}],\"inLanguage\":\"pt-BR\"},{\"@type\":\"Person\",\"@id\":\"https:\\\/\\\/blogdacondessa.com.br\\\/blog\\\/#\\\/schema\\\/person\\\/1d667ff8b785195b568677489d266035\",\"name\":\"Blog da Condessa\",\"image\":{\"@type\":\"ImageObject\",\"inLanguage\":\"pt-BR\",\"@id\":\"https:\\\/\\\/secure.gravatar.com\\\/avatar\\\/377c0eb8b4ad2bfc25461b41564b5971e721ca34a57642868fc7b0c8ac7b52c5?s=96&d=mm&r=g\",\"url\":\"https:\\\/\\\/secure.gravatar.com\\\/avatar\\\/377c0eb8b4ad2bfc25461b41564b5971e721ca34a57642868fc7b0c8ac7b52c5?s=96&d=mm&r=g\",\"contentUrl\":\"https:\\\/\\\/secure.gravatar.com\\\/avatar\\\/377c0eb8b4ad2bfc25461b41564b5971e721ca34a57642868fc7b0c8ac7b52c5?s=96&d=mm&r=g\",\"caption\":\"Blog da Condessa\"},\"url\":\"https:\\\/\\\/blogdacondessa.com.br\\\/blog\\\/author\\\/beatriz\\\/\"}]}<\/script>\n<!-- \/ Yoast SEO plugin. -->","yoast_head_json":{"title":"\u201cA Mem\u00f3ria como Tecnologia de Resist\u00eancia\u201d &#8902; Blog da Condessa","robots":{"index":"index","follow":"follow","max-snippet":"max-snippet:-1","max-image-preview":"max-image-preview:large","max-video-preview":"max-video-preview:-1"},"canonical":"https:\/\/blogdacondessa.com.br\/blog\/cultura\/a-memoria-como-tecnologia-de-resistencia\/","og_locale":"pt_BR","og_type":"article","og_title":"\u201cA Mem\u00f3ria como Tecnologia de Resist\u00eancia\u201d &#8902; Blog da Condessa","og_description":"A 8\u00ba Mostra Quariter\u00ea de Cinema apresenta uma s\u00e9rie de produ\u00e7\u00f5es audiovisuais de realizadores negros e ind\u00edgenas, entre esta sexta-feira e domingo (13 e 15.3), no Cine Teatro Cuiab\u00e1. Com o tema \u201cA Mem\u00f3ria como Tecnologia de Resist\u00eancia\u201d, o evento exp\u00f5e diferentes formas de olhar para mem\u00f3ria, territ\u00f3rio e identidade a partir do cinema. A [&hellip;]","og_url":"https:\/\/blogdacondessa.com.br\/blog\/cultura\/a-memoria-como-tecnologia-de-resistencia\/","og_site_name":"Blog da Condessa","article_published_time":"2026-03-10T22:17:36+00:00","og_image":[{"width":1024,"height":779,"url":"https:\/\/blogdacondessa.com.br\/blog\/wp-content\/uploads\/2026\/03\/instituto-quaritere.jpg","type":"image\/jpeg"}],"author":"Blog da Condessa","twitter_card":"summary_large_image","twitter_misc":{"Escrito por":"Blog da Condessa","Est. tempo de leitura":"3 minutos"},"schema":{"@context":"https:\/\/schema.org","@graph":[{"@type":"Article","@id":"https:\/\/blogdacondessa.com.br\/blog\/cultura\/a-memoria-como-tecnologia-de-resistencia\/#article","isPartOf":{"@id":"https:\/\/blogdacondessa.com.br\/blog\/cultura\/a-memoria-como-tecnologia-de-resistencia\/"},"author":{"name":"Blog da Condessa","@id":"https:\/\/blogdacondessa.com.br\/blog\/#\/schema\/person\/1d667ff8b785195b568677489d266035"},"headline":"\u201cA Mem\u00f3ria como Tecnologia de Resist\u00eancia\u201d","datePublished":"2026-03-10T22:17:36+00:00","mainEntityOfPage":{"@id":"https:\/\/blogdacondessa.com.br\/blog\/cultura\/a-memoria-como-tecnologia-de-resistencia\/"},"wordCount":543,"image":{"@id":"https:\/\/blogdacondessa.com.br\/blog\/cultura\/a-memoria-como-tecnologia-de-resistencia\/#primaryimage"},"thumbnailUrl":"https:\/\/blogdacondessa.com.br\/blog\/wp-content\/uploads\/2026\/03\/instituto-quaritere.jpg","articleSection":["Cultura"],"inLanguage":"pt-BR"},{"@type":"WebPage","@id":"https:\/\/blogdacondessa.com.br\/blog\/cultura\/a-memoria-como-tecnologia-de-resistencia\/","url":"https:\/\/blogdacondessa.com.br\/blog\/cultura\/a-memoria-como-tecnologia-de-resistencia\/","name":"\u201cA Mem\u00f3ria como Tecnologia de Resist\u00eancia\u201d &#8902; Blog da Condessa","isPartOf":{"@id":"https:\/\/blogdacondessa.com.br\/blog\/#website"},"primaryImageOfPage":{"@id":"https:\/\/blogdacondessa.com.br\/blog\/cultura\/a-memoria-como-tecnologia-de-resistencia\/#primaryimage"},"image":{"@id":"https:\/\/blogdacondessa.com.br\/blog\/cultura\/a-memoria-como-tecnologia-de-resistencia\/#primaryimage"},"thumbnailUrl":"https:\/\/blogdacondessa.com.br\/blog\/wp-content\/uploads\/2026\/03\/instituto-quaritere.jpg","datePublished":"2026-03-10T22:17:36+00:00","author":{"@id":"https:\/\/blogdacondessa.com.br\/blog\/#\/schema\/person\/1d667ff8b785195b568677489d266035"},"breadcrumb":{"@id":"https:\/\/blogdacondessa.com.br\/blog\/cultura\/a-memoria-como-tecnologia-de-resistencia\/#breadcrumb"},"inLanguage":"pt-BR","potentialAction":[{"@type":"ReadAction","target":["https:\/\/blogdacondessa.com.br\/blog\/cultura\/a-memoria-como-tecnologia-de-resistencia\/"]}]},{"@type":"ImageObject","inLanguage":"pt-BR","@id":"https:\/\/blogdacondessa.com.br\/blog\/cultura\/a-memoria-como-tecnologia-de-resistencia\/#primaryimage","url":"https:\/\/blogdacondessa.com.br\/blog\/wp-content\/uploads\/2026\/03\/instituto-quaritere.jpg","contentUrl":"https:\/\/blogdacondessa.com.br\/blog\/wp-content\/uploads\/2026\/03\/instituto-quaritere.jpg","width":1024,"height":779},{"@type":"BreadcrumbList","@id":"https:\/\/blogdacondessa.com.br\/blog\/cultura\/a-memoria-como-tecnologia-de-resistencia\/#breadcrumb","itemListElement":[{"@type":"ListItem","position":1,"name":"In\u00edcio","item":"https:\/\/blogdacondessa.com.br\/blog\/"},{"@type":"ListItem","position":2,"name":"\u201cA Mem\u00f3ria como Tecnologia de Resist\u00eancia\u201d"}]},{"@type":"WebSite","@id":"https:\/\/blogdacondessa.com.br\/blog\/#website","url":"https:\/\/blogdacondessa.com.br\/blog\/","name":"Blog da Condessa","description":"Com Shirley de Souza O\u2019Campos","potentialAction":[{"@type":"SearchAction","target":{"@type":"EntryPoint","urlTemplate":"https:\/\/blogdacondessa.com.br\/blog\/?s={search_term_string}"},"query-input":{"@type":"PropertyValueSpecification","valueRequired":true,"valueName":"search_term_string"}}],"inLanguage":"pt-BR"},{"@type":"Person","@id":"https:\/\/blogdacondessa.com.br\/blog\/#\/schema\/person\/1d667ff8b785195b568677489d266035","name":"Blog da Condessa","image":{"@type":"ImageObject","inLanguage":"pt-BR","@id":"https:\/\/secure.gravatar.com\/avatar\/377c0eb8b4ad2bfc25461b41564b5971e721ca34a57642868fc7b0c8ac7b52c5?s=96&d=mm&r=g","url":"https:\/\/secure.gravatar.com\/avatar\/377c0eb8b4ad2bfc25461b41564b5971e721ca34a57642868fc7b0c8ac7b52c5?s=96&d=mm&r=g","contentUrl":"https:\/\/secure.gravatar.com\/avatar\/377c0eb8b4ad2bfc25461b41564b5971e721ca34a57642868fc7b0c8ac7b52c5?s=96&d=mm&r=g","caption":"Blog da Condessa"},"url":"https:\/\/blogdacondessa.com.br\/blog\/author\/beatriz\/"}]}},"_links":{"self":[{"href":"https:\/\/blogdacondessa.com.br\/blog\/wp-json\/wp\/v2\/posts\/13699","targetHints":{"allow":["GET"]}}],"collection":[{"href":"https:\/\/blogdacondessa.com.br\/blog\/wp-json\/wp\/v2\/posts"}],"about":[{"href":"https:\/\/blogdacondessa.com.br\/blog\/wp-json\/wp\/v2\/types\/post"}],"author":[{"embeddable":true,"href":"https:\/\/blogdacondessa.com.br\/blog\/wp-json\/wp\/v2\/users\/2"}],"replies":[{"embeddable":true,"href":"https:\/\/blogdacondessa.com.br\/blog\/wp-json\/wp\/v2\/comments?post=13699"}],"version-history":[{"count":1,"href":"https:\/\/blogdacondessa.com.br\/blog\/wp-json\/wp\/v2\/posts\/13699\/revisions"}],"predecessor-version":[{"id":13701,"href":"https:\/\/blogdacondessa.com.br\/blog\/wp-json\/wp\/v2\/posts\/13699\/revisions\/13701"}],"wp:featuredmedia":[{"embeddable":true,"href":"https:\/\/blogdacondessa.com.br\/blog\/wp-json\/wp\/v2\/media\/13700"}],"wp:attachment":[{"href":"https:\/\/blogdacondessa.com.br\/blog\/wp-json\/wp\/v2\/media?parent=13699"}],"wp:term":[{"taxonomy":"category","embeddable":true,"href":"https:\/\/blogdacondessa.com.br\/blog\/wp-json\/wp\/v2\/categories?post=13699"},{"taxonomy":"post_tag","embeddable":true,"href":"https:\/\/blogdacondessa.com.br\/blog\/wp-json\/wp\/v2\/tags?post=13699"}],"curies":[{"name":"wp","href":"https:\/\/api.w.org\/{rel}","templated":true}]}}