{"id":13696,"date":"2026-03-10T05:00:27","date_gmt":"2026-03-10T09:00:27","guid":{"rendered":"https:\/\/blogdacondessa.com.br\/blog\/?p=13696"},"modified":"2026-03-09T11:45:53","modified_gmt":"2026-03-09T15:45:53","slug":"produtor-aposta-no-uso-sustentavel-da-terra","status":"publish","type":"post","link":"https:\/\/blogdacondessa.com.br\/blog\/cotidiano\/produtor-aposta-no-uso-sustentavel-da-terra\/","title":{"rendered":"Produtor aposta no uso sustent\u00e1vel da terra"},"content":{"rendered":"<p>Em uma pequena propriedade rural de quatro hectares em Santo Ant\u00f4nio de Leverger, um casal de produtores decidiu apostar em um modelo de produ\u00e7\u00e3o que une conserva\u00e7\u00e3o ambiental e gera\u00e7\u00e3o de renda. Na Est\u00e2ncia Surya, Leandro Ferreira Santos e Mari Maki Godoy transformaram a \u00e1rea em um sistema produtivo baseado nos princ\u00edpios da agrofloresta, onde o cultivo de alimentos ocorre em equil\u00edbrio com a regenera\u00e7\u00e3o do solo, a diversidade de esp\u00e9cies e o uso sustent\u00e1vel da terra.<\/p>\n<p>H\u00e1 dois anos na propriedade, o casal assumiu o desafio de recuperar solo que estava degradado. Com trabalho di\u00e1rio, estudo e persist\u00eancia, eles v\u00eam reconstruindo a fertilidade da terra onde produzem hortifr\u00fati, al\u00e9m de manter uma pequena granja.<\/p>\n<p>\u201cEstamos na Est\u00e2ncia Surya h\u00e1 dois anos com nossa fam\u00edlia e utilizamos os princ\u00edpios e as pr\u00e1ticas da agrofloresta, porque precisamos regenerar o solo para conseguir produzir alimentos com alto valor nutricional para o nosso consumo e levar o excedente aos nossos clientes\u201d, conta Leandro.<\/p>\n<p>Segundo ele, os primeiros meses foram de muitos desafios. O principal deles foi a falta de \u00e1gua. Para enfrentar o problema, a fam\u00edlia contou com apoio t\u00e9cnico da Secretaria de Estado de Agricultura Familiar de Mato Grosso (Seaf) e da Empresa Mato-grossense de Pesquisa, Assist\u00eancia e Extens\u00e3o Rural (Empaer), por meio da unidade local.<\/p>\n<p>A solu\u00e7\u00e3o encontrada foi investir na capta\u00e7\u00e3o de \u00e1gua da chuva. \u201cNos \u00faltimos seis meses, eu e minha esposa fizemos um tanque reservat\u00f3rio. Contratamos apenas o trator para abrir o espa\u00e7o, mas toda a parte de acabamento fizemos n\u00f3s mesmos. Nosso objetivo \u00e9 encher o tanque somente com a \u00e1gua da chuva. N\u00e3o queremos depender de tirar esse bem valioso do solo, queremos utilizar esse recurso que vem do c\u00e9u\u201d, explica o produtor.<\/p>\n<p>Mais do que uma atividade econ\u00f4mica, a rotina na propriedade tamb\u00e9m fortalece os la\u00e7os familiares. Mari Maky destaca que um dos maiores valores do trabalho est\u00e1 justamente na possibilidade de viver esse processo junto com os filhos.<\/p>\n<p>\u201cO que mais me fascina no nosso dia a dia aqui \u00e9 a uni\u00e3o da fam\u00edlia. Poder trazer nossos filhos para a propriedade e eles consumirem alimentos in natura, produzidos por n\u00f3s. E poder levar isso aos clientes com a consci\u00eancia tranquila, sabendo que estamos oferecendo um produto de qualidade\u201d, afirma.<\/p>\n<p>Os quatro hectares da Est\u00e2ncia Surya ficam em uma em recupera\u00e7\u00e3o. A estrat\u00e9gia da fam\u00edlia para manter o solo f\u00e9rtil segue um dos pilares da agrofloresta: devolver \u00e0 terra a mat\u00e9ria org\u00e2nica produzida no pr\u00f3prio sistema.<\/p>\n<p>\u201cO insumo ecol\u00f3gico que produzimos com a ro\u00e7ada protege as plantas e o solo. Criamos camadas de cobertura que ajudam a formar um estoque de \u00e1gua na terra. Assim diminui a evapora\u00e7\u00e3o e conseguimos reduzir bastante a perda de mudas\u201d, explica Mari Maky.<\/p>\n<p><strong>Apoio que fortalece a agricultura familiar<\/strong><\/p>\n<p>O produtor tamb\u00e9m destaca a import\u00e2ncia das pol\u00edticas p\u00fablicas voltadas para o pequeno produtor rural.\u00a0Segundo Leandro, o acompanhamento t\u00e9cnico e os programas desenvolvidos pelo Governo do Estado, por meio da Seaf e da Empaer, t\u00eam sido fundamentais para que fam\u00edlias como a dele consigam permanecer no campo.<\/p>\n<p>\u201cA assist\u00eancia e as pol\u00edticas p\u00fablicas s\u00e3o o que fazem o produtor continuar na propriedade. Quando vemos o trabalho que est\u00e1 sendo feito para apoiar a agricultura familiar em cada munic\u00edpio, percebemos o quanto isso est\u00e1 ajudando milhares de fam\u00edlias a produzir alimento e seguir em frente\u201d, conclui.<\/p>\n","protected":false},"excerpt":{"rendered":"<p>Em uma pequena propriedade rural de quatro hectares em Santo Ant\u00f4nio de Leverger, um casal de produtores decidiu apostar em um modelo de produ\u00e7\u00e3o que une conserva\u00e7\u00e3o ambiental e gera\u00e7\u00e3o de renda. Na Est\u00e2ncia Surya, Leandro Ferreira Santos e Mari Maki Godoy transformaram a \u00e1rea em um sistema produtivo baseado nos princ\u00edpios da agrofloresta, onde [&hellip;]<\/p>\n","protected":false},"author":2,"featured_media":13697,"comment_status":"closed","ping_status":"closed","sticky":false,"template":"","format":"standard","meta":{"iawp_total_views":1,"footnotes":""},"categories":[24],"tags":[],"class_list":["post-13696","post","type-post","status-publish","format-standard","has-post-thumbnail","hentry","category-cotidiano"],"yoast_head":"<!-- This site is optimized with the Yoast SEO plugin v27.3 - https:\/\/yoast.com\/product\/yoast-seo-wordpress\/ -->\n<title>Produtor aposta no uso sustent\u00e1vel da terra &#8902; Blog da Condessa<\/title>\n<meta name=\"robots\" content=\"index, follow, max-snippet:-1, max-image-preview:large, max-video-preview:-1\" \/>\n<link rel=\"canonical\" href=\"https:\/\/blogdacondessa.com.br\/blog\/cotidiano\/produtor-aposta-no-uso-sustentavel-da-terra\/\" \/>\n<meta property=\"og:locale\" content=\"pt_BR\" \/>\n<meta property=\"og:type\" content=\"article\" \/>\n<meta property=\"og:title\" content=\"Produtor aposta no uso sustent\u00e1vel da terra &#8902; Blog da Condessa\" \/>\n<meta property=\"og:description\" content=\"Em uma pequena propriedade rural de quatro hectares em Santo Ant\u00f4nio de Leverger, um casal de produtores decidiu apostar em um modelo de produ\u00e7\u00e3o que une conserva\u00e7\u00e3o ambiental e gera\u00e7\u00e3o de renda. Na Est\u00e2ncia Surya, Leandro Ferreira Santos e Mari Maki Godoy transformaram a \u00e1rea em um sistema produtivo baseado nos princ\u00edpios da agrofloresta, onde [&hellip;]\" \/>\n<meta property=\"og:url\" content=\"https:\/\/blogdacondessa.com.br\/blog\/cotidiano\/produtor-aposta-no-uso-sustentavel-da-terra\/\" \/>\n<meta property=\"og:site_name\" content=\"Blog da Condessa\" \/>\n<meta property=\"article:published_time\" content=\"2026-03-10T09:00:27+00:00\" \/>\n<meta property=\"og:image\" content=\"https:\/\/blogdacondessa.com.br\/blog\/wp-content\/uploads\/2026\/03\/PRODUTOR.jpg\" \/>\n\t<meta property=\"og:image:width\" content=\"1024\" \/>\n\t<meta property=\"og:image:height\" content=\"576\" \/>\n\t<meta property=\"og:image:type\" content=\"image\/jpeg\" \/>\n<meta name=\"author\" content=\"Blog da Condessa\" \/>\n<meta name=\"twitter:card\" content=\"summary_large_image\" \/>\n<meta name=\"twitter:label1\" content=\"Escrito por\" \/>\n\t<meta name=\"twitter:data1\" content=\"Blog da Condessa\" \/>\n\t<meta name=\"twitter:label2\" content=\"Est. tempo de leitura\" \/>\n\t<meta name=\"twitter:data2\" content=\"4 minutos\" \/>\n<script type=\"application\/ld+json\" class=\"yoast-schema-graph\">{\"@context\":\"https:\\\/\\\/schema.org\",\"@graph\":[{\"@type\":\"Article\",\"@id\":\"https:\\\/\\\/blogdacondessa.com.br\\\/blog\\\/cotidiano\\\/produtor-aposta-no-uso-sustentavel-da-terra\\\/#article\",\"isPartOf\":{\"@id\":\"https:\\\/\\\/blogdacondessa.com.br\\\/blog\\\/cotidiano\\\/produtor-aposta-no-uso-sustentavel-da-terra\\\/\"},\"author\":{\"name\":\"Blog da Condessa\",\"@id\":\"https:\\\/\\\/blogdacondessa.com.br\\\/blog\\\/#\\\/schema\\\/person\\\/1d667ff8b785195b568677489d266035\"},\"headline\":\"Produtor aposta no uso sustent\u00e1vel da terra\",\"datePublished\":\"2026-03-10T09:00:27+00:00\",\"mainEntityOfPage\":{\"@id\":\"https:\\\/\\\/blogdacondessa.com.br\\\/blog\\\/cotidiano\\\/produtor-aposta-no-uso-sustentavel-da-terra\\\/\"},\"wordCount\":622,\"image\":{\"@id\":\"https:\\\/\\\/blogdacondessa.com.br\\\/blog\\\/cotidiano\\\/produtor-aposta-no-uso-sustentavel-da-terra\\\/#primaryimage\"},\"thumbnailUrl\":\"https:\\\/\\\/blogdacondessa.com.br\\\/blog\\\/wp-content\\\/uploads\\\/2026\\\/03\\\/PRODUTOR.jpg\",\"articleSection\":[\"Cotidiano\"],\"inLanguage\":\"pt-BR\"},{\"@type\":\"WebPage\",\"@id\":\"https:\\\/\\\/blogdacondessa.com.br\\\/blog\\\/cotidiano\\\/produtor-aposta-no-uso-sustentavel-da-terra\\\/\",\"url\":\"https:\\\/\\\/blogdacondessa.com.br\\\/blog\\\/cotidiano\\\/produtor-aposta-no-uso-sustentavel-da-terra\\\/\",\"name\":\"Produtor aposta no uso sustent\u00e1vel da terra &#8902; Blog da Condessa\",\"isPartOf\":{\"@id\":\"https:\\\/\\\/blogdacondessa.com.br\\\/blog\\\/#website\"},\"primaryImageOfPage\":{\"@id\":\"https:\\\/\\\/blogdacondessa.com.br\\\/blog\\\/cotidiano\\\/produtor-aposta-no-uso-sustentavel-da-terra\\\/#primaryimage\"},\"image\":{\"@id\":\"https:\\\/\\\/blogdacondessa.com.br\\\/blog\\\/cotidiano\\\/produtor-aposta-no-uso-sustentavel-da-terra\\\/#primaryimage\"},\"thumbnailUrl\":\"https:\\\/\\\/blogdacondessa.com.br\\\/blog\\\/wp-content\\\/uploads\\\/2026\\\/03\\\/PRODUTOR.jpg\",\"datePublished\":\"2026-03-10T09:00:27+00:00\",\"author\":{\"@id\":\"https:\\\/\\\/blogdacondessa.com.br\\\/blog\\\/#\\\/schema\\\/person\\\/1d667ff8b785195b568677489d266035\"},\"breadcrumb\":{\"@id\":\"https:\\\/\\\/blogdacondessa.com.br\\\/blog\\\/cotidiano\\\/produtor-aposta-no-uso-sustentavel-da-terra\\\/#breadcrumb\"},\"inLanguage\":\"pt-BR\",\"potentialAction\":[{\"@type\":\"ReadAction\",\"target\":[\"https:\\\/\\\/blogdacondessa.com.br\\\/blog\\\/cotidiano\\\/produtor-aposta-no-uso-sustentavel-da-terra\\\/\"]}]},{\"@type\":\"ImageObject\",\"inLanguage\":\"pt-BR\",\"@id\":\"https:\\\/\\\/blogdacondessa.com.br\\\/blog\\\/cotidiano\\\/produtor-aposta-no-uso-sustentavel-da-terra\\\/#primaryimage\",\"url\":\"https:\\\/\\\/blogdacondessa.com.br\\\/blog\\\/wp-content\\\/uploads\\\/2026\\\/03\\\/PRODUTOR.jpg\",\"contentUrl\":\"https:\\\/\\\/blogdacondessa.com.br\\\/blog\\\/wp-content\\\/uploads\\\/2026\\\/03\\\/PRODUTOR.jpg\",\"width\":1024,\"height\":576,\"caption\":\"Foto por: Assessoria Seaf\"},{\"@type\":\"BreadcrumbList\",\"@id\":\"https:\\\/\\\/blogdacondessa.com.br\\\/blog\\\/cotidiano\\\/produtor-aposta-no-uso-sustentavel-da-terra\\\/#breadcrumb\",\"itemListElement\":[{\"@type\":\"ListItem\",\"position\":1,\"name\":\"In\u00edcio\",\"item\":\"https:\\\/\\\/blogdacondessa.com.br\\\/blog\\\/\"},{\"@type\":\"ListItem\",\"position\":2,\"name\":\"Produtor aposta no uso sustent\u00e1vel da terra\"}]},{\"@type\":\"WebSite\",\"@id\":\"https:\\\/\\\/blogdacondessa.com.br\\\/blog\\\/#website\",\"url\":\"https:\\\/\\\/blogdacondessa.com.br\\\/blog\\\/\",\"name\":\"Blog da Condessa\",\"description\":\"Com Shirley de Souza O\u2019Campos\",\"potentialAction\":[{\"@type\":\"SearchAction\",\"target\":{\"@type\":\"EntryPoint\",\"urlTemplate\":\"https:\\\/\\\/blogdacondessa.com.br\\\/blog\\\/?s={search_term_string}\"},\"query-input\":{\"@type\":\"PropertyValueSpecification\",\"valueRequired\":true,\"valueName\":\"search_term_string\"}}],\"inLanguage\":\"pt-BR\"},{\"@type\":\"Person\",\"@id\":\"https:\\\/\\\/blogdacondessa.com.br\\\/blog\\\/#\\\/schema\\\/person\\\/1d667ff8b785195b568677489d266035\",\"name\":\"Blog da Condessa\",\"image\":{\"@type\":\"ImageObject\",\"inLanguage\":\"pt-BR\",\"@id\":\"https:\\\/\\\/secure.gravatar.com\\\/avatar\\\/377c0eb8b4ad2bfc25461b41564b5971e721ca34a57642868fc7b0c8ac7b52c5?s=96&d=mm&r=g\",\"url\":\"https:\\\/\\\/secure.gravatar.com\\\/avatar\\\/377c0eb8b4ad2bfc25461b41564b5971e721ca34a57642868fc7b0c8ac7b52c5?s=96&d=mm&r=g\",\"contentUrl\":\"https:\\\/\\\/secure.gravatar.com\\\/avatar\\\/377c0eb8b4ad2bfc25461b41564b5971e721ca34a57642868fc7b0c8ac7b52c5?s=96&d=mm&r=g\",\"caption\":\"Blog da Condessa\"},\"url\":\"https:\\\/\\\/blogdacondessa.com.br\\\/blog\\\/author\\\/beatriz\\\/\"}]}<\/script>\n<!-- \/ Yoast SEO plugin. -->","yoast_head_json":{"title":"Produtor aposta no uso sustent\u00e1vel da terra &#8902; Blog da Condessa","robots":{"index":"index","follow":"follow","max-snippet":"max-snippet:-1","max-image-preview":"max-image-preview:large","max-video-preview":"max-video-preview:-1"},"canonical":"https:\/\/blogdacondessa.com.br\/blog\/cotidiano\/produtor-aposta-no-uso-sustentavel-da-terra\/","og_locale":"pt_BR","og_type":"article","og_title":"Produtor aposta no uso sustent\u00e1vel da terra &#8902; Blog da Condessa","og_description":"Em uma pequena propriedade rural de quatro hectares em Santo Ant\u00f4nio de Leverger, um casal de produtores decidiu apostar em um modelo de produ\u00e7\u00e3o que une conserva\u00e7\u00e3o ambiental e gera\u00e7\u00e3o de renda. Na Est\u00e2ncia Surya, Leandro Ferreira Santos e Mari Maki Godoy transformaram a \u00e1rea em um sistema produtivo baseado nos princ\u00edpios da agrofloresta, onde [&hellip;]","og_url":"https:\/\/blogdacondessa.com.br\/blog\/cotidiano\/produtor-aposta-no-uso-sustentavel-da-terra\/","og_site_name":"Blog da Condessa","article_published_time":"2026-03-10T09:00:27+00:00","og_image":[{"width":1024,"height":576,"url":"https:\/\/blogdacondessa.com.br\/blog\/wp-content\/uploads\/2026\/03\/PRODUTOR.jpg","type":"image\/jpeg"}],"author":"Blog da Condessa","twitter_card":"summary_large_image","twitter_misc":{"Escrito por":"Blog da Condessa","Est. tempo de leitura":"4 minutos"},"schema":{"@context":"https:\/\/schema.org","@graph":[{"@type":"Article","@id":"https:\/\/blogdacondessa.com.br\/blog\/cotidiano\/produtor-aposta-no-uso-sustentavel-da-terra\/#article","isPartOf":{"@id":"https:\/\/blogdacondessa.com.br\/blog\/cotidiano\/produtor-aposta-no-uso-sustentavel-da-terra\/"},"author":{"name":"Blog da Condessa","@id":"https:\/\/blogdacondessa.com.br\/blog\/#\/schema\/person\/1d667ff8b785195b568677489d266035"},"headline":"Produtor aposta no uso sustent\u00e1vel da terra","datePublished":"2026-03-10T09:00:27+00:00","mainEntityOfPage":{"@id":"https:\/\/blogdacondessa.com.br\/blog\/cotidiano\/produtor-aposta-no-uso-sustentavel-da-terra\/"},"wordCount":622,"image":{"@id":"https:\/\/blogdacondessa.com.br\/blog\/cotidiano\/produtor-aposta-no-uso-sustentavel-da-terra\/#primaryimage"},"thumbnailUrl":"https:\/\/blogdacondessa.com.br\/blog\/wp-content\/uploads\/2026\/03\/PRODUTOR.jpg","articleSection":["Cotidiano"],"inLanguage":"pt-BR"},{"@type":"WebPage","@id":"https:\/\/blogdacondessa.com.br\/blog\/cotidiano\/produtor-aposta-no-uso-sustentavel-da-terra\/","url":"https:\/\/blogdacondessa.com.br\/blog\/cotidiano\/produtor-aposta-no-uso-sustentavel-da-terra\/","name":"Produtor aposta no uso sustent\u00e1vel da terra &#8902; Blog da Condessa","isPartOf":{"@id":"https:\/\/blogdacondessa.com.br\/blog\/#website"},"primaryImageOfPage":{"@id":"https:\/\/blogdacondessa.com.br\/blog\/cotidiano\/produtor-aposta-no-uso-sustentavel-da-terra\/#primaryimage"},"image":{"@id":"https:\/\/blogdacondessa.com.br\/blog\/cotidiano\/produtor-aposta-no-uso-sustentavel-da-terra\/#primaryimage"},"thumbnailUrl":"https:\/\/blogdacondessa.com.br\/blog\/wp-content\/uploads\/2026\/03\/PRODUTOR.jpg","datePublished":"2026-03-10T09:00:27+00:00","author":{"@id":"https:\/\/blogdacondessa.com.br\/blog\/#\/schema\/person\/1d667ff8b785195b568677489d266035"},"breadcrumb":{"@id":"https:\/\/blogdacondessa.com.br\/blog\/cotidiano\/produtor-aposta-no-uso-sustentavel-da-terra\/#breadcrumb"},"inLanguage":"pt-BR","potentialAction":[{"@type":"ReadAction","target":["https:\/\/blogdacondessa.com.br\/blog\/cotidiano\/produtor-aposta-no-uso-sustentavel-da-terra\/"]}]},{"@type":"ImageObject","inLanguage":"pt-BR","@id":"https:\/\/blogdacondessa.com.br\/blog\/cotidiano\/produtor-aposta-no-uso-sustentavel-da-terra\/#primaryimage","url":"https:\/\/blogdacondessa.com.br\/blog\/wp-content\/uploads\/2026\/03\/PRODUTOR.jpg","contentUrl":"https:\/\/blogdacondessa.com.br\/blog\/wp-content\/uploads\/2026\/03\/PRODUTOR.jpg","width":1024,"height":576,"caption":"Foto por: Assessoria Seaf"},{"@type":"BreadcrumbList","@id":"https:\/\/blogdacondessa.com.br\/blog\/cotidiano\/produtor-aposta-no-uso-sustentavel-da-terra\/#breadcrumb","itemListElement":[{"@type":"ListItem","position":1,"name":"In\u00edcio","item":"https:\/\/blogdacondessa.com.br\/blog\/"},{"@type":"ListItem","position":2,"name":"Produtor aposta no uso sustent\u00e1vel da terra"}]},{"@type":"WebSite","@id":"https:\/\/blogdacondessa.com.br\/blog\/#website","url":"https:\/\/blogdacondessa.com.br\/blog\/","name":"Blog da Condessa","description":"Com Shirley de Souza O\u2019Campos","potentialAction":[{"@type":"SearchAction","target":{"@type":"EntryPoint","urlTemplate":"https:\/\/blogdacondessa.com.br\/blog\/?s={search_term_string}"},"query-input":{"@type":"PropertyValueSpecification","valueRequired":true,"valueName":"search_term_string"}}],"inLanguage":"pt-BR"},{"@type":"Person","@id":"https:\/\/blogdacondessa.com.br\/blog\/#\/schema\/person\/1d667ff8b785195b568677489d266035","name":"Blog da Condessa","image":{"@type":"ImageObject","inLanguage":"pt-BR","@id":"https:\/\/secure.gravatar.com\/avatar\/377c0eb8b4ad2bfc25461b41564b5971e721ca34a57642868fc7b0c8ac7b52c5?s=96&d=mm&r=g","url":"https:\/\/secure.gravatar.com\/avatar\/377c0eb8b4ad2bfc25461b41564b5971e721ca34a57642868fc7b0c8ac7b52c5?s=96&d=mm&r=g","contentUrl":"https:\/\/secure.gravatar.com\/avatar\/377c0eb8b4ad2bfc25461b41564b5971e721ca34a57642868fc7b0c8ac7b52c5?s=96&d=mm&r=g","caption":"Blog da Condessa"},"url":"https:\/\/blogdacondessa.com.br\/blog\/author\/beatriz\/"}]}},"_links":{"self":[{"href":"https:\/\/blogdacondessa.com.br\/blog\/wp-json\/wp\/v2\/posts\/13696","targetHints":{"allow":["GET"]}}],"collection":[{"href":"https:\/\/blogdacondessa.com.br\/blog\/wp-json\/wp\/v2\/posts"}],"about":[{"href":"https:\/\/blogdacondessa.com.br\/blog\/wp-json\/wp\/v2\/types\/post"}],"author":[{"embeddable":true,"href":"https:\/\/blogdacondessa.com.br\/blog\/wp-json\/wp\/v2\/users\/2"}],"replies":[{"embeddable":true,"href":"https:\/\/blogdacondessa.com.br\/blog\/wp-json\/wp\/v2\/comments?post=13696"}],"version-history":[{"count":1,"href":"https:\/\/blogdacondessa.com.br\/blog\/wp-json\/wp\/v2\/posts\/13696\/revisions"}],"predecessor-version":[{"id":13698,"href":"https:\/\/blogdacondessa.com.br\/blog\/wp-json\/wp\/v2\/posts\/13696\/revisions\/13698"}],"wp:featuredmedia":[{"embeddable":true,"href":"https:\/\/blogdacondessa.com.br\/blog\/wp-json\/wp\/v2\/media\/13697"}],"wp:attachment":[{"href":"https:\/\/blogdacondessa.com.br\/blog\/wp-json\/wp\/v2\/media?parent=13696"}],"wp:term":[{"taxonomy":"category","embeddable":true,"href":"https:\/\/blogdacondessa.com.br\/blog\/wp-json\/wp\/v2\/categories?post=13696"},{"taxonomy":"post_tag","embeddable":true,"href":"https:\/\/blogdacondessa.com.br\/blog\/wp-json\/wp\/v2\/tags?post=13696"}],"curies":[{"name":"wp","href":"https:\/\/api.w.org\/{rel}","templated":true}]}}