{"id":13693,"date":"2026-03-09T11:33:12","date_gmt":"2026-03-09T15:33:12","guid":{"rendered":"https:\/\/blogdacondessa.com.br\/blog\/?p=13693"},"modified":"2026-03-09T11:33:12","modified_gmt":"2026-03-09T15:33:12","slug":"premio-internacional-de-danca-de-mt-tera-premiacao-em-dinheiro-e-oportunidades-de-estudo","status":"publish","type":"post","link":"https:\/\/blogdacondessa.com.br\/blog\/cultura\/premio-internacional-de-danca-de-mt-tera-premiacao-em-dinheiro-e-oportunidades-de-estudo\/","title":{"rendered":"Pr\u00eamio Internacional de Dan\u00e7a de MT ter\u00e1 premia\u00e7\u00e3o em dinheiro e oportunidades de estudo"},"content":{"rendered":"<p><em>A mostra competitiva ocorre entre os dias 10 e 12 de abril, no Cine Teatro Cuiab\u00e1; inscri\u00e7\u00f5es at\u00e9 31 de mar\u00e7o<\/em><\/p>\n<p>A 2\u00aa edi\u00e7\u00e3o do Pr\u00eamio Internacional da Dan\u00e7a Mato Grosso (Pridamt) est\u00e1 com as inscri\u00e7\u00f5es abertas at\u00e9 31 de mar\u00e7o ou at\u00e9 o preenchimento total de vagas dispon\u00edveis. O total em pr\u00eamios \u00e9 de R$ 10 mil, distribu\u00eddos entre as quatro principais categorias \u2013 Melhor Solo e Varia\u00e7\u00e3o, Duo e Grand Pas de Deux, Trio e Melhor Conjunto -, al\u00e9m de trof\u00e9us e medalhas. O evento ser\u00e1 realizado entre 10 e 12 de abril, no Cine Teatro Cuiab\u00e1, e conta com apoio\u00a0 da Secretaria de Estado de Cultura, Esporte e Lazer (Secel\/MT).<\/p>\n<p>Dentre as categorias principais, h\u00e1 premia\u00e7\u00e3o especial para o Melhor Bailarino, Melhor Bailarina, Melhor Grupo, Revela\u00e7\u00e3o e Core\u00f3grafo Revela\u00e7\u00e3o. Eles ser\u00e3o contemplados com oportunidades de bolsas de estudo, est\u00e1gios e cursos de f\u00e9rias.<\/p>\n<p>Podem inscrever-se bailarinas e bailarinos a partir dos 8 anos de idade em nove modalidades diferentes: dan\u00e7a cl\u00e1ssica de repert\u00f3rio, dan\u00e7a contempor\u00e2nea, neo-cl\u00e1ssica, folcl\u00f3rica, sapateado, jazz, estilo livre, dan\u00e7a urbana e de sal\u00e3o. Informa\u00e7\u00f5es detalhadas est\u00e3o \u00e0 disposi\u00e7\u00e3o no regulamento disponibilizado em\u00a0<a href=\"https:\/\/linktr.ee\/premiodancamatogrosso\">linktr.ee\/premiodancamatogrosso<\/a>.<\/p>\n<p>Um dos idealizadores da premia\u00e7\u00e3o, o diretor art\u00edstico Kelson Panosso destaca que a iniciativa visa promover a dan\u00e7a no Brasil e oferecer oportunidades de interc\u00e2mbio e forma\u00e7\u00e3o profissional a jovens bailarinas e bailarinos, n\u00e3o apenas de Mato Grosso, mas de todo o pa\u00eds.<\/p>\n<p>\u201cO Pridamt \u00e9 uma plataforma que re\u00fane e revela pot\u00eancias da arte da dan\u00e7a, enquanto para alguns grupos e aprendizes configura-se como um salto no processo de aprendizagem. Eles apresentam os trabalhos para uma banca de jurados de excel\u00eancia e representatividade, tal qual no ano passado, quando contamos com a presen\u00e7a do artista e professor norte-americano, Cornell Callender, diretor da National Ballet Academy New York, e grandes express\u00f5es da dan\u00e7a no Brasil, os paulistas Andr\u00e9 Malos\u00e1, Arilton Assun\u00e7\u00e3o e Ana Botosso\u201d, frisa.<\/p>\n<p>Kelson refor\u00e7a que, al\u00e9m de compor o j\u00fari, os convidados tamb\u00e9m conduzem workshops. \u201cE claro, os que t\u00eam destaque na competi\u00e7\u00e3o, acabam tendo a oportunidade de participar de interc\u00e2mbios em outras escolas do mundo, pois contamos com parceiros para incluir na premia\u00e7\u00e3o, concess\u00e3o de bolsas e ingresso em programas de est\u00e1gio\u201d. Ao mesmo tempo, a iniciativa permite que professores, diretores de escolas e gestores culturais tenham no Pridamt um solo f\u00e9rtil para abrir di\u00e1logo e intera\u00e7\u00e3o com os inscritos, al\u00e9m de estabelecer parcerias de cria\u00e7\u00e3o no \u00e2mbito da arte, dan\u00e7a e gest\u00e3o cultural.<\/p>\n<p>Os nomes dos jurados desta edi\u00e7\u00e3o, assim como o an\u00fancio de vagas para workshops, ser\u00e3o divulgados em breve. As atualiza\u00e7\u00f5es podem ser conferidas no perfil da premia\u00e7\u00e3o no Instagram, o @premiodancamatogrosso. Al\u00e9m das vagas garantidas para bailarinos, professores de dan\u00e7a podem se inscrever na condi\u00e7\u00e3o de ouvintes. Os valores das inscri\u00e7\u00f5es tamb\u00e9m devem ser consultados no regulamento online ou ainda pelo e-mail\u00a0<a href=\"mailto:dancamatogrosso@gmail.com\">dancamatogrosso@gmail.com<\/a>.<\/p>\n<p>O Pridamt \u00e9 realizado pela Cia das Artes e Associados (Cidarta) e Malos\u00e1 Studio de Dan\u00e7a. Tamb\u00e9m conta com apoio cultural do Cine Teatro Cuiab\u00e1.<\/p>\n","protected":false},"excerpt":{"rendered":"<p>A mostra competitiva ocorre entre os dias 10 e 12 de abril, no Cine Teatro Cuiab\u00e1; inscri\u00e7\u00f5es at\u00e9 31 de mar\u00e7o A 2\u00aa edi\u00e7\u00e3o do Pr\u00eamio Internacional da Dan\u00e7a Mato Grosso (Pridamt) est\u00e1 com as inscri\u00e7\u00f5es abertas at\u00e9 31 de mar\u00e7o ou at\u00e9 o preenchimento total de vagas dispon\u00edveis. O total em pr\u00eamios \u00e9 de [&hellip;]<\/p>\n","protected":false},"author":2,"featured_media":13694,"comment_status":"closed","ping_status":"closed","sticky":false,"template":"","format":"standard","meta":{"iawp_total_views":1,"footnotes":""},"categories":[18],"tags":[],"class_list":["post-13693","post","type-post","status-publish","format-standard","has-post-thumbnail","hentry","category-cultura"],"yoast_head":"<!-- This site is optimized with the Yoast SEO plugin v27.3 - https:\/\/yoast.com\/product\/yoast-seo-wordpress\/ -->\n<title>Pr\u00eamio Internacional de Dan\u00e7a de MT ter\u00e1 premia\u00e7\u00e3o em dinheiro e oportunidades de estudo &#8902; Blog da Condessa<\/title>\n<meta name=\"robots\" content=\"index, follow, max-snippet:-1, max-image-preview:large, max-video-preview:-1\" \/>\n<link rel=\"canonical\" href=\"https:\/\/blogdacondessa.com.br\/blog\/cultura\/premio-internacional-de-danca-de-mt-tera-premiacao-em-dinheiro-e-oportunidades-de-estudo\/\" \/>\n<meta property=\"og:locale\" content=\"pt_BR\" \/>\n<meta property=\"og:type\" content=\"article\" \/>\n<meta property=\"og:title\" content=\"Pr\u00eamio Internacional de Dan\u00e7a de MT ter\u00e1 premia\u00e7\u00e3o em dinheiro e oportunidades de estudo &#8902; Blog da Condessa\" \/>\n<meta property=\"og:description\" content=\"A mostra competitiva ocorre entre os dias 10 e 12 de abril, no Cine Teatro Cuiab\u00e1; inscri\u00e7\u00f5es at\u00e9 31 de mar\u00e7o A 2\u00aa edi\u00e7\u00e3o do Pr\u00eamio Internacional da Dan\u00e7a Mato Grosso (Pridamt) est\u00e1 com as inscri\u00e7\u00f5es abertas at\u00e9 31 de mar\u00e7o ou at\u00e9 o preenchimento total de vagas dispon\u00edveis. O total em pr\u00eamios \u00e9 de [&hellip;]\" \/>\n<meta property=\"og:url\" content=\"https:\/\/blogdacondessa.com.br\/blog\/cultura\/premio-internacional-de-danca-de-mt-tera-premiacao-em-dinheiro-e-oportunidades-de-estudo\/\" \/>\n<meta property=\"og:site_name\" content=\"Blog da Condessa\" \/>\n<meta property=\"article:published_time\" content=\"2026-03-09T15:33:12+00:00\" \/>\n<meta property=\"og:image\" content=\"https:\/\/blogdacondessa.com.br\/blog\/wp-content\/uploads\/2026\/03\/Pridamt-2-Divulgacao.jpg\" \/>\n\t<meta property=\"og:image:width\" content=\"1024\" \/>\n\t<meta property=\"og:image:height\" content=\"681\" \/>\n\t<meta property=\"og:image:type\" content=\"image\/jpeg\" \/>\n<meta name=\"author\" content=\"Blog da Condessa\" \/>\n<meta name=\"twitter:card\" content=\"summary_large_image\" \/>\n<meta name=\"twitter:label1\" content=\"Escrito por\" \/>\n\t<meta name=\"twitter:data1\" content=\"Blog da Condessa\" \/>\n\t<meta name=\"twitter:label2\" content=\"Est. tempo de leitura\" \/>\n\t<meta name=\"twitter:data2\" content=\"3 minutos\" \/>\n<script type=\"application\/ld+json\" class=\"yoast-schema-graph\">{\"@context\":\"https:\\\/\\\/schema.org\",\"@graph\":[{\"@type\":\"Article\",\"@id\":\"https:\\\/\\\/blogdacondessa.com.br\\\/blog\\\/cultura\\\/premio-internacional-de-danca-de-mt-tera-premiacao-em-dinheiro-e-oportunidades-de-estudo\\\/#article\",\"isPartOf\":{\"@id\":\"https:\\\/\\\/blogdacondessa.com.br\\\/blog\\\/cultura\\\/premio-internacional-de-danca-de-mt-tera-premiacao-em-dinheiro-e-oportunidades-de-estudo\\\/\"},\"author\":{\"name\":\"Blog da Condessa\",\"@id\":\"https:\\\/\\\/blogdacondessa.com.br\\\/blog\\\/#\\\/schema\\\/person\\\/1d667ff8b785195b568677489d266035\"},\"headline\":\"Pr\u00eamio Internacional de Dan\u00e7a de MT ter\u00e1 premia\u00e7\u00e3o em dinheiro e oportunidades de estudo\",\"datePublished\":\"2026-03-09T15:33:12+00:00\",\"mainEntityOfPage\":{\"@id\":\"https:\\\/\\\/blogdacondessa.com.br\\\/blog\\\/cultura\\\/premio-internacional-de-danca-de-mt-tera-premiacao-em-dinheiro-e-oportunidades-de-estudo\\\/\"},\"wordCount\":579,\"image\":{\"@id\":\"https:\\\/\\\/blogdacondessa.com.br\\\/blog\\\/cultura\\\/premio-internacional-de-danca-de-mt-tera-premiacao-em-dinheiro-e-oportunidades-de-estudo\\\/#primaryimage\"},\"thumbnailUrl\":\"https:\\\/\\\/blogdacondessa.com.br\\\/blog\\\/wp-content\\\/uploads\\\/2026\\\/03\\\/Pridamt-2-Divulgacao.jpg\",\"articleSection\":[\"Cultura\"],\"inLanguage\":\"pt-BR\"},{\"@type\":\"WebPage\",\"@id\":\"https:\\\/\\\/blogdacondessa.com.br\\\/blog\\\/cultura\\\/premio-internacional-de-danca-de-mt-tera-premiacao-em-dinheiro-e-oportunidades-de-estudo\\\/\",\"url\":\"https:\\\/\\\/blogdacondessa.com.br\\\/blog\\\/cultura\\\/premio-internacional-de-danca-de-mt-tera-premiacao-em-dinheiro-e-oportunidades-de-estudo\\\/\",\"name\":\"Pr\u00eamio Internacional de Dan\u00e7a de MT ter\u00e1 premia\u00e7\u00e3o em dinheiro e oportunidades de estudo &#8902; Blog da Condessa\",\"isPartOf\":{\"@id\":\"https:\\\/\\\/blogdacondessa.com.br\\\/blog\\\/#website\"},\"primaryImageOfPage\":{\"@id\":\"https:\\\/\\\/blogdacondessa.com.br\\\/blog\\\/cultura\\\/premio-internacional-de-danca-de-mt-tera-premiacao-em-dinheiro-e-oportunidades-de-estudo\\\/#primaryimage\"},\"image\":{\"@id\":\"https:\\\/\\\/blogdacondessa.com.br\\\/blog\\\/cultura\\\/premio-internacional-de-danca-de-mt-tera-premiacao-em-dinheiro-e-oportunidades-de-estudo\\\/#primaryimage\"},\"thumbnailUrl\":\"https:\\\/\\\/blogdacondessa.com.br\\\/blog\\\/wp-content\\\/uploads\\\/2026\\\/03\\\/Pridamt-2-Divulgacao.jpg\",\"datePublished\":\"2026-03-09T15:33:12+00:00\",\"author\":{\"@id\":\"https:\\\/\\\/blogdacondessa.com.br\\\/blog\\\/#\\\/schema\\\/person\\\/1d667ff8b785195b568677489d266035\"},\"breadcrumb\":{\"@id\":\"https:\\\/\\\/blogdacondessa.com.br\\\/blog\\\/cultura\\\/premio-internacional-de-danca-de-mt-tera-premiacao-em-dinheiro-e-oportunidades-de-estudo\\\/#breadcrumb\"},\"inLanguage\":\"pt-BR\",\"potentialAction\":[{\"@type\":\"ReadAction\",\"target\":[\"https:\\\/\\\/blogdacondessa.com.br\\\/blog\\\/cultura\\\/premio-internacional-de-danca-de-mt-tera-premiacao-em-dinheiro-e-oportunidades-de-estudo\\\/\"]}]},{\"@type\":\"ImageObject\",\"inLanguage\":\"pt-BR\",\"@id\":\"https:\\\/\\\/blogdacondessa.com.br\\\/blog\\\/cultura\\\/premio-internacional-de-danca-de-mt-tera-premiacao-em-dinheiro-e-oportunidades-de-estudo\\\/#primaryimage\",\"url\":\"https:\\\/\\\/blogdacondessa.com.br\\\/blog\\\/wp-content\\\/uploads\\\/2026\\\/03\\\/Pridamt-2-Divulgacao.jpg\",\"contentUrl\":\"https:\\\/\\\/blogdacondessa.com.br\\\/blog\\\/wp-content\\\/uploads\\\/2026\\\/03\\\/Pridamt-2-Divulgacao.jpg\",\"width\":1024,\"height\":681,\"caption\":\"Pridamt - divulga\u00e7\u00e3o\"},{\"@type\":\"BreadcrumbList\",\"@id\":\"https:\\\/\\\/blogdacondessa.com.br\\\/blog\\\/cultura\\\/premio-internacional-de-danca-de-mt-tera-premiacao-em-dinheiro-e-oportunidades-de-estudo\\\/#breadcrumb\",\"itemListElement\":[{\"@type\":\"ListItem\",\"position\":1,\"name\":\"In\u00edcio\",\"item\":\"https:\\\/\\\/blogdacondessa.com.br\\\/blog\\\/\"},{\"@type\":\"ListItem\",\"position\":2,\"name\":\"Pr\u00eamio Internacional de Dan\u00e7a de MT ter\u00e1 premia\u00e7\u00e3o em dinheiro e oportunidades de estudo\"}]},{\"@type\":\"WebSite\",\"@id\":\"https:\\\/\\\/blogdacondessa.com.br\\\/blog\\\/#website\",\"url\":\"https:\\\/\\\/blogdacondessa.com.br\\\/blog\\\/\",\"name\":\"Blog da Condessa\",\"description\":\"Com Shirley de Souza O\u2019Campos\",\"potentialAction\":[{\"@type\":\"SearchAction\",\"target\":{\"@type\":\"EntryPoint\",\"urlTemplate\":\"https:\\\/\\\/blogdacondessa.com.br\\\/blog\\\/?s={search_term_string}\"},\"query-input\":{\"@type\":\"PropertyValueSpecification\",\"valueRequired\":true,\"valueName\":\"search_term_string\"}}],\"inLanguage\":\"pt-BR\"},{\"@type\":\"Person\",\"@id\":\"https:\\\/\\\/blogdacondessa.com.br\\\/blog\\\/#\\\/schema\\\/person\\\/1d667ff8b785195b568677489d266035\",\"name\":\"Blog da Condessa\",\"image\":{\"@type\":\"ImageObject\",\"inLanguage\":\"pt-BR\",\"@id\":\"https:\\\/\\\/secure.gravatar.com\\\/avatar\\\/377c0eb8b4ad2bfc25461b41564b5971e721ca34a57642868fc7b0c8ac7b52c5?s=96&d=mm&r=g\",\"url\":\"https:\\\/\\\/secure.gravatar.com\\\/avatar\\\/377c0eb8b4ad2bfc25461b41564b5971e721ca34a57642868fc7b0c8ac7b52c5?s=96&d=mm&r=g\",\"contentUrl\":\"https:\\\/\\\/secure.gravatar.com\\\/avatar\\\/377c0eb8b4ad2bfc25461b41564b5971e721ca34a57642868fc7b0c8ac7b52c5?s=96&d=mm&r=g\",\"caption\":\"Blog da Condessa\"},\"url\":\"https:\\\/\\\/blogdacondessa.com.br\\\/blog\\\/author\\\/beatriz\\\/\"}]}<\/script>\n<!-- \/ Yoast SEO plugin. -->","yoast_head_json":{"title":"Pr\u00eamio Internacional de Dan\u00e7a de MT ter\u00e1 premia\u00e7\u00e3o em dinheiro e oportunidades de estudo &#8902; Blog da Condessa","robots":{"index":"index","follow":"follow","max-snippet":"max-snippet:-1","max-image-preview":"max-image-preview:large","max-video-preview":"max-video-preview:-1"},"canonical":"https:\/\/blogdacondessa.com.br\/blog\/cultura\/premio-internacional-de-danca-de-mt-tera-premiacao-em-dinheiro-e-oportunidades-de-estudo\/","og_locale":"pt_BR","og_type":"article","og_title":"Pr\u00eamio Internacional de Dan\u00e7a de MT ter\u00e1 premia\u00e7\u00e3o em dinheiro e oportunidades de estudo &#8902; Blog da Condessa","og_description":"A mostra competitiva ocorre entre os dias 10 e 12 de abril, no Cine Teatro Cuiab\u00e1; inscri\u00e7\u00f5es at\u00e9 31 de mar\u00e7o A 2\u00aa edi\u00e7\u00e3o do Pr\u00eamio Internacional da Dan\u00e7a Mato Grosso (Pridamt) est\u00e1 com as inscri\u00e7\u00f5es abertas at\u00e9 31 de mar\u00e7o ou at\u00e9 o preenchimento total de vagas dispon\u00edveis. O total em pr\u00eamios \u00e9 de [&hellip;]","og_url":"https:\/\/blogdacondessa.com.br\/blog\/cultura\/premio-internacional-de-danca-de-mt-tera-premiacao-em-dinheiro-e-oportunidades-de-estudo\/","og_site_name":"Blog da Condessa","article_published_time":"2026-03-09T15:33:12+00:00","og_image":[{"width":1024,"height":681,"url":"https:\/\/blogdacondessa.com.br\/blog\/wp-content\/uploads\/2026\/03\/Pridamt-2-Divulgacao.jpg","type":"image\/jpeg"}],"author":"Blog da Condessa","twitter_card":"summary_large_image","twitter_misc":{"Escrito por":"Blog da Condessa","Est. tempo de leitura":"3 minutos"},"schema":{"@context":"https:\/\/schema.org","@graph":[{"@type":"Article","@id":"https:\/\/blogdacondessa.com.br\/blog\/cultura\/premio-internacional-de-danca-de-mt-tera-premiacao-em-dinheiro-e-oportunidades-de-estudo\/#article","isPartOf":{"@id":"https:\/\/blogdacondessa.com.br\/blog\/cultura\/premio-internacional-de-danca-de-mt-tera-premiacao-em-dinheiro-e-oportunidades-de-estudo\/"},"author":{"name":"Blog da Condessa","@id":"https:\/\/blogdacondessa.com.br\/blog\/#\/schema\/person\/1d667ff8b785195b568677489d266035"},"headline":"Pr\u00eamio Internacional de Dan\u00e7a de MT ter\u00e1 premia\u00e7\u00e3o em dinheiro e oportunidades de estudo","datePublished":"2026-03-09T15:33:12+00:00","mainEntityOfPage":{"@id":"https:\/\/blogdacondessa.com.br\/blog\/cultura\/premio-internacional-de-danca-de-mt-tera-premiacao-em-dinheiro-e-oportunidades-de-estudo\/"},"wordCount":579,"image":{"@id":"https:\/\/blogdacondessa.com.br\/blog\/cultura\/premio-internacional-de-danca-de-mt-tera-premiacao-em-dinheiro-e-oportunidades-de-estudo\/#primaryimage"},"thumbnailUrl":"https:\/\/blogdacondessa.com.br\/blog\/wp-content\/uploads\/2026\/03\/Pridamt-2-Divulgacao.jpg","articleSection":["Cultura"],"inLanguage":"pt-BR"},{"@type":"WebPage","@id":"https:\/\/blogdacondessa.com.br\/blog\/cultura\/premio-internacional-de-danca-de-mt-tera-premiacao-em-dinheiro-e-oportunidades-de-estudo\/","url":"https:\/\/blogdacondessa.com.br\/blog\/cultura\/premio-internacional-de-danca-de-mt-tera-premiacao-em-dinheiro-e-oportunidades-de-estudo\/","name":"Pr\u00eamio Internacional de Dan\u00e7a de MT ter\u00e1 premia\u00e7\u00e3o em dinheiro e oportunidades de estudo &#8902; Blog da Condessa","isPartOf":{"@id":"https:\/\/blogdacondessa.com.br\/blog\/#website"},"primaryImageOfPage":{"@id":"https:\/\/blogdacondessa.com.br\/blog\/cultura\/premio-internacional-de-danca-de-mt-tera-premiacao-em-dinheiro-e-oportunidades-de-estudo\/#primaryimage"},"image":{"@id":"https:\/\/blogdacondessa.com.br\/blog\/cultura\/premio-internacional-de-danca-de-mt-tera-premiacao-em-dinheiro-e-oportunidades-de-estudo\/#primaryimage"},"thumbnailUrl":"https:\/\/blogdacondessa.com.br\/blog\/wp-content\/uploads\/2026\/03\/Pridamt-2-Divulgacao.jpg","datePublished":"2026-03-09T15:33:12+00:00","author":{"@id":"https:\/\/blogdacondessa.com.br\/blog\/#\/schema\/person\/1d667ff8b785195b568677489d266035"},"breadcrumb":{"@id":"https:\/\/blogdacondessa.com.br\/blog\/cultura\/premio-internacional-de-danca-de-mt-tera-premiacao-em-dinheiro-e-oportunidades-de-estudo\/#breadcrumb"},"inLanguage":"pt-BR","potentialAction":[{"@type":"ReadAction","target":["https:\/\/blogdacondessa.com.br\/blog\/cultura\/premio-internacional-de-danca-de-mt-tera-premiacao-em-dinheiro-e-oportunidades-de-estudo\/"]}]},{"@type":"ImageObject","inLanguage":"pt-BR","@id":"https:\/\/blogdacondessa.com.br\/blog\/cultura\/premio-internacional-de-danca-de-mt-tera-premiacao-em-dinheiro-e-oportunidades-de-estudo\/#primaryimage","url":"https:\/\/blogdacondessa.com.br\/blog\/wp-content\/uploads\/2026\/03\/Pridamt-2-Divulgacao.jpg","contentUrl":"https:\/\/blogdacondessa.com.br\/blog\/wp-content\/uploads\/2026\/03\/Pridamt-2-Divulgacao.jpg","width":1024,"height":681,"caption":"Pridamt - divulga\u00e7\u00e3o"},{"@type":"BreadcrumbList","@id":"https:\/\/blogdacondessa.com.br\/blog\/cultura\/premio-internacional-de-danca-de-mt-tera-premiacao-em-dinheiro-e-oportunidades-de-estudo\/#breadcrumb","itemListElement":[{"@type":"ListItem","position":1,"name":"In\u00edcio","item":"https:\/\/blogdacondessa.com.br\/blog\/"},{"@type":"ListItem","position":2,"name":"Pr\u00eamio Internacional de Dan\u00e7a de MT ter\u00e1 premia\u00e7\u00e3o em dinheiro e oportunidades de estudo"}]},{"@type":"WebSite","@id":"https:\/\/blogdacondessa.com.br\/blog\/#website","url":"https:\/\/blogdacondessa.com.br\/blog\/","name":"Blog da Condessa","description":"Com Shirley de Souza O\u2019Campos","potentialAction":[{"@type":"SearchAction","target":{"@type":"EntryPoint","urlTemplate":"https:\/\/blogdacondessa.com.br\/blog\/?s={search_term_string}"},"query-input":{"@type":"PropertyValueSpecification","valueRequired":true,"valueName":"search_term_string"}}],"inLanguage":"pt-BR"},{"@type":"Person","@id":"https:\/\/blogdacondessa.com.br\/blog\/#\/schema\/person\/1d667ff8b785195b568677489d266035","name":"Blog da Condessa","image":{"@type":"ImageObject","inLanguage":"pt-BR","@id":"https:\/\/secure.gravatar.com\/avatar\/377c0eb8b4ad2bfc25461b41564b5971e721ca34a57642868fc7b0c8ac7b52c5?s=96&d=mm&r=g","url":"https:\/\/secure.gravatar.com\/avatar\/377c0eb8b4ad2bfc25461b41564b5971e721ca34a57642868fc7b0c8ac7b52c5?s=96&d=mm&r=g","contentUrl":"https:\/\/secure.gravatar.com\/avatar\/377c0eb8b4ad2bfc25461b41564b5971e721ca34a57642868fc7b0c8ac7b52c5?s=96&d=mm&r=g","caption":"Blog da Condessa"},"url":"https:\/\/blogdacondessa.com.br\/blog\/author\/beatriz\/"}]}},"_links":{"self":[{"href":"https:\/\/blogdacondessa.com.br\/blog\/wp-json\/wp\/v2\/posts\/13693","targetHints":{"allow":["GET"]}}],"collection":[{"href":"https:\/\/blogdacondessa.com.br\/blog\/wp-json\/wp\/v2\/posts"}],"about":[{"href":"https:\/\/blogdacondessa.com.br\/blog\/wp-json\/wp\/v2\/types\/post"}],"author":[{"embeddable":true,"href":"https:\/\/blogdacondessa.com.br\/blog\/wp-json\/wp\/v2\/users\/2"}],"replies":[{"embeddable":true,"href":"https:\/\/blogdacondessa.com.br\/blog\/wp-json\/wp\/v2\/comments?post=13693"}],"version-history":[{"count":1,"href":"https:\/\/blogdacondessa.com.br\/blog\/wp-json\/wp\/v2\/posts\/13693\/revisions"}],"predecessor-version":[{"id":13695,"href":"https:\/\/blogdacondessa.com.br\/blog\/wp-json\/wp\/v2\/posts\/13693\/revisions\/13695"}],"wp:featuredmedia":[{"embeddable":true,"href":"https:\/\/blogdacondessa.com.br\/blog\/wp-json\/wp\/v2\/media\/13694"}],"wp:attachment":[{"href":"https:\/\/blogdacondessa.com.br\/blog\/wp-json\/wp\/v2\/media?parent=13693"}],"wp:term":[{"taxonomy":"category","embeddable":true,"href":"https:\/\/blogdacondessa.com.br\/blog\/wp-json\/wp\/v2\/categories?post=13693"},{"taxonomy":"post_tag","embeddable":true,"href":"https:\/\/blogdacondessa.com.br\/blog\/wp-json\/wp\/v2\/tags?post=13693"}],"curies":[{"name":"wp","href":"https:\/\/api.w.org\/{rel}","templated":true}]}}