{"id":13690,"date":"2026-03-09T05:00:05","date_gmt":"2026-03-09T09:00:05","guid":{"rendered":"https:\/\/blogdacondessa.com.br\/blog\/?p=13690"},"modified":"2026-03-08T19:31:31","modified_gmt":"2026-03-08T23:31:31","slug":"agropecuaria-gera-mais-de-10-mil-empregos-em-mato-grosso-e-destaca-estado-no-cenario-nacional","status":"publish","type":"post","link":"https:\/\/blogdacondessa.com.br\/blog\/agronegocio\/agropecuaria-gera-mais-de-10-mil-empregos-em-mato-grosso-e-destaca-estado-no-cenario-nacional\/","title":{"rendered":"Agropecu\u00e1ria gera mais de 10 mil empregos em Mato Grosso e destaca Estado no cen\u00e1rio nacional"},"content":{"rendered":"<p>Cultivo de soja, pecu\u00e1ria de corte e atividades de apoio \u00e0 agricultura puxaram as contrata\u00e7\u00f5es<\/p>\n<p>O mercado de trabalho em Mato Grosso iniciou 2026 em ritmo positivo, com forte destaque para o agroneg\u00f3cio. O Estado foi respons\u00e1vel por 43,7% dos empregos gerados na agropecu\u00e1ria brasileira em janeiro de 2026, com 10.074 novos postos de trabalho, de um total de 23.073 vagas criadas no pa\u00eds no per\u00edodo.<\/p>\n<p>Com esse resultado, o Estado foi o segundo que mais gerou empregos no setor, atr\u00e1s apenas do Rio Grande do Sul, que registrou 11.139 vagas. Os dados s\u00e3o do Novo Cadastro Geral de Empregados e Desempregados (Caged), do Minist\u00e9rio do Trabalho e Emprego, compilados pelo Centro de Dados Econ\u00f4micos de Mato Grosso (DataHub MT), da Secretaria de Estado de Desenvolvimento Econ\u00f4mico (Sedec).<\/p>\n<p>O desempenho refor\u00e7a a import\u00e2ncia do agroneg\u00f3cio para o mercado de trabalho estadual. Em janeiro, Mato Grosso registrou saldo positivo de 18.731 novos empregos formais, o que representa 16,7% de todas as vagas criadas no Brasil, que somaram 112.334 no per\u00edodo. O setor da agropecu\u00e1ria foi o principal respons\u00e1vel por esse resultado, concentrando 54% das contrata\u00e7\u00f5es registradas no Estado no m\u00eas.<\/p>\n<p>O saldo positivo da agropecu\u00e1ria est\u00e1 diretamente ligado ao in\u00edcio da colheita de 2026, especialmente nas atividades relacionadas ao cultivo de soja, respons\u00e1vel por 72% das vagas criadas no setor, o equivalente a 7.299 empregos. Tamb\u00e9m contribu\u00edram para o resultado a cria\u00e7\u00e3o de bovinos para corte, com 804 vagas (8%), o cultivo de milho, com 497 empregos (5%), al\u00e9m de servi\u00e7os de prepara\u00e7\u00e3o de terreno, cultivo e colheita, e atividades de apoio \u00e0 agricultura.<\/p>\n<p>As cidades com maior gera\u00e7\u00e3o de empregos na agropecu\u00e1ria foram Sorriso (779), Nova Mutum (403), Brasnorte (386), Primavera do Leste (368) e Pedra Preta (351), seguidas por munic\u00edpios como Paranatinga, Campo Novo do Parecis, Quer\u00eancia, Diamantino e Nova Ubirat\u00e3.<\/p>\n<p>A expectativa de continuidade do bom desempenho do setor tamb\u00e9m \u00e9 refor\u00e7ada pelas estimativas do Instituto Brasileiro de Geografia e Estat\u00edstica (IBGE), que indicaram varia\u00e7\u00e3o positiva de 2,04 milh\u00f5es de toneladas na produ\u00e7\u00e3o de cereais, leguminosas e oleaginosas em Mato Grosso em janeiro de 2026, em rela\u00e7\u00e3o ao m\u00eas anterior. O resultado aponta para a manuten\u00e7\u00e3o da forte produ\u00e7\u00e3o registrada em 2025, com tend\u00eancia de leve crescimento.<\/p>\n<p>O secret\u00e1rio de Estado de Desenvolvimento Econ\u00f4mico em exerc\u00edcio, Anderson Lombardi, ressalta que o desempenho do mercado de trabalho em Mato Grosso reflete o ambiente favor\u00e1vel para a produ\u00e7\u00e3o e os investimentos no Estado.<\/p>\n<p>\u201cOs n\u00fameros mostram com muita clareza a for\u00e7a da economia mato-grossense. Mato Grosso come\u00e7a o ano com um saldo expressivo de gera\u00e7\u00e3o de empregos e a agropecu\u00e1ria tem papel central nesse resultado. Dos mais de 18 mil postos de trabalho criados em janeiro, mais de 10 mil vieram do agro, o que demonstra como o setor segue impulsionando oportunidades, movimentando a economia e contribuindo para o desenvolvimento regional. Esse desempenho tamb\u00e9m reflete a confian\u00e7a de quem produz e investe no Estado, al\u00e9m do dinamismo das nossas cadeias produtivas\u201d, destacou.<\/p>\n","protected":false},"excerpt":{"rendered":"<p>Cultivo de soja, pecu\u00e1ria de corte e atividades de apoio \u00e0 agricultura puxaram as contrata\u00e7\u00f5es O mercado de trabalho em Mato Grosso iniciou 2026 em ritmo positivo, com forte destaque para o agroneg\u00f3cio. O Estado foi respons\u00e1vel por 43,7% dos empregos gerados na agropecu\u00e1ria brasileira em janeiro de 2026, com 10.074 novos postos de trabalho, [&hellip;]<\/p>\n","protected":false},"author":2,"featured_media":13691,"comment_status":"closed","ping_status":"closed","sticky":false,"template":"","format":"standard","meta":{"iawp_total_views":3,"footnotes":""},"categories":[11],"tags":[],"class_list":["post-13690","post","type-post","status-publish","format-standard","has-post-thumbnail","hentry","category-agronegocio"],"yoast_head":"<!-- This site is optimized with the Yoast SEO plugin v27.3 - https:\/\/yoast.com\/product\/yoast-seo-wordpress\/ -->\n<title>Agropecu\u00e1ria gera mais de 10 mil empregos em Mato Grosso e destaca Estado no cen\u00e1rio nacional &#8902; Blog da Condessa<\/title>\n<meta name=\"robots\" content=\"index, follow, max-snippet:-1, max-image-preview:large, max-video-preview:-1\" \/>\n<link rel=\"canonical\" href=\"https:\/\/blogdacondessa.com.br\/blog\/agronegocio\/agropecuaria-gera-mais-de-10-mil-empregos-em-mato-grosso-e-destaca-estado-no-cenario-nacional\/\" \/>\n<meta property=\"og:locale\" content=\"pt_BR\" \/>\n<meta property=\"og:type\" content=\"article\" \/>\n<meta property=\"og:title\" content=\"Agropecu\u00e1ria gera mais de 10 mil empregos em Mato Grosso e destaca Estado no cen\u00e1rio nacional &#8902; Blog da Condessa\" \/>\n<meta property=\"og:description\" content=\"Cultivo de soja, pecu\u00e1ria de corte e atividades de apoio \u00e0 agricultura puxaram as contrata\u00e7\u00f5es O mercado de trabalho em Mato Grosso iniciou 2026 em ritmo positivo, com forte destaque para o agroneg\u00f3cio. O Estado foi respons\u00e1vel por 43,7% dos empregos gerados na agropecu\u00e1ria brasileira em janeiro de 2026, com 10.074 novos postos de trabalho, [&hellip;]\" \/>\n<meta property=\"og:url\" content=\"https:\/\/blogdacondessa.com.br\/blog\/agronegocio\/agropecuaria-gera-mais-de-10-mil-empregos-em-mato-grosso-e-destaca-estado-no-cenario-nacional\/\" \/>\n<meta property=\"og:site_name\" content=\"Blog da Condessa\" \/>\n<meta property=\"article:published_time\" content=\"2026-03-09T09:00:05+00:00\" \/>\n<meta property=\"og:image\" content=\"https:\/\/blogdacondessa.com.br\/blog\/wp-content\/uploads\/2026\/03\/agropecuaria.jpg\" \/>\n\t<meta property=\"og:image:width\" content=\"1024\" \/>\n\t<meta property=\"og:image:height\" content=\"683\" \/>\n\t<meta property=\"og:image:type\" content=\"image\/jpeg\" \/>\n<meta name=\"author\" content=\"Blog da Condessa\" \/>\n<meta name=\"twitter:card\" content=\"summary_large_image\" \/>\n<meta name=\"twitter:label1\" content=\"Escrito por\" \/>\n\t<meta name=\"twitter:data1\" content=\"Blog da Condessa\" \/>\n\t<meta name=\"twitter:label2\" content=\"Est. tempo de leitura\" \/>\n\t<meta name=\"twitter:data2\" content=\"3 minutos\" \/>\n<script type=\"application\/ld+json\" class=\"yoast-schema-graph\">{\"@context\":\"https:\\\/\\\/schema.org\",\"@graph\":[{\"@type\":\"Article\",\"@id\":\"https:\\\/\\\/blogdacondessa.com.br\\\/blog\\\/agronegocio\\\/agropecuaria-gera-mais-de-10-mil-empregos-em-mato-grosso-e-destaca-estado-no-cenario-nacional\\\/#article\",\"isPartOf\":{\"@id\":\"https:\\\/\\\/blogdacondessa.com.br\\\/blog\\\/agronegocio\\\/agropecuaria-gera-mais-de-10-mil-empregos-em-mato-grosso-e-destaca-estado-no-cenario-nacional\\\/\"},\"author\":{\"name\":\"Blog da Condessa\",\"@id\":\"https:\\\/\\\/blogdacondessa.com.br\\\/blog\\\/#\\\/schema\\\/person\\\/1d667ff8b785195b568677489d266035\"},\"headline\":\"Agropecu\u00e1ria gera mais de 10 mil empregos em Mato Grosso e destaca Estado no cen\u00e1rio nacional\",\"datePublished\":\"2026-03-09T09:00:05+00:00\",\"mainEntityOfPage\":{\"@id\":\"https:\\\/\\\/blogdacondessa.com.br\\\/blog\\\/agronegocio\\\/agropecuaria-gera-mais-de-10-mil-empregos-em-mato-grosso-e-destaca-estado-no-cenario-nacional\\\/\"},\"wordCount\":536,\"image\":{\"@id\":\"https:\\\/\\\/blogdacondessa.com.br\\\/blog\\\/agronegocio\\\/agropecuaria-gera-mais-de-10-mil-empregos-em-mato-grosso-e-destaca-estado-no-cenario-nacional\\\/#primaryimage\"},\"thumbnailUrl\":\"https:\\\/\\\/blogdacondessa.com.br\\\/blog\\\/wp-content\\\/uploads\\\/2026\\\/03\\\/agropecuaria.jpg\",\"articleSection\":[\"Agroneg\u00f3cio\"],\"inLanguage\":\"pt-BR\"},{\"@type\":\"WebPage\",\"@id\":\"https:\\\/\\\/blogdacondessa.com.br\\\/blog\\\/agronegocio\\\/agropecuaria-gera-mais-de-10-mil-empregos-em-mato-grosso-e-destaca-estado-no-cenario-nacional\\\/\",\"url\":\"https:\\\/\\\/blogdacondessa.com.br\\\/blog\\\/agronegocio\\\/agropecuaria-gera-mais-de-10-mil-empregos-em-mato-grosso-e-destaca-estado-no-cenario-nacional\\\/\",\"name\":\"Agropecu\u00e1ria gera mais de 10 mil empregos em Mato Grosso e destaca Estado no cen\u00e1rio nacional &#8902; Blog da Condessa\",\"isPartOf\":{\"@id\":\"https:\\\/\\\/blogdacondessa.com.br\\\/blog\\\/#website\"},\"primaryImageOfPage\":{\"@id\":\"https:\\\/\\\/blogdacondessa.com.br\\\/blog\\\/agronegocio\\\/agropecuaria-gera-mais-de-10-mil-empregos-em-mato-grosso-e-destaca-estado-no-cenario-nacional\\\/#primaryimage\"},\"image\":{\"@id\":\"https:\\\/\\\/blogdacondessa.com.br\\\/blog\\\/agronegocio\\\/agropecuaria-gera-mais-de-10-mil-empregos-em-mato-grosso-e-destaca-estado-no-cenario-nacional\\\/#primaryimage\"},\"thumbnailUrl\":\"https:\\\/\\\/blogdacondessa.com.br\\\/blog\\\/wp-content\\\/uploads\\\/2026\\\/03\\\/agropecuaria.jpg\",\"datePublished\":\"2026-03-09T09:00:05+00:00\",\"author\":{\"@id\":\"https:\\\/\\\/blogdacondessa.com.br\\\/blog\\\/#\\\/schema\\\/person\\\/1d667ff8b785195b568677489d266035\"},\"breadcrumb\":{\"@id\":\"https:\\\/\\\/blogdacondessa.com.br\\\/blog\\\/agronegocio\\\/agropecuaria-gera-mais-de-10-mil-empregos-em-mato-grosso-e-destaca-estado-no-cenario-nacional\\\/#breadcrumb\"},\"inLanguage\":\"pt-BR\",\"potentialAction\":[{\"@type\":\"ReadAction\",\"target\":[\"https:\\\/\\\/blogdacondessa.com.br\\\/blog\\\/agronegocio\\\/agropecuaria-gera-mais-de-10-mil-empregos-em-mato-grosso-e-destaca-estado-no-cenario-nacional\\\/\"]}]},{\"@type\":\"ImageObject\",\"inLanguage\":\"pt-BR\",\"@id\":\"https:\\\/\\\/blogdacondessa.com.br\\\/blog\\\/agronegocio\\\/agropecuaria-gera-mais-de-10-mil-empregos-em-mato-grosso-e-destaca-estado-no-cenario-nacional\\\/#primaryimage\",\"url\":\"https:\\\/\\\/blogdacondessa.com.br\\\/blog\\\/wp-content\\\/uploads\\\/2026\\\/03\\\/agropecuaria.jpg\",\"contentUrl\":\"https:\\\/\\\/blogdacondessa.com.br\\\/blog\\\/wp-content\\\/uploads\\\/2026\\\/03\\\/agropecuaria.jpg\",\"width\":1024,\"height\":683,\"caption\":\"Foto: hristiano Antonucci - Secom\"},{\"@type\":\"BreadcrumbList\",\"@id\":\"https:\\\/\\\/blogdacondessa.com.br\\\/blog\\\/agronegocio\\\/agropecuaria-gera-mais-de-10-mil-empregos-em-mato-grosso-e-destaca-estado-no-cenario-nacional\\\/#breadcrumb\",\"itemListElement\":[{\"@type\":\"ListItem\",\"position\":1,\"name\":\"In\u00edcio\",\"item\":\"https:\\\/\\\/blogdacondessa.com.br\\\/blog\\\/\"},{\"@type\":\"ListItem\",\"position\":2,\"name\":\"Agropecu\u00e1ria gera mais de 10 mil empregos em Mato Grosso e destaca Estado no cen\u00e1rio nacional\"}]},{\"@type\":\"WebSite\",\"@id\":\"https:\\\/\\\/blogdacondessa.com.br\\\/blog\\\/#website\",\"url\":\"https:\\\/\\\/blogdacondessa.com.br\\\/blog\\\/\",\"name\":\"Blog da Condessa\",\"description\":\"Com Shirley de Souza O\u2019Campos\",\"potentialAction\":[{\"@type\":\"SearchAction\",\"target\":{\"@type\":\"EntryPoint\",\"urlTemplate\":\"https:\\\/\\\/blogdacondessa.com.br\\\/blog\\\/?s={search_term_string}\"},\"query-input\":{\"@type\":\"PropertyValueSpecification\",\"valueRequired\":true,\"valueName\":\"search_term_string\"}}],\"inLanguage\":\"pt-BR\"},{\"@type\":\"Person\",\"@id\":\"https:\\\/\\\/blogdacondessa.com.br\\\/blog\\\/#\\\/schema\\\/person\\\/1d667ff8b785195b568677489d266035\",\"name\":\"Blog da Condessa\",\"image\":{\"@type\":\"ImageObject\",\"inLanguage\":\"pt-BR\",\"@id\":\"https:\\\/\\\/secure.gravatar.com\\\/avatar\\\/377c0eb8b4ad2bfc25461b41564b5971e721ca34a57642868fc7b0c8ac7b52c5?s=96&d=mm&r=g\",\"url\":\"https:\\\/\\\/secure.gravatar.com\\\/avatar\\\/377c0eb8b4ad2bfc25461b41564b5971e721ca34a57642868fc7b0c8ac7b52c5?s=96&d=mm&r=g\",\"contentUrl\":\"https:\\\/\\\/secure.gravatar.com\\\/avatar\\\/377c0eb8b4ad2bfc25461b41564b5971e721ca34a57642868fc7b0c8ac7b52c5?s=96&d=mm&r=g\",\"caption\":\"Blog da Condessa\"},\"url\":\"https:\\\/\\\/blogdacondessa.com.br\\\/blog\\\/author\\\/beatriz\\\/\"}]}<\/script>\n<!-- \/ Yoast SEO plugin. -->","yoast_head_json":{"title":"Agropecu\u00e1ria gera mais de 10 mil empregos em Mato Grosso e destaca Estado no cen\u00e1rio nacional &#8902; Blog da Condessa","robots":{"index":"index","follow":"follow","max-snippet":"max-snippet:-1","max-image-preview":"max-image-preview:large","max-video-preview":"max-video-preview:-1"},"canonical":"https:\/\/blogdacondessa.com.br\/blog\/agronegocio\/agropecuaria-gera-mais-de-10-mil-empregos-em-mato-grosso-e-destaca-estado-no-cenario-nacional\/","og_locale":"pt_BR","og_type":"article","og_title":"Agropecu\u00e1ria gera mais de 10 mil empregos em Mato Grosso e destaca Estado no cen\u00e1rio nacional &#8902; Blog da Condessa","og_description":"Cultivo de soja, pecu\u00e1ria de corte e atividades de apoio \u00e0 agricultura puxaram as contrata\u00e7\u00f5es O mercado de trabalho em Mato Grosso iniciou 2026 em ritmo positivo, com forte destaque para o agroneg\u00f3cio. O Estado foi respons\u00e1vel por 43,7% dos empregos gerados na agropecu\u00e1ria brasileira em janeiro de 2026, com 10.074 novos postos de trabalho, [&hellip;]","og_url":"https:\/\/blogdacondessa.com.br\/blog\/agronegocio\/agropecuaria-gera-mais-de-10-mil-empregos-em-mato-grosso-e-destaca-estado-no-cenario-nacional\/","og_site_name":"Blog da Condessa","article_published_time":"2026-03-09T09:00:05+00:00","og_image":[{"width":1024,"height":683,"url":"https:\/\/blogdacondessa.com.br\/blog\/wp-content\/uploads\/2026\/03\/agropecuaria.jpg","type":"image\/jpeg"}],"author":"Blog da Condessa","twitter_card":"summary_large_image","twitter_misc":{"Escrito por":"Blog da Condessa","Est. tempo de leitura":"3 minutos"},"schema":{"@context":"https:\/\/schema.org","@graph":[{"@type":"Article","@id":"https:\/\/blogdacondessa.com.br\/blog\/agronegocio\/agropecuaria-gera-mais-de-10-mil-empregos-em-mato-grosso-e-destaca-estado-no-cenario-nacional\/#article","isPartOf":{"@id":"https:\/\/blogdacondessa.com.br\/blog\/agronegocio\/agropecuaria-gera-mais-de-10-mil-empregos-em-mato-grosso-e-destaca-estado-no-cenario-nacional\/"},"author":{"name":"Blog da Condessa","@id":"https:\/\/blogdacondessa.com.br\/blog\/#\/schema\/person\/1d667ff8b785195b568677489d266035"},"headline":"Agropecu\u00e1ria gera mais de 10 mil empregos em Mato Grosso e destaca Estado no cen\u00e1rio nacional","datePublished":"2026-03-09T09:00:05+00:00","mainEntityOfPage":{"@id":"https:\/\/blogdacondessa.com.br\/blog\/agronegocio\/agropecuaria-gera-mais-de-10-mil-empregos-em-mato-grosso-e-destaca-estado-no-cenario-nacional\/"},"wordCount":536,"image":{"@id":"https:\/\/blogdacondessa.com.br\/blog\/agronegocio\/agropecuaria-gera-mais-de-10-mil-empregos-em-mato-grosso-e-destaca-estado-no-cenario-nacional\/#primaryimage"},"thumbnailUrl":"https:\/\/blogdacondessa.com.br\/blog\/wp-content\/uploads\/2026\/03\/agropecuaria.jpg","articleSection":["Agroneg\u00f3cio"],"inLanguage":"pt-BR"},{"@type":"WebPage","@id":"https:\/\/blogdacondessa.com.br\/blog\/agronegocio\/agropecuaria-gera-mais-de-10-mil-empregos-em-mato-grosso-e-destaca-estado-no-cenario-nacional\/","url":"https:\/\/blogdacondessa.com.br\/blog\/agronegocio\/agropecuaria-gera-mais-de-10-mil-empregos-em-mato-grosso-e-destaca-estado-no-cenario-nacional\/","name":"Agropecu\u00e1ria gera mais de 10 mil empregos em Mato Grosso e destaca Estado no cen\u00e1rio nacional &#8902; Blog da Condessa","isPartOf":{"@id":"https:\/\/blogdacondessa.com.br\/blog\/#website"},"primaryImageOfPage":{"@id":"https:\/\/blogdacondessa.com.br\/blog\/agronegocio\/agropecuaria-gera-mais-de-10-mil-empregos-em-mato-grosso-e-destaca-estado-no-cenario-nacional\/#primaryimage"},"image":{"@id":"https:\/\/blogdacondessa.com.br\/blog\/agronegocio\/agropecuaria-gera-mais-de-10-mil-empregos-em-mato-grosso-e-destaca-estado-no-cenario-nacional\/#primaryimage"},"thumbnailUrl":"https:\/\/blogdacondessa.com.br\/blog\/wp-content\/uploads\/2026\/03\/agropecuaria.jpg","datePublished":"2026-03-09T09:00:05+00:00","author":{"@id":"https:\/\/blogdacondessa.com.br\/blog\/#\/schema\/person\/1d667ff8b785195b568677489d266035"},"breadcrumb":{"@id":"https:\/\/blogdacondessa.com.br\/blog\/agronegocio\/agropecuaria-gera-mais-de-10-mil-empregos-em-mato-grosso-e-destaca-estado-no-cenario-nacional\/#breadcrumb"},"inLanguage":"pt-BR","potentialAction":[{"@type":"ReadAction","target":["https:\/\/blogdacondessa.com.br\/blog\/agronegocio\/agropecuaria-gera-mais-de-10-mil-empregos-em-mato-grosso-e-destaca-estado-no-cenario-nacional\/"]}]},{"@type":"ImageObject","inLanguage":"pt-BR","@id":"https:\/\/blogdacondessa.com.br\/blog\/agronegocio\/agropecuaria-gera-mais-de-10-mil-empregos-em-mato-grosso-e-destaca-estado-no-cenario-nacional\/#primaryimage","url":"https:\/\/blogdacondessa.com.br\/blog\/wp-content\/uploads\/2026\/03\/agropecuaria.jpg","contentUrl":"https:\/\/blogdacondessa.com.br\/blog\/wp-content\/uploads\/2026\/03\/agropecuaria.jpg","width":1024,"height":683,"caption":"Foto: hristiano Antonucci - Secom"},{"@type":"BreadcrumbList","@id":"https:\/\/blogdacondessa.com.br\/blog\/agronegocio\/agropecuaria-gera-mais-de-10-mil-empregos-em-mato-grosso-e-destaca-estado-no-cenario-nacional\/#breadcrumb","itemListElement":[{"@type":"ListItem","position":1,"name":"In\u00edcio","item":"https:\/\/blogdacondessa.com.br\/blog\/"},{"@type":"ListItem","position":2,"name":"Agropecu\u00e1ria gera mais de 10 mil empregos em Mato Grosso e destaca Estado no cen\u00e1rio nacional"}]},{"@type":"WebSite","@id":"https:\/\/blogdacondessa.com.br\/blog\/#website","url":"https:\/\/blogdacondessa.com.br\/blog\/","name":"Blog da Condessa","description":"Com Shirley de Souza O\u2019Campos","potentialAction":[{"@type":"SearchAction","target":{"@type":"EntryPoint","urlTemplate":"https:\/\/blogdacondessa.com.br\/blog\/?s={search_term_string}"},"query-input":{"@type":"PropertyValueSpecification","valueRequired":true,"valueName":"search_term_string"}}],"inLanguage":"pt-BR"},{"@type":"Person","@id":"https:\/\/blogdacondessa.com.br\/blog\/#\/schema\/person\/1d667ff8b785195b568677489d266035","name":"Blog da Condessa","image":{"@type":"ImageObject","inLanguage":"pt-BR","@id":"https:\/\/secure.gravatar.com\/avatar\/377c0eb8b4ad2bfc25461b41564b5971e721ca34a57642868fc7b0c8ac7b52c5?s=96&d=mm&r=g","url":"https:\/\/secure.gravatar.com\/avatar\/377c0eb8b4ad2bfc25461b41564b5971e721ca34a57642868fc7b0c8ac7b52c5?s=96&d=mm&r=g","contentUrl":"https:\/\/secure.gravatar.com\/avatar\/377c0eb8b4ad2bfc25461b41564b5971e721ca34a57642868fc7b0c8ac7b52c5?s=96&d=mm&r=g","caption":"Blog da Condessa"},"url":"https:\/\/blogdacondessa.com.br\/blog\/author\/beatriz\/"}]}},"_links":{"self":[{"href":"https:\/\/blogdacondessa.com.br\/blog\/wp-json\/wp\/v2\/posts\/13690","targetHints":{"allow":["GET"]}}],"collection":[{"href":"https:\/\/blogdacondessa.com.br\/blog\/wp-json\/wp\/v2\/posts"}],"about":[{"href":"https:\/\/blogdacondessa.com.br\/blog\/wp-json\/wp\/v2\/types\/post"}],"author":[{"embeddable":true,"href":"https:\/\/blogdacondessa.com.br\/blog\/wp-json\/wp\/v2\/users\/2"}],"replies":[{"embeddable":true,"href":"https:\/\/blogdacondessa.com.br\/blog\/wp-json\/wp\/v2\/comments?post=13690"}],"version-history":[{"count":1,"href":"https:\/\/blogdacondessa.com.br\/blog\/wp-json\/wp\/v2\/posts\/13690\/revisions"}],"predecessor-version":[{"id":13692,"href":"https:\/\/blogdacondessa.com.br\/blog\/wp-json\/wp\/v2\/posts\/13690\/revisions\/13692"}],"wp:featuredmedia":[{"embeddable":true,"href":"https:\/\/blogdacondessa.com.br\/blog\/wp-json\/wp\/v2\/media\/13691"}],"wp:attachment":[{"href":"https:\/\/blogdacondessa.com.br\/blog\/wp-json\/wp\/v2\/media?parent=13690"}],"wp:term":[{"taxonomy":"category","embeddable":true,"href":"https:\/\/blogdacondessa.com.br\/blog\/wp-json\/wp\/v2\/categories?post=13690"},{"taxonomy":"post_tag","embeddable":true,"href":"https:\/\/blogdacondessa.com.br\/blog\/wp-json\/wp\/v2\/tags?post=13690"}],"curies":[{"name":"wp","href":"https:\/\/api.w.org\/{rel}","templated":true}]}}