{"id":13671,"date":"2026-03-05T05:00:03","date_gmt":"2026-03-05T09:00:03","guid":{"rendered":"https:\/\/blogdacondessa.com.br\/blog\/?p=13671"},"modified":"2026-03-04T19:52:17","modified_gmt":"2026-03-04T23:52:17","slug":"teatreiras-em-cena","status":"publish","type":"post","link":"https:\/\/blogdacondessa.com.br\/blog\/cultura\/teatreiras-em-cena\/","title":{"rendered":"\u201cTeatreiras em Cena\u201d"},"content":{"rendered":"<p><em>Projeto oferta oficinas de teatro como ferramenta de desenvolvimento humano. Contemplada pela Secel no edital Viver Cultura \u2013 Pnab, a iniciativa ser\u00e1 realizada em diferentes espa\u00e7os de Cuiab\u00e1 no m\u00eas de mar\u00e7o<\/em><\/p>\n<p>O projeto \u201cTeatreiras em Cena\u201d vai ensinar t\u00e9cnicas de teatro como ferramenta de desenvolvimento humano com oficinas realizadas em diferentes espa\u00e7os de Cuiab\u00e1, a partir da pr\u00f3xima sexta-feira (6.3). As inscri\u00e7\u00f5es s\u00e3o gratuitas e podem ser feitas at\u00e9 o esgotamento das vagas pelo site\u00a0<a href=\"https:\/\/www.alicceoliveira.com.br\/projetos\/teatreiras-em-cena\/\">www.alicceoliveira.com.br\/projetos\/teatreiras-em-cena\/<\/a><\/p>\n<p>Contemplada pela Secretaria de Estado de Cultura, Esporte e Lazer (Secel-MT) no edital Viver Cultura \u2013 edi\u00e7\u00e3o Pol\u00edtica Nacional Aldir Blanc (Pnab), a iniciativa aborda inicia\u00e7\u00e3o ao teatro, improvisa\u00e7\u00e3o, express\u00e3o corporal e vocal, al\u00e9m de t\u00e9cnicas de leitura e memoriza\u00e7\u00e3o. As oficinas s\u00e3o ministradas pela experiente atriz Alicce Oliveira.<\/p>\n<p>Podem participar educadores, mediadores de leitura, artistas, bibliotec\u00e1rios, arte-educadores e profissionais de diversas \u00e1reas para integrar pr\u00e1ticas teatrais em ambientes educacionais e culturais.<\/p>\n<p>\u201cA oficina n\u00e3o tem o intuito de formar atores e sim proporcionar experi\u00eancias art\u00edsticas e socioemocionais que ir\u00e3o agregar sentido e valores para profissionais tanto da \u00e1rea da educa\u00e7\u00e3o como em outras \u00e1reas correlatas\u201d, explica Alicce Oliveira.<\/p>\n<p>Para a atriz, a arte contempla in\u00fameros benef\u00edcios para a forma\u00e7\u00e3o do ser humano como um todo.<\/p>\n<p>\u201cO fazer art\u00edstico \u00e9 uma das artes que integra o desenvolvimento completo do ser humano (corpo, voz e mente), e cada participante n\u00e3o \u00e9 apenas espectador e sim protagonista, tendo experi\u00eancias pr\u00e1ticas atrav\u00e9s da proposta de jogos teatrais, onde a pessoa pode criar, experimentar, improvisar e desenvolver sentidos coletivamente\u201d, conclui.<\/p>\n<p>As atividades ocorrem nos seguintes espa\u00e7os: Centro Estadual de Atendimento e Apoio ao Deficiente Auditivo (Bairro Consil), Escola Municipal Ana Teresa Arcos Krause (bairro Jardim Industri\u00e1rio II, Col\u00e9gio Din\u00e2mico (Bairro Jd. Universit\u00e1rio), Secretaria de Assist\u00eancia Social, Direitos Humanos e Inclus\u00e3o (bairro Jardim It\u00e1lia) e Instituto Federal de Mato Grosso (Centro).<\/p>\n<p>H\u00e1 25 vagas para cada local. O formul\u00e1rio de inscri\u00e7\u00e3o e a data em que cada local receber\u00e1 a oficina pode ser conferida neste<a href=\"https:\/\/www.alicceoliveira.com.br\/projetos\/teatreiras-em-cena\/\">\u00a0link<\/a>.<\/p>\n<p>\u00c9 importante frisar que o projeto garante a acessibilidade para Pessoas com Defici\u00eancia (PcD), em especial a auditiva, com int\u00e9rpretes de Libras, monitores para apoio, materiais adaptados e espa\u00e7os acess\u00edveis. A organiza\u00e7\u00e3o do projeto sugere que as pessoas com defici\u00eancia auditiva realizem a sua inscri\u00e7\u00e3o para o Centro Estadual de Atendimento e Apoio ao Deficiente Auditivo.<\/p>\n<p>\u201cSer\u00e1 nossa primeira experi\u00eancia mais consistente atendendo pessoas com defici\u00eancia auditiva, pessoas com defici\u00eancia motora (cadeirantes, mobilidade reduzida) de forma mais interativa como uma oficina pr\u00e1tica exige. Para isso, a forma\u00e7\u00e3o desenvolvida pelo Acessa Libras para o projeto est\u00e1 sendo um diferencial a parte, e a expectativa \u00e9 que ser\u00e1 uma troca muito bacana\u201d, expressa a produtora do projeto, Maz\u00e9 Oliveira.<\/p>\n<p>O Teatreiras em Cena nasceu de uma parceria realizada por Alicce em 2024 com Mauricio Ricardo, tamb\u00e9m ator. Nesta rodada, a parceria \u00e9 entre Alicce Oliveira, Naine Terena e Maz\u00e9 Oliveira, que j\u00e1 atuam em rede h\u00e1 mais de dez anos. A ideia \u00e9 reunir as expertises das produtoras culturais em um projeto que consolida a atua\u00e7\u00e3o e a for\u00e7a das artes c\u00eanicas, com um olhar ampliado para o bem viver e ferramenta profissional.<\/p>\n<p>Mais informa\u00e7\u00f5es:<br \/>\n<a href=\"https:\/\/www.alicceoliveira.com.br\/projetos\/teatreiras-em-cena\/\">www.alicceoliveira.com.br\/projetos\/teatreiras-em-cena\/ \u00a0<\/a><br \/>\nE-mail: producaoculturalmt@gmail.com<br \/>\nWhatsapp: (65) 9 8144-2519<\/p>\n","protected":false},"excerpt":{"rendered":"<p>Projeto oferta oficinas de teatro como ferramenta de desenvolvimento humano. Contemplada pela Secel no edital Viver Cultura \u2013 Pnab, a iniciativa ser\u00e1 realizada em diferentes espa\u00e7os de Cuiab\u00e1 no m\u00eas de mar\u00e7o O projeto \u201cTeatreiras em Cena\u201d vai ensinar t\u00e9cnicas de teatro como ferramenta de desenvolvimento humano com oficinas realizadas em diferentes espa\u00e7os de Cuiab\u00e1, [&hellip;]<\/p>\n","protected":false},"author":2,"featured_media":13672,"comment_status":"closed","ping_status":"closed","sticky":false,"template":"","format":"standard","meta":{"iawp_total_views":1,"footnotes":""},"categories":[18],"tags":[],"class_list":["post-13671","post","type-post","status-publish","format-standard","has-post-thumbnail","hentry","category-cultura"],"yoast_head":"<!-- This site is optimized with the Yoast SEO plugin v27.3 - https:\/\/yoast.com\/product\/yoast-seo-wordpress\/ -->\n<title>\u201cTeatreiras em Cena\u201d &#8902; Blog da Condessa<\/title>\n<meta name=\"robots\" content=\"index, follow, max-snippet:-1, max-image-preview:large, max-video-preview:-1\" \/>\n<link rel=\"canonical\" href=\"https:\/\/blogdacondessa.com.br\/blog\/cultura\/teatreiras-em-cena\/\" \/>\n<meta property=\"og:locale\" content=\"pt_BR\" \/>\n<meta property=\"og:type\" content=\"article\" \/>\n<meta property=\"og:title\" content=\"\u201cTeatreiras em Cena\u201d &#8902; Blog da Condessa\" \/>\n<meta property=\"og:description\" content=\"Projeto oferta oficinas de teatro como ferramenta de desenvolvimento humano. Contemplada pela Secel no edital Viver Cultura \u2013 Pnab, a iniciativa ser\u00e1 realizada em diferentes espa\u00e7os de Cuiab\u00e1 no m\u00eas de mar\u00e7o O projeto \u201cTeatreiras em Cena\u201d vai ensinar t\u00e9cnicas de teatro como ferramenta de desenvolvimento humano com oficinas realizadas em diferentes espa\u00e7os de Cuiab\u00e1, [&hellip;]\" \/>\n<meta property=\"og:url\" content=\"https:\/\/blogdacondessa.com.br\/blog\/cultura\/teatreiras-em-cena\/\" \/>\n<meta property=\"og:site_name\" content=\"Blog da Condessa\" \/>\n<meta property=\"article:published_time\" content=\"2026-03-05T09:00:03+00:00\" \/>\n<meta property=\"og:image\" content=\"https:\/\/blogdacondessa.com.br\/blog\/wp-content\/uploads\/2026\/03\/teatreiras-em-cena.jpg\" \/>\n\t<meta property=\"og:image:width\" content=\"1024\" \/>\n\t<meta property=\"og:image:height\" content=\"696\" \/>\n\t<meta property=\"og:image:type\" content=\"image\/jpeg\" \/>\n<meta name=\"author\" content=\"Blog da Condessa\" \/>\n<meta name=\"twitter:card\" content=\"summary_large_image\" \/>\n<meta name=\"twitter:label1\" content=\"Escrito por\" \/>\n\t<meta name=\"twitter:data1\" content=\"Blog da Condessa\" \/>\n\t<meta name=\"twitter:label2\" content=\"Est. tempo de leitura\" \/>\n\t<meta name=\"twitter:data2\" content=\"4 minutos\" \/>\n<script type=\"application\/ld+json\" class=\"yoast-schema-graph\">{\"@context\":\"https:\\\/\\\/schema.org\",\"@graph\":[{\"@type\":\"Article\",\"@id\":\"https:\\\/\\\/blogdacondessa.com.br\\\/blog\\\/cultura\\\/teatreiras-em-cena\\\/#article\",\"isPartOf\":{\"@id\":\"https:\\\/\\\/blogdacondessa.com.br\\\/blog\\\/cultura\\\/teatreiras-em-cena\\\/\"},\"author\":{\"name\":\"Blog da Condessa\",\"@id\":\"https:\\\/\\\/blogdacondessa.com.br\\\/blog\\\/#\\\/schema\\\/person\\\/1d667ff8b785195b568677489d266035\"},\"headline\":\"\u201cTeatreiras em Cena\u201d\",\"datePublished\":\"2026-03-05T09:00:03+00:00\",\"mainEntityOfPage\":{\"@id\":\"https:\\\/\\\/blogdacondessa.com.br\\\/blog\\\/cultura\\\/teatreiras-em-cena\\\/\"},\"wordCount\":589,\"image\":{\"@id\":\"https:\\\/\\\/blogdacondessa.com.br\\\/blog\\\/cultura\\\/teatreiras-em-cena\\\/#primaryimage\"},\"thumbnailUrl\":\"https:\\\/\\\/blogdacondessa.com.br\\\/blog\\\/wp-content\\\/uploads\\\/2026\\\/03\\\/teatreiras-em-cena.jpg\",\"articleSection\":[\"Cultura\"],\"inLanguage\":\"pt-BR\"},{\"@type\":\"WebPage\",\"@id\":\"https:\\\/\\\/blogdacondessa.com.br\\\/blog\\\/cultura\\\/teatreiras-em-cena\\\/\",\"url\":\"https:\\\/\\\/blogdacondessa.com.br\\\/blog\\\/cultura\\\/teatreiras-em-cena\\\/\",\"name\":\"\u201cTeatreiras em Cena\u201d &#8902; Blog da Condessa\",\"isPartOf\":{\"@id\":\"https:\\\/\\\/blogdacondessa.com.br\\\/blog\\\/#website\"},\"primaryImageOfPage\":{\"@id\":\"https:\\\/\\\/blogdacondessa.com.br\\\/blog\\\/cultura\\\/teatreiras-em-cena\\\/#primaryimage\"},\"image\":{\"@id\":\"https:\\\/\\\/blogdacondessa.com.br\\\/blog\\\/cultura\\\/teatreiras-em-cena\\\/#primaryimage\"},\"thumbnailUrl\":\"https:\\\/\\\/blogdacondessa.com.br\\\/blog\\\/wp-content\\\/uploads\\\/2026\\\/03\\\/teatreiras-em-cena.jpg\",\"datePublished\":\"2026-03-05T09:00:03+00:00\",\"author\":{\"@id\":\"https:\\\/\\\/blogdacondessa.com.br\\\/blog\\\/#\\\/schema\\\/person\\\/1d667ff8b785195b568677489d266035\"},\"breadcrumb\":{\"@id\":\"https:\\\/\\\/blogdacondessa.com.br\\\/blog\\\/cultura\\\/teatreiras-em-cena\\\/#breadcrumb\"},\"inLanguage\":\"pt-BR\",\"potentialAction\":[{\"@type\":\"ReadAction\",\"target\":[\"https:\\\/\\\/blogdacondessa.com.br\\\/blog\\\/cultura\\\/teatreiras-em-cena\\\/\"]}]},{\"@type\":\"ImageObject\",\"inLanguage\":\"pt-BR\",\"@id\":\"https:\\\/\\\/blogdacondessa.com.br\\\/blog\\\/cultura\\\/teatreiras-em-cena\\\/#primaryimage\",\"url\":\"https:\\\/\\\/blogdacondessa.com.br\\\/blog\\\/wp-content\\\/uploads\\\/2026\\\/03\\\/teatreiras-em-cena.jpg\",\"contentUrl\":\"https:\\\/\\\/blogdacondessa.com.br\\\/blog\\\/wp-content\\\/uploads\\\/2026\\\/03\\\/teatreiras-em-cena.jpg\",\"width\":1024,\"height\":696},{\"@type\":\"BreadcrumbList\",\"@id\":\"https:\\\/\\\/blogdacondessa.com.br\\\/blog\\\/cultura\\\/teatreiras-em-cena\\\/#breadcrumb\",\"itemListElement\":[{\"@type\":\"ListItem\",\"position\":1,\"name\":\"In\u00edcio\",\"item\":\"https:\\\/\\\/blogdacondessa.com.br\\\/blog\\\/\"},{\"@type\":\"ListItem\",\"position\":2,\"name\":\"\u201cTeatreiras em Cena\u201d\"}]},{\"@type\":\"WebSite\",\"@id\":\"https:\\\/\\\/blogdacondessa.com.br\\\/blog\\\/#website\",\"url\":\"https:\\\/\\\/blogdacondessa.com.br\\\/blog\\\/\",\"name\":\"Blog da Condessa\",\"description\":\"Com Shirley de Souza O\u2019Campos\",\"potentialAction\":[{\"@type\":\"SearchAction\",\"target\":{\"@type\":\"EntryPoint\",\"urlTemplate\":\"https:\\\/\\\/blogdacondessa.com.br\\\/blog\\\/?s={search_term_string}\"},\"query-input\":{\"@type\":\"PropertyValueSpecification\",\"valueRequired\":true,\"valueName\":\"search_term_string\"}}],\"inLanguage\":\"pt-BR\"},{\"@type\":\"Person\",\"@id\":\"https:\\\/\\\/blogdacondessa.com.br\\\/blog\\\/#\\\/schema\\\/person\\\/1d667ff8b785195b568677489d266035\",\"name\":\"Blog da Condessa\",\"image\":{\"@type\":\"ImageObject\",\"inLanguage\":\"pt-BR\",\"@id\":\"https:\\\/\\\/secure.gravatar.com\\\/avatar\\\/377c0eb8b4ad2bfc25461b41564b5971e721ca34a57642868fc7b0c8ac7b52c5?s=96&d=mm&r=g\",\"url\":\"https:\\\/\\\/secure.gravatar.com\\\/avatar\\\/377c0eb8b4ad2bfc25461b41564b5971e721ca34a57642868fc7b0c8ac7b52c5?s=96&d=mm&r=g\",\"contentUrl\":\"https:\\\/\\\/secure.gravatar.com\\\/avatar\\\/377c0eb8b4ad2bfc25461b41564b5971e721ca34a57642868fc7b0c8ac7b52c5?s=96&d=mm&r=g\",\"caption\":\"Blog da Condessa\"},\"url\":\"https:\\\/\\\/blogdacondessa.com.br\\\/blog\\\/author\\\/beatriz\\\/\"}]}<\/script>\n<!-- \/ Yoast SEO plugin. -->","yoast_head_json":{"title":"\u201cTeatreiras em Cena\u201d &#8902; Blog da Condessa","robots":{"index":"index","follow":"follow","max-snippet":"max-snippet:-1","max-image-preview":"max-image-preview:large","max-video-preview":"max-video-preview:-1"},"canonical":"https:\/\/blogdacondessa.com.br\/blog\/cultura\/teatreiras-em-cena\/","og_locale":"pt_BR","og_type":"article","og_title":"\u201cTeatreiras em Cena\u201d &#8902; Blog da Condessa","og_description":"Projeto oferta oficinas de teatro como ferramenta de desenvolvimento humano. Contemplada pela Secel no edital Viver Cultura \u2013 Pnab, a iniciativa ser\u00e1 realizada em diferentes espa\u00e7os de Cuiab\u00e1 no m\u00eas de mar\u00e7o O projeto \u201cTeatreiras em Cena\u201d vai ensinar t\u00e9cnicas de teatro como ferramenta de desenvolvimento humano com oficinas realizadas em diferentes espa\u00e7os de Cuiab\u00e1, [&hellip;]","og_url":"https:\/\/blogdacondessa.com.br\/blog\/cultura\/teatreiras-em-cena\/","og_site_name":"Blog da Condessa","article_published_time":"2026-03-05T09:00:03+00:00","og_image":[{"width":1024,"height":696,"url":"https:\/\/blogdacondessa.com.br\/blog\/wp-content\/uploads\/2026\/03\/teatreiras-em-cena.jpg","type":"image\/jpeg"}],"author":"Blog da Condessa","twitter_card":"summary_large_image","twitter_misc":{"Escrito por":"Blog da Condessa","Est. tempo de leitura":"4 minutos"},"schema":{"@context":"https:\/\/schema.org","@graph":[{"@type":"Article","@id":"https:\/\/blogdacondessa.com.br\/blog\/cultura\/teatreiras-em-cena\/#article","isPartOf":{"@id":"https:\/\/blogdacondessa.com.br\/blog\/cultura\/teatreiras-em-cena\/"},"author":{"name":"Blog da Condessa","@id":"https:\/\/blogdacondessa.com.br\/blog\/#\/schema\/person\/1d667ff8b785195b568677489d266035"},"headline":"\u201cTeatreiras em Cena\u201d","datePublished":"2026-03-05T09:00:03+00:00","mainEntityOfPage":{"@id":"https:\/\/blogdacondessa.com.br\/blog\/cultura\/teatreiras-em-cena\/"},"wordCount":589,"image":{"@id":"https:\/\/blogdacondessa.com.br\/blog\/cultura\/teatreiras-em-cena\/#primaryimage"},"thumbnailUrl":"https:\/\/blogdacondessa.com.br\/blog\/wp-content\/uploads\/2026\/03\/teatreiras-em-cena.jpg","articleSection":["Cultura"],"inLanguage":"pt-BR"},{"@type":"WebPage","@id":"https:\/\/blogdacondessa.com.br\/blog\/cultura\/teatreiras-em-cena\/","url":"https:\/\/blogdacondessa.com.br\/blog\/cultura\/teatreiras-em-cena\/","name":"\u201cTeatreiras em Cena\u201d &#8902; Blog da Condessa","isPartOf":{"@id":"https:\/\/blogdacondessa.com.br\/blog\/#website"},"primaryImageOfPage":{"@id":"https:\/\/blogdacondessa.com.br\/blog\/cultura\/teatreiras-em-cena\/#primaryimage"},"image":{"@id":"https:\/\/blogdacondessa.com.br\/blog\/cultura\/teatreiras-em-cena\/#primaryimage"},"thumbnailUrl":"https:\/\/blogdacondessa.com.br\/blog\/wp-content\/uploads\/2026\/03\/teatreiras-em-cena.jpg","datePublished":"2026-03-05T09:00:03+00:00","author":{"@id":"https:\/\/blogdacondessa.com.br\/blog\/#\/schema\/person\/1d667ff8b785195b568677489d266035"},"breadcrumb":{"@id":"https:\/\/blogdacondessa.com.br\/blog\/cultura\/teatreiras-em-cena\/#breadcrumb"},"inLanguage":"pt-BR","potentialAction":[{"@type":"ReadAction","target":["https:\/\/blogdacondessa.com.br\/blog\/cultura\/teatreiras-em-cena\/"]}]},{"@type":"ImageObject","inLanguage":"pt-BR","@id":"https:\/\/blogdacondessa.com.br\/blog\/cultura\/teatreiras-em-cena\/#primaryimage","url":"https:\/\/blogdacondessa.com.br\/blog\/wp-content\/uploads\/2026\/03\/teatreiras-em-cena.jpg","contentUrl":"https:\/\/blogdacondessa.com.br\/blog\/wp-content\/uploads\/2026\/03\/teatreiras-em-cena.jpg","width":1024,"height":696},{"@type":"BreadcrumbList","@id":"https:\/\/blogdacondessa.com.br\/blog\/cultura\/teatreiras-em-cena\/#breadcrumb","itemListElement":[{"@type":"ListItem","position":1,"name":"In\u00edcio","item":"https:\/\/blogdacondessa.com.br\/blog\/"},{"@type":"ListItem","position":2,"name":"\u201cTeatreiras em Cena\u201d"}]},{"@type":"WebSite","@id":"https:\/\/blogdacondessa.com.br\/blog\/#website","url":"https:\/\/blogdacondessa.com.br\/blog\/","name":"Blog da Condessa","description":"Com Shirley de Souza O\u2019Campos","potentialAction":[{"@type":"SearchAction","target":{"@type":"EntryPoint","urlTemplate":"https:\/\/blogdacondessa.com.br\/blog\/?s={search_term_string}"},"query-input":{"@type":"PropertyValueSpecification","valueRequired":true,"valueName":"search_term_string"}}],"inLanguage":"pt-BR"},{"@type":"Person","@id":"https:\/\/blogdacondessa.com.br\/blog\/#\/schema\/person\/1d667ff8b785195b568677489d266035","name":"Blog da Condessa","image":{"@type":"ImageObject","inLanguage":"pt-BR","@id":"https:\/\/secure.gravatar.com\/avatar\/377c0eb8b4ad2bfc25461b41564b5971e721ca34a57642868fc7b0c8ac7b52c5?s=96&d=mm&r=g","url":"https:\/\/secure.gravatar.com\/avatar\/377c0eb8b4ad2bfc25461b41564b5971e721ca34a57642868fc7b0c8ac7b52c5?s=96&d=mm&r=g","contentUrl":"https:\/\/secure.gravatar.com\/avatar\/377c0eb8b4ad2bfc25461b41564b5971e721ca34a57642868fc7b0c8ac7b52c5?s=96&d=mm&r=g","caption":"Blog da Condessa"},"url":"https:\/\/blogdacondessa.com.br\/blog\/author\/beatriz\/"}]}},"_links":{"self":[{"href":"https:\/\/blogdacondessa.com.br\/blog\/wp-json\/wp\/v2\/posts\/13671","targetHints":{"allow":["GET"]}}],"collection":[{"href":"https:\/\/blogdacondessa.com.br\/blog\/wp-json\/wp\/v2\/posts"}],"about":[{"href":"https:\/\/blogdacondessa.com.br\/blog\/wp-json\/wp\/v2\/types\/post"}],"author":[{"embeddable":true,"href":"https:\/\/blogdacondessa.com.br\/blog\/wp-json\/wp\/v2\/users\/2"}],"replies":[{"embeddable":true,"href":"https:\/\/blogdacondessa.com.br\/blog\/wp-json\/wp\/v2\/comments?post=13671"}],"version-history":[{"count":1,"href":"https:\/\/blogdacondessa.com.br\/blog\/wp-json\/wp\/v2\/posts\/13671\/revisions"}],"predecessor-version":[{"id":13673,"href":"https:\/\/blogdacondessa.com.br\/blog\/wp-json\/wp\/v2\/posts\/13671\/revisions\/13673"}],"wp:featuredmedia":[{"embeddable":true,"href":"https:\/\/blogdacondessa.com.br\/blog\/wp-json\/wp\/v2\/media\/13672"}],"wp:attachment":[{"href":"https:\/\/blogdacondessa.com.br\/blog\/wp-json\/wp\/v2\/media?parent=13671"}],"wp:term":[{"taxonomy":"category","embeddable":true,"href":"https:\/\/blogdacondessa.com.br\/blog\/wp-json\/wp\/v2\/categories?post=13671"},{"taxonomy":"post_tag","embeddable":true,"href":"https:\/\/blogdacondessa.com.br\/blog\/wp-json\/wp\/v2\/tags?post=13671"}],"curies":[{"name":"wp","href":"https:\/\/api.w.org\/{rel}","templated":true}]}}