{"id":13647,"date":"2026-02-28T05:00:19","date_gmt":"2026-02-28T09:00:19","guid":{"rendered":"https:\/\/blogdacondessa.com.br\/blog\/?p=13647"},"modified":"2026-02-27T19:45:36","modified_gmt":"2026-02-27T23:45:36","slug":"personalidade-de-mato-grosso-tem-sua-movimentada-e-controversa-trajetoria-de-vida-publicada","status":"publish","type":"post","link":"https:\/\/blogdacondessa.com.br\/blog\/cultura\/personalidade-de-mato-grosso-tem-sua-movimentada-e-controversa-trajetoria-de-vida-publicada\/","title":{"rendered":"Personalidade de Mato Grosso tem sua movimentada e controversa trajet\u00f3ria de vida publicada"},"content":{"rendered":"<p>\u201cPadre Ernesto Camillo Barreto \u00e9 produto de seu tempo,\u201d nos conta o professor doutor e p\u00f3s-doutor em Hist\u00f3ria, Vitali Joanoni Neto, que assina o pref\u00e1cio do livro que ser\u00e1 lan\u00e7ado in\u00edcio de mar\u00e7o, na Casa Bar\u00e3o de Melga\u00e7o, pela Entrelinhas Editora. \u201cSua forma\u00e7\u00e3o eclesi\u00e1stica lhe deu as compet\u00eancias em Teologia, Filosofia, Hist\u00f3ria&#8230; Sua compet\u00eancia pode ser reconhecida quando de sua titula\u00e7\u00e3o como Protonot\u00e1rio Apost\u00f3lico, concedida pelo Papa Pio IX, algo not\u00e1vel. Os membros do clero envolviam-se intensa e profundamente na vida pol\u00edtica do pa\u00eds. E no caso de Mato Grosso, a segunda metade do XIX e o in\u00edcio do XX, foi um tempo pr\u00f3digo em conflitos e escaramu\u00e7as, como o leitor poder\u00e1 ler esta obra\u201d, conta o professor Vitali, agu\u00e7ando a curiosidade dos que se interessam pelo tema e pela hist\u00f3ria.<\/p>\n<p>O leitor encontrar\u00e1 neste livro o registro documental do seu envolvimento afetivo com Dona Maria do Ros\u00e1rio Pires, com quem teve sete filhos \u2013 fato recorrente no clero brasileiro nesse per\u00edodo \u2013, dando origem a um grande tronco da Fam\u00edlia Barreto. E justamente um dos descendentes do Pe. Ernesto Camillo Barreto, o coautor Luiz Ernesto da Silva Barreto, \u00e9 quem se aprofundou na pesquisa durante anos, juntamente com sua esposa Neila Maria de Souza Barreto, atual presidente do Instituto Hist\u00f3rico e Geogr\u00e1fico de Mato Grosso, membro da Academia Mato-grossense de Letras e autora de diversos livros.<\/p>\n<p>Luiz Ernesto Barreto, descendente de Pe. Ernesto, coautor da pesquisa e do livro, fala de sua satisfa\u00e7\u00e3o pelo trabalho publicado: \u201cEscrever a biografia de um antepassado ilustre nos ajuda a resgatar o alicerce que sustenta a identidade familiar, transformando mem\u00f3rias dispersas em um legado concreto. Esse registro atua como uma ponte geracional, permitindo que os mais jovens compreendam suas ra\u00edzes e se inspirem nos valores e supera\u00e7\u00f5es de quem os precedeu. Ao imortalizar essa trajet\u00f3ria, a fam\u00edlia preserva sua ess\u00eancia contra o esquecimento, oferecendo \u00e0s novas gera\u00e7\u00f5es um senso de pertencimento e prop\u00f3sito. \u00c9, acima de tudo, um ato de amor e rever\u00eancia que transforma a hist\u00f3ria individual em um patrim\u00f4nio afetivo compartilhado. Assim, a mem\u00f3ria deixa de ser apenas passado para se tornar um guia vivo que orienta o futuro do cl\u00e3.\u201d<\/p>\n<p>Neila Barreto, esposa de Luiz Ernesto, coautora do livro e presidente do Instituto Hist\u00f3rico e Geogr\u00e1fico de Mato Grosso, nos conta \u201co padre Ernesto foi um homem al\u00e9m do seu tempo. Ousou desafiar a sua \u00e9poca ao percorrer outros caminhos, al\u00e9m das tarefas da Igreja. Pensou na sa\u00fade integral dos jovens ao introduzir na Educa\u00e7\u00e3o P\u00fablica a gin\u00e1stica, hoje a Educa\u00e7\u00e3o F\u00edsica. Entendia que o governo deveria investir mais na Educa\u00e7\u00e3o do que nos pres\u00eddios. Na pol\u00edtica entendeu que deveria denunciar os assuntos de relev\u00e2ncia da sociedade, mesmo que fosse preciso enfrentar poderosos corruptos. Combatente, nunca se omitiu em percorrer os caminhos espinhosos. \u00c9 um dos fundadores do Instituto Hist\u00f3rico e Geogr\u00e1fico de Mato Grosso e da Academia Mato-grossense de Letras. Escreveu comp\u00eandios se destacando na Educa\u00e7\u00e3o, sendo o \u00fanico mato-grossense a constar do Dicion\u00e1rio Brasileiro da Educa\u00e7\u00e3o. Corajoso, reconheceu em seu testamento, e no leito de morte, a fam\u00edlia que constituiu em Cuiab\u00e1. Eu o considero um intelectual iluminado, muito importante para a Cultura e a Educa\u00e7\u00e3o cuiabana e mato-grossense.\u201d Neila agradece o apoio recebido da Secretaria de Estado de Ci\u00eancia e Tecnologia (Seciteci), para a publica\u00e7\u00e3o do livro.<\/p>\n<p>A professora doutora Maria Adenir Peraro, que apresenta o livro e acompanhou as pesquisas e escritura do livro, explica que a obra \u201c\u00e9 resultado de uma vida de procuras e de investiga\u00e7\u00f5es agu\u00e7adas pela const\u00e2ncia da conviv\u00eancia familiar a respeito da mem\u00f3ria do personagem hist\u00f3rico de quem s\u00e3o descendentes. A imagem do referido personagem foi sendo constru\u00edda mediante as mem\u00f3rias de fam\u00edlia e de longos anos de pesquisa em arquivos p\u00fablicos, privados e eclesi\u00e1sticos, locais, regionais e nacionais. Assim, o presente livro \u00e9 resultado de dois contrapontos: o primeiro, a oralidade trazida pelos familiares, dos membros da Fam\u00edlia Barreto, detentores de documentos impressos e fotogr\u00e1ficos (invent\u00e1rio, escrituras, disponibilizados para a pesquisa e\/ou j\u00e1 de posse dos autores) e o segundo contraponto: as pesquisas realizadas em diferentes espa\u00e7os guardadores de mem\u00f3ria, como os autores apontam na introdu\u00e7\u00e3o e dentre os quais destacamos: o Arquivo P\u00fablico de Mato Grosso (APMT), Arquivo da C\u00faria Metropolitana de Cuiab\u00e1 (ACMC), Arquivo da Casa Bar\u00e3o de Melga\u00e7o (Instituto Hist\u00f3rico e Geogr\u00e1fico de Mato Grosso e Academia Mato-Grossense de Letras), o Arquivo da C\u00e2mara Federal, Arquivo Eclesi\u00e1stico da Bahia, Biblioteca Nacional, no Rio de Janeiro, onde localizaram diversificada documenta\u00e7\u00e3o impressa, fotogr\u00e1ficas e jornais da \u00e9poca.\u201d<\/p>\n<p><strong>OS AUTORES<\/strong><\/p>\n<p>Neila Maria Souza Barreto\u00a0(Ros\u00e1rio Oeste, 21 de janeiro de 1955) \u00e9 mestre em Hist\u00f3ria pela UFMT (2005), na linha de pesquisa sobre Territ\u00f3rios e Cidades. Graduada em Jornalismo pelo Instituto V\u00e1rzea-grandense de Educa\u00e7\u00e3o (1995) e em Letras pela UFMT (1978). Foi professora do Governo do Estado do Mato Grosso. \u00c9 escritora, membro do Instituto Hist\u00f3rico e Geogr\u00e1fico de Mato Grosso (IHGMT) desde 2017 e presidente da institui\u00e7\u00e3o no per\u00edodo de 2020-mar\u00e7o de 2026. \u00c9 membro da Academia Mato-grossense de Letras (AML) desde 2019. Entre os livros que publicou pela Entrelinhas, est\u00e3o:\u00a0<em>Sarita Baracat: Vida e trajet\u00f3ria pol\u00edtica<\/em>\u00a0(2017);\u00a0<em>Gente que fez, gente que faz: invent\u00e1rio de fam\u00edlias pioneiras cuiabanas<\/em>\u00a0(2019);\u00a0<em>\u00c1gua de Beber: Abastecimento e uso no espa\u00e7o urbano de Cuiab\u00e1<\/em>\u00a0(2022).<\/p>\n<p>Luiz Ernesto da Silva Barreto\u00a0(Cuiab\u00e1, 7 de maio de 1955) \u00e9 economista, servidor p\u00fablico estadual aposentado da Secretaria de Estado de Fazenda de Mato Grosso (Sefaz-MT). Memorialista, jornalista, blogueiro, documentarista. Diretor e redator do jornal\u00a0<em>A Imprensa de Cuyab\u00e1.\u00a0<\/em>Dentre as lojas ma\u00e7\u00f4nicas jurisdicionadas ao GOB-MT que fundou no Estado de Mato Grosso, junto com outros membros, encontra-se a Loja \u201cPadre Ernesto Camillo Barreto\u201d, em homenagem ao seu trisav\u00f4. Redesenhou o jornal \u201c<em>A Imprensa de Cuyab\u00e1<\/em>\u201d, criado pelo Pe. Ernesto Camillo Barreto e Jo\u00e3o de Souza Neves, em 23 de julho de 1859. O jornal teve um total de 232 edi\u00e7\u00f5es, das quais 134 podem ser acessadas por meio do s\u00edtio eletr\u00f4nico da Hemeroteca Digital Brasileira, da Biblioteca Nacional Digital do Brasil.<\/p>\n<p><strong>SERVI\u00c7O:<\/strong><\/p>\n<p>Lan\u00e7amento do livro \u201cPe. Ernesto Camillo Barreto \u2013 Trajet\u00f3ria de vida: imagem p\u00fablica, convic\u00e7\u00f5es e percal\u00e7os (1826-1896), de Neila Maria Souza Barreto e Luiz Ernesto da Silva Barreto, pela Entrelinhas Editora<\/p>\n<p>Dia 3 de mar\u00e7o (ter\u00e7a-feira), a partir das 18 horas, na Casa Bar\u00e3o de Melga\u00e7o [ Rua Bar\u00e3o de Melga\u00e7o, 3684, Centro Norte, em Cuiab\u00e1 ]<\/p>\n","protected":false},"excerpt":{"rendered":"<p>\u201cPadre Ernesto Camillo Barreto \u00e9 produto de seu tempo,\u201d nos conta o professor doutor e p\u00f3s-doutor em Hist\u00f3ria, Vitali Joanoni Neto, que assina o pref\u00e1cio do livro que ser\u00e1 lan\u00e7ado in\u00edcio de mar\u00e7o, na Casa Bar\u00e3o de Melga\u00e7o, pela Entrelinhas Editora. \u201cSua forma\u00e7\u00e3o eclesi\u00e1stica lhe deu as compet\u00eancias em Teologia, Filosofia, Hist\u00f3ria&#8230; Sua compet\u00eancia pode [&hellip;]<\/p>\n","protected":false},"author":2,"featured_media":13648,"comment_status":"closed","ping_status":"closed","sticky":false,"template":"","format":"standard","meta":{"iawp_total_views":66,"footnotes":""},"categories":[18],"tags":[],"class_list":["post-13647","post","type-post","status-publish","format-standard","has-post-thumbnail","hentry","category-cultura"],"yoast_head":"<!-- This site is optimized with the Yoast SEO plugin v27.3 - https:\/\/yoast.com\/product\/yoast-seo-wordpress\/ -->\n<title>Personalidade de Mato Grosso tem sua movimentada e controversa trajet\u00f3ria de vida publicada &#8902; Blog da Condessa<\/title>\n<meta name=\"robots\" content=\"index, follow, max-snippet:-1, max-image-preview:large, max-video-preview:-1\" \/>\n<link rel=\"canonical\" href=\"https:\/\/blogdacondessa.com.br\/blog\/cultura\/personalidade-de-mato-grosso-tem-sua-movimentada-e-controversa-trajetoria-de-vida-publicada\/\" \/>\n<meta property=\"og:locale\" content=\"pt_BR\" \/>\n<meta property=\"og:type\" content=\"article\" \/>\n<meta property=\"og:title\" content=\"Personalidade de Mato Grosso tem sua movimentada e controversa trajet\u00f3ria de vida publicada &#8902; Blog da Condessa\" \/>\n<meta property=\"og:description\" content=\"\u201cPadre Ernesto Camillo Barreto \u00e9 produto de seu tempo,\u201d nos conta o professor doutor e p\u00f3s-doutor em Hist\u00f3ria, Vitali Joanoni Neto, que assina o pref\u00e1cio do livro que ser\u00e1 lan\u00e7ado in\u00edcio de mar\u00e7o, na Casa Bar\u00e3o de Melga\u00e7o, pela Entrelinhas Editora. \u201cSua forma\u00e7\u00e3o eclesi\u00e1stica lhe deu as compet\u00eancias em Teologia, Filosofia, Hist\u00f3ria&#8230; Sua compet\u00eancia pode [&hellip;]\" \/>\n<meta property=\"og:url\" content=\"https:\/\/blogdacondessa.com.br\/blog\/cultura\/personalidade-de-mato-grosso-tem-sua-movimentada-e-controversa-trajetoria-de-vida-publicada\/\" \/>\n<meta property=\"og:site_name\" content=\"Blog da Condessa\" \/>\n<meta property=\"article:published_time\" content=\"2026-02-28T09:00:19+00:00\" \/>\n<meta property=\"og:image\" content=\"https:\/\/blogdacondessa.com.br\/blog\/wp-content\/uploads\/2026\/02\/Mocape-Pe-Ernesto-758x1024.png\" \/>\n\t<meta property=\"og:image:width\" content=\"758\" \/>\n\t<meta property=\"og:image:height\" content=\"1024\" \/>\n\t<meta property=\"og:image:type\" content=\"image\/png\" \/>\n<meta name=\"author\" content=\"Blog da Condessa\" \/>\n<meta name=\"twitter:card\" content=\"summary_large_image\" \/>\n<meta name=\"twitter:label1\" content=\"Escrito por\" \/>\n\t<meta name=\"twitter:data1\" content=\"Blog da Condessa\" \/>\n\t<meta name=\"twitter:label2\" content=\"Est. tempo de leitura\" \/>\n\t<meta name=\"twitter:data2\" content=\"6 minutos\" \/>\n<script type=\"application\/ld+json\" class=\"yoast-schema-graph\">{\"@context\":\"https:\\\/\\\/schema.org\",\"@graph\":[{\"@type\":\"Article\",\"@id\":\"https:\\\/\\\/blogdacondessa.com.br\\\/blog\\\/cultura\\\/personalidade-de-mato-grosso-tem-sua-movimentada-e-controversa-trajetoria-de-vida-publicada\\\/#article\",\"isPartOf\":{\"@id\":\"https:\\\/\\\/blogdacondessa.com.br\\\/blog\\\/cultura\\\/personalidade-de-mato-grosso-tem-sua-movimentada-e-controversa-trajetoria-de-vida-publicada\\\/\"},\"author\":{\"name\":\"Blog da Condessa\",\"@id\":\"https:\\\/\\\/blogdacondessa.com.br\\\/blog\\\/#\\\/schema\\\/person\\\/1d667ff8b785195b568677489d266035\"},\"headline\":\"Personalidade de Mato Grosso tem sua movimentada e controversa trajet\u00f3ria de vida publicada\",\"datePublished\":\"2026-02-28T09:00:19+00:00\",\"mainEntityOfPage\":{\"@id\":\"https:\\\/\\\/blogdacondessa.com.br\\\/blog\\\/cultura\\\/personalidade-de-mato-grosso-tem-sua-movimentada-e-controversa-trajetoria-de-vida-publicada\\\/\"},\"wordCount\":1162,\"image\":{\"@id\":\"https:\\\/\\\/blogdacondessa.com.br\\\/blog\\\/cultura\\\/personalidade-de-mato-grosso-tem-sua-movimentada-e-controversa-trajetoria-de-vida-publicada\\\/#primaryimage\"},\"thumbnailUrl\":\"https:\\\/\\\/blogdacondessa.com.br\\\/blog\\\/wp-content\\\/uploads\\\/2026\\\/02\\\/Mocape-Pe-Ernesto-scaled.png\",\"articleSection\":[\"Cultura\"],\"inLanguage\":\"pt-BR\"},{\"@type\":\"WebPage\",\"@id\":\"https:\\\/\\\/blogdacondessa.com.br\\\/blog\\\/cultura\\\/personalidade-de-mato-grosso-tem-sua-movimentada-e-controversa-trajetoria-de-vida-publicada\\\/\",\"url\":\"https:\\\/\\\/blogdacondessa.com.br\\\/blog\\\/cultura\\\/personalidade-de-mato-grosso-tem-sua-movimentada-e-controversa-trajetoria-de-vida-publicada\\\/\",\"name\":\"Personalidade de Mato Grosso tem sua movimentada e controversa trajet\u00f3ria de vida publicada &#8902; Blog da Condessa\",\"isPartOf\":{\"@id\":\"https:\\\/\\\/blogdacondessa.com.br\\\/blog\\\/#website\"},\"primaryImageOfPage\":{\"@id\":\"https:\\\/\\\/blogdacondessa.com.br\\\/blog\\\/cultura\\\/personalidade-de-mato-grosso-tem-sua-movimentada-e-controversa-trajetoria-de-vida-publicada\\\/#primaryimage\"},\"image\":{\"@id\":\"https:\\\/\\\/blogdacondessa.com.br\\\/blog\\\/cultura\\\/personalidade-de-mato-grosso-tem-sua-movimentada-e-controversa-trajetoria-de-vida-publicada\\\/#primaryimage\"},\"thumbnailUrl\":\"https:\\\/\\\/blogdacondessa.com.br\\\/blog\\\/wp-content\\\/uploads\\\/2026\\\/02\\\/Mocape-Pe-Ernesto-scaled.png\",\"datePublished\":\"2026-02-28T09:00:19+00:00\",\"author\":{\"@id\":\"https:\\\/\\\/blogdacondessa.com.br\\\/blog\\\/#\\\/schema\\\/person\\\/1d667ff8b785195b568677489d266035\"},\"breadcrumb\":{\"@id\":\"https:\\\/\\\/blogdacondessa.com.br\\\/blog\\\/cultura\\\/personalidade-de-mato-grosso-tem-sua-movimentada-e-controversa-trajetoria-de-vida-publicada\\\/#breadcrumb\"},\"inLanguage\":\"pt-BR\",\"potentialAction\":[{\"@type\":\"ReadAction\",\"target\":[\"https:\\\/\\\/blogdacondessa.com.br\\\/blog\\\/cultura\\\/personalidade-de-mato-grosso-tem-sua-movimentada-e-controversa-trajetoria-de-vida-publicada\\\/\"]}]},{\"@type\":\"ImageObject\",\"inLanguage\":\"pt-BR\",\"@id\":\"https:\\\/\\\/blogdacondessa.com.br\\\/blog\\\/cultura\\\/personalidade-de-mato-grosso-tem-sua-movimentada-e-controversa-trajetoria-de-vida-publicada\\\/#primaryimage\",\"url\":\"https:\\\/\\\/blogdacondessa.com.br\\\/blog\\\/wp-content\\\/uploads\\\/2026\\\/02\\\/Mocape-Pe-Ernesto-scaled.png\",\"contentUrl\":\"https:\\\/\\\/blogdacondessa.com.br\\\/blog\\\/wp-content\\\/uploads\\\/2026\\\/02\\\/Mocape-Pe-Ernesto-scaled.png\",\"width\":1894,\"height\":2560},{\"@type\":\"BreadcrumbList\",\"@id\":\"https:\\\/\\\/blogdacondessa.com.br\\\/blog\\\/cultura\\\/personalidade-de-mato-grosso-tem-sua-movimentada-e-controversa-trajetoria-de-vida-publicada\\\/#breadcrumb\",\"itemListElement\":[{\"@type\":\"ListItem\",\"position\":1,\"name\":\"In\u00edcio\",\"item\":\"https:\\\/\\\/blogdacondessa.com.br\\\/blog\\\/\"},{\"@type\":\"ListItem\",\"position\":2,\"name\":\"Personalidade de Mato Grosso tem sua movimentada e controversa trajet\u00f3ria de vida publicada\"}]},{\"@type\":\"WebSite\",\"@id\":\"https:\\\/\\\/blogdacondessa.com.br\\\/blog\\\/#website\",\"url\":\"https:\\\/\\\/blogdacondessa.com.br\\\/blog\\\/\",\"name\":\"Blog da Condessa\",\"description\":\"Com Shirley de Souza O\u2019Campos\",\"potentialAction\":[{\"@type\":\"SearchAction\",\"target\":{\"@type\":\"EntryPoint\",\"urlTemplate\":\"https:\\\/\\\/blogdacondessa.com.br\\\/blog\\\/?s={search_term_string}\"},\"query-input\":{\"@type\":\"PropertyValueSpecification\",\"valueRequired\":true,\"valueName\":\"search_term_string\"}}],\"inLanguage\":\"pt-BR\"},{\"@type\":\"Person\",\"@id\":\"https:\\\/\\\/blogdacondessa.com.br\\\/blog\\\/#\\\/schema\\\/person\\\/1d667ff8b785195b568677489d266035\",\"name\":\"Blog da Condessa\",\"image\":{\"@type\":\"ImageObject\",\"inLanguage\":\"pt-BR\",\"@id\":\"https:\\\/\\\/secure.gravatar.com\\\/avatar\\\/377c0eb8b4ad2bfc25461b41564b5971e721ca34a57642868fc7b0c8ac7b52c5?s=96&d=mm&r=g\",\"url\":\"https:\\\/\\\/secure.gravatar.com\\\/avatar\\\/377c0eb8b4ad2bfc25461b41564b5971e721ca34a57642868fc7b0c8ac7b52c5?s=96&d=mm&r=g\",\"contentUrl\":\"https:\\\/\\\/secure.gravatar.com\\\/avatar\\\/377c0eb8b4ad2bfc25461b41564b5971e721ca34a57642868fc7b0c8ac7b52c5?s=96&d=mm&r=g\",\"caption\":\"Blog da Condessa\"},\"url\":\"https:\\\/\\\/blogdacondessa.com.br\\\/blog\\\/author\\\/beatriz\\\/\"}]}<\/script>\n<!-- \/ Yoast SEO plugin. -->","yoast_head_json":{"title":"Personalidade de Mato Grosso tem sua movimentada e controversa trajet\u00f3ria de vida publicada &#8902; Blog da Condessa","robots":{"index":"index","follow":"follow","max-snippet":"max-snippet:-1","max-image-preview":"max-image-preview:large","max-video-preview":"max-video-preview:-1"},"canonical":"https:\/\/blogdacondessa.com.br\/blog\/cultura\/personalidade-de-mato-grosso-tem-sua-movimentada-e-controversa-trajetoria-de-vida-publicada\/","og_locale":"pt_BR","og_type":"article","og_title":"Personalidade de Mato Grosso tem sua movimentada e controversa trajet\u00f3ria de vida publicada &#8902; Blog da Condessa","og_description":"\u201cPadre Ernesto Camillo Barreto \u00e9 produto de seu tempo,\u201d nos conta o professor doutor e p\u00f3s-doutor em Hist\u00f3ria, Vitali Joanoni Neto, que assina o pref\u00e1cio do livro que ser\u00e1 lan\u00e7ado in\u00edcio de mar\u00e7o, na Casa Bar\u00e3o de Melga\u00e7o, pela Entrelinhas Editora. \u201cSua forma\u00e7\u00e3o eclesi\u00e1stica lhe deu as compet\u00eancias em Teologia, Filosofia, Hist\u00f3ria&#8230; Sua compet\u00eancia pode [&hellip;]","og_url":"https:\/\/blogdacondessa.com.br\/blog\/cultura\/personalidade-de-mato-grosso-tem-sua-movimentada-e-controversa-trajetoria-de-vida-publicada\/","og_site_name":"Blog da Condessa","article_published_time":"2026-02-28T09:00:19+00:00","og_image":[{"width":758,"height":1024,"url":"https:\/\/blogdacondessa.com.br\/blog\/wp-content\/uploads\/2026\/02\/Mocape-Pe-Ernesto-758x1024.png","type":"image\/png"}],"author":"Blog da Condessa","twitter_card":"summary_large_image","twitter_misc":{"Escrito por":"Blog da Condessa","Est. tempo de leitura":"6 minutos"},"schema":{"@context":"https:\/\/schema.org","@graph":[{"@type":"Article","@id":"https:\/\/blogdacondessa.com.br\/blog\/cultura\/personalidade-de-mato-grosso-tem-sua-movimentada-e-controversa-trajetoria-de-vida-publicada\/#article","isPartOf":{"@id":"https:\/\/blogdacondessa.com.br\/blog\/cultura\/personalidade-de-mato-grosso-tem-sua-movimentada-e-controversa-trajetoria-de-vida-publicada\/"},"author":{"name":"Blog da Condessa","@id":"https:\/\/blogdacondessa.com.br\/blog\/#\/schema\/person\/1d667ff8b785195b568677489d266035"},"headline":"Personalidade de Mato Grosso tem sua movimentada e controversa trajet\u00f3ria de vida publicada","datePublished":"2026-02-28T09:00:19+00:00","mainEntityOfPage":{"@id":"https:\/\/blogdacondessa.com.br\/blog\/cultura\/personalidade-de-mato-grosso-tem-sua-movimentada-e-controversa-trajetoria-de-vida-publicada\/"},"wordCount":1162,"image":{"@id":"https:\/\/blogdacondessa.com.br\/blog\/cultura\/personalidade-de-mato-grosso-tem-sua-movimentada-e-controversa-trajetoria-de-vida-publicada\/#primaryimage"},"thumbnailUrl":"https:\/\/blogdacondessa.com.br\/blog\/wp-content\/uploads\/2026\/02\/Mocape-Pe-Ernesto-scaled.png","articleSection":["Cultura"],"inLanguage":"pt-BR"},{"@type":"WebPage","@id":"https:\/\/blogdacondessa.com.br\/blog\/cultura\/personalidade-de-mato-grosso-tem-sua-movimentada-e-controversa-trajetoria-de-vida-publicada\/","url":"https:\/\/blogdacondessa.com.br\/blog\/cultura\/personalidade-de-mato-grosso-tem-sua-movimentada-e-controversa-trajetoria-de-vida-publicada\/","name":"Personalidade de Mato Grosso tem sua movimentada e controversa trajet\u00f3ria de vida publicada &#8902; Blog da Condessa","isPartOf":{"@id":"https:\/\/blogdacondessa.com.br\/blog\/#website"},"primaryImageOfPage":{"@id":"https:\/\/blogdacondessa.com.br\/blog\/cultura\/personalidade-de-mato-grosso-tem-sua-movimentada-e-controversa-trajetoria-de-vida-publicada\/#primaryimage"},"image":{"@id":"https:\/\/blogdacondessa.com.br\/blog\/cultura\/personalidade-de-mato-grosso-tem-sua-movimentada-e-controversa-trajetoria-de-vida-publicada\/#primaryimage"},"thumbnailUrl":"https:\/\/blogdacondessa.com.br\/blog\/wp-content\/uploads\/2026\/02\/Mocape-Pe-Ernesto-scaled.png","datePublished":"2026-02-28T09:00:19+00:00","author":{"@id":"https:\/\/blogdacondessa.com.br\/blog\/#\/schema\/person\/1d667ff8b785195b568677489d266035"},"breadcrumb":{"@id":"https:\/\/blogdacondessa.com.br\/blog\/cultura\/personalidade-de-mato-grosso-tem-sua-movimentada-e-controversa-trajetoria-de-vida-publicada\/#breadcrumb"},"inLanguage":"pt-BR","potentialAction":[{"@type":"ReadAction","target":["https:\/\/blogdacondessa.com.br\/blog\/cultura\/personalidade-de-mato-grosso-tem-sua-movimentada-e-controversa-trajetoria-de-vida-publicada\/"]}]},{"@type":"ImageObject","inLanguage":"pt-BR","@id":"https:\/\/blogdacondessa.com.br\/blog\/cultura\/personalidade-de-mato-grosso-tem-sua-movimentada-e-controversa-trajetoria-de-vida-publicada\/#primaryimage","url":"https:\/\/blogdacondessa.com.br\/blog\/wp-content\/uploads\/2026\/02\/Mocape-Pe-Ernesto-scaled.png","contentUrl":"https:\/\/blogdacondessa.com.br\/blog\/wp-content\/uploads\/2026\/02\/Mocape-Pe-Ernesto-scaled.png","width":1894,"height":2560},{"@type":"BreadcrumbList","@id":"https:\/\/blogdacondessa.com.br\/blog\/cultura\/personalidade-de-mato-grosso-tem-sua-movimentada-e-controversa-trajetoria-de-vida-publicada\/#breadcrumb","itemListElement":[{"@type":"ListItem","position":1,"name":"In\u00edcio","item":"https:\/\/blogdacondessa.com.br\/blog\/"},{"@type":"ListItem","position":2,"name":"Personalidade de Mato Grosso tem sua movimentada e controversa trajet\u00f3ria de vida publicada"}]},{"@type":"WebSite","@id":"https:\/\/blogdacondessa.com.br\/blog\/#website","url":"https:\/\/blogdacondessa.com.br\/blog\/","name":"Blog da Condessa","description":"Com Shirley de Souza O\u2019Campos","potentialAction":[{"@type":"SearchAction","target":{"@type":"EntryPoint","urlTemplate":"https:\/\/blogdacondessa.com.br\/blog\/?s={search_term_string}"},"query-input":{"@type":"PropertyValueSpecification","valueRequired":true,"valueName":"search_term_string"}}],"inLanguage":"pt-BR"},{"@type":"Person","@id":"https:\/\/blogdacondessa.com.br\/blog\/#\/schema\/person\/1d667ff8b785195b568677489d266035","name":"Blog da Condessa","image":{"@type":"ImageObject","inLanguage":"pt-BR","@id":"https:\/\/secure.gravatar.com\/avatar\/377c0eb8b4ad2bfc25461b41564b5971e721ca34a57642868fc7b0c8ac7b52c5?s=96&d=mm&r=g","url":"https:\/\/secure.gravatar.com\/avatar\/377c0eb8b4ad2bfc25461b41564b5971e721ca34a57642868fc7b0c8ac7b52c5?s=96&d=mm&r=g","contentUrl":"https:\/\/secure.gravatar.com\/avatar\/377c0eb8b4ad2bfc25461b41564b5971e721ca34a57642868fc7b0c8ac7b52c5?s=96&d=mm&r=g","caption":"Blog da Condessa"},"url":"https:\/\/blogdacondessa.com.br\/blog\/author\/beatriz\/"}]}},"_links":{"self":[{"href":"https:\/\/blogdacondessa.com.br\/blog\/wp-json\/wp\/v2\/posts\/13647","targetHints":{"allow":["GET"]}}],"collection":[{"href":"https:\/\/blogdacondessa.com.br\/blog\/wp-json\/wp\/v2\/posts"}],"about":[{"href":"https:\/\/blogdacondessa.com.br\/blog\/wp-json\/wp\/v2\/types\/post"}],"author":[{"embeddable":true,"href":"https:\/\/blogdacondessa.com.br\/blog\/wp-json\/wp\/v2\/users\/2"}],"replies":[{"embeddable":true,"href":"https:\/\/blogdacondessa.com.br\/blog\/wp-json\/wp\/v2\/comments?post=13647"}],"version-history":[{"count":1,"href":"https:\/\/blogdacondessa.com.br\/blog\/wp-json\/wp\/v2\/posts\/13647\/revisions"}],"predecessor-version":[{"id":13649,"href":"https:\/\/blogdacondessa.com.br\/blog\/wp-json\/wp\/v2\/posts\/13647\/revisions\/13649"}],"wp:featuredmedia":[{"embeddable":true,"href":"https:\/\/blogdacondessa.com.br\/blog\/wp-json\/wp\/v2\/media\/13648"}],"wp:attachment":[{"href":"https:\/\/blogdacondessa.com.br\/blog\/wp-json\/wp\/v2\/media?parent=13647"}],"wp:term":[{"taxonomy":"category","embeddable":true,"href":"https:\/\/blogdacondessa.com.br\/blog\/wp-json\/wp\/v2\/categories?post=13647"},{"taxonomy":"post_tag","embeddable":true,"href":"https:\/\/blogdacondessa.com.br\/blog\/wp-json\/wp\/v2\/tags?post=13647"}],"curies":[{"name":"wp","href":"https:\/\/api.w.org\/{rel}","templated":true}]}}