{"id":13610,"date":"2026-02-20T05:00:50","date_gmt":"2026-02-20T09:00:50","guid":{"rendered":"https:\/\/blogdacondessa.com.br\/blog\/?p=13610"},"modified":"2026-02-19T17:59:06","modified_gmt":"2026-02-19T21:59:06","slug":"centro-oeste-se-consolida-como-polo-de-ecoturismo-no-pais","status":"publish","type":"post","link":"https:\/\/blogdacondessa.com.br\/blog\/blog-2\/centro-oeste-se-consolida-como-polo-de-ecoturismo-no-pais\/","title":{"rendered":"Centro-Oeste se consolida como polo de ecoturismo no pa\u00eds"},"content":{"rendered":"<p><em>Mato Grosso tem dois destinos entre os mais procurados para viajar no Brasil em 2026<\/em><\/p>\n<p>Levantamento in\u00e9dito avalia visibilidade tur\u00edstica com base em conectividade, presen\u00e7a na m\u00eddia e fluxo de visitantes nacionais e internacionais<\/p>\n<p>Dois destinos de Mato Grosso,\u00a0 Cuiab\u00e1 e Chapada dos Guimar\u00e3es, integram a lista dos 50 destinos mais procurados para viajar no Brasil em 2026, de acordo com o IVT 2026 \u2013 \u00cdndice de Viagem e Turismo Brasil Em Mapas, levantamento in\u00e9dito que analisa a visibilidade tur\u00edstica de destinos brasileiros com base em dados nacionais e internacionais.<\/p>\n<p>O ranking foi elaborado pela Brasil em Mapas e combina indicadores como tend\u00eancias de m\u00eddia, conectividade a\u00e9rea, acessibilidade e fluxo tur\u00edstico, al\u00e9m da presen\u00e7a dos destinos em rankings e plataformas globais.<\/p>\n<p>No levantamento, Chapada dos Guimar\u00e3es aparece na 39\u00aa posi\u00e7\u00e3o, com destaque para o perfil voltado ao turismo de natureza e cachoeiras. J\u00e1 Cuiab\u00e1 ocupa o 43\u00ba lugar, reconhecida como porta de entrada para o turismo regional e pela relev\u00e2ncia hist\u00f3rica e log\u00edstica.<\/p>\n<p>O IVT varia de 0 a 100 e mede a relev\u00e2ncia tur\u00edstica a partir de quatro dimens\u00f5es estruturais, distribu\u00eddas em 15 par\u00e2metros normalizados e ponderados. Entre os crit\u00e9rios avaliados est\u00e3o: visibilidade em rankings e m\u00eddia especializada, conectividade a\u00e9rea e acessibilidade, centralidade tem\u00e1tica (natureza, cultura, eventos e outros segmentos) e fluxo tur\u00edstico nacional e internacional.<\/p>\n<p>Na an\u00e1lise regional, o Centro-Oeste se consolida como polo de ecoturismo no pa\u00eds, com destaque para destinos como Bonito, Chapada dos Veadeiros e o Pantanal. O estudo tamb\u00e9m aponta a manuten\u00e7\u00e3o da relev\u00e2ncia de capitais e cidades estrat\u00e9gicas para o acesso log\u00edstico e tur\u00edstico, caso de Cuiab\u00e1.<\/p>\n<p>A presen\u00e7a dos destinos mato-grossenses no ranking integra a estrat\u00e9gia de promo\u00e7\u00e3o tur\u00edstica do Estado, desenvolvida pela Secretaria de Estado de Desenvolvimento Econ\u00f4mico de Mato Grosso por meio da adjunta de Turismo. De acordo com a secret\u00e1ria adjunta de Turismo, Maria Let\u00edcia Arruda, a atua\u00e7\u00e3o inclui participa\u00e7\u00e3o em feiras e eventos nacionais e internacionais, investimentos em capacita\u00e7\u00e3o de profissionais do setor e a\u00e7\u00f5es voltadas ao fortalecimento da imagem de Mato Grosso como destino tur\u00edstico competitivo.<\/p>\n<p>\u201cA presen\u00e7a de destinos mato-grossenses neste ranking nacional demonstra que o Estado vem ganhando visibilidade e consolidando seu posicionamento como um destino competitivo. Esse resultado \u00e9 fruto de um trabalho cont\u00ednuo de promo\u00e7\u00e3o, capacita\u00e7\u00e3o e participa\u00e7\u00e3o em feiras estrat\u00e9gicas, que t\u00eam ampliado a exposi\u00e7\u00e3o dos nossos destinos e fortalecido o trade tur\u00edstico. Mato Grosso possui uma diversidade muito grande de experi\u00eancias a serem exploradas, que v\u00e3o do ecoturismo e turismo de natureza ao turismo de neg\u00f3cios e eventos, passando por v\u00e1rios outros segmentos. Nosso objetivo \u00e9 seguir valorizando e qualificando o setor, ampliando o fluxo de visitantes, gerando desenvolvimento econ\u00f4mico e oportunidades para todas as regi\u00f5es\u201d, afirmou.<\/p>\n","protected":false},"excerpt":{"rendered":"<p>Mato Grosso tem dois destinos entre os mais procurados para viajar no Brasil em 2026 Levantamento in\u00e9dito avalia visibilidade tur\u00edstica com base em conectividade, presen\u00e7a na m\u00eddia e fluxo de visitantes nacionais e internacionais Dois destinos de Mato Grosso,\u00a0 Cuiab\u00e1 e Chapada dos Guimar\u00e3es, integram a lista dos 50 destinos mais procurados para viajar no [&hellip;]<\/p>\n","protected":false},"author":2,"featured_media":13611,"comment_status":"closed","ping_status":"closed","sticky":false,"template":"","format":"standard","meta":{"iawp_total_views":1,"footnotes":""},"categories":[14],"tags":[],"class_list":["post-13610","post","type-post","status-publish","format-standard","has-post-thumbnail","hentry","category-blog-2"],"yoast_head":"<!-- This site is optimized with the Yoast SEO plugin v27.3 - https:\/\/yoast.com\/product\/yoast-seo-wordpress\/ -->\n<title>Centro-Oeste se consolida como polo de ecoturismo no pa\u00eds &#8902; Blog da Condessa<\/title>\n<meta name=\"robots\" content=\"index, follow, max-snippet:-1, max-image-preview:large, max-video-preview:-1\" \/>\n<link rel=\"canonical\" href=\"https:\/\/blogdacondessa.com.br\/blog\/blog-2\/centro-oeste-se-consolida-como-polo-de-ecoturismo-no-pais\/\" \/>\n<meta property=\"og:locale\" content=\"pt_BR\" \/>\n<meta property=\"og:type\" content=\"article\" \/>\n<meta property=\"og:title\" content=\"Centro-Oeste se consolida como polo de ecoturismo no pa\u00eds &#8902; Blog da Condessa\" \/>\n<meta property=\"og:description\" content=\"Mato Grosso tem dois destinos entre os mais procurados para viajar no Brasil em 2026 Levantamento in\u00e9dito avalia visibilidade tur\u00edstica com base em conectividade, presen\u00e7a na m\u00eddia e fluxo de visitantes nacionais e internacionais Dois destinos de Mato Grosso,\u00a0 Cuiab\u00e1 e Chapada dos Guimar\u00e3es, integram a lista dos 50 destinos mais procurados para viajar no [&hellip;]\" \/>\n<meta property=\"og:url\" content=\"https:\/\/blogdacondessa.com.br\/blog\/blog-2\/centro-oeste-se-consolida-como-polo-de-ecoturismo-no-pais\/\" \/>\n<meta property=\"og:site_name\" content=\"Blog da Condessa\" \/>\n<meta property=\"article:published_time\" content=\"2026-02-20T09:00:50+00:00\" \/>\n<meta property=\"og:image\" content=\"https:\/\/blogdacondessa.com.br\/blog\/wp-content\/uploads\/2026\/02\/CHAPADA.jpg\" \/>\n\t<meta property=\"og:image:width\" content=\"1024\" \/>\n\t<meta property=\"og:image:height\" content=\"683\" \/>\n\t<meta property=\"og:image:type\" content=\"image\/jpeg\" \/>\n<meta name=\"author\" content=\"Blog da Condessa\" \/>\n<meta name=\"twitter:card\" content=\"summary_large_image\" \/>\n<meta name=\"twitter:label1\" content=\"Escrito por\" \/>\n\t<meta name=\"twitter:data1\" content=\"Blog da Condessa\" \/>\n\t<meta name=\"twitter:label2\" content=\"Est. tempo de leitura\" \/>\n\t<meta name=\"twitter:data2\" content=\"3 minutos\" \/>\n<script type=\"application\/ld+json\" class=\"yoast-schema-graph\">{\"@context\":\"https:\\\/\\\/schema.org\",\"@graph\":[{\"@type\":\"Article\",\"@id\":\"https:\\\/\\\/blogdacondessa.com.br\\\/blog\\\/blog-2\\\/centro-oeste-se-consolida-como-polo-de-ecoturismo-no-pais\\\/#article\",\"isPartOf\":{\"@id\":\"https:\\\/\\\/blogdacondessa.com.br\\\/blog\\\/blog-2\\\/centro-oeste-se-consolida-como-polo-de-ecoturismo-no-pais\\\/\"},\"author\":{\"name\":\"Blog da Condessa\",\"@id\":\"https:\\\/\\\/blogdacondessa.com.br\\\/blog\\\/#\\\/schema\\\/person\\\/1d667ff8b785195b568677489d266035\"},\"headline\":\"Centro-Oeste se consolida como polo de ecoturismo no pa\u00eds\",\"datePublished\":\"2026-02-20T09:00:50+00:00\",\"mainEntityOfPage\":{\"@id\":\"https:\\\/\\\/blogdacondessa.com.br\\\/blog\\\/blog-2\\\/centro-oeste-se-consolida-como-polo-de-ecoturismo-no-pais\\\/\"},\"wordCount\":508,\"image\":{\"@id\":\"https:\\\/\\\/blogdacondessa.com.br\\\/blog\\\/blog-2\\\/centro-oeste-se-consolida-como-polo-de-ecoturismo-no-pais\\\/#primaryimage\"},\"thumbnailUrl\":\"https:\\\/\\\/blogdacondessa.com.br\\\/blog\\\/wp-content\\\/uploads\\\/2026\\\/02\\\/CHAPADA.jpg\",\"articleSection\":[\"Turismo\"],\"inLanguage\":\"pt-BR\"},{\"@type\":\"WebPage\",\"@id\":\"https:\\\/\\\/blogdacondessa.com.br\\\/blog\\\/blog-2\\\/centro-oeste-se-consolida-como-polo-de-ecoturismo-no-pais\\\/\",\"url\":\"https:\\\/\\\/blogdacondessa.com.br\\\/blog\\\/blog-2\\\/centro-oeste-se-consolida-como-polo-de-ecoturismo-no-pais\\\/\",\"name\":\"Centro-Oeste se consolida como polo de ecoturismo no pa\u00eds &#8902; Blog da Condessa\",\"isPartOf\":{\"@id\":\"https:\\\/\\\/blogdacondessa.com.br\\\/blog\\\/#website\"},\"primaryImageOfPage\":{\"@id\":\"https:\\\/\\\/blogdacondessa.com.br\\\/blog\\\/blog-2\\\/centro-oeste-se-consolida-como-polo-de-ecoturismo-no-pais\\\/#primaryimage\"},\"image\":{\"@id\":\"https:\\\/\\\/blogdacondessa.com.br\\\/blog\\\/blog-2\\\/centro-oeste-se-consolida-como-polo-de-ecoturismo-no-pais\\\/#primaryimage\"},\"thumbnailUrl\":\"https:\\\/\\\/blogdacondessa.com.br\\\/blog\\\/wp-content\\\/uploads\\\/2026\\\/02\\\/CHAPADA.jpg\",\"datePublished\":\"2026-02-20T09:00:50+00:00\",\"author\":{\"@id\":\"https:\\\/\\\/blogdacondessa.com.br\\\/blog\\\/#\\\/schema\\\/person\\\/1d667ff8b785195b568677489d266035\"},\"breadcrumb\":{\"@id\":\"https:\\\/\\\/blogdacondessa.com.br\\\/blog\\\/blog-2\\\/centro-oeste-se-consolida-como-polo-de-ecoturismo-no-pais\\\/#breadcrumb\"},\"inLanguage\":\"pt-BR\",\"potentialAction\":[{\"@type\":\"ReadAction\",\"target\":[\"https:\\\/\\\/blogdacondessa.com.br\\\/blog\\\/blog-2\\\/centro-oeste-se-consolida-como-polo-de-ecoturismo-no-pais\\\/\"]}]},{\"@type\":\"ImageObject\",\"inLanguage\":\"pt-BR\",\"@id\":\"https:\\\/\\\/blogdacondessa.com.br\\\/blog\\\/blog-2\\\/centro-oeste-se-consolida-como-polo-de-ecoturismo-no-pais\\\/#primaryimage\",\"url\":\"https:\\\/\\\/blogdacondessa.com.br\\\/blog\\\/wp-content\\\/uploads\\\/2026\\\/02\\\/CHAPADA.jpg\",\"contentUrl\":\"https:\\\/\\\/blogdacondessa.com.br\\\/blog\\\/wp-content\\\/uploads\\\/2026\\\/02\\\/CHAPADA.jpg\",\"width\":1024,\"height\":683,\"caption\":\"Foto: Marcos Vergueiro\\\/Secom-MT\"},{\"@type\":\"BreadcrumbList\",\"@id\":\"https:\\\/\\\/blogdacondessa.com.br\\\/blog\\\/blog-2\\\/centro-oeste-se-consolida-como-polo-de-ecoturismo-no-pais\\\/#breadcrumb\",\"itemListElement\":[{\"@type\":\"ListItem\",\"position\":1,\"name\":\"In\u00edcio\",\"item\":\"https:\\\/\\\/blogdacondessa.com.br\\\/blog\\\/\"},{\"@type\":\"ListItem\",\"position\":2,\"name\":\"Centro-Oeste se consolida como polo de ecoturismo no pa\u00eds\"}]},{\"@type\":\"WebSite\",\"@id\":\"https:\\\/\\\/blogdacondessa.com.br\\\/blog\\\/#website\",\"url\":\"https:\\\/\\\/blogdacondessa.com.br\\\/blog\\\/\",\"name\":\"Blog da Condessa\",\"description\":\"Com Shirley de Souza O\u2019Campos\",\"potentialAction\":[{\"@type\":\"SearchAction\",\"target\":{\"@type\":\"EntryPoint\",\"urlTemplate\":\"https:\\\/\\\/blogdacondessa.com.br\\\/blog\\\/?s={search_term_string}\"},\"query-input\":{\"@type\":\"PropertyValueSpecification\",\"valueRequired\":true,\"valueName\":\"search_term_string\"}}],\"inLanguage\":\"pt-BR\"},{\"@type\":\"Person\",\"@id\":\"https:\\\/\\\/blogdacondessa.com.br\\\/blog\\\/#\\\/schema\\\/person\\\/1d667ff8b785195b568677489d266035\",\"name\":\"Blog da Condessa\",\"image\":{\"@type\":\"ImageObject\",\"inLanguage\":\"pt-BR\",\"@id\":\"https:\\\/\\\/secure.gravatar.com\\\/avatar\\\/377c0eb8b4ad2bfc25461b41564b5971e721ca34a57642868fc7b0c8ac7b52c5?s=96&d=mm&r=g\",\"url\":\"https:\\\/\\\/secure.gravatar.com\\\/avatar\\\/377c0eb8b4ad2bfc25461b41564b5971e721ca34a57642868fc7b0c8ac7b52c5?s=96&d=mm&r=g\",\"contentUrl\":\"https:\\\/\\\/secure.gravatar.com\\\/avatar\\\/377c0eb8b4ad2bfc25461b41564b5971e721ca34a57642868fc7b0c8ac7b52c5?s=96&d=mm&r=g\",\"caption\":\"Blog da Condessa\"},\"url\":\"https:\\\/\\\/blogdacondessa.com.br\\\/blog\\\/author\\\/beatriz\\\/\"}]}<\/script>\n<!-- \/ Yoast SEO plugin. -->","yoast_head_json":{"title":"Centro-Oeste se consolida como polo de ecoturismo no pa\u00eds &#8902; Blog da Condessa","robots":{"index":"index","follow":"follow","max-snippet":"max-snippet:-1","max-image-preview":"max-image-preview:large","max-video-preview":"max-video-preview:-1"},"canonical":"https:\/\/blogdacondessa.com.br\/blog\/blog-2\/centro-oeste-se-consolida-como-polo-de-ecoturismo-no-pais\/","og_locale":"pt_BR","og_type":"article","og_title":"Centro-Oeste se consolida como polo de ecoturismo no pa\u00eds &#8902; Blog da Condessa","og_description":"Mato Grosso tem dois destinos entre os mais procurados para viajar no Brasil em 2026 Levantamento in\u00e9dito avalia visibilidade tur\u00edstica com base em conectividade, presen\u00e7a na m\u00eddia e fluxo de visitantes nacionais e internacionais Dois destinos de Mato Grosso,\u00a0 Cuiab\u00e1 e Chapada dos Guimar\u00e3es, integram a lista dos 50 destinos mais procurados para viajar no [&hellip;]","og_url":"https:\/\/blogdacondessa.com.br\/blog\/blog-2\/centro-oeste-se-consolida-como-polo-de-ecoturismo-no-pais\/","og_site_name":"Blog da Condessa","article_published_time":"2026-02-20T09:00:50+00:00","og_image":[{"width":1024,"height":683,"url":"https:\/\/blogdacondessa.com.br\/blog\/wp-content\/uploads\/2026\/02\/CHAPADA.jpg","type":"image\/jpeg"}],"author":"Blog da Condessa","twitter_card":"summary_large_image","twitter_misc":{"Escrito por":"Blog da Condessa","Est. tempo de leitura":"3 minutos"},"schema":{"@context":"https:\/\/schema.org","@graph":[{"@type":"Article","@id":"https:\/\/blogdacondessa.com.br\/blog\/blog-2\/centro-oeste-se-consolida-como-polo-de-ecoturismo-no-pais\/#article","isPartOf":{"@id":"https:\/\/blogdacondessa.com.br\/blog\/blog-2\/centro-oeste-se-consolida-como-polo-de-ecoturismo-no-pais\/"},"author":{"name":"Blog da Condessa","@id":"https:\/\/blogdacondessa.com.br\/blog\/#\/schema\/person\/1d667ff8b785195b568677489d266035"},"headline":"Centro-Oeste se consolida como polo de ecoturismo no pa\u00eds","datePublished":"2026-02-20T09:00:50+00:00","mainEntityOfPage":{"@id":"https:\/\/blogdacondessa.com.br\/blog\/blog-2\/centro-oeste-se-consolida-como-polo-de-ecoturismo-no-pais\/"},"wordCount":508,"image":{"@id":"https:\/\/blogdacondessa.com.br\/blog\/blog-2\/centro-oeste-se-consolida-como-polo-de-ecoturismo-no-pais\/#primaryimage"},"thumbnailUrl":"https:\/\/blogdacondessa.com.br\/blog\/wp-content\/uploads\/2026\/02\/CHAPADA.jpg","articleSection":["Turismo"],"inLanguage":"pt-BR"},{"@type":"WebPage","@id":"https:\/\/blogdacondessa.com.br\/blog\/blog-2\/centro-oeste-se-consolida-como-polo-de-ecoturismo-no-pais\/","url":"https:\/\/blogdacondessa.com.br\/blog\/blog-2\/centro-oeste-se-consolida-como-polo-de-ecoturismo-no-pais\/","name":"Centro-Oeste se consolida como polo de ecoturismo no pa\u00eds &#8902; Blog da Condessa","isPartOf":{"@id":"https:\/\/blogdacondessa.com.br\/blog\/#website"},"primaryImageOfPage":{"@id":"https:\/\/blogdacondessa.com.br\/blog\/blog-2\/centro-oeste-se-consolida-como-polo-de-ecoturismo-no-pais\/#primaryimage"},"image":{"@id":"https:\/\/blogdacondessa.com.br\/blog\/blog-2\/centro-oeste-se-consolida-como-polo-de-ecoturismo-no-pais\/#primaryimage"},"thumbnailUrl":"https:\/\/blogdacondessa.com.br\/blog\/wp-content\/uploads\/2026\/02\/CHAPADA.jpg","datePublished":"2026-02-20T09:00:50+00:00","author":{"@id":"https:\/\/blogdacondessa.com.br\/blog\/#\/schema\/person\/1d667ff8b785195b568677489d266035"},"breadcrumb":{"@id":"https:\/\/blogdacondessa.com.br\/blog\/blog-2\/centro-oeste-se-consolida-como-polo-de-ecoturismo-no-pais\/#breadcrumb"},"inLanguage":"pt-BR","potentialAction":[{"@type":"ReadAction","target":["https:\/\/blogdacondessa.com.br\/blog\/blog-2\/centro-oeste-se-consolida-como-polo-de-ecoturismo-no-pais\/"]}]},{"@type":"ImageObject","inLanguage":"pt-BR","@id":"https:\/\/blogdacondessa.com.br\/blog\/blog-2\/centro-oeste-se-consolida-como-polo-de-ecoturismo-no-pais\/#primaryimage","url":"https:\/\/blogdacondessa.com.br\/blog\/wp-content\/uploads\/2026\/02\/CHAPADA.jpg","contentUrl":"https:\/\/blogdacondessa.com.br\/blog\/wp-content\/uploads\/2026\/02\/CHAPADA.jpg","width":1024,"height":683,"caption":"Foto: Marcos Vergueiro\/Secom-MT"},{"@type":"BreadcrumbList","@id":"https:\/\/blogdacondessa.com.br\/blog\/blog-2\/centro-oeste-se-consolida-como-polo-de-ecoturismo-no-pais\/#breadcrumb","itemListElement":[{"@type":"ListItem","position":1,"name":"In\u00edcio","item":"https:\/\/blogdacondessa.com.br\/blog\/"},{"@type":"ListItem","position":2,"name":"Centro-Oeste se consolida como polo de ecoturismo no pa\u00eds"}]},{"@type":"WebSite","@id":"https:\/\/blogdacondessa.com.br\/blog\/#website","url":"https:\/\/blogdacondessa.com.br\/blog\/","name":"Blog da Condessa","description":"Com Shirley de Souza O\u2019Campos","potentialAction":[{"@type":"SearchAction","target":{"@type":"EntryPoint","urlTemplate":"https:\/\/blogdacondessa.com.br\/blog\/?s={search_term_string}"},"query-input":{"@type":"PropertyValueSpecification","valueRequired":true,"valueName":"search_term_string"}}],"inLanguage":"pt-BR"},{"@type":"Person","@id":"https:\/\/blogdacondessa.com.br\/blog\/#\/schema\/person\/1d667ff8b785195b568677489d266035","name":"Blog da Condessa","image":{"@type":"ImageObject","inLanguage":"pt-BR","@id":"https:\/\/secure.gravatar.com\/avatar\/377c0eb8b4ad2bfc25461b41564b5971e721ca34a57642868fc7b0c8ac7b52c5?s=96&d=mm&r=g","url":"https:\/\/secure.gravatar.com\/avatar\/377c0eb8b4ad2bfc25461b41564b5971e721ca34a57642868fc7b0c8ac7b52c5?s=96&d=mm&r=g","contentUrl":"https:\/\/secure.gravatar.com\/avatar\/377c0eb8b4ad2bfc25461b41564b5971e721ca34a57642868fc7b0c8ac7b52c5?s=96&d=mm&r=g","caption":"Blog da Condessa"},"url":"https:\/\/blogdacondessa.com.br\/blog\/author\/beatriz\/"}]}},"_links":{"self":[{"href":"https:\/\/blogdacondessa.com.br\/blog\/wp-json\/wp\/v2\/posts\/13610","targetHints":{"allow":["GET"]}}],"collection":[{"href":"https:\/\/blogdacondessa.com.br\/blog\/wp-json\/wp\/v2\/posts"}],"about":[{"href":"https:\/\/blogdacondessa.com.br\/blog\/wp-json\/wp\/v2\/types\/post"}],"author":[{"embeddable":true,"href":"https:\/\/blogdacondessa.com.br\/blog\/wp-json\/wp\/v2\/users\/2"}],"replies":[{"embeddable":true,"href":"https:\/\/blogdacondessa.com.br\/blog\/wp-json\/wp\/v2\/comments?post=13610"}],"version-history":[{"count":1,"href":"https:\/\/blogdacondessa.com.br\/blog\/wp-json\/wp\/v2\/posts\/13610\/revisions"}],"predecessor-version":[{"id":13612,"href":"https:\/\/blogdacondessa.com.br\/blog\/wp-json\/wp\/v2\/posts\/13610\/revisions\/13612"}],"wp:featuredmedia":[{"embeddable":true,"href":"https:\/\/blogdacondessa.com.br\/blog\/wp-json\/wp\/v2\/media\/13611"}],"wp:attachment":[{"href":"https:\/\/blogdacondessa.com.br\/blog\/wp-json\/wp\/v2\/media?parent=13610"}],"wp:term":[{"taxonomy":"category","embeddable":true,"href":"https:\/\/blogdacondessa.com.br\/blog\/wp-json\/wp\/v2\/categories?post=13610"},{"taxonomy":"post_tag","embeddable":true,"href":"https:\/\/blogdacondessa.com.br\/blog\/wp-json\/wp\/v2\/tags?post=13610"}],"curies":[{"name":"wp","href":"https:\/\/api.w.org\/{rel}","templated":true}]}}