{"id":13562,"date":"2026-02-11T05:00:30","date_gmt":"2026-02-11T09:00:30","guid":{"rendered":"https:\/\/blogdacondessa.com.br\/blog\/?p=13562"},"modified":"2026-02-10T22:13:10","modified_gmt":"2026-02-11T02:13:10","slug":"burnout-da-pele","status":"publish","type":"post","link":"https:\/\/blogdacondessa.com.br\/blog\/beleza\/burnout-da-pele\/","title":{"rendered":"\u201cBurnout da pele\u201d"},"content":{"rendered":"<p><em>Uso indiscriminado de cosm\u00e9ticos pode provocar rea\u00e7\u00f5es adversas, agravar doen\u00e7as dermatol\u00f3gicas e levar ao chamado burnout da pele_<\/em><\/p>\n<p>O in\u00edcio do ano costuma despertar o desejo de mudan\u00e7a e renova\u00e7\u00e3o de h\u00e1bitos, especialmente aqueles relacionados ao autocuidado. Entre as principais resolu\u00e7\u00f5es est\u00e1 o cuidado com a pele, impulsionado pela populariza\u00e7\u00e3o de rotinas de skincare nas redes sociais e pelo consumo de produtos considerados \u201cvirais\u201d. No entanto, especialistas alertam que o uso excessivo de cosm\u00e9ticos e a falta de orienta\u00e7\u00e3o adequada podem gerar efeitos contr\u00e1rios aos esperados.<\/p>\n<p>Segundo a m\u00e9dica e docente do IDOMED, Dra. Rayanna Nobre, um dos fen\u00f4menos cada vez mais observados nos consult\u00f3rios \u00e9 o chamado burnout da pele \u2014 condi\u00e7\u00e3o caracterizada pelo esgotamento da barreira cut\u00e2nea em decorr\u00eancia do uso excessivo e inadequado de produtos. \u201cAssim como acontece com o corpo e a mente, a pele tamb\u00e9m pode entrar em exaust\u00e3o. O excesso de ativos, especialmente quando combinados sem crit\u00e9rio, compromete sua fun\u00e7\u00e3o de prote\u00e7\u00e3o e favorece inflama\u00e7\u00f5es, sensibilidade extrema e a piora de doen\u00e7as preexistentes\u201d, explica.<\/p>\n<p>A especialista ressalta que a associa\u00e7\u00e3o inadequada de subst\u00e2ncias potencializa esse processo. \u00c1cidos como o glic\u00f3lico e ativos como o retinol, por exemplo, podem ser altamente irritantes quando utilizados em conjunto ou em concentra\u00e7\u00f5es inadequadas. Quantidade, frequ\u00eancia, concentra\u00e7\u00e3o e ordem de aplica\u00e7\u00e3o s\u00e3o fatores determinantes. O uso incorreto pode provocar ard\u00eancia, descama\u00e7\u00e3o persistente, surgimento de manchas e agravamento de les\u00f5es cut\u00e2neas.<\/p>\n<p>Outro fator de risco est\u00e1 na reprodu\u00e7\u00e3o de rotinas padronizadas amplamente divulgadas por influenciadores digitais. Esse tipo de conte\u00fado, em geral, desconsidera as particularidades de cada pele e incentiva o uso gen\u00e9rico de produtos, sem avalia\u00e7\u00e3o pr\u00e9via. A populariza\u00e7\u00e3o de itens \u201cvirais\u201d leva muitas pessoas a seguirem indica\u00e7\u00f5es sem crit\u00e9rios t\u00e9cnicos, mesmo sabendo que cada pele possui caracter\u00edsticas, necessidades e respostas diferentes.<\/p>\n<p>A m\u00e9dica tamb\u00e9m chama aten\u00e7\u00e3o para o uso de receitas caseiras ou produtos naturais sem orienta\u00e7\u00e3o profissional. Extratos naturais podem conter subst\u00e2ncias t\u00f3xicas ou irritantes, dependendo da concentra\u00e7\u00e3o e da forma de absor\u00e7\u00e3o. Como a pele possui alta capacidade de absor\u00e7\u00e3o, esses compostos podem desencadear efeitos rebote, les\u00f5es e at\u00e9 o surgimento de doen\u00e7as dermatol\u00f3gicas inesperadas.<\/p>\n<p>Entre os principais sinais de alerta est\u00e3o vermelhid\u00e3o persistente, ard\u00eancia, descama\u00e7\u00e3o sem melhora, aumento da sensibilidade, aparecimento de manchas e agravamento de les\u00f5es pr\u00e9-existentes \u2014 manifesta\u00e7\u00f5es frequentemente associadas ao burnout da pele. Diante de qualquer altera\u00e7\u00e3o percept\u00edvel, a recomenda\u00e7\u00e3o \u00e9 interromper o uso dos produtos e buscar a avalia\u00e7\u00e3o de um profissional habilitado.<\/p>\n<p>Para quem n\u00e3o tem acesso imediato a um especialista, o autoconhecimento surge como um ponto de partida essencial. Identificar se a pele \u00e9 seca, oleosa, mista ou sens\u00edvel ajuda a evitar escolhas inadequadas, j\u00e1 que o uso de produtos incompat\u00edveis pode intensificar processos de irrita\u00e7\u00e3o e contribuir para o desgaste da barreira cut\u00e2nea.<\/p>\n<p>De acordo com a docente, uma rotina eficaz n\u00e3o precisa ser complexa. \u201cO b\u00e1sico funciona muito bem. Manter a pele limpa, protegida do sol e hidratada j\u00e1 estimula uma pele saud\u00e1vel. Quando as rotinas se tornam longas, cheias de ativos e sem acompanhamento, o risco de burnout da pele aumenta\u201d, ressalta.<\/p>\n<p>Em s\u00edntese, o cuidado deve estar voltado \u00e0 aten\u00e7\u00e3o aos r\u00f3tulos, \u00e0 proced\u00eancia dos produtos e ao respaldo cient\u00edfico das f\u00f3rmulas. \u201cA automedica\u00e7\u00e3o dermatol\u00f3gica \u00e9 comum devido ao f\u00e1cil acesso aos cosm\u00e9ticos, mas \u00e9 fundamental observar a composi\u00e7\u00e3o, a seguran\u00e7a dos ativos e a confiabilidade das marcas. Cuidar da pele n\u00e3o \u00e9 sobre excesso, e sim sobre const\u00e2ncia, crit\u00e9rio e seguran\u00e7a\u201d, conclui.<\/p>\n<p>&nbsp;<\/p>\n","protected":false},"excerpt":{"rendered":"<p>Uso indiscriminado de cosm\u00e9ticos pode provocar rea\u00e7\u00f5es adversas, agravar doen\u00e7as dermatol\u00f3gicas e levar ao chamado burnout da pele_ O in\u00edcio do ano costuma despertar o desejo de mudan\u00e7a e renova\u00e7\u00e3o de h\u00e1bitos, especialmente aqueles relacionados ao autocuidado. Entre as principais resolu\u00e7\u00f5es est\u00e1 o cuidado com a pele, impulsionado pela populariza\u00e7\u00e3o de rotinas de skincare nas [&hellip;]<\/p>\n","protected":false},"author":2,"featured_media":13563,"comment_status":"closed","ping_status":"closed","sticky":false,"template":"","format":"standard","meta":{"iawp_total_views":10,"footnotes":""},"categories":[17],"tags":[],"class_list":["post-13562","post","type-post","status-publish","format-standard","has-post-thumbnail","hentry","category-beleza"],"yoast_head":"<!-- This site is optimized with the Yoast SEO plugin v27.3 - https:\/\/yoast.com\/product\/yoast-seo-wordpress\/ -->\n<title>\u201cBurnout da pele\u201d &#8902; Blog da Condessa<\/title>\n<meta name=\"robots\" content=\"index, follow, max-snippet:-1, max-image-preview:large, max-video-preview:-1\" \/>\n<link rel=\"canonical\" href=\"https:\/\/blogdacondessa.com.br\/blog\/beleza\/burnout-da-pele\/\" \/>\n<meta property=\"og:locale\" content=\"pt_BR\" \/>\n<meta property=\"og:type\" content=\"article\" \/>\n<meta property=\"og:title\" content=\"\u201cBurnout da pele\u201d &#8902; Blog da Condessa\" \/>\n<meta property=\"og:description\" content=\"Uso indiscriminado de cosm\u00e9ticos pode provocar rea\u00e7\u00f5es adversas, agravar doen\u00e7as dermatol\u00f3gicas e levar ao chamado burnout da pele_ O in\u00edcio do ano costuma despertar o desejo de mudan\u00e7a e renova\u00e7\u00e3o de h\u00e1bitos, especialmente aqueles relacionados ao autocuidado. Entre as principais resolu\u00e7\u00f5es est\u00e1 o cuidado com a pele, impulsionado pela populariza\u00e7\u00e3o de rotinas de skincare nas [&hellip;]\" \/>\n<meta property=\"og:url\" content=\"https:\/\/blogdacondessa.com.br\/blog\/beleza\/burnout-da-pele\/\" \/>\n<meta property=\"og:site_name\" content=\"Blog da Condessa\" \/>\n<meta property=\"article:published_time\" content=\"2026-02-11T09:00:30+00:00\" \/>\n<meta property=\"og:image\" content=\"https:\/\/blogdacondessa.com.br\/blog\/wp-content\/uploads\/2026\/02\/BELEZA.jpg\" \/>\n\t<meta property=\"og:image:width\" content=\"1500\" \/>\n\t<meta property=\"og:image:height\" content=\"844\" \/>\n\t<meta property=\"og:image:type\" content=\"image\/jpeg\" \/>\n<meta name=\"author\" content=\"Blog da Condessa\" \/>\n<meta name=\"twitter:card\" content=\"summary_large_image\" \/>\n<meta name=\"twitter:label1\" content=\"Escrito por\" \/>\n\t<meta name=\"twitter:data1\" content=\"Blog da Condessa\" \/>\n\t<meta name=\"twitter:label2\" content=\"Est. tempo de leitura\" \/>\n\t<meta name=\"twitter:data2\" content=\"4 minutos\" \/>\n<script type=\"application\/ld+json\" class=\"yoast-schema-graph\">{\"@context\":\"https:\\\/\\\/schema.org\",\"@graph\":[{\"@type\":\"Article\",\"@id\":\"https:\\\/\\\/blogdacondessa.com.br\\\/blog\\\/beleza\\\/burnout-da-pele\\\/#article\",\"isPartOf\":{\"@id\":\"https:\\\/\\\/blogdacondessa.com.br\\\/blog\\\/beleza\\\/burnout-da-pele\\\/\"},\"author\":{\"name\":\"Blog da Condessa\",\"@id\":\"https:\\\/\\\/blogdacondessa.com.br\\\/blog\\\/#\\\/schema\\\/person\\\/1d667ff8b785195b568677489d266035\"},\"headline\":\"\u201cBurnout da pele\u201d\",\"datePublished\":\"2026-02-11T09:00:30+00:00\",\"mainEntityOfPage\":{\"@id\":\"https:\\\/\\\/blogdacondessa.com.br\\\/blog\\\/beleza\\\/burnout-da-pele\\\/\"},\"wordCount\":657,\"image\":{\"@id\":\"https:\\\/\\\/blogdacondessa.com.br\\\/blog\\\/beleza\\\/burnout-da-pele\\\/#primaryimage\"},\"thumbnailUrl\":\"https:\\\/\\\/blogdacondessa.com.br\\\/blog\\\/wp-content\\\/uploads\\\/2026\\\/02\\\/BELEZA.jpg\",\"articleSection\":[\"Beleza\"],\"inLanguage\":\"pt-BR\"},{\"@type\":\"WebPage\",\"@id\":\"https:\\\/\\\/blogdacondessa.com.br\\\/blog\\\/beleza\\\/burnout-da-pele\\\/\",\"url\":\"https:\\\/\\\/blogdacondessa.com.br\\\/blog\\\/beleza\\\/burnout-da-pele\\\/\",\"name\":\"\u201cBurnout da pele\u201d &#8902; Blog da Condessa\",\"isPartOf\":{\"@id\":\"https:\\\/\\\/blogdacondessa.com.br\\\/blog\\\/#website\"},\"primaryImageOfPage\":{\"@id\":\"https:\\\/\\\/blogdacondessa.com.br\\\/blog\\\/beleza\\\/burnout-da-pele\\\/#primaryimage\"},\"image\":{\"@id\":\"https:\\\/\\\/blogdacondessa.com.br\\\/blog\\\/beleza\\\/burnout-da-pele\\\/#primaryimage\"},\"thumbnailUrl\":\"https:\\\/\\\/blogdacondessa.com.br\\\/blog\\\/wp-content\\\/uploads\\\/2026\\\/02\\\/BELEZA.jpg\",\"datePublished\":\"2026-02-11T09:00:30+00:00\",\"author\":{\"@id\":\"https:\\\/\\\/blogdacondessa.com.br\\\/blog\\\/#\\\/schema\\\/person\\\/1d667ff8b785195b568677489d266035\"},\"breadcrumb\":{\"@id\":\"https:\\\/\\\/blogdacondessa.com.br\\\/blog\\\/beleza\\\/burnout-da-pele\\\/#breadcrumb\"},\"inLanguage\":\"pt-BR\",\"potentialAction\":[{\"@type\":\"ReadAction\",\"target\":[\"https:\\\/\\\/blogdacondessa.com.br\\\/blog\\\/beleza\\\/burnout-da-pele\\\/\"]}]},{\"@type\":\"ImageObject\",\"inLanguage\":\"pt-BR\",\"@id\":\"https:\\\/\\\/blogdacondessa.com.br\\\/blog\\\/beleza\\\/burnout-da-pele\\\/#primaryimage\",\"url\":\"https:\\\/\\\/blogdacondessa.com.br\\\/blog\\\/wp-content\\\/uploads\\\/2026\\\/02\\\/BELEZA.jpg\",\"contentUrl\":\"https:\\\/\\\/blogdacondessa.com.br\\\/blog\\\/wp-content\\\/uploads\\\/2026\\\/02\\\/BELEZA.jpg\",\"width\":1500,\"height\":844},{\"@type\":\"BreadcrumbList\",\"@id\":\"https:\\\/\\\/blogdacondessa.com.br\\\/blog\\\/beleza\\\/burnout-da-pele\\\/#breadcrumb\",\"itemListElement\":[{\"@type\":\"ListItem\",\"position\":1,\"name\":\"In\u00edcio\",\"item\":\"https:\\\/\\\/blogdacondessa.com.br\\\/blog\\\/\"},{\"@type\":\"ListItem\",\"position\":2,\"name\":\"\u201cBurnout da pele\u201d\"}]},{\"@type\":\"WebSite\",\"@id\":\"https:\\\/\\\/blogdacondessa.com.br\\\/blog\\\/#website\",\"url\":\"https:\\\/\\\/blogdacondessa.com.br\\\/blog\\\/\",\"name\":\"Blog da Condessa\",\"description\":\"Com Shirley de Souza O\u2019Campos\",\"potentialAction\":[{\"@type\":\"SearchAction\",\"target\":{\"@type\":\"EntryPoint\",\"urlTemplate\":\"https:\\\/\\\/blogdacondessa.com.br\\\/blog\\\/?s={search_term_string}\"},\"query-input\":{\"@type\":\"PropertyValueSpecification\",\"valueRequired\":true,\"valueName\":\"search_term_string\"}}],\"inLanguage\":\"pt-BR\"},{\"@type\":\"Person\",\"@id\":\"https:\\\/\\\/blogdacondessa.com.br\\\/blog\\\/#\\\/schema\\\/person\\\/1d667ff8b785195b568677489d266035\",\"name\":\"Blog da Condessa\",\"image\":{\"@type\":\"ImageObject\",\"inLanguage\":\"pt-BR\",\"@id\":\"https:\\\/\\\/secure.gravatar.com\\\/avatar\\\/377c0eb8b4ad2bfc25461b41564b5971e721ca34a57642868fc7b0c8ac7b52c5?s=96&d=mm&r=g\",\"url\":\"https:\\\/\\\/secure.gravatar.com\\\/avatar\\\/377c0eb8b4ad2bfc25461b41564b5971e721ca34a57642868fc7b0c8ac7b52c5?s=96&d=mm&r=g\",\"contentUrl\":\"https:\\\/\\\/secure.gravatar.com\\\/avatar\\\/377c0eb8b4ad2bfc25461b41564b5971e721ca34a57642868fc7b0c8ac7b52c5?s=96&d=mm&r=g\",\"caption\":\"Blog da Condessa\"},\"url\":\"https:\\\/\\\/blogdacondessa.com.br\\\/blog\\\/author\\\/beatriz\\\/\"}]}<\/script>\n<!-- \/ Yoast SEO plugin. -->","yoast_head_json":{"title":"\u201cBurnout da pele\u201d &#8902; Blog da Condessa","robots":{"index":"index","follow":"follow","max-snippet":"max-snippet:-1","max-image-preview":"max-image-preview:large","max-video-preview":"max-video-preview:-1"},"canonical":"https:\/\/blogdacondessa.com.br\/blog\/beleza\/burnout-da-pele\/","og_locale":"pt_BR","og_type":"article","og_title":"\u201cBurnout da pele\u201d &#8902; Blog da Condessa","og_description":"Uso indiscriminado de cosm\u00e9ticos pode provocar rea\u00e7\u00f5es adversas, agravar doen\u00e7as dermatol\u00f3gicas e levar ao chamado burnout da pele_ O in\u00edcio do ano costuma despertar o desejo de mudan\u00e7a e renova\u00e7\u00e3o de h\u00e1bitos, especialmente aqueles relacionados ao autocuidado. Entre as principais resolu\u00e7\u00f5es est\u00e1 o cuidado com a pele, impulsionado pela populariza\u00e7\u00e3o de rotinas de skincare nas [&hellip;]","og_url":"https:\/\/blogdacondessa.com.br\/blog\/beleza\/burnout-da-pele\/","og_site_name":"Blog da Condessa","article_published_time":"2026-02-11T09:00:30+00:00","og_image":[{"width":1500,"height":844,"url":"https:\/\/blogdacondessa.com.br\/blog\/wp-content\/uploads\/2026\/02\/BELEZA.jpg","type":"image\/jpeg"}],"author":"Blog da Condessa","twitter_card":"summary_large_image","twitter_misc":{"Escrito por":"Blog da Condessa","Est. tempo de leitura":"4 minutos"},"schema":{"@context":"https:\/\/schema.org","@graph":[{"@type":"Article","@id":"https:\/\/blogdacondessa.com.br\/blog\/beleza\/burnout-da-pele\/#article","isPartOf":{"@id":"https:\/\/blogdacondessa.com.br\/blog\/beleza\/burnout-da-pele\/"},"author":{"name":"Blog da Condessa","@id":"https:\/\/blogdacondessa.com.br\/blog\/#\/schema\/person\/1d667ff8b785195b568677489d266035"},"headline":"\u201cBurnout da pele\u201d","datePublished":"2026-02-11T09:00:30+00:00","mainEntityOfPage":{"@id":"https:\/\/blogdacondessa.com.br\/blog\/beleza\/burnout-da-pele\/"},"wordCount":657,"image":{"@id":"https:\/\/blogdacondessa.com.br\/blog\/beleza\/burnout-da-pele\/#primaryimage"},"thumbnailUrl":"https:\/\/blogdacondessa.com.br\/blog\/wp-content\/uploads\/2026\/02\/BELEZA.jpg","articleSection":["Beleza"],"inLanguage":"pt-BR"},{"@type":"WebPage","@id":"https:\/\/blogdacondessa.com.br\/blog\/beleza\/burnout-da-pele\/","url":"https:\/\/blogdacondessa.com.br\/blog\/beleza\/burnout-da-pele\/","name":"\u201cBurnout da pele\u201d &#8902; Blog da Condessa","isPartOf":{"@id":"https:\/\/blogdacondessa.com.br\/blog\/#website"},"primaryImageOfPage":{"@id":"https:\/\/blogdacondessa.com.br\/blog\/beleza\/burnout-da-pele\/#primaryimage"},"image":{"@id":"https:\/\/blogdacondessa.com.br\/blog\/beleza\/burnout-da-pele\/#primaryimage"},"thumbnailUrl":"https:\/\/blogdacondessa.com.br\/blog\/wp-content\/uploads\/2026\/02\/BELEZA.jpg","datePublished":"2026-02-11T09:00:30+00:00","author":{"@id":"https:\/\/blogdacondessa.com.br\/blog\/#\/schema\/person\/1d667ff8b785195b568677489d266035"},"breadcrumb":{"@id":"https:\/\/blogdacondessa.com.br\/blog\/beleza\/burnout-da-pele\/#breadcrumb"},"inLanguage":"pt-BR","potentialAction":[{"@type":"ReadAction","target":["https:\/\/blogdacondessa.com.br\/blog\/beleza\/burnout-da-pele\/"]}]},{"@type":"ImageObject","inLanguage":"pt-BR","@id":"https:\/\/blogdacondessa.com.br\/blog\/beleza\/burnout-da-pele\/#primaryimage","url":"https:\/\/blogdacondessa.com.br\/blog\/wp-content\/uploads\/2026\/02\/BELEZA.jpg","contentUrl":"https:\/\/blogdacondessa.com.br\/blog\/wp-content\/uploads\/2026\/02\/BELEZA.jpg","width":1500,"height":844},{"@type":"BreadcrumbList","@id":"https:\/\/blogdacondessa.com.br\/blog\/beleza\/burnout-da-pele\/#breadcrumb","itemListElement":[{"@type":"ListItem","position":1,"name":"In\u00edcio","item":"https:\/\/blogdacondessa.com.br\/blog\/"},{"@type":"ListItem","position":2,"name":"\u201cBurnout da pele\u201d"}]},{"@type":"WebSite","@id":"https:\/\/blogdacondessa.com.br\/blog\/#website","url":"https:\/\/blogdacondessa.com.br\/blog\/","name":"Blog da Condessa","description":"Com Shirley de Souza O\u2019Campos","potentialAction":[{"@type":"SearchAction","target":{"@type":"EntryPoint","urlTemplate":"https:\/\/blogdacondessa.com.br\/blog\/?s={search_term_string}"},"query-input":{"@type":"PropertyValueSpecification","valueRequired":true,"valueName":"search_term_string"}}],"inLanguage":"pt-BR"},{"@type":"Person","@id":"https:\/\/blogdacondessa.com.br\/blog\/#\/schema\/person\/1d667ff8b785195b568677489d266035","name":"Blog da Condessa","image":{"@type":"ImageObject","inLanguage":"pt-BR","@id":"https:\/\/secure.gravatar.com\/avatar\/377c0eb8b4ad2bfc25461b41564b5971e721ca34a57642868fc7b0c8ac7b52c5?s=96&d=mm&r=g","url":"https:\/\/secure.gravatar.com\/avatar\/377c0eb8b4ad2bfc25461b41564b5971e721ca34a57642868fc7b0c8ac7b52c5?s=96&d=mm&r=g","contentUrl":"https:\/\/secure.gravatar.com\/avatar\/377c0eb8b4ad2bfc25461b41564b5971e721ca34a57642868fc7b0c8ac7b52c5?s=96&d=mm&r=g","caption":"Blog da Condessa"},"url":"https:\/\/blogdacondessa.com.br\/blog\/author\/beatriz\/"}]}},"_links":{"self":[{"href":"https:\/\/blogdacondessa.com.br\/blog\/wp-json\/wp\/v2\/posts\/13562","targetHints":{"allow":["GET"]}}],"collection":[{"href":"https:\/\/blogdacondessa.com.br\/blog\/wp-json\/wp\/v2\/posts"}],"about":[{"href":"https:\/\/blogdacondessa.com.br\/blog\/wp-json\/wp\/v2\/types\/post"}],"author":[{"embeddable":true,"href":"https:\/\/blogdacondessa.com.br\/blog\/wp-json\/wp\/v2\/users\/2"}],"replies":[{"embeddable":true,"href":"https:\/\/blogdacondessa.com.br\/blog\/wp-json\/wp\/v2\/comments?post=13562"}],"version-history":[{"count":1,"href":"https:\/\/blogdacondessa.com.br\/blog\/wp-json\/wp\/v2\/posts\/13562\/revisions"}],"predecessor-version":[{"id":13564,"href":"https:\/\/blogdacondessa.com.br\/blog\/wp-json\/wp\/v2\/posts\/13562\/revisions\/13564"}],"wp:featuredmedia":[{"embeddable":true,"href":"https:\/\/blogdacondessa.com.br\/blog\/wp-json\/wp\/v2\/media\/13563"}],"wp:attachment":[{"href":"https:\/\/blogdacondessa.com.br\/blog\/wp-json\/wp\/v2\/media?parent=13562"}],"wp:term":[{"taxonomy":"category","embeddable":true,"href":"https:\/\/blogdacondessa.com.br\/blog\/wp-json\/wp\/v2\/categories?post=13562"},{"taxonomy":"post_tag","embeddable":true,"href":"https:\/\/blogdacondessa.com.br\/blog\/wp-json\/wp\/v2\/tags?post=13562"}],"curies":[{"name":"wp","href":"https:\/\/api.w.org\/{rel}","templated":true}]}}