{"id":13559,"date":"2026-02-11T05:00:15","date_gmt":"2026-02-11T09:00:15","guid":{"rendered":"https:\/\/blogdacondessa.com.br\/blog\/?p=13559"},"modified":"2026-02-10T13:39:48","modified_gmt":"2026-02-10T17:39:48","slug":"vinde-e-vede-uma-vivencia-de-fe","status":"publish","type":"post","link":"https:\/\/blogdacondessa.com.br\/blog\/cidades\/vinde-e-vede-uma-vivencia-de-fe\/","title":{"rendered":"Vinde e Vede: uma viv\u00eancia de f\u00e9"},"content":{"rendered":"<p>A Arquidiocese de Cuiab\u00e1 vai realizar, a partir do dia 14 de fevereiro, s\u00e1bado de Carnaval, o Vinde e Vede 2026, um dos maiores eventos cat\u00f3licos do Centro-Oeste. A programa\u00e7\u00e3o segue at\u00e9 a ter\u00e7a-feira (17) e re\u00fane momentos de louvor, prega\u00e7\u00e3o, celebra\u00e7\u00f5es e apresenta\u00e7\u00f5es musicais. O estacionamento \u00e9 gratuito esse ano.<\/p>\n<p>Na abertura oficial do evento, a programa\u00e7\u00e3o do Celebra Jovem ser\u00e1 conduzida pelo Padre Tony Moreira, que tem forte atua\u00e7\u00e3o na evangeliza\u00e7\u00e3o e \u00e9 reconhecido pela proximidade com o p\u00fablico jovem. Ele integra o Time de apresentadores do Vinde e Vede, que prop\u00f5e uma viv\u00eancia de f\u00e9, reunindo jovens de diversas par\u00f3quias, comunidades e movimentos da Arquidiocese.<\/p>\n<p>O s\u00e1bado (14) tem in\u00edcio \u00e0s 16h, com acolhida e louvor, seguido da missa \u00e0s 17h. A programa\u00e7\u00e3o da noite inclui o show da Irm\u00e3 Ana Paula (19h15), a prega\u00e7\u00e3o de Thayn\u00e1 Azevedo (20h30) e o show de Fl\u00e1vio Vitor (22h30), al\u00e9m de momentos de ora\u00e7\u00e3o e adora\u00e7\u00e3o.<\/p>\n<p>No domingo (15), as atividades come\u00e7am \u00e0s 13h30, com acolhida e louvor, seguidas do ter\u00e7o. Ao longo da tarde, o p\u00fablico acompanha a prega\u00e7\u00e3o de Vin\u00edcius Sim\u00f5es (14h30), momentos de louvor e ora\u00e7\u00e3o da RCC, al\u00e9m das prega\u00e7\u00f5es de Tony Allysson (16h45) e do Padre Francisco Amaral (17h45). A missa, presidida pelo Padre Francisco Amaral, ser\u00e1 \u00e0s 19h, e a noite se encerra com show do cantor e mission\u00e1rio cat\u00f3lico Tony Allysson, \u00e0s 20h45.<\/p>\n<p>A programa\u00e7\u00e3o da segunda-feira (16) tem in\u00edcio \u00e0s 13h30, com acolhida e louvor, seguida do ter\u00e7o. O destaque do dia \u00e9 a prega\u00e7\u00e3o do Padre Overland (15h), al\u00e9m do Ato de Consagra\u00e7\u00e3o durante o cen\u00e1culo (17h45). A missa ser\u00e1 celebrada pelo Padre Wellynthon, \u00e0s 19h, e o encerramento da noite fica por conta do show do Padre Bruno, \u00e0s 20h45.<\/p>\n<p>O encerramento do Vinde e Vede 2026, na ter\u00e7a-feira (17), conta com prega\u00e7\u00f5es do Padre Adriano Zandon\u00e1 (15h) e do Padre Paulo Ricardo (17h). \u00c0 noite, a missa, \u00e0s 19h, ser\u00e1 presidida pelo arcebispo de Cuiab\u00e1, Dom M\u00e1rio Antonio, seguida de Adora\u00e7\u00e3o ao Sant\u00edssimo, Abertura da Campanha da Fraternidade 2026, show de pr\u00eamios e show do grupo Colo de Deus, encerrando oficialmente o evento \u00e0s 22h.<\/p>\n<p><strong>*A\u00e7\u00e3o solid\u00e1ria*<\/strong><\/p>\n<p>O Vinde e Vede \u00e9 aberto ao p\u00fablico e a entrada \u00e9 solid\u00e1ria, mediante a doa\u00e7\u00e3o de 1 kg de alimento n\u00e3o perec\u00edvel, que ser\u00e1 destinado a a\u00e7\u00f5es sociais mantidas pela Arquidiocese de Cuiab\u00e1.<\/p>\n<p>&nbsp;<\/p>\n","protected":false},"excerpt":{"rendered":"<p>A Arquidiocese de Cuiab\u00e1 vai realizar, a partir do dia 14 de fevereiro, s\u00e1bado de Carnaval, o Vinde e Vede 2026, um dos maiores eventos cat\u00f3licos do Centro-Oeste. A programa\u00e7\u00e3o segue at\u00e9 a ter\u00e7a-feira (17) e re\u00fane momentos de louvor, prega\u00e7\u00e3o, celebra\u00e7\u00f5es e apresenta\u00e7\u00f5es musicais. O estacionamento \u00e9 gratuito esse ano. Na abertura oficial do [&hellip;]<\/p>\n","protected":false},"author":2,"featured_media":13560,"comment_status":"closed","ping_status":"closed","sticky":false,"template":"","format":"standard","meta":{"iawp_total_views":29,"footnotes":""},"categories":[12],"tags":[],"class_list":["post-13559","post","type-post","status-publish","format-standard","has-post-thumbnail","hentry","category-cidades"],"yoast_head":"<!-- This site is optimized with the Yoast SEO plugin v27.3 - https:\/\/yoast.com\/product\/yoast-seo-wordpress\/ -->\n<title>Vinde e Vede: uma viv\u00eancia de f\u00e9 &#8902; Blog da Condessa<\/title>\n<meta name=\"robots\" content=\"index, follow, max-snippet:-1, max-image-preview:large, max-video-preview:-1\" \/>\n<link rel=\"canonical\" href=\"https:\/\/blogdacondessa.com.br\/blog\/cidades\/vinde-e-vede-uma-vivencia-de-fe\/\" \/>\n<meta property=\"og:locale\" content=\"pt_BR\" \/>\n<meta property=\"og:type\" content=\"article\" \/>\n<meta property=\"og:title\" content=\"Vinde e Vede: uma viv\u00eancia de f\u00e9 &#8902; Blog da Condessa\" \/>\n<meta property=\"og:description\" content=\"A Arquidiocese de Cuiab\u00e1 vai realizar, a partir do dia 14 de fevereiro, s\u00e1bado de Carnaval, o Vinde e Vede 2026, um dos maiores eventos cat\u00f3licos do Centro-Oeste. A programa\u00e7\u00e3o segue at\u00e9 a ter\u00e7a-feira (17) e re\u00fane momentos de louvor, prega\u00e7\u00e3o, celebra\u00e7\u00f5es e apresenta\u00e7\u00f5es musicais. O estacionamento \u00e9 gratuito esse ano. Na abertura oficial do [&hellip;]\" \/>\n<meta property=\"og:url\" content=\"https:\/\/blogdacondessa.com.br\/blog\/cidades\/vinde-e-vede-uma-vivencia-de-fe\/\" \/>\n<meta property=\"og:site_name\" content=\"Blog da Condessa\" \/>\n<meta property=\"article:published_time\" content=\"2026-02-11T09:00:15+00:00\" \/>\n<meta property=\"og:image\" content=\"https:\/\/blogdacondessa.com.br\/blog\/wp-content\/uploads\/2026\/02\/vinde-e-vede.jpg\" \/>\n\t<meta property=\"og:image:width\" content=\"1159\" \/>\n\t<meta property=\"og:image:height\" content=\"869\" \/>\n\t<meta property=\"og:image:type\" content=\"image\/jpeg\" \/>\n<meta name=\"author\" content=\"Blog da Condessa\" \/>\n<meta name=\"twitter:card\" content=\"summary_large_image\" \/>\n<meta name=\"twitter:label1\" content=\"Escrito por\" \/>\n\t<meta name=\"twitter:data1\" content=\"Blog da Condessa\" \/>\n\t<meta name=\"twitter:label2\" content=\"Est. tempo de leitura\" \/>\n\t<meta name=\"twitter:data2\" content=\"3 minutos\" \/>\n<script type=\"application\/ld+json\" class=\"yoast-schema-graph\">{\"@context\":\"https:\\\/\\\/schema.org\",\"@graph\":[{\"@type\":\"Article\",\"@id\":\"https:\\\/\\\/blogdacondessa.com.br\\\/blog\\\/cidades\\\/vinde-e-vede-uma-vivencia-de-fe\\\/#article\",\"isPartOf\":{\"@id\":\"https:\\\/\\\/blogdacondessa.com.br\\\/blog\\\/cidades\\\/vinde-e-vede-uma-vivencia-de-fe\\\/\"},\"author\":{\"name\":\"Blog da Condessa\",\"@id\":\"https:\\\/\\\/blogdacondessa.com.br\\\/blog\\\/#\\\/schema\\\/person\\\/1d667ff8b785195b568677489d266035\"},\"headline\":\"Vinde e Vede: uma viv\u00eancia de f\u00e9\",\"datePublished\":\"2026-02-11T09:00:15+00:00\",\"mainEntityOfPage\":{\"@id\":\"https:\\\/\\\/blogdacondessa.com.br\\\/blog\\\/cidades\\\/vinde-e-vede-uma-vivencia-de-fe\\\/\"},\"wordCount\":440,\"image\":{\"@id\":\"https:\\\/\\\/blogdacondessa.com.br\\\/blog\\\/cidades\\\/vinde-e-vede-uma-vivencia-de-fe\\\/#primaryimage\"},\"thumbnailUrl\":\"https:\\\/\\\/blogdacondessa.com.br\\\/blog\\\/wp-content\\\/uploads\\\/2026\\\/02\\\/vinde-e-vede.jpg\",\"articleSection\":[\"Cidades\"],\"inLanguage\":\"pt-BR\"},{\"@type\":\"WebPage\",\"@id\":\"https:\\\/\\\/blogdacondessa.com.br\\\/blog\\\/cidades\\\/vinde-e-vede-uma-vivencia-de-fe\\\/\",\"url\":\"https:\\\/\\\/blogdacondessa.com.br\\\/blog\\\/cidades\\\/vinde-e-vede-uma-vivencia-de-fe\\\/\",\"name\":\"Vinde e Vede: uma viv\u00eancia de f\u00e9 &#8902; Blog da Condessa\",\"isPartOf\":{\"@id\":\"https:\\\/\\\/blogdacondessa.com.br\\\/blog\\\/#website\"},\"primaryImageOfPage\":{\"@id\":\"https:\\\/\\\/blogdacondessa.com.br\\\/blog\\\/cidades\\\/vinde-e-vede-uma-vivencia-de-fe\\\/#primaryimage\"},\"image\":{\"@id\":\"https:\\\/\\\/blogdacondessa.com.br\\\/blog\\\/cidades\\\/vinde-e-vede-uma-vivencia-de-fe\\\/#primaryimage\"},\"thumbnailUrl\":\"https:\\\/\\\/blogdacondessa.com.br\\\/blog\\\/wp-content\\\/uploads\\\/2026\\\/02\\\/vinde-e-vede.jpg\",\"datePublished\":\"2026-02-11T09:00:15+00:00\",\"author\":{\"@id\":\"https:\\\/\\\/blogdacondessa.com.br\\\/blog\\\/#\\\/schema\\\/person\\\/1d667ff8b785195b568677489d266035\"},\"breadcrumb\":{\"@id\":\"https:\\\/\\\/blogdacondessa.com.br\\\/blog\\\/cidades\\\/vinde-e-vede-uma-vivencia-de-fe\\\/#breadcrumb\"},\"inLanguage\":\"pt-BR\",\"potentialAction\":[{\"@type\":\"ReadAction\",\"target\":[\"https:\\\/\\\/blogdacondessa.com.br\\\/blog\\\/cidades\\\/vinde-e-vede-uma-vivencia-de-fe\\\/\"]}]},{\"@type\":\"ImageObject\",\"inLanguage\":\"pt-BR\",\"@id\":\"https:\\\/\\\/blogdacondessa.com.br\\\/blog\\\/cidades\\\/vinde-e-vede-uma-vivencia-de-fe\\\/#primaryimage\",\"url\":\"https:\\\/\\\/blogdacondessa.com.br\\\/blog\\\/wp-content\\\/uploads\\\/2026\\\/02\\\/vinde-e-vede.jpg\",\"contentUrl\":\"https:\\\/\\\/blogdacondessa.com.br\\\/blog\\\/wp-content\\\/uploads\\\/2026\\\/02\\\/vinde-e-vede.jpg\",\"width\":1159,\"height\":869,\"caption\":\"Foto: Assessoria\"},{\"@type\":\"BreadcrumbList\",\"@id\":\"https:\\\/\\\/blogdacondessa.com.br\\\/blog\\\/cidades\\\/vinde-e-vede-uma-vivencia-de-fe\\\/#breadcrumb\",\"itemListElement\":[{\"@type\":\"ListItem\",\"position\":1,\"name\":\"In\u00edcio\",\"item\":\"https:\\\/\\\/blogdacondessa.com.br\\\/blog\\\/\"},{\"@type\":\"ListItem\",\"position\":2,\"name\":\"Vinde e Vede: uma viv\u00eancia de f\u00e9\"}]},{\"@type\":\"WebSite\",\"@id\":\"https:\\\/\\\/blogdacondessa.com.br\\\/blog\\\/#website\",\"url\":\"https:\\\/\\\/blogdacondessa.com.br\\\/blog\\\/\",\"name\":\"Blog da Condessa\",\"description\":\"Com Shirley de Souza O\u2019Campos\",\"potentialAction\":[{\"@type\":\"SearchAction\",\"target\":{\"@type\":\"EntryPoint\",\"urlTemplate\":\"https:\\\/\\\/blogdacondessa.com.br\\\/blog\\\/?s={search_term_string}\"},\"query-input\":{\"@type\":\"PropertyValueSpecification\",\"valueRequired\":true,\"valueName\":\"search_term_string\"}}],\"inLanguage\":\"pt-BR\"},{\"@type\":\"Person\",\"@id\":\"https:\\\/\\\/blogdacondessa.com.br\\\/blog\\\/#\\\/schema\\\/person\\\/1d667ff8b785195b568677489d266035\",\"name\":\"Blog da Condessa\",\"image\":{\"@type\":\"ImageObject\",\"inLanguage\":\"pt-BR\",\"@id\":\"https:\\\/\\\/secure.gravatar.com\\\/avatar\\\/377c0eb8b4ad2bfc25461b41564b5971e721ca34a57642868fc7b0c8ac7b52c5?s=96&d=mm&r=g\",\"url\":\"https:\\\/\\\/secure.gravatar.com\\\/avatar\\\/377c0eb8b4ad2bfc25461b41564b5971e721ca34a57642868fc7b0c8ac7b52c5?s=96&d=mm&r=g\",\"contentUrl\":\"https:\\\/\\\/secure.gravatar.com\\\/avatar\\\/377c0eb8b4ad2bfc25461b41564b5971e721ca34a57642868fc7b0c8ac7b52c5?s=96&d=mm&r=g\",\"caption\":\"Blog da Condessa\"},\"url\":\"https:\\\/\\\/blogdacondessa.com.br\\\/blog\\\/author\\\/beatriz\\\/\"}]}<\/script>\n<!-- \/ Yoast SEO plugin. -->","yoast_head_json":{"title":"Vinde e Vede: uma viv\u00eancia de f\u00e9 &#8902; Blog da Condessa","robots":{"index":"index","follow":"follow","max-snippet":"max-snippet:-1","max-image-preview":"max-image-preview:large","max-video-preview":"max-video-preview:-1"},"canonical":"https:\/\/blogdacondessa.com.br\/blog\/cidades\/vinde-e-vede-uma-vivencia-de-fe\/","og_locale":"pt_BR","og_type":"article","og_title":"Vinde e Vede: uma viv\u00eancia de f\u00e9 &#8902; Blog da Condessa","og_description":"A Arquidiocese de Cuiab\u00e1 vai realizar, a partir do dia 14 de fevereiro, s\u00e1bado de Carnaval, o Vinde e Vede 2026, um dos maiores eventos cat\u00f3licos do Centro-Oeste. A programa\u00e7\u00e3o segue at\u00e9 a ter\u00e7a-feira (17) e re\u00fane momentos de louvor, prega\u00e7\u00e3o, celebra\u00e7\u00f5es e apresenta\u00e7\u00f5es musicais. O estacionamento \u00e9 gratuito esse ano. Na abertura oficial do [&hellip;]","og_url":"https:\/\/blogdacondessa.com.br\/blog\/cidades\/vinde-e-vede-uma-vivencia-de-fe\/","og_site_name":"Blog da Condessa","article_published_time":"2026-02-11T09:00:15+00:00","og_image":[{"width":1159,"height":869,"url":"https:\/\/blogdacondessa.com.br\/blog\/wp-content\/uploads\/2026\/02\/vinde-e-vede.jpg","type":"image\/jpeg"}],"author":"Blog da Condessa","twitter_card":"summary_large_image","twitter_misc":{"Escrito por":"Blog da Condessa","Est. tempo de leitura":"3 minutos"},"schema":{"@context":"https:\/\/schema.org","@graph":[{"@type":"Article","@id":"https:\/\/blogdacondessa.com.br\/blog\/cidades\/vinde-e-vede-uma-vivencia-de-fe\/#article","isPartOf":{"@id":"https:\/\/blogdacondessa.com.br\/blog\/cidades\/vinde-e-vede-uma-vivencia-de-fe\/"},"author":{"name":"Blog da Condessa","@id":"https:\/\/blogdacondessa.com.br\/blog\/#\/schema\/person\/1d667ff8b785195b568677489d266035"},"headline":"Vinde e Vede: uma viv\u00eancia de f\u00e9","datePublished":"2026-02-11T09:00:15+00:00","mainEntityOfPage":{"@id":"https:\/\/blogdacondessa.com.br\/blog\/cidades\/vinde-e-vede-uma-vivencia-de-fe\/"},"wordCount":440,"image":{"@id":"https:\/\/blogdacondessa.com.br\/blog\/cidades\/vinde-e-vede-uma-vivencia-de-fe\/#primaryimage"},"thumbnailUrl":"https:\/\/blogdacondessa.com.br\/blog\/wp-content\/uploads\/2026\/02\/vinde-e-vede.jpg","articleSection":["Cidades"],"inLanguage":"pt-BR"},{"@type":"WebPage","@id":"https:\/\/blogdacondessa.com.br\/blog\/cidades\/vinde-e-vede-uma-vivencia-de-fe\/","url":"https:\/\/blogdacondessa.com.br\/blog\/cidades\/vinde-e-vede-uma-vivencia-de-fe\/","name":"Vinde e Vede: uma viv\u00eancia de f\u00e9 &#8902; Blog da Condessa","isPartOf":{"@id":"https:\/\/blogdacondessa.com.br\/blog\/#website"},"primaryImageOfPage":{"@id":"https:\/\/blogdacondessa.com.br\/blog\/cidades\/vinde-e-vede-uma-vivencia-de-fe\/#primaryimage"},"image":{"@id":"https:\/\/blogdacondessa.com.br\/blog\/cidades\/vinde-e-vede-uma-vivencia-de-fe\/#primaryimage"},"thumbnailUrl":"https:\/\/blogdacondessa.com.br\/blog\/wp-content\/uploads\/2026\/02\/vinde-e-vede.jpg","datePublished":"2026-02-11T09:00:15+00:00","author":{"@id":"https:\/\/blogdacondessa.com.br\/blog\/#\/schema\/person\/1d667ff8b785195b568677489d266035"},"breadcrumb":{"@id":"https:\/\/blogdacondessa.com.br\/blog\/cidades\/vinde-e-vede-uma-vivencia-de-fe\/#breadcrumb"},"inLanguage":"pt-BR","potentialAction":[{"@type":"ReadAction","target":["https:\/\/blogdacondessa.com.br\/blog\/cidades\/vinde-e-vede-uma-vivencia-de-fe\/"]}]},{"@type":"ImageObject","inLanguage":"pt-BR","@id":"https:\/\/blogdacondessa.com.br\/blog\/cidades\/vinde-e-vede-uma-vivencia-de-fe\/#primaryimage","url":"https:\/\/blogdacondessa.com.br\/blog\/wp-content\/uploads\/2026\/02\/vinde-e-vede.jpg","contentUrl":"https:\/\/blogdacondessa.com.br\/blog\/wp-content\/uploads\/2026\/02\/vinde-e-vede.jpg","width":1159,"height":869,"caption":"Foto: Assessoria"},{"@type":"BreadcrumbList","@id":"https:\/\/blogdacondessa.com.br\/blog\/cidades\/vinde-e-vede-uma-vivencia-de-fe\/#breadcrumb","itemListElement":[{"@type":"ListItem","position":1,"name":"In\u00edcio","item":"https:\/\/blogdacondessa.com.br\/blog\/"},{"@type":"ListItem","position":2,"name":"Vinde e Vede: uma viv\u00eancia de f\u00e9"}]},{"@type":"WebSite","@id":"https:\/\/blogdacondessa.com.br\/blog\/#website","url":"https:\/\/blogdacondessa.com.br\/blog\/","name":"Blog da Condessa","description":"Com Shirley de Souza O\u2019Campos","potentialAction":[{"@type":"SearchAction","target":{"@type":"EntryPoint","urlTemplate":"https:\/\/blogdacondessa.com.br\/blog\/?s={search_term_string}"},"query-input":{"@type":"PropertyValueSpecification","valueRequired":true,"valueName":"search_term_string"}}],"inLanguage":"pt-BR"},{"@type":"Person","@id":"https:\/\/blogdacondessa.com.br\/blog\/#\/schema\/person\/1d667ff8b785195b568677489d266035","name":"Blog da Condessa","image":{"@type":"ImageObject","inLanguage":"pt-BR","@id":"https:\/\/secure.gravatar.com\/avatar\/377c0eb8b4ad2bfc25461b41564b5971e721ca34a57642868fc7b0c8ac7b52c5?s=96&d=mm&r=g","url":"https:\/\/secure.gravatar.com\/avatar\/377c0eb8b4ad2bfc25461b41564b5971e721ca34a57642868fc7b0c8ac7b52c5?s=96&d=mm&r=g","contentUrl":"https:\/\/secure.gravatar.com\/avatar\/377c0eb8b4ad2bfc25461b41564b5971e721ca34a57642868fc7b0c8ac7b52c5?s=96&d=mm&r=g","caption":"Blog da Condessa"},"url":"https:\/\/blogdacondessa.com.br\/blog\/author\/beatriz\/"}]}},"_links":{"self":[{"href":"https:\/\/blogdacondessa.com.br\/blog\/wp-json\/wp\/v2\/posts\/13559","targetHints":{"allow":["GET"]}}],"collection":[{"href":"https:\/\/blogdacondessa.com.br\/blog\/wp-json\/wp\/v2\/posts"}],"about":[{"href":"https:\/\/blogdacondessa.com.br\/blog\/wp-json\/wp\/v2\/types\/post"}],"author":[{"embeddable":true,"href":"https:\/\/blogdacondessa.com.br\/blog\/wp-json\/wp\/v2\/users\/2"}],"replies":[{"embeddable":true,"href":"https:\/\/blogdacondessa.com.br\/blog\/wp-json\/wp\/v2\/comments?post=13559"}],"version-history":[{"count":1,"href":"https:\/\/blogdacondessa.com.br\/blog\/wp-json\/wp\/v2\/posts\/13559\/revisions"}],"predecessor-version":[{"id":13561,"href":"https:\/\/blogdacondessa.com.br\/blog\/wp-json\/wp\/v2\/posts\/13559\/revisions\/13561"}],"wp:featuredmedia":[{"embeddable":true,"href":"https:\/\/blogdacondessa.com.br\/blog\/wp-json\/wp\/v2\/media\/13560"}],"wp:attachment":[{"href":"https:\/\/blogdacondessa.com.br\/blog\/wp-json\/wp\/v2\/media?parent=13559"}],"wp:term":[{"taxonomy":"category","embeddable":true,"href":"https:\/\/blogdacondessa.com.br\/blog\/wp-json\/wp\/v2\/categories?post=13559"},{"taxonomy":"post_tag","embeddable":true,"href":"https:\/\/blogdacondessa.com.br\/blog\/wp-json\/wp\/v2\/tags?post=13559"}],"curies":[{"name":"wp","href":"https:\/\/api.w.org\/{rel}","templated":true}]}}