{"id":13549,"date":"2026-02-09T05:00:04","date_gmt":"2026-02-09T09:00:04","guid":{"rendered":"https:\/\/blogdacondessa.com.br\/blog\/?p=13549"},"modified":"2026-02-08T18:49:49","modified_gmt":"2026-02-08T22:49:49","slug":"a-tecnologia-genetica-muda-a-realidade-no-campo","status":"publish","type":"post","link":"https:\/\/blogdacondessa.com.br\/blog\/cotidiano\/a-tecnologia-genetica-muda-a-realidade-no-campo\/","title":{"rendered":"A tecnologia gen\u00e9tica muda a realidade no campo"},"content":{"rendered":"<p>A Secretaria de Estado de Agricultura Familiar (Seaf) est\u00e1 levando tecnologia gen\u00e9tica ao agricultor familiar por meio de projetos de melhoramento gen\u00e9tico voltados ao fortalecimento da pecu\u00e1ria leiteira. A iniciativa contempla as modalidades de s\u00eamen bovino, transfer\u00eancia de embri\u00f5es e novilhas prenhes, com foco em democratizar o acesso \u00e0 gen\u00e9tica superior, elevar a produtividade do rebanho e gerar renda no campo.<\/p>\n<p>Nesta etapa, 17 munic\u00edpios manifestaram interesse em participar do Projeto de Transfer\u00eancia de Embri\u00f5es e est\u00e3o recebendo orienta\u00e7\u00f5es t\u00e9cnicas da equipe da Secretaria.<\/p>\n<p>O foco do programa \u00e9 democratizar o acesso \u00e0 gen\u00e9tica superior, elevar a produtividade do rebanho leiteiro e gerar renda no campo. Nesta fase, os munic\u00edpios j\u00e1 encaminharam projetos, assinaram termos de acordo e doa\u00e7\u00e3o e organizaram as contrapartidas, permitindo o in\u00edcio dos trabalhos ainda em fevereiro.<\/p>\n<p>Os munic\u00edpios que manifestaram interesse s\u00e3o: S\u00e3o Jos\u00e9 dos Quatro Marcos, Figueir\u00f3polis, Jauru, Vale do S\u00e3o Domingos, Pontes e Lacerda, Conquista d\u2019Oeste, Nova Lacerda, Comodoro, Brasnorte, Castanheira, Juruena, Alta Floresta, Nova Cana\u00e3 do Norte, Col\u00edder, Terra Nova do Norte, Marcel\u00e2ndia e Chapada dos Guimar\u00e3es. Eles assinaram termos de coopera\u00e7\u00e3o e doa\u00e7\u00e3o, e organizaram as contrapartidas, permitindo o in\u00edcio dos trabalhos ainda em fevereiro. O total de investimento em embri\u00f5es ser\u00e1 de R$ 4,1 milh\u00f5es.<\/p>\n<p>Segundo o assessor t\u00e9cnico da Seaf, Jurandyr Jos\u00e9 Pinto, respons\u00e1vel por visitar os munic\u00edpios, o balan\u00e7o das reuni\u00f5es \u00e9 positivo.\u00a0\u201cOs munic\u00edpios est\u00e3o animados com essa nova oportunidade de melhoramento gen\u00e9tico via embri\u00f5es. Nas visitas \u00e0s propriedades que foram contempladas anteriormente, vimos o impacto do melhoramento gen\u00e9tico com o aumento na produ\u00e7\u00e3o de leite\u201d, contou Jurandyr.<\/p>\n<p>Na Baixada Cuiabana, o prefeito Osmar Fronner, de Chapada dos Guimar\u00e3es, refor\u00e7a a import\u00e2ncia do apoio institucional. \u201cVamos apoiar novamente o programa, com o objetivo de alcan\u00e7ar 60 embri\u00f5es positivos, o que significa mais leite e renda para a agricultura familiar. Dos 13 munic\u00edpios da Baixada Cuiabana, o nosso foi o \u00fanico a aderir, e recomendo aos demais gestores. Uma bezerra com gen\u00e9tica superior pode produzir at\u00e9 25 litros de leite, enquanto, sem gen\u00e9tica, n\u00e3o chega a cinco\u201d, destacou.<\/p>\n<p>Na pr\u00e1tica, os resultados j\u00e1 aparecem nas propriedades. Wagner Candido da Silva, do S\u00edtio Dois Irm\u00e3os, na comunidade Jo\u00e3o Carro, em Chapada dos Guimar\u00e3es, participou do programa em 2025 e contou sobre o impacto do projeto.<\/p>\n<p>\u201cForam implantados nove embri\u00f5es e tivemos sucesso em oito, inclusive com o nascimento de duas novilhas g\u00eameas. Todas nasceram saud\u00e1veis. Jamais um pequeno produtor conseguiria investir em melhoramento com uma gen\u00e9tica t\u00e3o alta e produtiva\u201d, afirmou.<\/p>\n<p>Para a extensionista da Empaer, Fab\u00edola Fernandes, os ganhos s\u00e3o t\u00e9cnicos e sociais. \u201cEm 2025, tivemos o nascimento de 35 bezerras de gen\u00e9tica superior. \u00c9 gratificante ver como esses projetos transformam a vida do produtor, levando gen\u00e9tica importada para pequenas propriedades\u201d, salientou.<\/p>\n<p>O m\u00e9dico-veterin\u00e1rio Lucas Barcelos ressaltou que o sucesso depende do engajamento dos produtores. \u201cO melhoramento gen\u00e9tico cabe em qualquer propriedade. O principal fator \u00e9 a vontade do produtor e o acompanhamento t\u00e9cnico. Com a gen\u00e9tica fornecida pela Seaf e a assist\u00eancia da Empaer, o pequeno produtor ganha tempo para se adequar e alcan\u00e7ar uma produ\u00e7\u00e3o mais rent\u00e1vel\u201d, avaliou.<\/p>\n<p>Al\u00e9m das prenhezes, a Seaf j\u00e1 transferiu para os munic\u00edpios, em 2025, 2.690 doses de s\u00eamen convencional, com investimento de R$ 16,7 mil, e 5.585 doses de s\u00eamen sexado, totalizando R$ 485,7 mil. Ao todo, foram 8.275 doses de s\u00eamen, com investimento total de R$ 502,4 mil.<\/p>\n<p>Entre 2020 e 2025, foram investidos em prenhez e s\u00eamen R$ 10,5 milh\u00f5es.<\/p>\n<p><strong>O programa de melhoramento gen\u00e9tico<\/strong><\/p>\n<p>O acesso aos projetos de melhoramento gen\u00e9tico n\u00e3o ocorre de forma individual. Produtores rurais, pessoa f\u00edsica (CPF), n\u00e3o podem solicitar diretamente os benef\u00edcios, sendo obrigat\u00f3ria a participa\u00e7\u00e3o por meio das prefeituras municipais, associa\u00e7\u00f5es ou cooperativas, conforme a modalidade. O projeto elaborado por essas entidades conta com a participa\u00e7\u00e3o da Empaer.<\/p>\n<p>No projeto de s\u00eamen, as entidades apresentam proposta b\u00e1sica informando ra\u00e7a, quantidade e tipo de s\u00eamen desejado (sexado ou convencional). A contrapartida inclui a responsabilidade pela insemina\u00e7\u00e3o e a disponibilidade de equipe t\u00e9cnica e de botij\u00e3o abastecido com nitrog\u00eanio para conserva\u00e7\u00e3o do s\u00eamen.<\/p>\n<p>J\u00e1 o projeto de transfer\u00eancia de embri\u00f5es \u00e9 executado de forma regionalizada, com divis\u00e3o em quatro lotes, sendo que cada lote corresponde a uma regi\u00e3o do Estado. A prefeitura encaminha o projeto b\u00e1sico para an\u00e1lise da equipe t\u00e9cnica da Seaf, e cada lote possui uma quantidade de prenhes para atender os munic\u00edpios da regi\u00e3o que manifestarem interesse.<\/p>\n<p>O projeto de novilhas prenhes \u00e9 destinado exclusivamente a associa\u00e7\u00f5es ou cooperativas, mediante chamamento p\u00fablico realizado pela Seaf, e exige contrapartida de 100%, na qual a entidade beneficiada recebe uma novilha e adquire outra. A Seaf refor\u00e7a que todos os projetos passam por an\u00e1lise t\u00e9cnica, garantindo transpar\u00eancia, equidade e efici\u00eancia na aplica\u00e7\u00e3o dos recursos p\u00fablicos.<\/p>\n","protected":false},"excerpt":{"rendered":"<p>A Secretaria de Estado de Agricultura Familiar (Seaf) est\u00e1 levando tecnologia gen\u00e9tica ao agricultor familiar por meio de projetos de melhoramento gen\u00e9tico voltados ao fortalecimento da pecu\u00e1ria leiteira. A iniciativa contempla as modalidades de s\u00eamen bovino, transfer\u00eancia de embri\u00f5es e novilhas prenhes, com foco em democratizar o acesso \u00e0 gen\u00e9tica superior, elevar a produtividade do [&hellip;]<\/p>\n","protected":false},"author":2,"featured_media":13550,"comment_status":"closed","ping_status":"closed","sticky":false,"template":"","format":"standard","meta":{"iawp_total_views":5,"footnotes":""},"categories":[24],"tags":[],"class_list":["post-13549","post","type-post","status-publish","format-standard","has-post-thumbnail","hentry","category-cotidiano"],"yoast_head":"<!-- This site is optimized with the Yoast SEO plugin v27.3 - https:\/\/yoast.com\/product\/yoast-seo-wordpress\/ -->\n<title>A tecnologia gen\u00e9tica muda a realidade no campo &#8902; Blog da Condessa<\/title>\n<meta name=\"robots\" content=\"index, follow, max-snippet:-1, max-image-preview:large, max-video-preview:-1\" \/>\n<link rel=\"canonical\" href=\"https:\/\/blogdacondessa.com.br\/blog\/cotidiano\/a-tecnologia-genetica-muda-a-realidade-no-campo\/\" \/>\n<meta property=\"og:locale\" content=\"pt_BR\" \/>\n<meta property=\"og:type\" content=\"article\" \/>\n<meta property=\"og:title\" content=\"A tecnologia gen\u00e9tica muda a realidade no campo &#8902; Blog da Condessa\" \/>\n<meta property=\"og:description\" content=\"A Secretaria de Estado de Agricultura Familiar (Seaf) est\u00e1 levando tecnologia gen\u00e9tica ao agricultor familiar por meio de projetos de melhoramento gen\u00e9tico voltados ao fortalecimento da pecu\u00e1ria leiteira. A iniciativa contempla as modalidades de s\u00eamen bovino, transfer\u00eancia de embri\u00f5es e novilhas prenhes, com foco em democratizar o acesso \u00e0 gen\u00e9tica superior, elevar a produtividade do [&hellip;]\" \/>\n<meta property=\"og:url\" content=\"https:\/\/blogdacondessa.com.br\/blog\/cotidiano\/a-tecnologia-genetica-muda-a-realidade-no-campo\/\" \/>\n<meta property=\"og:site_name\" content=\"Blog da Condessa\" \/>\n<meta property=\"article:published_time\" content=\"2026-02-09T09:00:04+00:00\" \/>\n<meta property=\"og:image\" content=\"https:\/\/blogdacondessa.com.br\/blog\/wp-content\/uploads\/2026\/02\/GADO.jpg\" \/>\n\t<meta property=\"og:image:width\" content=\"1024\" \/>\n\t<meta property=\"og:image:height\" content=\"768\" \/>\n\t<meta property=\"og:image:type\" content=\"image\/jpeg\" \/>\n<meta name=\"author\" content=\"Blog da Condessa\" \/>\n<meta name=\"twitter:card\" content=\"summary_large_image\" \/>\n<meta name=\"twitter:label1\" content=\"Escrito por\" \/>\n\t<meta name=\"twitter:data1\" content=\"Blog da Condessa\" \/>\n\t<meta name=\"twitter:label2\" content=\"Est. tempo de leitura\" \/>\n\t<meta name=\"twitter:data2\" content=\"5 minutos\" \/>\n<script type=\"application\/ld+json\" class=\"yoast-schema-graph\">{\"@context\":\"https:\\\/\\\/schema.org\",\"@graph\":[{\"@type\":\"Article\",\"@id\":\"https:\\\/\\\/blogdacondessa.com.br\\\/blog\\\/cotidiano\\\/a-tecnologia-genetica-muda-a-realidade-no-campo\\\/#article\",\"isPartOf\":{\"@id\":\"https:\\\/\\\/blogdacondessa.com.br\\\/blog\\\/cotidiano\\\/a-tecnologia-genetica-muda-a-realidade-no-campo\\\/\"},\"author\":{\"name\":\"Blog da Condessa\",\"@id\":\"https:\\\/\\\/blogdacondessa.com.br\\\/blog\\\/#\\\/schema\\\/person\\\/1d667ff8b785195b568677489d266035\"},\"headline\":\"A tecnologia gen\u00e9tica muda a realidade no campo\",\"datePublished\":\"2026-02-09T09:00:04+00:00\",\"mainEntityOfPage\":{\"@id\":\"https:\\\/\\\/blogdacondessa.com.br\\\/blog\\\/cotidiano\\\/a-tecnologia-genetica-muda-a-realidade-no-campo\\\/\"},\"wordCount\":884,\"image\":{\"@id\":\"https:\\\/\\\/blogdacondessa.com.br\\\/blog\\\/cotidiano\\\/a-tecnologia-genetica-muda-a-realidade-no-campo\\\/#primaryimage\"},\"thumbnailUrl\":\"https:\\\/\\\/blogdacondessa.com.br\\\/blog\\\/wp-content\\\/uploads\\\/2026\\\/02\\\/GADO.jpg\",\"articleSection\":[\"Cotidiano\"],\"inLanguage\":\"pt-BR\"},{\"@type\":\"WebPage\",\"@id\":\"https:\\\/\\\/blogdacondessa.com.br\\\/blog\\\/cotidiano\\\/a-tecnologia-genetica-muda-a-realidade-no-campo\\\/\",\"url\":\"https:\\\/\\\/blogdacondessa.com.br\\\/blog\\\/cotidiano\\\/a-tecnologia-genetica-muda-a-realidade-no-campo\\\/\",\"name\":\"A tecnologia gen\u00e9tica muda a realidade no campo &#8902; Blog da Condessa\",\"isPartOf\":{\"@id\":\"https:\\\/\\\/blogdacondessa.com.br\\\/blog\\\/#website\"},\"primaryImageOfPage\":{\"@id\":\"https:\\\/\\\/blogdacondessa.com.br\\\/blog\\\/cotidiano\\\/a-tecnologia-genetica-muda-a-realidade-no-campo\\\/#primaryimage\"},\"image\":{\"@id\":\"https:\\\/\\\/blogdacondessa.com.br\\\/blog\\\/cotidiano\\\/a-tecnologia-genetica-muda-a-realidade-no-campo\\\/#primaryimage\"},\"thumbnailUrl\":\"https:\\\/\\\/blogdacondessa.com.br\\\/blog\\\/wp-content\\\/uploads\\\/2026\\\/02\\\/GADO.jpg\",\"datePublished\":\"2026-02-09T09:00:04+00:00\",\"author\":{\"@id\":\"https:\\\/\\\/blogdacondessa.com.br\\\/blog\\\/#\\\/schema\\\/person\\\/1d667ff8b785195b568677489d266035\"},\"breadcrumb\":{\"@id\":\"https:\\\/\\\/blogdacondessa.com.br\\\/blog\\\/cotidiano\\\/a-tecnologia-genetica-muda-a-realidade-no-campo\\\/#breadcrumb\"},\"inLanguage\":\"pt-BR\",\"potentialAction\":[{\"@type\":\"ReadAction\",\"target\":[\"https:\\\/\\\/blogdacondessa.com.br\\\/blog\\\/cotidiano\\\/a-tecnologia-genetica-muda-a-realidade-no-campo\\\/\"]}]},{\"@type\":\"ImageObject\",\"inLanguage\":\"pt-BR\",\"@id\":\"https:\\\/\\\/blogdacondessa.com.br\\\/blog\\\/cotidiano\\\/a-tecnologia-genetica-muda-a-realidade-no-campo\\\/#primaryimage\",\"url\":\"https:\\\/\\\/blogdacondessa.com.br\\\/blog\\\/wp-content\\\/uploads\\\/2026\\\/02\\\/GADO.jpg\",\"contentUrl\":\"https:\\\/\\\/blogdacondessa.com.br\\\/blog\\\/wp-content\\\/uploads\\\/2026\\\/02\\\/GADO.jpg\",\"width\":1024,\"height\":768,\"caption\":\"Foto por: Assessoria Seaf\"},{\"@type\":\"BreadcrumbList\",\"@id\":\"https:\\\/\\\/blogdacondessa.com.br\\\/blog\\\/cotidiano\\\/a-tecnologia-genetica-muda-a-realidade-no-campo\\\/#breadcrumb\",\"itemListElement\":[{\"@type\":\"ListItem\",\"position\":1,\"name\":\"In\u00edcio\",\"item\":\"https:\\\/\\\/blogdacondessa.com.br\\\/blog\\\/\"},{\"@type\":\"ListItem\",\"position\":2,\"name\":\"A tecnologia gen\u00e9tica muda a realidade no campo\"}]},{\"@type\":\"WebSite\",\"@id\":\"https:\\\/\\\/blogdacondessa.com.br\\\/blog\\\/#website\",\"url\":\"https:\\\/\\\/blogdacondessa.com.br\\\/blog\\\/\",\"name\":\"Blog da Condessa\",\"description\":\"Com Shirley de Souza O\u2019Campos\",\"potentialAction\":[{\"@type\":\"SearchAction\",\"target\":{\"@type\":\"EntryPoint\",\"urlTemplate\":\"https:\\\/\\\/blogdacondessa.com.br\\\/blog\\\/?s={search_term_string}\"},\"query-input\":{\"@type\":\"PropertyValueSpecification\",\"valueRequired\":true,\"valueName\":\"search_term_string\"}}],\"inLanguage\":\"pt-BR\"},{\"@type\":\"Person\",\"@id\":\"https:\\\/\\\/blogdacondessa.com.br\\\/blog\\\/#\\\/schema\\\/person\\\/1d667ff8b785195b568677489d266035\",\"name\":\"Blog da Condessa\",\"image\":{\"@type\":\"ImageObject\",\"inLanguage\":\"pt-BR\",\"@id\":\"https:\\\/\\\/secure.gravatar.com\\\/avatar\\\/377c0eb8b4ad2bfc25461b41564b5971e721ca34a57642868fc7b0c8ac7b52c5?s=96&d=mm&r=g\",\"url\":\"https:\\\/\\\/secure.gravatar.com\\\/avatar\\\/377c0eb8b4ad2bfc25461b41564b5971e721ca34a57642868fc7b0c8ac7b52c5?s=96&d=mm&r=g\",\"contentUrl\":\"https:\\\/\\\/secure.gravatar.com\\\/avatar\\\/377c0eb8b4ad2bfc25461b41564b5971e721ca34a57642868fc7b0c8ac7b52c5?s=96&d=mm&r=g\",\"caption\":\"Blog da Condessa\"},\"url\":\"https:\\\/\\\/blogdacondessa.com.br\\\/blog\\\/author\\\/beatriz\\\/\"}]}<\/script>\n<!-- \/ Yoast SEO plugin. -->","yoast_head_json":{"title":"A tecnologia gen\u00e9tica muda a realidade no campo &#8902; Blog da Condessa","robots":{"index":"index","follow":"follow","max-snippet":"max-snippet:-1","max-image-preview":"max-image-preview:large","max-video-preview":"max-video-preview:-1"},"canonical":"https:\/\/blogdacondessa.com.br\/blog\/cotidiano\/a-tecnologia-genetica-muda-a-realidade-no-campo\/","og_locale":"pt_BR","og_type":"article","og_title":"A tecnologia gen\u00e9tica muda a realidade no campo &#8902; Blog da Condessa","og_description":"A Secretaria de Estado de Agricultura Familiar (Seaf) est\u00e1 levando tecnologia gen\u00e9tica ao agricultor familiar por meio de projetos de melhoramento gen\u00e9tico voltados ao fortalecimento da pecu\u00e1ria leiteira. A iniciativa contempla as modalidades de s\u00eamen bovino, transfer\u00eancia de embri\u00f5es e novilhas prenhes, com foco em democratizar o acesso \u00e0 gen\u00e9tica superior, elevar a produtividade do [&hellip;]","og_url":"https:\/\/blogdacondessa.com.br\/blog\/cotidiano\/a-tecnologia-genetica-muda-a-realidade-no-campo\/","og_site_name":"Blog da Condessa","article_published_time":"2026-02-09T09:00:04+00:00","og_image":[{"width":1024,"height":768,"url":"https:\/\/blogdacondessa.com.br\/blog\/wp-content\/uploads\/2026\/02\/GADO.jpg","type":"image\/jpeg"}],"author":"Blog da Condessa","twitter_card":"summary_large_image","twitter_misc":{"Escrito por":"Blog da Condessa","Est. tempo de leitura":"5 minutos"},"schema":{"@context":"https:\/\/schema.org","@graph":[{"@type":"Article","@id":"https:\/\/blogdacondessa.com.br\/blog\/cotidiano\/a-tecnologia-genetica-muda-a-realidade-no-campo\/#article","isPartOf":{"@id":"https:\/\/blogdacondessa.com.br\/blog\/cotidiano\/a-tecnologia-genetica-muda-a-realidade-no-campo\/"},"author":{"name":"Blog da Condessa","@id":"https:\/\/blogdacondessa.com.br\/blog\/#\/schema\/person\/1d667ff8b785195b568677489d266035"},"headline":"A tecnologia gen\u00e9tica muda a realidade no campo","datePublished":"2026-02-09T09:00:04+00:00","mainEntityOfPage":{"@id":"https:\/\/blogdacondessa.com.br\/blog\/cotidiano\/a-tecnologia-genetica-muda-a-realidade-no-campo\/"},"wordCount":884,"image":{"@id":"https:\/\/blogdacondessa.com.br\/blog\/cotidiano\/a-tecnologia-genetica-muda-a-realidade-no-campo\/#primaryimage"},"thumbnailUrl":"https:\/\/blogdacondessa.com.br\/blog\/wp-content\/uploads\/2026\/02\/GADO.jpg","articleSection":["Cotidiano"],"inLanguage":"pt-BR"},{"@type":"WebPage","@id":"https:\/\/blogdacondessa.com.br\/blog\/cotidiano\/a-tecnologia-genetica-muda-a-realidade-no-campo\/","url":"https:\/\/blogdacondessa.com.br\/blog\/cotidiano\/a-tecnologia-genetica-muda-a-realidade-no-campo\/","name":"A tecnologia gen\u00e9tica muda a realidade no campo &#8902; Blog da Condessa","isPartOf":{"@id":"https:\/\/blogdacondessa.com.br\/blog\/#website"},"primaryImageOfPage":{"@id":"https:\/\/blogdacondessa.com.br\/blog\/cotidiano\/a-tecnologia-genetica-muda-a-realidade-no-campo\/#primaryimage"},"image":{"@id":"https:\/\/blogdacondessa.com.br\/blog\/cotidiano\/a-tecnologia-genetica-muda-a-realidade-no-campo\/#primaryimage"},"thumbnailUrl":"https:\/\/blogdacondessa.com.br\/blog\/wp-content\/uploads\/2026\/02\/GADO.jpg","datePublished":"2026-02-09T09:00:04+00:00","author":{"@id":"https:\/\/blogdacondessa.com.br\/blog\/#\/schema\/person\/1d667ff8b785195b568677489d266035"},"breadcrumb":{"@id":"https:\/\/blogdacondessa.com.br\/blog\/cotidiano\/a-tecnologia-genetica-muda-a-realidade-no-campo\/#breadcrumb"},"inLanguage":"pt-BR","potentialAction":[{"@type":"ReadAction","target":["https:\/\/blogdacondessa.com.br\/blog\/cotidiano\/a-tecnologia-genetica-muda-a-realidade-no-campo\/"]}]},{"@type":"ImageObject","inLanguage":"pt-BR","@id":"https:\/\/blogdacondessa.com.br\/blog\/cotidiano\/a-tecnologia-genetica-muda-a-realidade-no-campo\/#primaryimage","url":"https:\/\/blogdacondessa.com.br\/blog\/wp-content\/uploads\/2026\/02\/GADO.jpg","contentUrl":"https:\/\/blogdacondessa.com.br\/blog\/wp-content\/uploads\/2026\/02\/GADO.jpg","width":1024,"height":768,"caption":"Foto por: Assessoria Seaf"},{"@type":"BreadcrumbList","@id":"https:\/\/blogdacondessa.com.br\/blog\/cotidiano\/a-tecnologia-genetica-muda-a-realidade-no-campo\/#breadcrumb","itemListElement":[{"@type":"ListItem","position":1,"name":"In\u00edcio","item":"https:\/\/blogdacondessa.com.br\/blog\/"},{"@type":"ListItem","position":2,"name":"A tecnologia gen\u00e9tica muda a realidade no campo"}]},{"@type":"WebSite","@id":"https:\/\/blogdacondessa.com.br\/blog\/#website","url":"https:\/\/blogdacondessa.com.br\/blog\/","name":"Blog da Condessa","description":"Com Shirley de Souza O\u2019Campos","potentialAction":[{"@type":"SearchAction","target":{"@type":"EntryPoint","urlTemplate":"https:\/\/blogdacondessa.com.br\/blog\/?s={search_term_string}"},"query-input":{"@type":"PropertyValueSpecification","valueRequired":true,"valueName":"search_term_string"}}],"inLanguage":"pt-BR"},{"@type":"Person","@id":"https:\/\/blogdacondessa.com.br\/blog\/#\/schema\/person\/1d667ff8b785195b568677489d266035","name":"Blog da Condessa","image":{"@type":"ImageObject","inLanguage":"pt-BR","@id":"https:\/\/secure.gravatar.com\/avatar\/377c0eb8b4ad2bfc25461b41564b5971e721ca34a57642868fc7b0c8ac7b52c5?s=96&d=mm&r=g","url":"https:\/\/secure.gravatar.com\/avatar\/377c0eb8b4ad2bfc25461b41564b5971e721ca34a57642868fc7b0c8ac7b52c5?s=96&d=mm&r=g","contentUrl":"https:\/\/secure.gravatar.com\/avatar\/377c0eb8b4ad2bfc25461b41564b5971e721ca34a57642868fc7b0c8ac7b52c5?s=96&d=mm&r=g","caption":"Blog da Condessa"},"url":"https:\/\/blogdacondessa.com.br\/blog\/author\/beatriz\/"}]}},"_links":{"self":[{"href":"https:\/\/blogdacondessa.com.br\/blog\/wp-json\/wp\/v2\/posts\/13549","targetHints":{"allow":["GET"]}}],"collection":[{"href":"https:\/\/blogdacondessa.com.br\/blog\/wp-json\/wp\/v2\/posts"}],"about":[{"href":"https:\/\/blogdacondessa.com.br\/blog\/wp-json\/wp\/v2\/types\/post"}],"author":[{"embeddable":true,"href":"https:\/\/blogdacondessa.com.br\/blog\/wp-json\/wp\/v2\/users\/2"}],"replies":[{"embeddable":true,"href":"https:\/\/blogdacondessa.com.br\/blog\/wp-json\/wp\/v2\/comments?post=13549"}],"version-history":[{"count":1,"href":"https:\/\/blogdacondessa.com.br\/blog\/wp-json\/wp\/v2\/posts\/13549\/revisions"}],"predecessor-version":[{"id":13551,"href":"https:\/\/blogdacondessa.com.br\/blog\/wp-json\/wp\/v2\/posts\/13549\/revisions\/13551"}],"wp:featuredmedia":[{"embeddable":true,"href":"https:\/\/blogdacondessa.com.br\/blog\/wp-json\/wp\/v2\/media\/13550"}],"wp:attachment":[{"href":"https:\/\/blogdacondessa.com.br\/blog\/wp-json\/wp\/v2\/media?parent=13549"}],"wp:term":[{"taxonomy":"category","embeddable":true,"href":"https:\/\/blogdacondessa.com.br\/blog\/wp-json\/wp\/v2\/categories?post=13549"},{"taxonomy":"post_tag","embeddable":true,"href":"https:\/\/blogdacondessa.com.br\/blog\/wp-json\/wp\/v2\/tags?post=13549"}],"curies":[{"name":"wp","href":"https:\/\/api.w.org\/{rel}","templated":true}]}}