{"id":13503,"date":"2026-02-01T05:00:00","date_gmt":"2026-02-01T09:00:00","guid":{"rendered":"https:\/\/blogdacondessa.com.br\/blog\/?p=13503"},"modified":"2026-01-31T19:46:27","modified_gmt":"2026-01-31T23:46:27","slug":"manual-reune-informacoes-para-microempreendedor-individual","status":"publish","type":"post","link":"https:\/\/blogdacondessa.com.br\/blog\/economia\/manual-reune-informacoes-para-microempreendedor-individual\/","title":{"rendered":"Manual re\u00fane informa\u00e7\u00f5es para microempreendedor individual"},"content":{"rendered":"<p><em>Manual do Jovem Empreendedor est\u00e1 dispon\u00edvel online<\/em><\/p>\n<p>Guia lan\u00e7ado pelo Minist\u00e9rio do Empreendedorismo, da Microempresa e da Empresa de Pequeno Porte re\u00fane informa\u00e7\u00f5es essenciais para quem quer empreender como Microempreendedor Individual (MEI).\u00a0O chamado Manual do Jovem Empreendedor re\u00fane informa\u00e7\u00f5es sobre como funciona a formaliza\u00e7\u00e3o, a organiza\u00e7\u00e3o do neg\u00f3cio e o aproveitamento das oportunidades dispon\u00edveis no pa\u00eds.<\/p>\n<p>O Manual do Jovem Empreendedor est\u00e1\u00a0<a href=\"https:\/\/www.gov.br\/empresas-e-negocios\/pt-br\/empreendedor\/manual-do-jovem-empreendedor\/manual-do-jovem-empreendedor-1\/20251128-jovem-empreendedor.pdf\">dispon\u00edvel online<\/a>.<\/p>\n<p>Al\u00e9m de explicar as regras e custos envolvidos, o manual destaca caminhos para o crescimento do neg\u00f3cio, apresentando iniciativas de capacita\u00e7\u00e3o, programas de cr\u00e9dito e oportunidades de contrata\u00e7\u00e3o p\u00fablica.<\/p>\n<p>A inten\u00e7\u00e3o, de acordo com o Minist\u00e9rio \u00e9 que o guia se consolide como uma porta de entrada para o empreendedorismo jovem, oferecendo conhecimento pr\u00e1tico para planejar, formalizar e desenvolver um neg\u00f3cio com mais confian\u00e7a.<\/p>\n<p><strong><em><u>Confira informa\u00e7\u00f5es do manual:\u00a0<\/u><\/em><\/strong><\/p>\n<p><strong>&#8211; Quem pode se formalizar como MEI?\u00a0<\/strong><\/p>\n<ul>\n<li>Pessoa f\u00edsica com mais de 18 anos;<\/li>\n<li>Jovens de 16 a 18 anos podem ser MEI, desde que emancipados;<\/li>\n<li>Que n\u00e3o participe como s\u00f3cio ou titular de outra empresa;<\/li>\n<li>Que exer\u00e7a uma das atividades econ\u00f4micas permitidas para MEI (atualmente, s\u00e3o mais de 467).<\/li>\n<\/ul>\n<p>O primeiro passo digital \u00e9 se formalizar como MEI. A formaliza\u00e7\u00e3o \u00e9 feita totalmente online e gratuita no Portal do Empreendedor: Acesse:\u00a0<a href=\"http:\/\/gov.br\/mei\">gov.br\/mei<\/a><\/p>\n<p><strong>No portal, voc\u00ea pode:<\/strong><\/p>\n<ul>\n<li>Fazer o cadastro como MEI;<\/li>\n<li>Emitir seu CNPJ e Certificado na hora;<\/li>\n<li>Consultar as atividades permitidas;<\/li>\n<li>Acompanhar obriga\u00e7\u00f5es,<\/li>\n<li>Emitir boletos (DAS), fazer altera\u00e7\u00f5es e dar baixa.<\/li>\n<\/ul>\n<p><strong>&#8211; Quais as vantagens de ser MEI?\u00a0<\/strong><\/p>\n<ul>\n<li>CNPJ e certificado gratuitos na hora da formaliza\u00e7\u00e3o;<\/li>\n<li>Direito \u00e0 aposentadoria, aux\u00edlio-doen\u00e7a, sal\u00e1rio-maternidade e outros benef\u00edcios (com contribui\u00e7\u00e3o em dia);<\/li>\n<li>Emiss\u00e3o de nota fiscal;<\/li>\n<li>Acesso facilitado a cr\u00e9dito banc\u00e1rio;<\/li>\n<li>Participa\u00e7\u00e3o em licita\u00e7\u00f5es p\u00fablicas;<\/li>\n<li>Contribui\u00e7\u00e3o mensal fixa e reduzida.<\/li>\n<\/ul>\n<p><strong>&#8211; Quais as atividades s\u00e3o permitidas para MEI?\u00a0<\/strong><\/p>\n<p>O MEI pode atuar em mais de 467 ocupa\u00e7\u00f5es diferentes, divididas em segmentos como:<\/p>\n<ul>\n<li>Com\u00e9rcio (vendas de roupas, cosm\u00e9ticos, alimentos etc.)<\/li>\n<li>Reparos e Manuten\u00e7\u00e3o (encanador, eletricista, pintor)<\/li>\n<li>Beleza e Bem-estar (manicure, cabeleireiro, depilador)<\/li>\n<li>Cultura e Artesanato (m\u00fasico, artes\u00e3o, fot\u00f3grafo)<\/li>\n<li>Educa\u00e7\u00e3o (professor particular, instrutor esportivo)<\/li>\n<li>Comunica\u00e7\u00e3o e Tecnologia (digitador, suporte t\u00e9cnico)<\/li>\n<li>Transporte (cargas com ve\u00edculo pr\u00f3prio \u2014 MEI Caminhoneiro)<\/li>\n<\/ul>\n<p>Consulte\u00a0 <a href=\"https:\/\/www.gov.br\/empresas-e-negocios\/pt-br\/empreendedor\/quero-ser-mei\/atividades-permitidas\">https:\/\/www.gov.br\/empresas-e-negocios\/pt-br\/empreendedor\/quero-ser-mei\/atividades-permitidas<\/a> para a lista completa com as ocupa\u00e7\u00f5es permitidas.<\/p>\n<p>Para capacita\u00e7\u00e3o, acesse\u00a0https:\/\/www.gov.br\/empresas-e-negocios\/acl_users\/credentials_cookie_auth\/require_login?came_from=https%3A\/\/www.gov.br\/empresas-e-negocios\/pt-br\/empreendedor\/empreendedor\/capacita<\/p>\n<p><strong>Cursos online e presencial em temas como:<\/strong><\/p>\n<ul>\n<li>Empreendedorismo e Inova\u00e7\u00e3o;<\/li>\n<li>Finan\u00e7as e Planejamento;<\/li>\n<li>Vendas e Marketing;<\/li>\n<li>Gest\u00e3o de Pessoas;<\/li>\n<li>Legisla\u00e7\u00e3o e obriga\u00e7\u00f5es do MEI Ideal para quem est\u00e1 come\u00e7ando e quer se preparar para crescer com seguran\u00e7a. (Fonte: Ag\u00eancia Brasil)<\/li>\n<\/ul>\n","protected":false},"excerpt":{"rendered":"<p>Manual do Jovem Empreendedor est\u00e1 dispon\u00edvel online Guia lan\u00e7ado pelo Minist\u00e9rio do Empreendedorismo, da Microempresa e da Empresa de Pequeno Porte re\u00fane informa\u00e7\u00f5es essenciais para quem quer empreender como Microempreendedor Individual (MEI).\u00a0O chamado Manual do Jovem Empreendedor re\u00fane informa\u00e7\u00f5es sobre como funciona a formaliza\u00e7\u00e3o, a organiza\u00e7\u00e3o do neg\u00f3cio e o aproveitamento das oportunidades dispon\u00edveis no [&hellip;]<\/p>\n","protected":false},"author":2,"featured_media":13504,"comment_status":"closed","ping_status":"closed","sticky":false,"template":"","format":"standard","meta":{"iawp_total_views":1,"footnotes":""},"categories":[9],"tags":[],"class_list":["post-13503","post","type-post","status-publish","format-standard","has-post-thumbnail","hentry","category-economia"],"yoast_head":"<!-- This site is optimized with the Yoast SEO plugin v27.3 - https:\/\/yoast.com\/product\/yoast-seo-wordpress\/ -->\n<title>Manual re\u00fane informa\u00e7\u00f5es para microempreendedor individual &#8902; Blog da Condessa<\/title>\n<meta name=\"robots\" content=\"index, follow, max-snippet:-1, max-image-preview:large, max-video-preview:-1\" \/>\n<link rel=\"canonical\" href=\"https:\/\/blogdacondessa.com.br\/blog\/economia\/manual-reune-informacoes-para-microempreendedor-individual\/\" \/>\n<meta property=\"og:locale\" content=\"pt_BR\" \/>\n<meta property=\"og:type\" content=\"article\" \/>\n<meta property=\"og:title\" content=\"Manual re\u00fane informa\u00e7\u00f5es para microempreendedor individual &#8902; Blog da Condessa\" \/>\n<meta property=\"og:description\" content=\"Manual do Jovem Empreendedor est\u00e1 dispon\u00edvel online Guia lan\u00e7ado pelo Minist\u00e9rio do Empreendedorismo, da Microempresa e da Empresa de Pequeno Porte re\u00fane informa\u00e7\u00f5es essenciais para quem quer empreender como Microempreendedor Individual (MEI).\u00a0O chamado Manual do Jovem Empreendedor re\u00fane informa\u00e7\u00f5es sobre como funciona a formaliza\u00e7\u00e3o, a organiza\u00e7\u00e3o do neg\u00f3cio e o aproveitamento das oportunidades dispon\u00edveis no [&hellip;]\" \/>\n<meta property=\"og:url\" content=\"https:\/\/blogdacondessa.com.br\/blog\/economia\/manual-reune-informacoes-para-microempreendedor-individual\/\" \/>\n<meta property=\"og:site_name\" content=\"Blog da Condessa\" \/>\n<meta property=\"article:published_time\" content=\"2026-02-01T09:00:00+00:00\" \/>\n<meta property=\"og:image\" content=\"https:\/\/blogdacondessa.com.br\/blog\/wp-content\/uploads\/2026\/01\/MEI.webp\" \/>\n\t<meta property=\"og:image:width\" content=\"1170\" \/>\n\t<meta property=\"og:image:height\" content=\"700\" \/>\n\t<meta property=\"og:image:type\" content=\"image\/webp\" \/>\n<meta name=\"author\" content=\"Blog da Condessa\" \/>\n<meta name=\"twitter:card\" content=\"summary_large_image\" \/>\n<meta name=\"twitter:label1\" content=\"Escrito por\" \/>\n\t<meta name=\"twitter:data1\" content=\"Blog da Condessa\" \/>\n\t<meta name=\"twitter:label2\" content=\"Est. tempo de leitura\" \/>\n\t<meta name=\"twitter:data2\" content=\"3 minutos\" \/>\n<script type=\"application\/ld+json\" class=\"yoast-schema-graph\">{\"@context\":\"https:\\\/\\\/schema.org\",\"@graph\":[{\"@type\":\"Article\",\"@id\":\"https:\\\/\\\/blogdacondessa.com.br\\\/blog\\\/economia\\\/manual-reune-informacoes-para-microempreendedor-individual\\\/#article\",\"isPartOf\":{\"@id\":\"https:\\\/\\\/blogdacondessa.com.br\\\/blog\\\/economia\\\/manual-reune-informacoes-para-microempreendedor-individual\\\/\"},\"author\":{\"name\":\"Blog da Condessa\",\"@id\":\"https:\\\/\\\/blogdacondessa.com.br\\\/blog\\\/#\\\/schema\\\/person\\\/1d667ff8b785195b568677489d266035\"},\"headline\":\"Manual re\u00fane informa\u00e7\u00f5es para microempreendedor individual\",\"datePublished\":\"2026-02-01T09:00:00+00:00\",\"mainEntityOfPage\":{\"@id\":\"https:\\\/\\\/blogdacondessa.com.br\\\/blog\\\/economia\\\/manual-reune-informacoes-para-microempreendedor-individual\\\/\"},\"wordCount\":502,\"image\":{\"@id\":\"https:\\\/\\\/blogdacondessa.com.br\\\/blog\\\/economia\\\/manual-reune-informacoes-para-microempreendedor-individual\\\/#primaryimage\"},\"thumbnailUrl\":\"https:\\\/\\\/blogdacondessa.com.br\\\/blog\\\/wp-content\\\/uploads\\\/2026\\\/01\\\/MEI.webp\",\"articleSection\":[\"Economia\"],\"inLanguage\":\"pt-BR\"},{\"@type\":\"WebPage\",\"@id\":\"https:\\\/\\\/blogdacondessa.com.br\\\/blog\\\/economia\\\/manual-reune-informacoes-para-microempreendedor-individual\\\/\",\"url\":\"https:\\\/\\\/blogdacondessa.com.br\\\/blog\\\/economia\\\/manual-reune-informacoes-para-microempreendedor-individual\\\/\",\"name\":\"Manual re\u00fane informa\u00e7\u00f5es para microempreendedor individual &#8902; Blog da Condessa\",\"isPartOf\":{\"@id\":\"https:\\\/\\\/blogdacondessa.com.br\\\/blog\\\/#website\"},\"primaryImageOfPage\":{\"@id\":\"https:\\\/\\\/blogdacondessa.com.br\\\/blog\\\/economia\\\/manual-reune-informacoes-para-microempreendedor-individual\\\/#primaryimage\"},\"image\":{\"@id\":\"https:\\\/\\\/blogdacondessa.com.br\\\/blog\\\/economia\\\/manual-reune-informacoes-para-microempreendedor-individual\\\/#primaryimage\"},\"thumbnailUrl\":\"https:\\\/\\\/blogdacondessa.com.br\\\/blog\\\/wp-content\\\/uploads\\\/2026\\\/01\\\/MEI.webp\",\"datePublished\":\"2026-02-01T09:00:00+00:00\",\"author\":{\"@id\":\"https:\\\/\\\/blogdacondessa.com.br\\\/blog\\\/#\\\/schema\\\/person\\\/1d667ff8b785195b568677489d266035\"},\"breadcrumb\":{\"@id\":\"https:\\\/\\\/blogdacondessa.com.br\\\/blog\\\/economia\\\/manual-reune-informacoes-para-microempreendedor-individual\\\/#breadcrumb\"},\"inLanguage\":\"pt-BR\",\"potentialAction\":[{\"@type\":\"ReadAction\",\"target\":[\"https:\\\/\\\/blogdacondessa.com.br\\\/blog\\\/economia\\\/manual-reune-informacoes-para-microempreendedor-individual\\\/\"]}]},{\"@type\":\"ImageObject\",\"inLanguage\":\"pt-BR\",\"@id\":\"https:\\\/\\\/blogdacondessa.com.br\\\/blog\\\/economia\\\/manual-reune-informacoes-para-microempreendedor-individual\\\/#primaryimage\",\"url\":\"https:\\\/\\\/blogdacondessa.com.br\\\/blog\\\/wp-content\\\/uploads\\\/2026\\\/01\\\/MEI.webp\",\"contentUrl\":\"https:\\\/\\\/blogdacondessa.com.br\\\/blog\\\/wp-content\\\/uploads\\\/2026\\\/01\\\/MEI.webp\",\"width\":1170,\"height\":700,\"caption\":\"Foto: \u00a9 T\u00e2nia R\u00eago \\\/Ag\u00eancia Brasil\"},{\"@type\":\"BreadcrumbList\",\"@id\":\"https:\\\/\\\/blogdacondessa.com.br\\\/blog\\\/economia\\\/manual-reune-informacoes-para-microempreendedor-individual\\\/#breadcrumb\",\"itemListElement\":[{\"@type\":\"ListItem\",\"position\":1,\"name\":\"In\u00edcio\",\"item\":\"https:\\\/\\\/blogdacondessa.com.br\\\/blog\\\/\"},{\"@type\":\"ListItem\",\"position\":2,\"name\":\"Manual re\u00fane informa\u00e7\u00f5es para microempreendedor individual\"}]},{\"@type\":\"WebSite\",\"@id\":\"https:\\\/\\\/blogdacondessa.com.br\\\/blog\\\/#website\",\"url\":\"https:\\\/\\\/blogdacondessa.com.br\\\/blog\\\/\",\"name\":\"Blog da Condessa\",\"description\":\"Com Shirley de Souza O\u2019Campos\",\"potentialAction\":[{\"@type\":\"SearchAction\",\"target\":{\"@type\":\"EntryPoint\",\"urlTemplate\":\"https:\\\/\\\/blogdacondessa.com.br\\\/blog\\\/?s={search_term_string}\"},\"query-input\":{\"@type\":\"PropertyValueSpecification\",\"valueRequired\":true,\"valueName\":\"search_term_string\"}}],\"inLanguage\":\"pt-BR\"},{\"@type\":\"Person\",\"@id\":\"https:\\\/\\\/blogdacondessa.com.br\\\/blog\\\/#\\\/schema\\\/person\\\/1d667ff8b785195b568677489d266035\",\"name\":\"Blog da Condessa\",\"image\":{\"@type\":\"ImageObject\",\"inLanguage\":\"pt-BR\",\"@id\":\"https:\\\/\\\/secure.gravatar.com\\\/avatar\\\/377c0eb8b4ad2bfc25461b41564b5971e721ca34a57642868fc7b0c8ac7b52c5?s=96&d=mm&r=g\",\"url\":\"https:\\\/\\\/secure.gravatar.com\\\/avatar\\\/377c0eb8b4ad2bfc25461b41564b5971e721ca34a57642868fc7b0c8ac7b52c5?s=96&d=mm&r=g\",\"contentUrl\":\"https:\\\/\\\/secure.gravatar.com\\\/avatar\\\/377c0eb8b4ad2bfc25461b41564b5971e721ca34a57642868fc7b0c8ac7b52c5?s=96&d=mm&r=g\",\"caption\":\"Blog da Condessa\"},\"url\":\"https:\\\/\\\/blogdacondessa.com.br\\\/blog\\\/author\\\/beatriz\\\/\"}]}<\/script>\n<!-- \/ Yoast SEO plugin. -->","yoast_head_json":{"title":"Manual re\u00fane informa\u00e7\u00f5es para microempreendedor individual &#8902; Blog da Condessa","robots":{"index":"index","follow":"follow","max-snippet":"max-snippet:-1","max-image-preview":"max-image-preview:large","max-video-preview":"max-video-preview:-1"},"canonical":"https:\/\/blogdacondessa.com.br\/blog\/economia\/manual-reune-informacoes-para-microempreendedor-individual\/","og_locale":"pt_BR","og_type":"article","og_title":"Manual re\u00fane informa\u00e7\u00f5es para microempreendedor individual &#8902; Blog da Condessa","og_description":"Manual do Jovem Empreendedor est\u00e1 dispon\u00edvel online Guia lan\u00e7ado pelo Minist\u00e9rio do Empreendedorismo, da Microempresa e da Empresa de Pequeno Porte re\u00fane informa\u00e7\u00f5es essenciais para quem quer empreender como Microempreendedor Individual (MEI).\u00a0O chamado Manual do Jovem Empreendedor re\u00fane informa\u00e7\u00f5es sobre como funciona a formaliza\u00e7\u00e3o, a organiza\u00e7\u00e3o do neg\u00f3cio e o aproveitamento das oportunidades dispon\u00edveis no [&hellip;]","og_url":"https:\/\/blogdacondessa.com.br\/blog\/economia\/manual-reune-informacoes-para-microempreendedor-individual\/","og_site_name":"Blog da Condessa","article_published_time":"2026-02-01T09:00:00+00:00","og_image":[{"width":1170,"height":700,"url":"https:\/\/blogdacondessa.com.br\/blog\/wp-content\/uploads\/2026\/01\/MEI.webp","type":"image\/webp"}],"author":"Blog da Condessa","twitter_card":"summary_large_image","twitter_misc":{"Escrito por":"Blog da Condessa","Est. tempo de leitura":"3 minutos"},"schema":{"@context":"https:\/\/schema.org","@graph":[{"@type":"Article","@id":"https:\/\/blogdacondessa.com.br\/blog\/economia\/manual-reune-informacoes-para-microempreendedor-individual\/#article","isPartOf":{"@id":"https:\/\/blogdacondessa.com.br\/blog\/economia\/manual-reune-informacoes-para-microempreendedor-individual\/"},"author":{"name":"Blog da Condessa","@id":"https:\/\/blogdacondessa.com.br\/blog\/#\/schema\/person\/1d667ff8b785195b568677489d266035"},"headline":"Manual re\u00fane informa\u00e7\u00f5es para microempreendedor individual","datePublished":"2026-02-01T09:00:00+00:00","mainEntityOfPage":{"@id":"https:\/\/blogdacondessa.com.br\/blog\/economia\/manual-reune-informacoes-para-microempreendedor-individual\/"},"wordCount":502,"image":{"@id":"https:\/\/blogdacondessa.com.br\/blog\/economia\/manual-reune-informacoes-para-microempreendedor-individual\/#primaryimage"},"thumbnailUrl":"https:\/\/blogdacondessa.com.br\/blog\/wp-content\/uploads\/2026\/01\/MEI.webp","articleSection":["Economia"],"inLanguage":"pt-BR"},{"@type":"WebPage","@id":"https:\/\/blogdacondessa.com.br\/blog\/economia\/manual-reune-informacoes-para-microempreendedor-individual\/","url":"https:\/\/blogdacondessa.com.br\/blog\/economia\/manual-reune-informacoes-para-microempreendedor-individual\/","name":"Manual re\u00fane informa\u00e7\u00f5es para microempreendedor individual &#8902; Blog da Condessa","isPartOf":{"@id":"https:\/\/blogdacondessa.com.br\/blog\/#website"},"primaryImageOfPage":{"@id":"https:\/\/blogdacondessa.com.br\/blog\/economia\/manual-reune-informacoes-para-microempreendedor-individual\/#primaryimage"},"image":{"@id":"https:\/\/blogdacondessa.com.br\/blog\/economia\/manual-reune-informacoes-para-microempreendedor-individual\/#primaryimage"},"thumbnailUrl":"https:\/\/blogdacondessa.com.br\/blog\/wp-content\/uploads\/2026\/01\/MEI.webp","datePublished":"2026-02-01T09:00:00+00:00","author":{"@id":"https:\/\/blogdacondessa.com.br\/blog\/#\/schema\/person\/1d667ff8b785195b568677489d266035"},"breadcrumb":{"@id":"https:\/\/blogdacondessa.com.br\/blog\/economia\/manual-reune-informacoes-para-microempreendedor-individual\/#breadcrumb"},"inLanguage":"pt-BR","potentialAction":[{"@type":"ReadAction","target":["https:\/\/blogdacondessa.com.br\/blog\/economia\/manual-reune-informacoes-para-microempreendedor-individual\/"]}]},{"@type":"ImageObject","inLanguage":"pt-BR","@id":"https:\/\/blogdacondessa.com.br\/blog\/economia\/manual-reune-informacoes-para-microempreendedor-individual\/#primaryimage","url":"https:\/\/blogdacondessa.com.br\/blog\/wp-content\/uploads\/2026\/01\/MEI.webp","contentUrl":"https:\/\/blogdacondessa.com.br\/blog\/wp-content\/uploads\/2026\/01\/MEI.webp","width":1170,"height":700,"caption":"Foto: \u00a9 T\u00e2nia R\u00eago \/Ag\u00eancia Brasil"},{"@type":"BreadcrumbList","@id":"https:\/\/blogdacondessa.com.br\/blog\/economia\/manual-reune-informacoes-para-microempreendedor-individual\/#breadcrumb","itemListElement":[{"@type":"ListItem","position":1,"name":"In\u00edcio","item":"https:\/\/blogdacondessa.com.br\/blog\/"},{"@type":"ListItem","position":2,"name":"Manual re\u00fane informa\u00e7\u00f5es para microempreendedor individual"}]},{"@type":"WebSite","@id":"https:\/\/blogdacondessa.com.br\/blog\/#website","url":"https:\/\/blogdacondessa.com.br\/blog\/","name":"Blog da Condessa","description":"Com Shirley de Souza O\u2019Campos","potentialAction":[{"@type":"SearchAction","target":{"@type":"EntryPoint","urlTemplate":"https:\/\/blogdacondessa.com.br\/blog\/?s={search_term_string}"},"query-input":{"@type":"PropertyValueSpecification","valueRequired":true,"valueName":"search_term_string"}}],"inLanguage":"pt-BR"},{"@type":"Person","@id":"https:\/\/blogdacondessa.com.br\/blog\/#\/schema\/person\/1d667ff8b785195b568677489d266035","name":"Blog da Condessa","image":{"@type":"ImageObject","inLanguage":"pt-BR","@id":"https:\/\/secure.gravatar.com\/avatar\/377c0eb8b4ad2bfc25461b41564b5971e721ca34a57642868fc7b0c8ac7b52c5?s=96&d=mm&r=g","url":"https:\/\/secure.gravatar.com\/avatar\/377c0eb8b4ad2bfc25461b41564b5971e721ca34a57642868fc7b0c8ac7b52c5?s=96&d=mm&r=g","contentUrl":"https:\/\/secure.gravatar.com\/avatar\/377c0eb8b4ad2bfc25461b41564b5971e721ca34a57642868fc7b0c8ac7b52c5?s=96&d=mm&r=g","caption":"Blog da Condessa"},"url":"https:\/\/blogdacondessa.com.br\/blog\/author\/beatriz\/"}]}},"_links":{"self":[{"href":"https:\/\/blogdacondessa.com.br\/blog\/wp-json\/wp\/v2\/posts\/13503","targetHints":{"allow":["GET"]}}],"collection":[{"href":"https:\/\/blogdacondessa.com.br\/blog\/wp-json\/wp\/v2\/posts"}],"about":[{"href":"https:\/\/blogdacondessa.com.br\/blog\/wp-json\/wp\/v2\/types\/post"}],"author":[{"embeddable":true,"href":"https:\/\/blogdacondessa.com.br\/blog\/wp-json\/wp\/v2\/users\/2"}],"replies":[{"embeddable":true,"href":"https:\/\/blogdacondessa.com.br\/blog\/wp-json\/wp\/v2\/comments?post=13503"}],"version-history":[{"count":1,"href":"https:\/\/blogdacondessa.com.br\/blog\/wp-json\/wp\/v2\/posts\/13503\/revisions"}],"predecessor-version":[{"id":13505,"href":"https:\/\/blogdacondessa.com.br\/blog\/wp-json\/wp\/v2\/posts\/13503\/revisions\/13505"}],"wp:featuredmedia":[{"embeddable":true,"href":"https:\/\/blogdacondessa.com.br\/blog\/wp-json\/wp\/v2\/media\/13504"}],"wp:attachment":[{"href":"https:\/\/blogdacondessa.com.br\/blog\/wp-json\/wp\/v2\/media?parent=13503"}],"wp:term":[{"taxonomy":"category","embeddable":true,"href":"https:\/\/blogdacondessa.com.br\/blog\/wp-json\/wp\/v2\/categories?post=13503"},{"taxonomy":"post_tag","embeddable":true,"href":"https:\/\/blogdacondessa.com.br\/blog\/wp-json\/wp\/v2\/tags?post=13503"}],"curies":[{"name":"wp","href":"https:\/\/api.w.org\/{rel}","templated":true}]}}