{"id":13500,"date":"2026-02-01T05:00:08","date_gmt":"2026-02-01T09:00:08","guid":{"rendered":"https:\/\/blogdacondessa.com.br\/blog\/?p=13500"},"modified":"2026-01-31T19:25:52","modified_gmt":"2026-01-31T23:25:52","slug":"encontro-nacional-de-violeiros-de-poxoreu-sera-em-maio","status":"publish","type":"post","link":"https:\/\/blogdacondessa.com.br\/blog\/cultura\/encontro-nacional-de-violeiros-de-poxoreu-sera-em-maio\/","title":{"rendered":"Encontro Nacional de Violeiros de Poxor\u00e9u ser\u00e1 em maio"},"content":{"rendered":"<p><em>A festa, que \u00e9 reconhecida\u00a0como patrim\u00f4nio cultural de Mato Grosso, ter\u00e1 entrada ser\u00e1 solid\u00e1ria mediante a doa\u00e7\u00e3o espont\u00e2nea de um quilo de alimento n\u00e3o perec\u00edvel<\/em><\/p>\n<p>A 22\u00aa edi\u00e7\u00e3o do Encontro Nacional de Violeiros de Poxor\u00e9u j\u00e1 tem data para acontecer. O evento, que \u00e9 uma realiza\u00e7\u00e3o do Sistema Fecom\u00e9rcio-MT, por meio do Servi\u00e7o Social do Com\u00e9rcio (Sesc-MT), em parceria com Prefeitura de Poxor\u00e9u, atrav\u00e9s da Secretaria de Cultura, Turismo, Esporte e Lazer do munic\u00edpio, ocorrer\u00e1 nos dias\u00a01\u00a0e\u00a02\u00a0de maio, no Parque de Exposi\u00e7\u00f5es da cidade.<\/p>\n<p>O\u00a0encontro de violeiros j\u00e1 se tornou tradi\u00e7\u00e3o e \u00e9 esperado pelos admiradores da m\u00fasica raiz de v\u00e1rias partes do pa\u00eds.\u202fEm 2025, a festa foi\u00a0reconhecida\u00a0como patrim\u00f4nio cultural de Mato Grosso,\u00a0por meio da Lei n\u00ba 13.116, sancionada no dia 26 de novembro. A medida garante ao festival prote\u00e7\u00e3o legal e inclus\u00e3o em pol\u00edticas p\u00fablicas voltadas \u00e0 preserva\u00e7\u00e3o e valoriza\u00e7\u00e3o das tradi\u00e7\u00f5es culturais do Estado.<\/p>\n<p>Atualmente, o evento conta o\u00a0apoio do Sindicato Rural de Poxor\u00e9u e Governo do Estado de Mato Grosso, por meio da\u00a0Secel\u00a0(Secretaria de Estado de Cultura, Esporte e Lazer).<\/p>\n<p>A entrada ser\u00e1 solid\u00e1ria, mediante a doa\u00e7\u00e3o espont\u00e2nea de um quilo de alimento n\u00e3o perec\u00edvel (exceto sal) e dentro do prazo de validade. As doa\u00e7\u00f5es ser\u00e3o encaminhadas ao projeto Sesc Mesa Brasil, que far\u00e1 a destina\u00e7\u00e3o para as entidades filantr\u00f3picas do munic\u00edpio de Poxor\u00e9u.<\/p>\n<p>O evento re\u00fane grandes nomes da m\u00fasica caipira tanto no palco central quanto na\u00a0tradicional\u00a0concha ac\u00fastica, proporcionando um encontro de gera\u00e7\u00f5es, n\u00e3o s\u00f3 de m\u00fasicos, mas tamb\u00e9m do p\u00fablico.<\/p>\n<p>As atra\u00e7\u00f5es musicais ser\u00e3o divulgadas em breve.<\/p>\n","protected":false},"excerpt":{"rendered":"<p>A festa, que \u00e9 reconhecida\u00a0como patrim\u00f4nio cultural de Mato Grosso, ter\u00e1 entrada ser\u00e1 solid\u00e1ria mediante a doa\u00e7\u00e3o espont\u00e2nea de um quilo de alimento n\u00e3o perec\u00edvel A 22\u00aa edi\u00e7\u00e3o do Encontro Nacional de Violeiros de Poxor\u00e9u j\u00e1 tem data para acontecer. O evento, que \u00e9 uma realiza\u00e7\u00e3o do Sistema Fecom\u00e9rcio-MT, por meio do Servi\u00e7o Social do [&hellip;]<\/p>\n","protected":false},"author":2,"featured_media":13501,"comment_status":"closed","ping_status":"closed","sticky":false,"template":"","format":"standard","meta":{"iawp_total_views":49,"footnotes":""},"categories":[18],"tags":[],"class_list":["post-13500","post","type-post","status-publish","format-standard","has-post-thumbnail","hentry","category-cultura"],"yoast_head":"<!-- This site is optimized with the Yoast SEO plugin v27.3 - https:\/\/yoast.com\/product\/yoast-seo-wordpress\/ -->\n<title>Encontro Nacional de Violeiros de Poxor\u00e9u ser\u00e1 em maio &#8902; Blog da Condessa<\/title>\n<meta name=\"robots\" content=\"index, follow, max-snippet:-1, max-image-preview:large, max-video-preview:-1\" \/>\n<link rel=\"canonical\" href=\"https:\/\/blogdacondessa.com.br\/blog\/cultura\/encontro-nacional-de-violeiros-de-poxoreu-sera-em-maio\/\" \/>\n<meta property=\"og:locale\" content=\"pt_BR\" \/>\n<meta property=\"og:type\" content=\"article\" \/>\n<meta property=\"og:title\" content=\"Encontro Nacional de Violeiros de Poxor\u00e9u ser\u00e1 em maio &#8902; Blog da Condessa\" \/>\n<meta property=\"og:description\" content=\"A festa, que \u00e9 reconhecida\u00a0como patrim\u00f4nio cultural de Mato Grosso, ter\u00e1 entrada ser\u00e1 solid\u00e1ria mediante a doa\u00e7\u00e3o espont\u00e2nea de um quilo de alimento n\u00e3o perec\u00edvel A 22\u00aa edi\u00e7\u00e3o do Encontro Nacional de Violeiros de Poxor\u00e9u j\u00e1 tem data para acontecer. O evento, que \u00e9 uma realiza\u00e7\u00e3o do Sistema Fecom\u00e9rcio-MT, por meio do Servi\u00e7o Social do [&hellip;]\" \/>\n<meta property=\"og:url\" content=\"https:\/\/blogdacondessa.com.br\/blog\/cultura\/encontro-nacional-de-violeiros-de-poxoreu-sera-em-maio\/\" \/>\n<meta property=\"og:site_name\" content=\"Blog da Condessa\" \/>\n<meta property=\"article:published_time\" content=\"2026-02-01T09:00:08+00:00\" \/>\n<meta property=\"og:image\" content=\"https:\/\/blogdacondessa.com.br\/blog\/wp-content\/uploads\/2026\/01\/VIOLEIROS.jpeg\" \/>\n\t<meta property=\"og:image:width\" content=\"675\" \/>\n\t<meta property=\"og:image:height\" content=\"451\" \/>\n\t<meta property=\"og:image:type\" content=\"image\/jpeg\" \/>\n<meta name=\"author\" content=\"Blog da Condessa\" \/>\n<meta name=\"twitter:card\" content=\"summary_large_image\" \/>\n<meta name=\"twitter:label1\" content=\"Escrito por\" \/>\n\t<meta name=\"twitter:data1\" content=\"Blog da Condessa\" \/>\n\t<meta name=\"twitter:label2\" content=\"Est. tempo de leitura\" \/>\n\t<meta name=\"twitter:data2\" content=\"2 minutos\" \/>\n<script type=\"application\/ld+json\" class=\"yoast-schema-graph\">{\"@context\":\"https:\\\/\\\/schema.org\",\"@graph\":[{\"@type\":\"Article\",\"@id\":\"https:\\\/\\\/blogdacondessa.com.br\\\/blog\\\/cultura\\\/encontro-nacional-de-violeiros-de-poxoreu-sera-em-maio\\\/#article\",\"isPartOf\":{\"@id\":\"https:\\\/\\\/blogdacondessa.com.br\\\/blog\\\/cultura\\\/encontro-nacional-de-violeiros-de-poxoreu-sera-em-maio\\\/\"},\"author\":{\"name\":\"Blog da Condessa\",\"@id\":\"https:\\\/\\\/blogdacondessa.com.br\\\/blog\\\/#\\\/schema\\\/person\\\/1d667ff8b785195b568677489d266035\"},\"headline\":\"Encontro Nacional de Violeiros de Poxor\u00e9u ser\u00e1 em maio\",\"datePublished\":\"2026-02-01T09:00:08+00:00\",\"mainEntityOfPage\":{\"@id\":\"https:\\\/\\\/blogdacondessa.com.br\\\/blog\\\/cultura\\\/encontro-nacional-de-violeiros-de-poxoreu-sera-em-maio\\\/\"},\"wordCount\":317,\"image\":{\"@id\":\"https:\\\/\\\/blogdacondessa.com.br\\\/blog\\\/cultura\\\/encontro-nacional-de-violeiros-de-poxoreu-sera-em-maio\\\/#primaryimage\"},\"thumbnailUrl\":\"https:\\\/\\\/blogdacondessa.com.br\\\/blog\\\/wp-content\\\/uploads\\\/2026\\\/01\\\/VIOLEIROS.jpeg\",\"articleSection\":[\"Cultura\"],\"inLanguage\":\"pt-BR\"},{\"@type\":\"WebPage\",\"@id\":\"https:\\\/\\\/blogdacondessa.com.br\\\/blog\\\/cultura\\\/encontro-nacional-de-violeiros-de-poxoreu-sera-em-maio\\\/\",\"url\":\"https:\\\/\\\/blogdacondessa.com.br\\\/blog\\\/cultura\\\/encontro-nacional-de-violeiros-de-poxoreu-sera-em-maio\\\/\",\"name\":\"Encontro Nacional de Violeiros de Poxor\u00e9u ser\u00e1 em maio &#8902; Blog da Condessa\",\"isPartOf\":{\"@id\":\"https:\\\/\\\/blogdacondessa.com.br\\\/blog\\\/#website\"},\"primaryImageOfPage\":{\"@id\":\"https:\\\/\\\/blogdacondessa.com.br\\\/blog\\\/cultura\\\/encontro-nacional-de-violeiros-de-poxoreu-sera-em-maio\\\/#primaryimage\"},\"image\":{\"@id\":\"https:\\\/\\\/blogdacondessa.com.br\\\/blog\\\/cultura\\\/encontro-nacional-de-violeiros-de-poxoreu-sera-em-maio\\\/#primaryimage\"},\"thumbnailUrl\":\"https:\\\/\\\/blogdacondessa.com.br\\\/blog\\\/wp-content\\\/uploads\\\/2026\\\/01\\\/VIOLEIROS.jpeg\",\"datePublished\":\"2026-02-01T09:00:08+00:00\",\"author\":{\"@id\":\"https:\\\/\\\/blogdacondessa.com.br\\\/blog\\\/#\\\/schema\\\/person\\\/1d667ff8b785195b568677489d266035\"},\"breadcrumb\":{\"@id\":\"https:\\\/\\\/blogdacondessa.com.br\\\/blog\\\/cultura\\\/encontro-nacional-de-violeiros-de-poxoreu-sera-em-maio\\\/#breadcrumb\"},\"inLanguage\":\"pt-BR\",\"potentialAction\":[{\"@type\":\"ReadAction\",\"target\":[\"https:\\\/\\\/blogdacondessa.com.br\\\/blog\\\/cultura\\\/encontro-nacional-de-violeiros-de-poxoreu-sera-em-maio\\\/\"]}]},{\"@type\":\"ImageObject\",\"inLanguage\":\"pt-BR\",\"@id\":\"https:\\\/\\\/blogdacondessa.com.br\\\/blog\\\/cultura\\\/encontro-nacional-de-violeiros-de-poxoreu-sera-em-maio\\\/#primaryimage\",\"url\":\"https:\\\/\\\/blogdacondessa.com.br\\\/blog\\\/wp-content\\\/uploads\\\/2026\\\/01\\\/VIOLEIROS.jpeg\",\"contentUrl\":\"https:\\\/\\\/blogdacondessa.com.br\\\/blog\\\/wp-content\\\/uploads\\\/2026\\\/01\\\/VIOLEIROS.jpeg\",\"width\":675,\"height\":451,\"caption\":\"Foto: Divulga\u00e7\u00e3o\"},{\"@type\":\"BreadcrumbList\",\"@id\":\"https:\\\/\\\/blogdacondessa.com.br\\\/blog\\\/cultura\\\/encontro-nacional-de-violeiros-de-poxoreu-sera-em-maio\\\/#breadcrumb\",\"itemListElement\":[{\"@type\":\"ListItem\",\"position\":1,\"name\":\"In\u00edcio\",\"item\":\"https:\\\/\\\/blogdacondessa.com.br\\\/blog\\\/\"},{\"@type\":\"ListItem\",\"position\":2,\"name\":\"Encontro Nacional de Violeiros de Poxor\u00e9u ser\u00e1 em maio\"}]},{\"@type\":\"WebSite\",\"@id\":\"https:\\\/\\\/blogdacondessa.com.br\\\/blog\\\/#website\",\"url\":\"https:\\\/\\\/blogdacondessa.com.br\\\/blog\\\/\",\"name\":\"Blog da Condessa\",\"description\":\"Com Shirley de Souza O\u2019Campos\",\"potentialAction\":[{\"@type\":\"SearchAction\",\"target\":{\"@type\":\"EntryPoint\",\"urlTemplate\":\"https:\\\/\\\/blogdacondessa.com.br\\\/blog\\\/?s={search_term_string}\"},\"query-input\":{\"@type\":\"PropertyValueSpecification\",\"valueRequired\":true,\"valueName\":\"search_term_string\"}}],\"inLanguage\":\"pt-BR\"},{\"@type\":\"Person\",\"@id\":\"https:\\\/\\\/blogdacondessa.com.br\\\/blog\\\/#\\\/schema\\\/person\\\/1d667ff8b785195b568677489d266035\",\"name\":\"Blog da Condessa\",\"image\":{\"@type\":\"ImageObject\",\"inLanguage\":\"pt-BR\",\"@id\":\"https:\\\/\\\/secure.gravatar.com\\\/avatar\\\/377c0eb8b4ad2bfc25461b41564b5971e721ca34a57642868fc7b0c8ac7b52c5?s=96&d=mm&r=g\",\"url\":\"https:\\\/\\\/secure.gravatar.com\\\/avatar\\\/377c0eb8b4ad2bfc25461b41564b5971e721ca34a57642868fc7b0c8ac7b52c5?s=96&d=mm&r=g\",\"contentUrl\":\"https:\\\/\\\/secure.gravatar.com\\\/avatar\\\/377c0eb8b4ad2bfc25461b41564b5971e721ca34a57642868fc7b0c8ac7b52c5?s=96&d=mm&r=g\",\"caption\":\"Blog da Condessa\"},\"url\":\"https:\\\/\\\/blogdacondessa.com.br\\\/blog\\\/author\\\/beatriz\\\/\"}]}<\/script>\n<!-- \/ Yoast SEO plugin. -->","yoast_head_json":{"title":"Encontro Nacional de Violeiros de Poxor\u00e9u ser\u00e1 em maio &#8902; Blog da Condessa","robots":{"index":"index","follow":"follow","max-snippet":"max-snippet:-1","max-image-preview":"max-image-preview:large","max-video-preview":"max-video-preview:-1"},"canonical":"https:\/\/blogdacondessa.com.br\/blog\/cultura\/encontro-nacional-de-violeiros-de-poxoreu-sera-em-maio\/","og_locale":"pt_BR","og_type":"article","og_title":"Encontro Nacional de Violeiros de Poxor\u00e9u ser\u00e1 em maio &#8902; Blog da Condessa","og_description":"A festa, que \u00e9 reconhecida\u00a0como patrim\u00f4nio cultural de Mato Grosso, ter\u00e1 entrada ser\u00e1 solid\u00e1ria mediante a doa\u00e7\u00e3o espont\u00e2nea de um quilo de alimento n\u00e3o perec\u00edvel A 22\u00aa edi\u00e7\u00e3o do Encontro Nacional de Violeiros de Poxor\u00e9u j\u00e1 tem data para acontecer. O evento, que \u00e9 uma realiza\u00e7\u00e3o do Sistema Fecom\u00e9rcio-MT, por meio do Servi\u00e7o Social do [&hellip;]","og_url":"https:\/\/blogdacondessa.com.br\/blog\/cultura\/encontro-nacional-de-violeiros-de-poxoreu-sera-em-maio\/","og_site_name":"Blog da Condessa","article_published_time":"2026-02-01T09:00:08+00:00","og_image":[{"width":675,"height":451,"url":"https:\/\/blogdacondessa.com.br\/blog\/wp-content\/uploads\/2026\/01\/VIOLEIROS.jpeg","type":"image\/jpeg"}],"author":"Blog da Condessa","twitter_card":"summary_large_image","twitter_misc":{"Escrito por":"Blog da Condessa","Est. tempo de leitura":"2 minutos"},"schema":{"@context":"https:\/\/schema.org","@graph":[{"@type":"Article","@id":"https:\/\/blogdacondessa.com.br\/blog\/cultura\/encontro-nacional-de-violeiros-de-poxoreu-sera-em-maio\/#article","isPartOf":{"@id":"https:\/\/blogdacondessa.com.br\/blog\/cultura\/encontro-nacional-de-violeiros-de-poxoreu-sera-em-maio\/"},"author":{"name":"Blog da Condessa","@id":"https:\/\/blogdacondessa.com.br\/blog\/#\/schema\/person\/1d667ff8b785195b568677489d266035"},"headline":"Encontro Nacional de Violeiros de Poxor\u00e9u ser\u00e1 em maio","datePublished":"2026-02-01T09:00:08+00:00","mainEntityOfPage":{"@id":"https:\/\/blogdacondessa.com.br\/blog\/cultura\/encontro-nacional-de-violeiros-de-poxoreu-sera-em-maio\/"},"wordCount":317,"image":{"@id":"https:\/\/blogdacondessa.com.br\/blog\/cultura\/encontro-nacional-de-violeiros-de-poxoreu-sera-em-maio\/#primaryimage"},"thumbnailUrl":"https:\/\/blogdacondessa.com.br\/blog\/wp-content\/uploads\/2026\/01\/VIOLEIROS.jpeg","articleSection":["Cultura"],"inLanguage":"pt-BR"},{"@type":"WebPage","@id":"https:\/\/blogdacondessa.com.br\/blog\/cultura\/encontro-nacional-de-violeiros-de-poxoreu-sera-em-maio\/","url":"https:\/\/blogdacondessa.com.br\/blog\/cultura\/encontro-nacional-de-violeiros-de-poxoreu-sera-em-maio\/","name":"Encontro Nacional de Violeiros de Poxor\u00e9u ser\u00e1 em maio &#8902; Blog da Condessa","isPartOf":{"@id":"https:\/\/blogdacondessa.com.br\/blog\/#website"},"primaryImageOfPage":{"@id":"https:\/\/blogdacondessa.com.br\/blog\/cultura\/encontro-nacional-de-violeiros-de-poxoreu-sera-em-maio\/#primaryimage"},"image":{"@id":"https:\/\/blogdacondessa.com.br\/blog\/cultura\/encontro-nacional-de-violeiros-de-poxoreu-sera-em-maio\/#primaryimage"},"thumbnailUrl":"https:\/\/blogdacondessa.com.br\/blog\/wp-content\/uploads\/2026\/01\/VIOLEIROS.jpeg","datePublished":"2026-02-01T09:00:08+00:00","author":{"@id":"https:\/\/blogdacondessa.com.br\/blog\/#\/schema\/person\/1d667ff8b785195b568677489d266035"},"breadcrumb":{"@id":"https:\/\/blogdacondessa.com.br\/blog\/cultura\/encontro-nacional-de-violeiros-de-poxoreu-sera-em-maio\/#breadcrumb"},"inLanguage":"pt-BR","potentialAction":[{"@type":"ReadAction","target":["https:\/\/blogdacondessa.com.br\/blog\/cultura\/encontro-nacional-de-violeiros-de-poxoreu-sera-em-maio\/"]}]},{"@type":"ImageObject","inLanguage":"pt-BR","@id":"https:\/\/blogdacondessa.com.br\/blog\/cultura\/encontro-nacional-de-violeiros-de-poxoreu-sera-em-maio\/#primaryimage","url":"https:\/\/blogdacondessa.com.br\/blog\/wp-content\/uploads\/2026\/01\/VIOLEIROS.jpeg","contentUrl":"https:\/\/blogdacondessa.com.br\/blog\/wp-content\/uploads\/2026\/01\/VIOLEIROS.jpeg","width":675,"height":451,"caption":"Foto: Divulga\u00e7\u00e3o"},{"@type":"BreadcrumbList","@id":"https:\/\/blogdacondessa.com.br\/blog\/cultura\/encontro-nacional-de-violeiros-de-poxoreu-sera-em-maio\/#breadcrumb","itemListElement":[{"@type":"ListItem","position":1,"name":"In\u00edcio","item":"https:\/\/blogdacondessa.com.br\/blog\/"},{"@type":"ListItem","position":2,"name":"Encontro Nacional de Violeiros de Poxor\u00e9u ser\u00e1 em maio"}]},{"@type":"WebSite","@id":"https:\/\/blogdacondessa.com.br\/blog\/#website","url":"https:\/\/blogdacondessa.com.br\/blog\/","name":"Blog da Condessa","description":"Com Shirley de Souza O\u2019Campos","potentialAction":[{"@type":"SearchAction","target":{"@type":"EntryPoint","urlTemplate":"https:\/\/blogdacondessa.com.br\/blog\/?s={search_term_string}"},"query-input":{"@type":"PropertyValueSpecification","valueRequired":true,"valueName":"search_term_string"}}],"inLanguage":"pt-BR"},{"@type":"Person","@id":"https:\/\/blogdacondessa.com.br\/blog\/#\/schema\/person\/1d667ff8b785195b568677489d266035","name":"Blog da Condessa","image":{"@type":"ImageObject","inLanguage":"pt-BR","@id":"https:\/\/secure.gravatar.com\/avatar\/377c0eb8b4ad2bfc25461b41564b5971e721ca34a57642868fc7b0c8ac7b52c5?s=96&d=mm&r=g","url":"https:\/\/secure.gravatar.com\/avatar\/377c0eb8b4ad2bfc25461b41564b5971e721ca34a57642868fc7b0c8ac7b52c5?s=96&d=mm&r=g","contentUrl":"https:\/\/secure.gravatar.com\/avatar\/377c0eb8b4ad2bfc25461b41564b5971e721ca34a57642868fc7b0c8ac7b52c5?s=96&d=mm&r=g","caption":"Blog da Condessa"},"url":"https:\/\/blogdacondessa.com.br\/blog\/author\/beatriz\/"}]}},"_links":{"self":[{"href":"https:\/\/blogdacondessa.com.br\/blog\/wp-json\/wp\/v2\/posts\/13500","targetHints":{"allow":["GET"]}}],"collection":[{"href":"https:\/\/blogdacondessa.com.br\/blog\/wp-json\/wp\/v2\/posts"}],"about":[{"href":"https:\/\/blogdacondessa.com.br\/blog\/wp-json\/wp\/v2\/types\/post"}],"author":[{"embeddable":true,"href":"https:\/\/blogdacondessa.com.br\/blog\/wp-json\/wp\/v2\/users\/2"}],"replies":[{"embeddable":true,"href":"https:\/\/blogdacondessa.com.br\/blog\/wp-json\/wp\/v2\/comments?post=13500"}],"version-history":[{"count":1,"href":"https:\/\/blogdacondessa.com.br\/blog\/wp-json\/wp\/v2\/posts\/13500\/revisions"}],"predecessor-version":[{"id":13502,"href":"https:\/\/blogdacondessa.com.br\/blog\/wp-json\/wp\/v2\/posts\/13500\/revisions\/13502"}],"wp:featuredmedia":[{"embeddable":true,"href":"https:\/\/blogdacondessa.com.br\/blog\/wp-json\/wp\/v2\/media\/13501"}],"wp:attachment":[{"href":"https:\/\/blogdacondessa.com.br\/blog\/wp-json\/wp\/v2\/media?parent=13500"}],"wp:term":[{"taxonomy":"category","embeddable":true,"href":"https:\/\/blogdacondessa.com.br\/blog\/wp-json\/wp\/v2\/categories?post=13500"},{"taxonomy":"post_tag","embeddable":true,"href":"https:\/\/blogdacondessa.com.br\/blog\/wp-json\/wp\/v2\/tags?post=13500"}],"curies":[{"name":"wp","href":"https:\/\/api.w.org\/{rel}","templated":true}]}}