{"id":13442,"date":"2026-01-21T05:00:26","date_gmt":"2026-01-21T09:00:26","guid":{"rendered":"https:\/\/blogdacondessa.com.br\/blog\/?p=13442"},"modified":"2026-01-20T18:18:31","modified_gmt":"2026-01-20T22:18:31","slug":"calor-ferias-e-feriados-tornam-o-verao-estrategico-para-o-faturamento-de-bares-e-restaurantes","status":"publish","type":"post","link":"https:\/\/blogdacondessa.com.br\/blog\/negocios\/calor-ferias-e-feriados-tornam-o-verao-estrategico-para-o-faturamento-de-bares-e-restaurantes\/","title":{"rendered":"Calor, f\u00e9rias e feriados tornam o ver\u00e3o estrat\u00e9gico para o faturamento de bares e restaurantes"},"content":{"rendered":"<p>O ver\u00e3o vai al\u00e9m das altas temperaturas e dos dias mais longos. Para bares e restaurantes, a esta\u00e7\u00e3o funciona como um verdadeiro divisor de \u00e1guas no faturamento, capaz de alterar h\u00e1bitos de consumo, intensificar o fluxo de clientes e exigir ajustes importantes na gest\u00e3o do neg\u00f3cio. Clima quente, f\u00e9rias escolares, feriados prolongados e a proximidade do Carnaval criam um cen\u00e1rio que amplia oportunidades, mas tamb\u00e9m imp\u00f5e desafios operacionais a quem atua no setor de\u00a0alimenta\u00e7\u00e3o fora do lar.<\/p>\n<p>Em diferentes regi\u00f5es do pa\u00eds, o comportamento do consumidor muda conforme o term\u00f4metro sobe. Bebidas geladas ganham protagonismo, card\u00e1pios precisam se adaptar e o planejamento se torna pe\u00e7a-chave para transformar o aumento da demanda em resultado financeiro sustent\u00e1vel. Dados recentes da Abrasel refor\u00e7am esse cen\u00e1rio e indicam que o ver\u00e3o segue como um dos per\u00edodos mais estrat\u00e9gicos\u00a0do ano para o setor.<\/p>\n<p><strong>Expectativa positiva impulsiona o setor no in\u00edcio do ano<\/strong><\/p>\n<p>Levantamentos da Abrasel em parceria com a Funda\u00e7\u00e3o Getulio Vargas (FGV) mostram que o segmento de bares e restaurantes encerrou 2025 com proje\u00e7\u00f5es otimistas para o in\u00edcio de 2026. A pesquisa de conjuntura divulgada em dezembro aponta que 69% dos estabelecimentos esperam faturar mais no primeiro trimestre de 2026 em compara\u00e7\u00e3o com o mesmo per\u00edodo do ano anterior.<\/p>\n<p>Esse movimento \u00e9 influenciado por fatores macroecon\u00f4micos, pela reorganiza\u00e7\u00e3o dos pr\u00f3prios neg\u00f3cios e, sobretudo, pelo impacto do ver\u00e3o no consumo. A esta\u00e7\u00e3o concentra f\u00e9rias, eventos e maior circula\u00e7\u00e3o de pessoas, criando um ambiente favor\u00e1vel para quem consegue alinhar oferta, atendimento e opera\u00e7\u00e3o ao novo ritmo\u00a0do p\u00fablico.<\/p>\n<p><strong>Calor e lazer impulsionam o consumo em \u00e1reas tur\u00edsticas<\/strong><\/p>\n<p>Em cidades com forte apelo tur\u00edstico, o ver\u00e3o costuma marcar o pico do movimento. Em Salvador, a dona do bar Cantinho da Telma, Geisa Pereira, explica que a combina\u00e7\u00e3o entre calor intenso, f\u00e9rias escolares e feriados prolongados cria um cen\u00e1rio altamente favor\u00e1vel para o com\u00e9rcio, especialmente em regi\u00f5es pr\u00f3ximas ao litoral.<\/p>\n<p>Segundo ela, o aumento da temperatura influencia diretamente o que sai do balc\u00e3o. Bebidas refrescantes ganham espa\u00e7o e passam a liderar as vendas. Sucos naturais, drinques e op\u00e7\u00f5es sem \u00e1lcool, como cervejas zero e refrigerantes, registram crescimento significativo durante os meses mais quentes do ano. Al\u00e9m disso, o perfil do p\u00fablico tamb\u00e9m se transforma. Embora o bar mantenha uma base fiel de clientes locais, a chegada de turistas amplia o fluxo e fortalece a<\/p>\n<p>visibilidade do neg\u00f3cio. Para Geisa, esse movimento n\u00e3o apenas aumenta o faturamento, como tamb\u00e9m contribui para consolidar a marca junto a novos consumidores que visitam a cidade.<\/p>\n<p><strong>Localiza\u00e7\u00e3o e clima determinam o fluxo em grandes cidades<\/strong><\/p>\n<p>J\u00e1 em Florian\u00f3polis, o impacto do ver\u00e3o no faturamento varia de acordo com a localiza\u00e7\u00e3o do estabelecimento e as condi\u00e7\u00f5es clim\u00e1ticas do dia. Fabr\u00edcio Barni, propriet\u00e1rio do Meu Cantinho Churrascaria, observa que dias de sol intenso tendem a concentrar o p\u00fablico nas praias, beneficiando bares e restaurantes localizados nos<\/p>\n<p>balne\u00e1rios. Por outro lado, quando o tempo fica nublado ou chuvoso, o comportamento se inverte. Estabelecimentos afastados da orla passam a registrar maior movimento, j\u00e1 que os clientes buscam alternativas de lazer fora da praia. Esse cen\u00e1rio exige flexibilidade e\u00a0leitura atenta do comportamento do consumidor. A mobilidade urbana tamb\u00e9m entra na equa\u00e7\u00e3o. Em per\u00edodos de alta temporada,\u00a0 deslocamentos longos se tornam menos atrativos, fazendo com que muitas pessoas optem por consumir onde j\u00e1 est\u00e3o. Nesse contexto, diferenciais como ambientes climatizados, \u00e1reas externas confort\u00e1veis e boa estrutura fazem diferen\u00e7a.<\/p>\n<p>Fabr\u00edcio destaca ainda a import\u00e2ncia da reputa\u00e7\u00e3o digital durante o ver\u00e3o. Avalia\u00e7\u00f5es em plataformas como Google e TripAdvisor influenciam diretamente a decis\u00e3o do cliente, assim como recomenda\u00e7\u00f5es feitas por outros consumidores. Em um per\u00edodo<\/p>\n<p>de alta concorr\u00eancia, a presen\u00e7a digital bem cuidada se torna um ativo estrat\u00e9gico. Bastidores ganham protagonismo nos meses mais quentes Se o ver\u00e3o amplia o movimento no sal\u00e3o, tamb\u00e9m aumenta a press\u00e3o sobre os bastidores da opera\u00e7\u00e3o. A gest\u00e3o de estoques, por exemplo, assume papel central nesse per\u00edodo. Adriana Lara, l\u00edder em Educa\u00e7\u00e3o e Produtividade da Abrasel, refor\u00e7a que o controle adequado dos insumos vai muito al\u00e9m da rotina operacional.<\/p>\n<p>Segundo ela, em momentos de alta demanda \u2014 como ver\u00e3o, feriados e Carnaval \u2014 o estoque deve ser tratado como um fator cr\u00edtico tanto para a seguran\u00e7a dos alimentos<\/p>\n<p>quanto para o resultado financeiro. Planejar compras com base no consumo real, alinhar volumes \u00e0 capacidade de refrigera\u00e7\u00e3o e monitorar rigorosamente as temperaturas s\u00e3o pr\u00e1ticas indispens\u00e1veis em per\u00edodos de calor intenso. A aplica\u00e7\u00e3o correta do m\u00e9todo PVPS (primeiro que vence, primeiro que sai) tamb\u00e9m ajuda a reduzir desperd\u00edcios, evitar perdas e manter a qualidade dos produtos\u00a0oferecidos ao cliente. Em um cen\u00e1rio de margens apertadas, cada ajuste faz diferen\u00e7a no caixa.<\/p>\n<p><strong>Planejamento transforma o ver\u00e3o em vantagem competitiva<\/strong><\/p>\n<p>Apesar das particularidades regionais, um ponto se repete em todo o pa\u00eds: o ver\u00e3o exige planejamento. Card\u00e1pios mais leves, equipe bem treinada, uso de tecnologia e organiza\u00e7\u00e3o das compras aparecem como fatores decisivos para aproveitar o aumento do fluxo sem comprometer a experi\u00eancia do cliente. A gest\u00e3o de pessoas tamb\u00e9m se torna um desafio relevante. Para Fabr\u00edcio, contar com uma equipe preparada faz toda a diferen\u00e7a no resultado final. Um atendimento<\/p>\n<p>eficiente \u00e9 capaz de transformar o cliente ocasional em recorrente, especialmente em um per\u00edodo marcado por grande circula\u00e7\u00e3o de novos consumidores. Em Salvador, Geisa refor\u00e7a que o clima t\u00edpico do ver\u00e3o favorece encontros entre amigos e fam\u00edlias. Praia, sol, boa comida, bebidas geladas e atendimento de qualidade formam uma combina\u00e7\u00e3o que impulsiona o movimento e fortalece o relacionamento com o p\u00fablico.<\/p>\n<p><strong>Muito al\u00e9m da sazonalidade<\/strong><\/p>\n<p>Com altas temperaturas, agenda cheia de eventos e expectativa positiva de faturamento, o ver\u00e3o se consolida como um dos per\u00edodos mais estrat\u00e9gicos para bares e restaurantes. Mais do que um pico sazonal, a esta\u00e7\u00e3o representa uma oportunidade para ajustar processos, testar estrat\u00e9gias e fortalecer a marca.<\/p>\n<p>Ao observar o comportamento do consumidor, investir em planejamento e cuidar da opera\u00e7\u00e3o, empres\u00e1rios conseguem transformar o calor em aliado e construir resultados que se estendem para al\u00e9m dos meses mais quentes do ano. Para a Abrasel, entender essas din\u00e2micas \u00e9 fundamental para apoiar o setor e fortalecer os<\/p>\n<p>neg\u00f3cios de alimenta\u00e7\u00e3o fora do lar em todo o Brasil.<\/p>\n","protected":false},"excerpt":{"rendered":"<p>O ver\u00e3o vai al\u00e9m das altas temperaturas e dos dias mais longos. Para bares e restaurantes, a esta\u00e7\u00e3o funciona como um verdadeiro divisor de \u00e1guas no faturamento, capaz de alterar h\u00e1bitos de consumo, intensificar o fluxo de clientes e exigir ajustes importantes na gest\u00e3o do neg\u00f3cio. Clima quente, f\u00e9rias escolares, feriados prolongados e a proximidade [&hellip;]<\/p>\n","protected":false},"author":2,"featured_media":13443,"comment_status":"closed","ping_status":"closed","sticky":false,"template":"","format":"standard","meta":{"iawp_total_views":3,"footnotes":""},"categories":[7],"tags":[],"class_list":["post-13442","post","type-post","status-publish","format-standard","has-post-thumbnail","hentry","category-negocios"],"yoast_head":"<!-- This site is optimized with the Yoast SEO plugin v27.3 - https:\/\/yoast.com\/product\/yoast-seo-wordpress\/ -->\n<title>Calor, f\u00e9rias e feriados tornam o ver\u00e3o estrat\u00e9gico para o faturamento de bares e restaurantes &#8902; Blog da Condessa<\/title>\n<meta name=\"robots\" content=\"index, follow, max-snippet:-1, max-image-preview:large, max-video-preview:-1\" \/>\n<link rel=\"canonical\" href=\"https:\/\/blogdacondessa.com.br\/blog\/negocios\/calor-ferias-e-feriados-tornam-o-verao-estrategico-para-o-faturamento-de-bares-e-restaurantes\/\" \/>\n<meta property=\"og:locale\" content=\"pt_BR\" \/>\n<meta property=\"og:type\" content=\"article\" \/>\n<meta property=\"og:title\" content=\"Calor, f\u00e9rias e feriados tornam o ver\u00e3o estrat\u00e9gico para o faturamento de bares e restaurantes &#8902; Blog da Condessa\" \/>\n<meta property=\"og:description\" content=\"O ver\u00e3o vai al\u00e9m das altas temperaturas e dos dias mais longos. Para bares e restaurantes, a esta\u00e7\u00e3o funciona como um verdadeiro divisor de \u00e1guas no faturamento, capaz de alterar h\u00e1bitos de consumo, intensificar o fluxo de clientes e exigir ajustes importantes na gest\u00e3o do neg\u00f3cio. Clima quente, f\u00e9rias escolares, feriados prolongados e a proximidade [&hellip;]\" \/>\n<meta property=\"og:url\" content=\"https:\/\/blogdacondessa.com.br\/blog\/negocios\/calor-ferias-e-feriados-tornam-o-verao-estrategico-para-o-faturamento-de-bares-e-restaurantes\/\" \/>\n<meta property=\"og:site_name\" content=\"Blog da Condessa\" \/>\n<meta property=\"article:published_time\" content=\"2026-01-21T09:00:26+00:00\" \/>\n<meta property=\"og:image\" content=\"https:\/\/blogdacondessa.com.br\/blog\/wp-content\/uploads\/2026\/01\/verao-turismo-bares.jpg\" \/>\n\t<meta property=\"og:image:width\" content=\"750\" \/>\n\t<meta property=\"og:image:height\" content=\"500\" \/>\n\t<meta property=\"og:image:type\" content=\"image\/jpeg\" \/>\n<meta name=\"author\" content=\"Blog da Condessa\" \/>\n<meta name=\"twitter:card\" content=\"summary_large_image\" \/>\n<meta name=\"twitter:label1\" content=\"Escrito por\" \/>\n\t<meta name=\"twitter:data1\" content=\"Blog da Condessa\" \/>\n\t<meta name=\"twitter:label2\" content=\"Est. tempo de leitura\" \/>\n\t<meta name=\"twitter:data2\" content=\"6 minutos\" \/>\n<script type=\"application\/ld+json\" class=\"yoast-schema-graph\">{\"@context\":\"https:\\\/\\\/schema.org\",\"@graph\":[{\"@type\":\"Article\",\"@id\":\"https:\\\/\\\/blogdacondessa.com.br\\\/blog\\\/negocios\\\/calor-ferias-e-feriados-tornam-o-verao-estrategico-para-o-faturamento-de-bares-e-restaurantes\\\/#article\",\"isPartOf\":{\"@id\":\"https:\\\/\\\/blogdacondessa.com.br\\\/blog\\\/negocios\\\/calor-ferias-e-feriados-tornam-o-verao-estrategico-para-o-faturamento-de-bares-e-restaurantes\\\/\"},\"author\":{\"name\":\"Blog da Condessa\",\"@id\":\"https:\\\/\\\/blogdacondessa.com.br\\\/blog\\\/#\\\/schema\\\/person\\\/1d667ff8b785195b568677489d266035\"},\"headline\":\"Calor, f\u00e9rias e feriados tornam o ver\u00e3o estrat\u00e9gico para o faturamento de bares e restaurantes\",\"datePublished\":\"2026-01-21T09:00:26+00:00\",\"mainEntityOfPage\":{\"@id\":\"https:\\\/\\\/blogdacondessa.com.br\\\/blog\\\/negocios\\\/calor-ferias-e-feriados-tornam-o-verao-estrategico-para-o-faturamento-de-bares-e-restaurantes\\\/\"},\"wordCount\":1163,\"image\":{\"@id\":\"https:\\\/\\\/blogdacondessa.com.br\\\/blog\\\/negocios\\\/calor-ferias-e-feriados-tornam-o-verao-estrategico-para-o-faturamento-de-bares-e-restaurantes\\\/#primaryimage\"},\"thumbnailUrl\":\"https:\\\/\\\/blogdacondessa.com.br\\\/blog\\\/wp-content\\\/uploads\\\/2026\\\/01\\\/verao-turismo-bares.jpg\",\"articleSection\":[\"Neg\u00f3cios\"],\"inLanguage\":\"pt-BR\"},{\"@type\":\"WebPage\",\"@id\":\"https:\\\/\\\/blogdacondessa.com.br\\\/blog\\\/negocios\\\/calor-ferias-e-feriados-tornam-o-verao-estrategico-para-o-faturamento-de-bares-e-restaurantes\\\/\",\"url\":\"https:\\\/\\\/blogdacondessa.com.br\\\/blog\\\/negocios\\\/calor-ferias-e-feriados-tornam-o-verao-estrategico-para-o-faturamento-de-bares-e-restaurantes\\\/\",\"name\":\"Calor, f\u00e9rias e feriados tornam o ver\u00e3o estrat\u00e9gico para o faturamento de bares e restaurantes &#8902; Blog da Condessa\",\"isPartOf\":{\"@id\":\"https:\\\/\\\/blogdacondessa.com.br\\\/blog\\\/#website\"},\"primaryImageOfPage\":{\"@id\":\"https:\\\/\\\/blogdacondessa.com.br\\\/blog\\\/negocios\\\/calor-ferias-e-feriados-tornam-o-verao-estrategico-para-o-faturamento-de-bares-e-restaurantes\\\/#primaryimage\"},\"image\":{\"@id\":\"https:\\\/\\\/blogdacondessa.com.br\\\/blog\\\/negocios\\\/calor-ferias-e-feriados-tornam-o-verao-estrategico-para-o-faturamento-de-bares-e-restaurantes\\\/#primaryimage\"},\"thumbnailUrl\":\"https:\\\/\\\/blogdacondessa.com.br\\\/blog\\\/wp-content\\\/uploads\\\/2026\\\/01\\\/verao-turismo-bares.jpg\",\"datePublished\":\"2026-01-21T09:00:26+00:00\",\"author\":{\"@id\":\"https:\\\/\\\/blogdacondessa.com.br\\\/blog\\\/#\\\/schema\\\/person\\\/1d667ff8b785195b568677489d266035\"},\"breadcrumb\":{\"@id\":\"https:\\\/\\\/blogdacondessa.com.br\\\/blog\\\/negocios\\\/calor-ferias-e-feriados-tornam-o-verao-estrategico-para-o-faturamento-de-bares-e-restaurantes\\\/#breadcrumb\"},\"inLanguage\":\"pt-BR\",\"potentialAction\":[{\"@type\":\"ReadAction\",\"target\":[\"https:\\\/\\\/blogdacondessa.com.br\\\/blog\\\/negocios\\\/calor-ferias-e-feriados-tornam-o-verao-estrategico-para-o-faturamento-de-bares-e-restaurantes\\\/\"]}]},{\"@type\":\"ImageObject\",\"inLanguage\":\"pt-BR\",\"@id\":\"https:\\\/\\\/blogdacondessa.com.br\\\/blog\\\/negocios\\\/calor-ferias-e-feriados-tornam-o-verao-estrategico-para-o-faturamento-de-bares-e-restaurantes\\\/#primaryimage\",\"url\":\"https:\\\/\\\/blogdacondessa.com.br\\\/blog\\\/wp-content\\\/uploads\\\/2026\\\/01\\\/verao-turismo-bares.jpg\",\"contentUrl\":\"https:\\\/\\\/blogdacondessa.com.br\\\/blog\\\/wp-content\\\/uploads\\\/2026\\\/01\\\/verao-turismo-bares.jpg\",\"width\":750,\"height\":500,\"caption\":\"Foto: Divulga\u00e7\u00e3o\"},{\"@type\":\"BreadcrumbList\",\"@id\":\"https:\\\/\\\/blogdacondessa.com.br\\\/blog\\\/negocios\\\/calor-ferias-e-feriados-tornam-o-verao-estrategico-para-o-faturamento-de-bares-e-restaurantes\\\/#breadcrumb\",\"itemListElement\":[{\"@type\":\"ListItem\",\"position\":1,\"name\":\"In\u00edcio\",\"item\":\"https:\\\/\\\/blogdacondessa.com.br\\\/blog\\\/\"},{\"@type\":\"ListItem\",\"position\":2,\"name\":\"Calor, f\u00e9rias e feriados tornam o ver\u00e3o estrat\u00e9gico para o faturamento de bares e restaurantes\"}]},{\"@type\":\"WebSite\",\"@id\":\"https:\\\/\\\/blogdacondessa.com.br\\\/blog\\\/#website\",\"url\":\"https:\\\/\\\/blogdacondessa.com.br\\\/blog\\\/\",\"name\":\"Blog da Condessa\",\"description\":\"Com Shirley de Souza O\u2019Campos\",\"potentialAction\":[{\"@type\":\"SearchAction\",\"target\":{\"@type\":\"EntryPoint\",\"urlTemplate\":\"https:\\\/\\\/blogdacondessa.com.br\\\/blog\\\/?s={search_term_string}\"},\"query-input\":{\"@type\":\"PropertyValueSpecification\",\"valueRequired\":true,\"valueName\":\"search_term_string\"}}],\"inLanguage\":\"pt-BR\"},{\"@type\":\"Person\",\"@id\":\"https:\\\/\\\/blogdacondessa.com.br\\\/blog\\\/#\\\/schema\\\/person\\\/1d667ff8b785195b568677489d266035\",\"name\":\"Blog da Condessa\",\"image\":{\"@type\":\"ImageObject\",\"inLanguage\":\"pt-BR\",\"@id\":\"https:\\\/\\\/secure.gravatar.com\\\/avatar\\\/377c0eb8b4ad2bfc25461b41564b5971e721ca34a57642868fc7b0c8ac7b52c5?s=96&d=mm&r=g\",\"url\":\"https:\\\/\\\/secure.gravatar.com\\\/avatar\\\/377c0eb8b4ad2bfc25461b41564b5971e721ca34a57642868fc7b0c8ac7b52c5?s=96&d=mm&r=g\",\"contentUrl\":\"https:\\\/\\\/secure.gravatar.com\\\/avatar\\\/377c0eb8b4ad2bfc25461b41564b5971e721ca34a57642868fc7b0c8ac7b52c5?s=96&d=mm&r=g\",\"caption\":\"Blog da Condessa\"},\"url\":\"https:\\\/\\\/blogdacondessa.com.br\\\/blog\\\/author\\\/beatriz\\\/\"}]}<\/script>\n<!-- \/ Yoast SEO plugin. -->","yoast_head_json":{"title":"Calor, f\u00e9rias e feriados tornam o ver\u00e3o estrat\u00e9gico para o faturamento de bares e restaurantes &#8902; Blog da Condessa","robots":{"index":"index","follow":"follow","max-snippet":"max-snippet:-1","max-image-preview":"max-image-preview:large","max-video-preview":"max-video-preview:-1"},"canonical":"https:\/\/blogdacondessa.com.br\/blog\/negocios\/calor-ferias-e-feriados-tornam-o-verao-estrategico-para-o-faturamento-de-bares-e-restaurantes\/","og_locale":"pt_BR","og_type":"article","og_title":"Calor, f\u00e9rias e feriados tornam o ver\u00e3o estrat\u00e9gico para o faturamento de bares e restaurantes &#8902; Blog da Condessa","og_description":"O ver\u00e3o vai al\u00e9m das altas temperaturas e dos dias mais longos. Para bares e restaurantes, a esta\u00e7\u00e3o funciona como um verdadeiro divisor de \u00e1guas no faturamento, capaz de alterar h\u00e1bitos de consumo, intensificar o fluxo de clientes e exigir ajustes importantes na gest\u00e3o do neg\u00f3cio. Clima quente, f\u00e9rias escolares, feriados prolongados e a proximidade [&hellip;]","og_url":"https:\/\/blogdacondessa.com.br\/blog\/negocios\/calor-ferias-e-feriados-tornam-o-verao-estrategico-para-o-faturamento-de-bares-e-restaurantes\/","og_site_name":"Blog da Condessa","article_published_time":"2026-01-21T09:00:26+00:00","og_image":[{"width":750,"height":500,"url":"https:\/\/blogdacondessa.com.br\/blog\/wp-content\/uploads\/2026\/01\/verao-turismo-bares.jpg","type":"image\/jpeg"}],"author":"Blog da Condessa","twitter_card":"summary_large_image","twitter_misc":{"Escrito por":"Blog da Condessa","Est. tempo de leitura":"6 minutos"},"schema":{"@context":"https:\/\/schema.org","@graph":[{"@type":"Article","@id":"https:\/\/blogdacondessa.com.br\/blog\/negocios\/calor-ferias-e-feriados-tornam-o-verao-estrategico-para-o-faturamento-de-bares-e-restaurantes\/#article","isPartOf":{"@id":"https:\/\/blogdacondessa.com.br\/blog\/negocios\/calor-ferias-e-feriados-tornam-o-verao-estrategico-para-o-faturamento-de-bares-e-restaurantes\/"},"author":{"name":"Blog da Condessa","@id":"https:\/\/blogdacondessa.com.br\/blog\/#\/schema\/person\/1d667ff8b785195b568677489d266035"},"headline":"Calor, f\u00e9rias e feriados tornam o ver\u00e3o estrat\u00e9gico para o faturamento de bares e restaurantes","datePublished":"2026-01-21T09:00:26+00:00","mainEntityOfPage":{"@id":"https:\/\/blogdacondessa.com.br\/blog\/negocios\/calor-ferias-e-feriados-tornam-o-verao-estrategico-para-o-faturamento-de-bares-e-restaurantes\/"},"wordCount":1163,"image":{"@id":"https:\/\/blogdacondessa.com.br\/blog\/negocios\/calor-ferias-e-feriados-tornam-o-verao-estrategico-para-o-faturamento-de-bares-e-restaurantes\/#primaryimage"},"thumbnailUrl":"https:\/\/blogdacondessa.com.br\/blog\/wp-content\/uploads\/2026\/01\/verao-turismo-bares.jpg","articleSection":["Neg\u00f3cios"],"inLanguage":"pt-BR"},{"@type":"WebPage","@id":"https:\/\/blogdacondessa.com.br\/blog\/negocios\/calor-ferias-e-feriados-tornam-o-verao-estrategico-para-o-faturamento-de-bares-e-restaurantes\/","url":"https:\/\/blogdacondessa.com.br\/blog\/negocios\/calor-ferias-e-feriados-tornam-o-verao-estrategico-para-o-faturamento-de-bares-e-restaurantes\/","name":"Calor, f\u00e9rias e feriados tornam o ver\u00e3o estrat\u00e9gico para o faturamento de bares e restaurantes &#8902; Blog da Condessa","isPartOf":{"@id":"https:\/\/blogdacondessa.com.br\/blog\/#website"},"primaryImageOfPage":{"@id":"https:\/\/blogdacondessa.com.br\/blog\/negocios\/calor-ferias-e-feriados-tornam-o-verao-estrategico-para-o-faturamento-de-bares-e-restaurantes\/#primaryimage"},"image":{"@id":"https:\/\/blogdacondessa.com.br\/blog\/negocios\/calor-ferias-e-feriados-tornam-o-verao-estrategico-para-o-faturamento-de-bares-e-restaurantes\/#primaryimage"},"thumbnailUrl":"https:\/\/blogdacondessa.com.br\/blog\/wp-content\/uploads\/2026\/01\/verao-turismo-bares.jpg","datePublished":"2026-01-21T09:00:26+00:00","author":{"@id":"https:\/\/blogdacondessa.com.br\/blog\/#\/schema\/person\/1d667ff8b785195b568677489d266035"},"breadcrumb":{"@id":"https:\/\/blogdacondessa.com.br\/blog\/negocios\/calor-ferias-e-feriados-tornam-o-verao-estrategico-para-o-faturamento-de-bares-e-restaurantes\/#breadcrumb"},"inLanguage":"pt-BR","potentialAction":[{"@type":"ReadAction","target":["https:\/\/blogdacondessa.com.br\/blog\/negocios\/calor-ferias-e-feriados-tornam-o-verao-estrategico-para-o-faturamento-de-bares-e-restaurantes\/"]}]},{"@type":"ImageObject","inLanguage":"pt-BR","@id":"https:\/\/blogdacondessa.com.br\/blog\/negocios\/calor-ferias-e-feriados-tornam-o-verao-estrategico-para-o-faturamento-de-bares-e-restaurantes\/#primaryimage","url":"https:\/\/blogdacondessa.com.br\/blog\/wp-content\/uploads\/2026\/01\/verao-turismo-bares.jpg","contentUrl":"https:\/\/blogdacondessa.com.br\/blog\/wp-content\/uploads\/2026\/01\/verao-turismo-bares.jpg","width":750,"height":500,"caption":"Foto: Divulga\u00e7\u00e3o"},{"@type":"BreadcrumbList","@id":"https:\/\/blogdacondessa.com.br\/blog\/negocios\/calor-ferias-e-feriados-tornam-o-verao-estrategico-para-o-faturamento-de-bares-e-restaurantes\/#breadcrumb","itemListElement":[{"@type":"ListItem","position":1,"name":"In\u00edcio","item":"https:\/\/blogdacondessa.com.br\/blog\/"},{"@type":"ListItem","position":2,"name":"Calor, f\u00e9rias e feriados tornam o ver\u00e3o estrat\u00e9gico para o faturamento de bares e restaurantes"}]},{"@type":"WebSite","@id":"https:\/\/blogdacondessa.com.br\/blog\/#website","url":"https:\/\/blogdacondessa.com.br\/blog\/","name":"Blog da Condessa","description":"Com Shirley de Souza O\u2019Campos","potentialAction":[{"@type":"SearchAction","target":{"@type":"EntryPoint","urlTemplate":"https:\/\/blogdacondessa.com.br\/blog\/?s={search_term_string}"},"query-input":{"@type":"PropertyValueSpecification","valueRequired":true,"valueName":"search_term_string"}}],"inLanguage":"pt-BR"},{"@type":"Person","@id":"https:\/\/blogdacondessa.com.br\/blog\/#\/schema\/person\/1d667ff8b785195b568677489d266035","name":"Blog da Condessa","image":{"@type":"ImageObject","inLanguage":"pt-BR","@id":"https:\/\/secure.gravatar.com\/avatar\/377c0eb8b4ad2bfc25461b41564b5971e721ca34a57642868fc7b0c8ac7b52c5?s=96&d=mm&r=g","url":"https:\/\/secure.gravatar.com\/avatar\/377c0eb8b4ad2bfc25461b41564b5971e721ca34a57642868fc7b0c8ac7b52c5?s=96&d=mm&r=g","contentUrl":"https:\/\/secure.gravatar.com\/avatar\/377c0eb8b4ad2bfc25461b41564b5971e721ca34a57642868fc7b0c8ac7b52c5?s=96&d=mm&r=g","caption":"Blog da Condessa"},"url":"https:\/\/blogdacondessa.com.br\/blog\/author\/beatriz\/"}]}},"_links":{"self":[{"href":"https:\/\/blogdacondessa.com.br\/blog\/wp-json\/wp\/v2\/posts\/13442","targetHints":{"allow":["GET"]}}],"collection":[{"href":"https:\/\/blogdacondessa.com.br\/blog\/wp-json\/wp\/v2\/posts"}],"about":[{"href":"https:\/\/blogdacondessa.com.br\/blog\/wp-json\/wp\/v2\/types\/post"}],"author":[{"embeddable":true,"href":"https:\/\/blogdacondessa.com.br\/blog\/wp-json\/wp\/v2\/users\/2"}],"replies":[{"embeddable":true,"href":"https:\/\/blogdacondessa.com.br\/blog\/wp-json\/wp\/v2\/comments?post=13442"}],"version-history":[{"count":1,"href":"https:\/\/blogdacondessa.com.br\/blog\/wp-json\/wp\/v2\/posts\/13442\/revisions"}],"predecessor-version":[{"id":13444,"href":"https:\/\/blogdacondessa.com.br\/blog\/wp-json\/wp\/v2\/posts\/13442\/revisions\/13444"}],"wp:featuredmedia":[{"embeddable":true,"href":"https:\/\/blogdacondessa.com.br\/blog\/wp-json\/wp\/v2\/media\/13443"}],"wp:attachment":[{"href":"https:\/\/blogdacondessa.com.br\/blog\/wp-json\/wp\/v2\/media?parent=13442"}],"wp:term":[{"taxonomy":"category","embeddable":true,"href":"https:\/\/blogdacondessa.com.br\/blog\/wp-json\/wp\/v2\/categories?post=13442"},{"taxonomy":"post_tag","embeddable":true,"href":"https:\/\/blogdacondessa.com.br\/blog\/wp-json\/wp\/v2\/tags?post=13442"}],"curies":[{"name":"wp","href":"https:\/\/api.w.org\/{rel}","templated":true}]}}