{"id":1342,"date":"2021-06-19T09:00:00","date_gmt":"2021-06-19T09:00:00","guid":{"rendered":"https:\/\/blogdacondessa.local\/botelho-destina-emenda-para-construcao-de-piscina-para-projeto-social\/"},"modified":"2021-06-24T17:01:26","modified_gmt":"2021-06-24T17:01:26","slug":"botelho-destina-emenda-para-construcao-de-piscina-para-projeto-social","status":"publish","type":"post","link":"https:\/\/blogdacondessa.com.br\/blog\/politica\/botelho-destina-emenda-para-construcao-de-piscina-para-projeto-social\/","title":{"rendered":"Botelho destina emenda para constru\u00e7\u00e3o de piscina para projeto social"},"content":{"rendered":"<p>O 3\u00ba Batalh\u00e3o da Pol\u00edcia Militar de Mato Grosso vai receber recursos para a constru\u00e7\u00e3o de uma piscina semiol\u00edmpica. A confirma\u00e7\u00e3o foi dada durante cerim\u00f4nia de comemora\u00e7\u00e3o dos 34 anos da Corpora\u00e7\u00e3o, realizada no \u00faltimo dia 17, na sede que atende moradores da Grande Morada da Serra, em Cuiab\u00e1. Os recursos ser\u00e3o liberados atrav\u00e9s de emenda do primeiro-secret\u00e1rio da Mesa Diretora da ALMT, deputado Eduardo Botelho (DEM), para fortalecer as atividades sociais desenvolvidas pelo batalh\u00e3o, que atende crian\u00e7as, jovens e, com a piscina, poder\u00e1 ofertar atividades tamb\u00e9m para os idosos.<\/p>\n<p>Botelho j\u00e1 solicitou, atrav\u00e9s do Of\u00edcio 038\/2021\/EP\/ALMT, \u00e0 Casa Civil, o remanejamento de R$ 200 mil, da Secretaria de Estado de Infraestrutura e Log\u00edstica (Sinfra) para a Secretaria de Seguran\u00e7a P\u00fablica (Sesp). Dessa forma, ser\u00e1 poss\u00edvel adquirir os materiais de constru\u00e7\u00e3o para a execu\u00e7\u00e3o do projeto da piscina dentro do 3\u00ba BPM.<br \/> \u201cHoje o Batalh\u00e3o completa 34 anos de hist\u00f3ria e exist\u00eancia, temos v\u00e1rias autoridades, lideran\u00e7as, comunidades e damos destaque ao projeto especial da constru\u00e7\u00e3o da piscina semiol\u00edmpica, destinada via emenda do deputado Botelho, e agradecemos por essa importante ferramenta que ser\u00e1 disponibilizada ao nosso batalh\u00e3o e tamb\u00e9m \u00e0 nossa comunidade\u201d, agradeceu o comandante do 3\u00ba Batalh\u00e3o, tenente-coronel Fernando.<br \/> O comandante da PMMT, coronel Assis, destacou o trabalho da ALMT para melhorar a Seguran\u00e7a P\u00fablica. \u201cA Assembleia \u00e9 uma grande parceira, n\u00e3o s\u00f3 na destina\u00e7\u00e3o de emendas para que possamos fazer aquisi\u00e7\u00e3o de materiais e equipamentos para a Pol\u00edcia Militar, mas pela parceria, amizade e defesa dos direitos dos nossos policiais. Com certeza, o deputado fez uma emenda que servir\u00e1 tamb\u00e9m toda a sociedade da Grande CPA, com projetos de aulas para idosos, esse empreendimento far\u00e1 uma grande diferen\u00e7a para o servi\u00e7o l\u00e1 na ponta\u201d, disse o coronel Assis, ao citar outras a\u00e7\u00f5es j\u00e1 implementadas como viaturas e armamentos.<br \/> Para Botelho, constatar os avan\u00e7os \u00e9 motivo de orgulho nessa corpora\u00e7\u00e3o que ajuda h\u00e1 muitos anos. \u201cTenho carinho muito especial por essa unidade, que come\u00e7ou quando eu trabalhava na Cemat [concession\u00e1ria de energia] e fiz toda a instala\u00e7\u00e3o aqui naquela \u00e9poca. Agora, destinei essa emenda e vamos trabalhar juntos para fortalecer cada vez mais o trabalho da Pol\u00edcia Militar e seus projetos sociais que atende jovens, crian\u00e7as e idosos. Isso \u00e9 muito importante, estamos juntos a Assembleia Legislativa, Pol\u00edcia Militar e Governo do estado trabalhando pela sociedade\u201d, finalizou Botelho.<\/p>\n<p>\u00a0<\/p>\n","protected":false},"excerpt":{"rendered":"<p>O 3\u00ba Batalh\u00e3o da Pol\u00edcia Militar de Mato Grosso vai receber recursos para a constru\u00e7\u00e3o de uma piscina semiol\u00edmpica. A confirma\u00e7\u00e3o foi dada durante cerim\u00f4nia de comemora\u00e7\u00e3o dos 34 anos da Corpora\u00e7\u00e3o, realizada no \u00faltimo dia 17, na sede que atende moradores da Grande Morada da Serra, em Cuiab\u00e1. Os recursos ser\u00e3o liberados atrav\u00e9s de [&hellip;]<\/p>\n","protected":false},"author":2,"featured_media":1808,"comment_status":"open","ping_status":"closed","sticky":false,"template":"","format":"standard","meta":{"iawp_total_views":0,"footnotes":""},"categories":[10],"tags":[],"class_list":["post-1342","post","type-post","status-publish","format-standard","has-post-thumbnail","hentry","category-politica"],"yoast_head":"<!-- This site is optimized with the Yoast SEO plugin v27.3 - https:\/\/yoast.com\/product\/yoast-seo-wordpress\/ -->\n<title>Botelho destina emenda para constru\u00e7\u00e3o de piscina para projeto social &#8902; Blog da Condessa<\/title>\n<meta name=\"robots\" content=\"index, follow, max-snippet:-1, max-image-preview:large, max-video-preview:-1\" \/>\n<link rel=\"canonical\" href=\"https:\/\/blogdacondessa.com.br\/blog\/politica\/botelho-destina-emenda-para-construcao-de-piscina-para-projeto-social\/\" \/>\n<meta property=\"og:locale\" content=\"pt_BR\" \/>\n<meta property=\"og:type\" content=\"article\" \/>\n<meta property=\"og:title\" content=\"Botelho destina emenda para constru\u00e7\u00e3o de piscina para projeto social &#8902; Blog da Condessa\" \/>\n<meta property=\"og:description\" content=\"O 3\u00ba Batalh\u00e3o da Pol\u00edcia Militar de Mato Grosso vai receber recursos para a constru\u00e7\u00e3o de uma piscina semiol\u00edmpica. A confirma\u00e7\u00e3o foi dada durante cerim\u00f4nia de comemora\u00e7\u00e3o dos 34 anos da Corpora\u00e7\u00e3o, realizada no \u00faltimo dia 17, na sede que atende moradores da Grande Morada da Serra, em Cuiab\u00e1. Os recursos ser\u00e3o liberados atrav\u00e9s de [&hellip;]\" \/>\n<meta property=\"og:url\" content=\"https:\/\/blogdacondessa.com.br\/blog\/politica\/botelho-destina-emenda-para-construcao-de-piscina-para-projeto-social\/\" \/>\n<meta property=\"og:site_name\" content=\"Blog da Condessa\" \/>\n<meta property=\"article:published_time\" content=\"2021-06-19T09:00:00+00:00\" \/>\n<meta property=\"article:modified_time\" content=\"2021-06-24T17:01:26+00:00\" \/>\n<meta property=\"og:image\" content=\"https:\/\/blogdacondessa.com.br\/blog\/wp-content\/uploads\/2021\/06\/2a730b965606ef441dc0754edc28d85b_L.jpg\" \/>\n\t<meta property=\"og:image:width\" content=\"600\" \/>\n\t<meta property=\"og:image:height\" content=\"400\" \/>\n\t<meta property=\"og:image:type\" content=\"image\/jpeg\" \/>\n<meta name=\"author\" content=\"Blog da Condessa\" \/>\n<meta name=\"twitter:card\" content=\"summary_large_image\" \/>\n<meta name=\"twitter:label1\" content=\"Escrito por\" \/>\n\t<meta name=\"twitter:data1\" content=\"Blog da Condessa\" \/>\n\t<meta name=\"twitter:label2\" content=\"Est. tempo de leitura\" \/>\n\t<meta name=\"twitter:data2\" content=\"2 minutos\" \/>\n<script type=\"application\/ld+json\" class=\"yoast-schema-graph\">{\"@context\":\"https:\\\/\\\/schema.org\",\"@graph\":[{\"@type\":\"Article\",\"@id\":\"https:\\\/\\\/blogdacondessa.com.br\\\/blog\\\/politica\\\/botelho-destina-emenda-para-construcao-de-piscina-para-projeto-social\\\/#article\",\"isPartOf\":{\"@id\":\"https:\\\/\\\/blogdacondessa.com.br\\\/blog\\\/politica\\\/botelho-destina-emenda-para-construcao-de-piscina-para-projeto-social\\\/\"},\"author\":{\"name\":\"Blog da Condessa\",\"@id\":\"https:\\\/\\\/blogdacondessa.com.br\\\/blog\\\/#\\\/schema\\\/person\\\/1d667ff8b785195b568677489d266035\"},\"headline\":\"Botelho destina emenda para constru\u00e7\u00e3o de piscina para projeto social\",\"datePublished\":\"2021-06-19T09:00:00+00:00\",\"dateModified\":\"2021-06-24T17:01:26+00:00\",\"mainEntityOfPage\":{\"@id\":\"https:\\\/\\\/blogdacondessa.com.br\\\/blog\\\/politica\\\/botelho-destina-emenda-para-construcao-de-piscina-para-projeto-social\\\/\"},\"wordCount\":438,\"commentCount\":0,\"image\":{\"@id\":\"https:\\\/\\\/blogdacondessa.com.br\\\/blog\\\/politica\\\/botelho-destina-emenda-para-construcao-de-piscina-para-projeto-social\\\/#primaryimage\"},\"thumbnailUrl\":\"https:\\\/\\\/blogdacondessa.com.br\\\/blog\\\/wp-content\\\/uploads\\\/2021\\\/06\\\/2a730b965606ef441dc0754edc28d85b_L.jpg\",\"articleSection\":[\"Pol\u00edtica\"],\"inLanguage\":\"pt-BR\",\"potentialAction\":[{\"@type\":\"CommentAction\",\"name\":\"Comment\",\"target\":[\"https:\\\/\\\/blogdacondessa.com.br\\\/blog\\\/politica\\\/botelho-destina-emenda-para-construcao-de-piscina-para-projeto-social\\\/#respond\"]}]},{\"@type\":\"WebPage\",\"@id\":\"https:\\\/\\\/blogdacondessa.com.br\\\/blog\\\/politica\\\/botelho-destina-emenda-para-construcao-de-piscina-para-projeto-social\\\/\",\"url\":\"https:\\\/\\\/blogdacondessa.com.br\\\/blog\\\/politica\\\/botelho-destina-emenda-para-construcao-de-piscina-para-projeto-social\\\/\",\"name\":\"Botelho destina emenda para constru\u00e7\u00e3o de piscina para projeto social &#8902; Blog da Condessa\",\"isPartOf\":{\"@id\":\"https:\\\/\\\/blogdacondessa.com.br\\\/blog\\\/#website\"},\"primaryImageOfPage\":{\"@id\":\"https:\\\/\\\/blogdacondessa.com.br\\\/blog\\\/politica\\\/botelho-destina-emenda-para-construcao-de-piscina-para-projeto-social\\\/#primaryimage\"},\"image\":{\"@id\":\"https:\\\/\\\/blogdacondessa.com.br\\\/blog\\\/politica\\\/botelho-destina-emenda-para-construcao-de-piscina-para-projeto-social\\\/#primaryimage\"},\"thumbnailUrl\":\"https:\\\/\\\/blogdacondessa.com.br\\\/blog\\\/wp-content\\\/uploads\\\/2021\\\/06\\\/2a730b965606ef441dc0754edc28d85b_L.jpg\",\"datePublished\":\"2021-06-19T09:00:00+00:00\",\"dateModified\":\"2021-06-24T17:01:26+00:00\",\"author\":{\"@id\":\"https:\\\/\\\/blogdacondessa.com.br\\\/blog\\\/#\\\/schema\\\/person\\\/1d667ff8b785195b568677489d266035\"},\"breadcrumb\":{\"@id\":\"https:\\\/\\\/blogdacondessa.com.br\\\/blog\\\/politica\\\/botelho-destina-emenda-para-construcao-de-piscina-para-projeto-social\\\/#breadcrumb\"},\"inLanguage\":\"pt-BR\",\"potentialAction\":[{\"@type\":\"ReadAction\",\"target\":[\"https:\\\/\\\/blogdacondessa.com.br\\\/blog\\\/politica\\\/botelho-destina-emenda-para-construcao-de-piscina-para-projeto-social\\\/\"]}]},{\"@type\":\"ImageObject\",\"inLanguage\":\"pt-BR\",\"@id\":\"https:\\\/\\\/blogdacondessa.com.br\\\/blog\\\/politica\\\/botelho-destina-emenda-para-construcao-de-piscina-para-projeto-social\\\/#primaryimage\",\"url\":\"https:\\\/\\\/blogdacondessa.com.br\\\/blog\\\/wp-content\\\/uploads\\\/2021\\\/06\\\/2a730b965606ef441dc0754edc28d85b_L.jpg\",\"contentUrl\":\"https:\\\/\\\/blogdacondessa.com.br\\\/blog\\\/wp-content\\\/uploads\\\/2021\\\/06\\\/2a730b965606ef441dc0754edc28d85b_L.jpg\",\"width\":600,\"height\":400},{\"@type\":\"BreadcrumbList\",\"@id\":\"https:\\\/\\\/blogdacondessa.com.br\\\/blog\\\/politica\\\/botelho-destina-emenda-para-construcao-de-piscina-para-projeto-social\\\/#breadcrumb\",\"itemListElement\":[{\"@type\":\"ListItem\",\"position\":1,\"name\":\"In\u00edcio\",\"item\":\"https:\\\/\\\/blogdacondessa.com.br\\\/blog\\\/\"},{\"@type\":\"ListItem\",\"position\":2,\"name\":\"Botelho destina emenda para constru\u00e7\u00e3o de piscina para projeto social\"}]},{\"@type\":\"WebSite\",\"@id\":\"https:\\\/\\\/blogdacondessa.com.br\\\/blog\\\/#website\",\"url\":\"https:\\\/\\\/blogdacondessa.com.br\\\/blog\\\/\",\"name\":\"Blog da Condessa\",\"description\":\"Com Shirley de Souza O\u2019Campos\",\"potentialAction\":[{\"@type\":\"SearchAction\",\"target\":{\"@type\":\"EntryPoint\",\"urlTemplate\":\"https:\\\/\\\/blogdacondessa.com.br\\\/blog\\\/?s={search_term_string}\"},\"query-input\":{\"@type\":\"PropertyValueSpecification\",\"valueRequired\":true,\"valueName\":\"search_term_string\"}}],\"inLanguage\":\"pt-BR\"},{\"@type\":\"Person\",\"@id\":\"https:\\\/\\\/blogdacondessa.com.br\\\/blog\\\/#\\\/schema\\\/person\\\/1d667ff8b785195b568677489d266035\",\"name\":\"Blog da Condessa\",\"image\":{\"@type\":\"ImageObject\",\"inLanguage\":\"pt-BR\",\"@id\":\"https:\\\/\\\/secure.gravatar.com\\\/avatar\\\/377c0eb8b4ad2bfc25461b41564b5971e721ca34a57642868fc7b0c8ac7b52c5?s=96&d=mm&r=g\",\"url\":\"https:\\\/\\\/secure.gravatar.com\\\/avatar\\\/377c0eb8b4ad2bfc25461b41564b5971e721ca34a57642868fc7b0c8ac7b52c5?s=96&d=mm&r=g\",\"contentUrl\":\"https:\\\/\\\/secure.gravatar.com\\\/avatar\\\/377c0eb8b4ad2bfc25461b41564b5971e721ca34a57642868fc7b0c8ac7b52c5?s=96&d=mm&r=g\",\"caption\":\"Blog da Condessa\"},\"url\":\"https:\\\/\\\/blogdacondessa.com.br\\\/blog\\\/author\\\/beatriz\\\/\"}]}<\/script>\n<!-- \/ Yoast SEO plugin. -->","yoast_head_json":{"title":"Botelho destina emenda para constru\u00e7\u00e3o de piscina para projeto social &#8902; Blog da Condessa","robots":{"index":"index","follow":"follow","max-snippet":"max-snippet:-1","max-image-preview":"max-image-preview:large","max-video-preview":"max-video-preview:-1"},"canonical":"https:\/\/blogdacondessa.com.br\/blog\/politica\/botelho-destina-emenda-para-construcao-de-piscina-para-projeto-social\/","og_locale":"pt_BR","og_type":"article","og_title":"Botelho destina emenda para constru\u00e7\u00e3o de piscina para projeto social &#8902; Blog da Condessa","og_description":"O 3\u00ba Batalh\u00e3o da Pol\u00edcia Militar de Mato Grosso vai receber recursos para a constru\u00e7\u00e3o de uma piscina semiol\u00edmpica. A confirma\u00e7\u00e3o foi dada durante cerim\u00f4nia de comemora\u00e7\u00e3o dos 34 anos da Corpora\u00e7\u00e3o, realizada no \u00faltimo dia 17, na sede que atende moradores da Grande Morada da Serra, em Cuiab\u00e1. Os recursos ser\u00e3o liberados atrav\u00e9s de [&hellip;]","og_url":"https:\/\/blogdacondessa.com.br\/blog\/politica\/botelho-destina-emenda-para-construcao-de-piscina-para-projeto-social\/","og_site_name":"Blog da Condessa","article_published_time":"2021-06-19T09:00:00+00:00","article_modified_time":"2021-06-24T17:01:26+00:00","og_image":[{"width":600,"height":400,"url":"https:\/\/blogdacondessa.com.br\/blog\/wp-content\/uploads\/2021\/06\/2a730b965606ef441dc0754edc28d85b_L.jpg","type":"image\/jpeg"}],"author":"Blog da Condessa","twitter_card":"summary_large_image","twitter_misc":{"Escrito por":"Blog da Condessa","Est. tempo de leitura":"2 minutos"},"schema":{"@context":"https:\/\/schema.org","@graph":[{"@type":"Article","@id":"https:\/\/blogdacondessa.com.br\/blog\/politica\/botelho-destina-emenda-para-construcao-de-piscina-para-projeto-social\/#article","isPartOf":{"@id":"https:\/\/blogdacondessa.com.br\/blog\/politica\/botelho-destina-emenda-para-construcao-de-piscina-para-projeto-social\/"},"author":{"name":"Blog da Condessa","@id":"https:\/\/blogdacondessa.com.br\/blog\/#\/schema\/person\/1d667ff8b785195b568677489d266035"},"headline":"Botelho destina emenda para constru\u00e7\u00e3o de piscina para projeto social","datePublished":"2021-06-19T09:00:00+00:00","dateModified":"2021-06-24T17:01:26+00:00","mainEntityOfPage":{"@id":"https:\/\/blogdacondessa.com.br\/blog\/politica\/botelho-destina-emenda-para-construcao-de-piscina-para-projeto-social\/"},"wordCount":438,"commentCount":0,"image":{"@id":"https:\/\/blogdacondessa.com.br\/blog\/politica\/botelho-destina-emenda-para-construcao-de-piscina-para-projeto-social\/#primaryimage"},"thumbnailUrl":"https:\/\/blogdacondessa.com.br\/blog\/wp-content\/uploads\/2021\/06\/2a730b965606ef441dc0754edc28d85b_L.jpg","articleSection":["Pol\u00edtica"],"inLanguage":"pt-BR","potentialAction":[{"@type":"CommentAction","name":"Comment","target":["https:\/\/blogdacondessa.com.br\/blog\/politica\/botelho-destina-emenda-para-construcao-de-piscina-para-projeto-social\/#respond"]}]},{"@type":"WebPage","@id":"https:\/\/blogdacondessa.com.br\/blog\/politica\/botelho-destina-emenda-para-construcao-de-piscina-para-projeto-social\/","url":"https:\/\/blogdacondessa.com.br\/blog\/politica\/botelho-destina-emenda-para-construcao-de-piscina-para-projeto-social\/","name":"Botelho destina emenda para constru\u00e7\u00e3o de piscina para projeto social &#8902; Blog da Condessa","isPartOf":{"@id":"https:\/\/blogdacondessa.com.br\/blog\/#website"},"primaryImageOfPage":{"@id":"https:\/\/blogdacondessa.com.br\/blog\/politica\/botelho-destina-emenda-para-construcao-de-piscina-para-projeto-social\/#primaryimage"},"image":{"@id":"https:\/\/blogdacondessa.com.br\/blog\/politica\/botelho-destina-emenda-para-construcao-de-piscina-para-projeto-social\/#primaryimage"},"thumbnailUrl":"https:\/\/blogdacondessa.com.br\/blog\/wp-content\/uploads\/2021\/06\/2a730b965606ef441dc0754edc28d85b_L.jpg","datePublished":"2021-06-19T09:00:00+00:00","dateModified":"2021-06-24T17:01:26+00:00","author":{"@id":"https:\/\/blogdacondessa.com.br\/blog\/#\/schema\/person\/1d667ff8b785195b568677489d266035"},"breadcrumb":{"@id":"https:\/\/blogdacondessa.com.br\/blog\/politica\/botelho-destina-emenda-para-construcao-de-piscina-para-projeto-social\/#breadcrumb"},"inLanguage":"pt-BR","potentialAction":[{"@type":"ReadAction","target":["https:\/\/blogdacondessa.com.br\/blog\/politica\/botelho-destina-emenda-para-construcao-de-piscina-para-projeto-social\/"]}]},{"@type":"ImageObject","inLanguage":"pt-BR","@id":"https:\/\/blogdacondessa.com.br\/blog\/politica\/botelho-destina-emenda-para-construcao-de-piscina-para-projeto-social\/#primaryimage","url":"https:\/\/blogdacondessa.com.br\/blog\/wp-content\/uploads\/2021\/06\/2a730b965606ef441dc0754edc28d85b_L.jpg","contentUrl":"https:\/\/blogdacondessa.com.br\/blog\/wp-content\/uploads\/2021\/06\/2a730b965606ef441dc0754edc28d85b_L.jpg","width":600,"height":400},{"@type":"BreadcrumbList","@id":"https:\/\/blogdacondessa.com.br\/blog\/politica\/botelho-destina-emenda-para-construcao-de-piscina-para-projeto-social\/#breadcrumb","itemListElement":[{"@type":"ListItem","position":1,"name":"In\u00edcio","item":"https:\/\/blogdacondessa.com.br\/blog\/"},{"@type":"ListItem","position":2,"name":"Botelho destina emenda para constru\u00e7\u00e3o de piscina para projeto social"}]},{"@type":"WebSite","@id":"https:\/\/blogdacondessa.com.br\/blog\/#website","url":"https:\/\/blogdacondessa.com.br\/blog\/","name":"Blog da Condessa","description":"Com Shirley de Souza O\u2019Campos","potentialAction":[{"@type":"SearchAction","target":{"@type":"EntryPoint","urlTemplate":"https:\/\/blogdacondessa.com.br\/blog\/?s={search_term_string}"},"query-input":{"@type":"PropertyValueSpecification","valueRequired":true,"valueName":"search_term_string"}}],"inLanguage":"pt-BR"},{"@type":"Person","@id":"https:\/\/blogdacondessa.com.br\/blog\/#\/schema\/person\/1d667ff8b785195b568677489d266035","name":"Blog da Condessa","image":{"@type":"ImageObject","inLanguage":"pt-BR","@id":"https:\/\/secure.gravatar.com\/avatar\/377c0eb8b4ad2bfc25461b41564b5971e721ca34a57642868fc7b0c8ac7b52c5?s=96&d=mm&r=g","url":"https:\/\/secure.gravatar.com\/avatar\/377c0eb8b4ad2bfc25461b41564b5971e721ca34a57642868fc7b0c8ac7b52c5?s=96&d=mm&r=g","contentUrl":"https:\/\/secure.gravatar.com\/avatar\/377c0eb8b4ad2bfc25461b41564b5971e721ca34a57642868fc7b0c8ac7b52c5?s=96&d=mm&r=g","caption":"Blog da Condessa"},"url":"https:\/\/blogdacondessa.com.br\/blog\/author\/beatriz\/"}]}},"_links":{"self":[{"href":"https:\/\/blogdacondessa.com.br\/blog\/wp-json\/wp\/v2\/posts\/1342","targetHints":{"allow":["GET"]}}],"collection":[{"href":"https:\/\/blogdacondessa.com.br\/blog\/wp-json\/wp\/v2\/posts"}],"about":[{"href":"https:\/\/blogdacondessa.com.br\/blog\/wp-json\/wp\/v2\/types\/post"}],"author":[{"embeddable":true,"href":"https:\/\/blogdacondessa.com.br\/blog\/wp-json\/wp\/v2\/users\/2"}],"replies":[{"embeddable":true,"href":"https:\/\/blogdacondessa.com.br\/blog\/wp-json\/wp\/v2\/comments?post=1342"}],"version-history":[{"count":0,"href":"https:\/\/blogdacondessa.com.br\/blog\/wp-json\/wp\/v2\/posts\/1342\/revisions"}],"wp:featuredmedia":[{"embeddable":true,"href":"https:\/\/blogdacondessa.com.br\/blog\/wp-json\/wp\/v2\/media\/1808"}],"wp:attachment":[{"href":"https:\/\/blogdacondessa.com.br\/blog\/wp-json\/wp\/v2\/media?parent=1342"}],"wp:term":[{"taxonomy":"category","embeddable":true,"href":"https:\/\/blogdacondessa.com.br\/blog\/wp-json\/wp\/v2\/categories?post=1342"},{"taxonomy":"post_tag","embeddable":true,"href":"https:\/\/blogdacondessa.com.br\/blog\/wp-json\/wp\/v2\/tags?post=1342"}],"curies":[{"name":"wp","href":"https:\/\/api.w.org\/{rel}","templated":true}]}}