{"id":1341,"date":"2021-06-19T09:00:00","date_gmt":"2021-06-19T09:00:00","guid":{"rendered":"https:\/\/blogdacondessa.local\/as-transformacoes-da-moda-no-cenario-atual\/"},"modified":"2021-06-24T14:38:27","modified_gmt":"2021-06-24T14:38:27","slug":"as-transformacoes-da-moda-no-cenario-atual","status":"publish","type":"post","link":"https:\/\/blogdacondessa.com.br\/blog\/moda\/as-transformacoes-da-moda-no-cenario-atual\/","title":{"rendered":"As transforma\u00e7\u00f5es da moda no cen\u00e1rio atual"},"content":{"rendered":"<p>Para a personal stylist, consultora de moda e empres\u00e1ria Telma Ribeiro Preza, a moda outono\/inverno 2021 al\u00e9m das tradicionais tend\u00eancias, apesar de sempre renovadas, sofreu fortemente a influ\u00eancia do \u201cZeitgeist\u201d\u00a0 (o esp\u00edrito da \u00e9poca que vivemos), nestes tempos de pandemia. \u201cOptamos por roupas mais confort\u00e1veis. Todavia, com sinais de eleg\u00e2ncia que mistura modelagens cl\u00e1ssicas com pitadas de modernidade. Vale ressaltar o toque atual com variadas informa\u00e7\u00f5es de moda, tirando os looks da mesmice e do \u00f3bvio\u201d, observa a consultora.<\/p>\n<p>O xadrez \u00e9 um cl\u00e1ssico que sempre volta com for\u00e7a nas esta\u00e7\u00f5es mais frias, por ser marca registrada desse clima. Em composi\u00e7\u00f5es preto\/branco\/cinza e, tamb\u00e9m com cores em suas tramas. J\u00e1 o tric\u00f4 continua sendo o queridinho e aconchegante, seja em su\u00e9teres, cardig\u00e3s ou pullover. \u201cEste \u00faltimo, ganhou for\u00e7a nesta esta\u00e7\u00e3o possibilitando lindas sobreposi\u00e7\u00f5es. O \u201ctrench coat\u201d(sobretudo) veio para ficar e proporcionar um look elegante e atual por cima de conjuntos, jeans, vestidos, entre outros. Al\u00e9m dos cl\u00e1ssicos beges, pretos e marrons, vem em tons terrosos e estampas\u201d, destacou a personal stylist.<\/p>\n<p>Conforme ela, o couro n\u00e3o pode faltar. Todavia em tempos de conforto, durabilidade, em couro ecol\u00f3gico e tecnol\u00f3gico de alta qualidade. As jaquetas em todas as modelagens (o oversized, justas, croppeds) sejam jeans, de couro, sarja, surgem renovadas com bordados, aplica\u00e7\u00f5es, bem como em diversidade de cores. A transpar\u00eancia \u00e9 uma tend\u00eancia usada com outras pe\u00e7as. Elas podem vir em uma pe\u00e7a inteira, como nas blusas de tule e renda, ou apenas em detalhes como mangas, recortes e decotes.<br \/> Telma sinaliza para as cal\u00e7as jeans nas modelagens \u201cmom\u201d, \u201cslouchy\u201d(bag), \u201cwide leg\u201d(retas de pernas largas), pantalonas e pantacourts.<\/p>\n<p>Destaque para os vestidos curtos ou longos. \u201cTamb\u00e9m est\u00e3o presente neste inverno fazendo bonito como sobreposi\u00e7\u00e3o, meias foscas e botas. Ficam bem charmosos sobre jaquetas, blazeres alongados ou sobretudo.<br \/> As modelagens est\u00e3o bem democr\u00e1ticas. Justas, amplas, evas\u00eas ou assim\u00e9tricas. O comprimento midi veio como marca de eleg\u00e2ncia e poder feminino, usadas com os diversos tipos de botas, t\u00eanis, cintos e saltos grossos\u201d, frisou.<\/p>\n<p>O conforto tem tido cada vez mais espa\u00e7o no mundo da moda. Hoje, a tend\u00eancia loungewear ( roupas que lembram pijamas)est\u00e1 em alta. \u201cVoc\u00ea as veste o home office, mas tamb\u00e9m pode dar uma saidinha r\u00e1pida na padaria, farm\u00e1cia ou mercado e est\u00e1 tudo bem. Em tempos de crise, guerras ou pandemias sempre surgem novidades, cria\u00e7\u00f5es, op\u00e7\u00f5es e estilos adapt\u00e1veis a situa\u00e7\u00e3o\u201d, conclui Telma preza.<\/p>\n","protected":false},"excerpt":{"rendered":"<p>Para a personal stylist, consultora de moda e empres\u00e1ria Telma Ribeiro Preza, a moda outono\/inverno 2021 al\u00e9m das tradicionais tend\u00eancias, apesar de sempre renovadas, sofreu fortemente a influ\u00eancia do \u201cZeitgeist\u201d\u00a0 (o esp\u00edrito da \u00e9poca que vivemos), nestes tempos de pandemia. \u201cOptamos por roupas mais confort\u00e1veis. Todavia, com sinais de eleg\u00e2ncia que mistura modelagens cl\u00e1ssicas com [&hellip;]<\/p>\n","protected":false},"author":2,"featured_media":1653,"comment_status":"open","ping_status":"closed","sticky":false,"template":"","format":"standard","meta":{"iawp_total_views":4,"footnotes":""},"categories":[21],"tags":[],"class_list":["post-1341","post","type-post","status-publish","format-standard","has-post-thumbnail","hentry","category-moda"],"yoast_head":"<!-- This site is optimized with the Yoast SEO plugin v27.3 - https:\/\/yoast.com\/product\/yoast-seo-wordpress\/ -->\n<title>As transforma\u00e7\u00f5es da moda no cen\u00e1rio atual &#8902; Blog da Condessa<\/title>\n<meta name=\"robots\" content=\"index, follow, max-snippet:-1, max-image-preview:large, max-video-preview:-1\" \/>\n<link rel=\"canonical\" href=\"https:\/\/blogdacondessa.com.br\/blog\/moda\/as-transformacoes-da-moda-no-cenario-atual\/\" \/>\n<meta property=\"og:locale\" content=\"pt_BR\" \/>\n<meta property=\"og:type\" content=\"article\" \/>\n<meta property=\"og:title\" content=\"As transforma\u00e7\u00f5es da moda no cen\u00e1rio atual &#8902; Blog da Condessa\" \/>\n<meta property=\"og:description\" content=\"Para a personal stylist, consultora de moda e empres\u00e1ria Telma Ribeiro Preza, a moda outono\/inverno 2021 al\u00e9m das tradicionais tend\u00eancias, apesar de sempre renovadas, sofreu fortemente a influ\u00eancia do \u201cZeitgeist\u201d\u00a0 (o esp\u00edrito da \u00e9poca que vivemos), nestes tempos de pandemia. \u201cOptamos por roupas mais confort\u00e1veis. Todavia, com sinais de eleg\u00e2ncia que mistura modelagens cl\u00e1ssicas com [&hellip;]\" \/>\n<meta property=\"og:url\" content=\"https:\/\/blogdacondessa.com.br\/blog\/moda\/as-transformacoes-da-moda-no-cenario-atual\/\" \/>\n<meta property=\"og:site_name\" content=\"Blog da Condessa\" \/>\n<meta property=\"article:published_time\" content=\"2021-06-19T09:00:00+00:00\" \/>\n<meta property=\"article:modified_time\" content=\"2021-06-24T14:38:27+00:00\" \/>\n<meta property=\"og:image\" content=\"https:\/\/blogdacondessa.com.br\/blog\/wp-content\/uploads\/2021\/06\/fdc5bcdd10a8fa7a628dc01912c2a729_L.jpg\" \/>\n\t<meta property=\"og:image:width\" content=\"600\" \/>\n\t<meta property=\"og:image:height\" content=\"986\" \/>\n\t<meta property=\"og:image:type\" content=\"image\/jpeg\" \/>\n<meta name=\"author\" content=\"Blog da Condessa\" \/>\n<meta name=\"twitter:card\" content=\"summary_large_image\" \/>\n<meta name=\"twitter:label1\" content=\"Escrito por\" \/>\n\t<meta name=\"twitter:data1\" content=\"Blog da Condessa\" \/>\n\t<meta name=\"twitter:label2\" content=\"Est. tempo de leitura\" \/>\n\t<meta name=\"twitter:data2\" content=\"2 minutos\" \/>\n<script type=\"application\/ld+json\" class=\"yoast-schema-graph\">{\"@context\":\"https:\\\/\\\/schema.org\",\"@graph\":[{\"@type\":\"Article\",\"@id\":\"https:\\\/\\\/blogdacondessa.com.br\\\/blog\\\/moda\\\/as-transformacoes-da-moda-no-cenario-atual\\\/#article\",\"isPartOf\":{\"@id\":\"https:\\\/\\\/blogdacondessa.com.br\\\/blog\\\/moda\\\/as-transformacoes-da-moda-no-cenario-atual\\\/\"},\"author\":{\"name\":\"Blog da Condessa\",\"@id\":\"https:\\\/\\\/blogdacondessa.com.br\\\/blog\\\/#\\\/schema\\\/person\\\/1d667ff8b785195b568677489d266035\"},\"headline\":\"As transforma\u00e7\u00f5es da moda no cen\u00e1rio atual\",\"datePublished\":\"2021-06-19T09:00:00+00:00\",\"dateModified\":\"2021-06-24T14:38:27+00:00\",\"mainEntityOfPage\":{\"@id\":\"https:\\\/\\\/blogdacondessa.com.br\\\/blog\\\/moda\\\/as-transformacoes-da-moda-no-cenario-atual\\\/\"},\"wordCount\":456,\"commentCount\":0,\"image\":{\"@id\":\"https:\\\/\\\/blogdacondessa.com.br\\\/blog\\\/moda\\\/as-transformacoes-da-moda-no-cenario-atual\\\/#primaryimage\"},\"thumbnailUrl\":\"https:\\\/\\\/blogdacondessa.com.br\\\/blog\\\/wp-content\\\/uploads\\\/2021\\\/06\\\/fdc5bcdd10a8fa7a628dc01912c2a729_L.jpg\",\"articleSection\":[\"Moda\"],\"inLanguage\":\"pt-BR\",\"potentialAction\":[{\"@type\":\"CommentAction\",\"name\":\"Comment\",\"target\":[\"https:\\\/\\\/blogdacondessa.com.br\\\/blog\\\/moda\\\/as-transformacoes-da-moda-no-cenario-atual\\\/#respond\"]}]},{\"@type\":\"WebPage\",\"@id\":\"https:\\\/\\\/blogdacondessa.com.br\\\/blog\\\/moda\\\/as-transformacoes-da-moda-no-cenario-atual\\\/\",\"url\":\"https:\\\/\\\/blogdacondessa.com.br\\\/blog\\\/moda\\\/as-transformacoes-da-moda-no-cenario-atual\\\/\",\"name\":\"As transforma\u00e7\u00f5es da moda no cen\u00e1rio atual &#8902; Blog da Condessa\",\"isPartOf\":{\"@id\":\"https:\\\/\\\/blogdacondessa.com.br\\\/blog\\\/#website\"},\"primaryImageOfPage\":{\"@id\":\"https:\\\/\\\/blogdacondessa.com.br\\\/blog\\\/moda\\\/as-transformacoes-da-moda-no-cenario-atual\\\/#primaryimage\"},\"image\":{\"@id\":\"https:\\\/\\\/blogdacondessa.com.br\\\/blog\\\/moda\\\/as-transformacoes-da-moda-no-cenario-atual\\\/#primaryimage\"},\"thumbnailUrl\":\"https:\\\/\\\/blogdacondessa.com.br\\\/blog\\\/wp-content\\\/uploads\\\/2021\\\/06\\\/fdc5bcdd10a8fa7a628dc01912c2a729_L.jpg\",\"datePublished\":\"2021-06-19T09:00:00+00:00\",\"dateModified\":\"2021-06-24T14:38:27+00:00\",\"author\":{\"@id\":\"https:\\\/\\\/blogdacondessa.com.br\\\/blog\\\/#\\\/schema\\\/person\\\/1d667ff8b785195b568677489d266035\"},\"breadcrumb\":{\"@id\":\"https:\\\/\\\/blogdacondessa.com.br\\\/blog\\\/moda\\\/as-transformacoes-da-moda-no-cenario-atual\\\/#breadcrumb\"},\"inLanguage\":\"pt-BR\",\"potentialAction\":[{\"@type\":\"ReadAction\",\"target\":[\"https:\\\/\\\/blogdacondessa.com.br\\\/blog\\\/moda\\\/as-transformacoes-da-moda-no-cenario-atual\\\/\"]}]},{\"@type\":\"ImageObject\",\"inLanguage\":\"pt-BR\",\"@id\":\"https:\\\/\\\/blogdacondessa.com.br\\\/blog\\\/moda\\\/as-transformacoes-da-moda-no-cenario-atual\\\/#primaryimage\",\"url\":\"https:\\\/\\\/blogdacondessa.com.br\\\/blog\\\/wp-content\\\/uploads\\\/2021\\\/06\\\/fdc5bcdd10a8fa7a628dc01912c2a729_L.jpg\",\"contentUrl\":\"https:\\\/\\\/blogdacondessa.com.br\\\/blog\\\/wp-content\\\/uploads\\\/2021\\\/06\\\/fdc5bcdd10a8fa7a628dc01912c2a729_L.jpg\",\"width\":600,\"height\":986},{\"@type\":\"BreadcrumbList\",\"@id\":\"https:\\\/\\\/blogdacondessa.com.br\\\/blog\\\/moda\\\/as-transformacoes-da-moda-no-cenario-atual\\\/#breadcrumb\",\"itemListElement\":[{\"@type\":\"ListItem\",\"position\":1,\"name\":\"In\u00edcio\",\"item\":\"https:\\\/\\\/blogdacondessa.com.br\\\/blog\\\/\"},{\"@type\":\"ListItem\",\"position\":2,\"name\":\"As transforma\u00e7\u00f5es da moda no cen\u00e1rio atual\"}]},{\"@type\":\"WebSite\",\"@id\":\"https:\\\/\\\/blogdacondessa.com.br\\\/blog\\\/#website\",\"url\":\"https:\\\/\\\/blogdacondessa.com.br\\\/blog\\\/\",\"name\":\"Blog da Condessa\",\"description\":\"Com Shirley de Souza O\u2019Campos\",\"potentialAction\":[{\"@type\":\"SearchAction\",\"target\":{\"@type\":\"EntryPoint\",\"urlTemplate\":\"https:\\\/\\\/blogdacondessa.com.br\\\/blog\\\/?s={search_term_string}\"},\"query-input\":{\"@type\":\"PropertyValueSpecification\",\"valueRequired\":true,\"valueName\":\"search_term_string\"}}],\"inLanguage\":\"pt-BR\"},{\"@type\":\"Person\",\"@id\":\"https:\\\/\\\/blogdacondessa.com.br\\\/blog\\\/#\\\/schema\\\/person\\\/1d667ff8b785195b568677489d266035\",\"name\":\"Blog da Condessa\",\"image\":{\"@type\":\"ImageObject\",\"inLanguage\":\"pt-BR\",\"@id\":\"https:\\\/\\\/secure.gravatar.com\\\/avatar\\\/377c0eb8b4ad2bfc25461b41564b5971e721ca34a57642868fc7b0c8ac7b52c5?s=96&d=mm&r=g\",\"url\":\"https:\\\/\\\/secure.gravatar.com\\\/avatar\\\/377c0eb8b4ad2bfc25461b41564b5971e721ca34a57642868fc7b0c8ac7b52c5?s=96&d=mm&r=g\",\"contentUrl\":\"https:\\\/\\\/secure.gravatar.com\\\/avatar\\\/377c0eb8b4ad2bfc25461b41564b5971e721ca34a57642868fc7b0c8ac7b52c5?s=96&d=mm&r=g\",\"caption\":\"Blog da Condessa\"},\"url\":\"https:\\\/\\\/blogdacondessa.com.br\\\/blog\\\/author\\\/beatriz\\\/\"}]}<\/script>\n<!-- \/ Yoast SEO plugin. -->","yoast_head_json":{"title":"As transforma\u00e7\u00f5es da moda no cen\u00e1rio atual &#8902; Blog da Condessa","robots":{"index":"index","follow":"follow","max-snippet":"max-snippet:-1","max-image-preview":"max-image-preview:large","max-video-preview":"max-video-preview:-1"},"canonical":"https:\/\/blogdacondessa.com.br\/blog\/moda\/as-transformacoes-da-moda-no-cenario-atual\/","og_locale":"pt_BR","og_type":"article","og_title":"As transforma\u00e7\u00f5es da moda no cen\u00e1rio atual &#8902; Blog da Condessa","og_description":"Para a personal stylist, consultora de moda e empres\u00e1ria Telma Ribeiro Preza, a moda outono\/inverno 2021 al\u00e9m das tradicionais tend\u00eancias, apesar de sempre renovadas, sofreu fortemente a influ\u00eancia do \u201cZeitgeist\u201d\u00a0 (o esp\u00edrito da \u00e9poca que vivemos), nestes tempos de pandemia. \u201cOptamos por roupas mais confort\u00e1veis. Todavia, com sinais de eleg\u00e2ncia que mistura modelagens cl\u00e1ssicas com [&hellip;]","og_url":"https:\/\/blogdacondessa.com.br\/blog\/moda\/as-transformacoes-da-moda-no-cenario-atual\/","og_site_name":"Blog da Condessa","article_published_time":"2021-06-19T09:00:00+00:00","article_modified_time":"2021-06-24T14:38:27+00:00","og_image":[{"width":600,"height":986,"url":"https:\/\/blogdacondessa.com.br\/blog\/wp-content\/uploads\/2021\/06\/fdc5bcdd10a8fa7a628dc01912c2a729_L.jpg","type":"image\/jpeg"}],"author":"Blog da Condessa","twitter_card":"summary_large_image","twitter_misc":{"Escrito por":"Blog da Condessa","Est. tempo de leitura":"2 minutos"},"schema":{"@context":"https:\/\/schema.org","@graph":[{"@type":"Article","@id":"https:\/\/blogdacondessa.com.br\/blog\/moda\/as-transformacoes-da-moda-no-cenario-atual\/#article","isPartOf":{"@id":"https:\/\/blogdacondessa.com.br\/blog\/moda\/as-transformacoes-da-moda-no-cenario-atual\/"},"author":{"name":"Blog da Condessa","@id":"https:\/\/blogdacondessa.com.br\/blog\/#\/schema\/person\/1d667ff8b785195b568677489d266035"},"headline":"As transforma\u00e7\u00f5es da moda no cen\u00e1rio atual","datePublished":"2021-06-19T09:00:00+00:00","dateModified":"2021-06-24T14:38:27+00:00","mainEntityOfPage":{"@id":"https:\/\/blogdacondessa.com.br\/blog\/moda\/as-transformacoes-da-moda-no-cenario-atual\/"},"wordCount":456,"commentCount":0,"image":{"@id":"https:\/\/blogdacondessa.com.br\/blog\/moda\/as-transformacoes-da-moda-no-cenario-atual\/#primaryimage"},"thumbnailUrl":"https:\/\/blogdacondessa.com.br\/blog\/wp-content\/uploads\/2021\/06\/fdc5bcdd10a8fa7a628dc01912c2a729_L.jpg","articleSection":["Moda"],"inLanguage":"pt-BR","potentialAction":[{"@type":"CommentAction","name":"Comment","target":["https:\/\/blogdacondessa.com.br\/blog\/moda\/as-transformacoes-da-moda-no-cenario-atual\/#respond"]}]},{"@type":"WebPage","@id":"https:\/\/blogdacondessa.com.br\/blog\/moda\/as-transformacoes-da-moda-no-cenario-atual\/","url":"https:\/\/blogdacondessa.com.br\/blog\/moda\/as-transformacoes-da-moda-no-cenario-atual\/","name":"As transforma\u00e7\u00f5es da moda no cen\u00e1rio atual &#8902; Blog da Condessa","isPartOf":{"@id":"https:\/\/blogdacondessa.com.br\/blog\/#website"},"primaryImageOfPage":{"@id":"https:\/\/blogdacondessa.com.br\/blog\/moda\/as-transformacoes-da-moda-no-cenario-atual\/#primaryimage"},"image":{"@id":"https:\/\/blogdacondessa.com.br\/blog\/moda\/as-transformacoes-da-moda-no-cenario-atual\/#primaryimage"},"thumbnailUrl":"https:\/\/blogdacondessa.com.br\/blog\/wp-content\/uploads\/2021\/06\/fdc5bcdd10a8fa7a628dc01912c2a729_L.jpg","datePublished":"2021-06-19T09:00:00+00:00","dateModified":"2021-06-24T14:38:27+00:00","author":{"@id":"https:\/\/blogdacondessa.com.br\/blog\/#\/schema\/person\/1d667ff8b785195b568677489d266035"},"breadcrumb":{"@id":"https:\/\/blogdacondessa.com.br\/blog\/moda\/as-transformacoes-da-moda-no-cenario-atual\/#breadcrumb"},"inLanguage":"pt-BR","potentialAction":[{"@type":"ReadAction","target":["https:\/\/blogdacondessa.com.br\/blog\/moda\/as-transformacoes-da-moda-no-cenario-atual\/"]}]},{"@type":"ImageObject","inLanguage":"pt-BR","@id":"https:\/\/blogdacondessa.com.br\/blog\/moda\/as-transformacoes-da-moda-no-cenario-atual\/#primaryimage","url":"https:\/\/blogdacondessa.com.br\/blog\/wp-content\/uploads\/2021\/06\/fdc5bcdd10a8fa7a628dc01912c2a729_L.jpg","contentUrl":"https:\/\/blogdacondessa.com.br\/blog\/wp-content\/uploads\/2021\/06\/fdc5bcdd10a8fa7a628dc01912c2a729_L.jpg","width":600,"height":986},{"@type":"BreadcrumbList","@id":"https:\/\/blogdacondessa.com.br\/blog\/moda\/as-transformacoes-da-moda-no-cenario-atual\/#breadcrumb","itemListElement":[{"@type":"ListItem","position":1,"name":"In\u00edcio","item":"https:\/\/blogdacondessa.com.br\/blog\/"},{"@type":"ListItem","position":2,"name":"As transforma\u00e7\u00f5es da moda no cen\u00e1rio atual"}]},{"@type":"WebSite","@id":"https:\/\/blogdacondessa.com.br\/blog\/#website","url":"https:\/\/blogdacondessa.com.br\/blog\/","name":"Blog da Condessa","description":"Com Shirley de Souza O\u2019Campos","potentialAction":[{"@type":"SearchAction","target":{"@type":"EntryPoint","urlTemplate":"https:\/\/blogdacondessa.com.br\/blog\/?s={search_term_string}"},"query-input":{"@type":"PropertyValueSpecification","valueRequired":true,"valueName":"search_term_string"}}],"inLanguage":"pt-BR"},{"@type":"Person","@id":"https:\/\/blogdacondessa.com.br\/blog\/#\/schema\/person\/1d667ff8b785195b568677489d266035","name":"Blog da Condessa","image":{"@type":"ImageObject","inLanguage":"pt-BR","@id":"https:\/\/secure.gravatar.com\/avatar\/377c0eb8b4ad2bfc25461b41564b5971e721ca34a57642868fc7b0c8ac7b52c5?s=96&d=mm&r=g","url":"https:\/\/secure.gravatar.com\/avatar\/377c0eb8b4ad2bfc25461b41564b5971e721ca34a57642868fc7b0c8ac7b52c5?s=96&d=mm&r=g","contentUrl":"https:\/\/secure.gravatar.com\/avatar\/377c0eb8b4ad2bfc25461b41564b5971e721ca34a57642868fc7b0c8ac7b52c5?s=96&d=mm&r=g","caption":"Blog da Condessa"},"url":"https:\/\/blogdacondessa.com.br\/blog\/author\/beatriz\/"}]}},"_links":{"self":[{"href":"https:\/\/blogdacondessa.com.br\/blog\/wp-json\/wp\/v2\/posts\/1341","targetHints":{"allow":["GET"]}}],"collection":[{"href":"https:\/\/blogdacondessa.com.br\/blog\/wp-json\/wp\/v2\/posts"}],"about":[{"href":"https:\/\/blogdacondessa.com.br\/blog\/wp-json\/wp\/v2\/types\/post"}],"author":[{"embeddable":true,"href":"https:\/\/blogdacondessa.com.br\/blog\/wp-json\/wp\/v2\/users\/2"}],"replies":[{"embeddable":true,"href":"https:\/\/blogdacondessa.com.br\/blog\/wp-json\/wp\/v2\/comments?post=1341"}],"version-history":[{"count":0,"href":"https:\/\/blogdacondessa.com.br\/blog\/wp-json\/wp\/v2\/posts\/1341\/revisions"}],"wp:featuredmedia":[{"embeddable":true,"href":"https:\/\/blogdacondessa.com.br\/blog\/wp-json\/wp\/v2\/media\/1653"}],"wp:attachment":[{"href":"https:\/\/blogdacondessa.com.br\/blog\/wp-json\/wp\/v2\/media?parent=1341"}],"wp:term":[{"taxonomy":"category","embeddable":true,"href":"https:\/\/blogdacondessa.com.br\/blog\/wp-json\/wp\/v2\/categories?post=1341"},{"taxonomy":"post_tag","embeddable":true,"href":"https:\/\/blogdacondessa.com.br\/blog\/wp-json\/wp\/v2\/tags?post=1341"}],"curies":[{"name":"wp","href":"https:\/\/api.w.org\/{rel}","templated":true}]}}