{"id":13396,"date":"2026-01-13T05:00:53","date_gmt":"2026-01-13T09:00:53","guid":{"rendered":"https:\/\/blogdacondessa.com.br\/blog\/?p=13396"},"modified":"2026-01-12T19:19:17","modified_gmt":"2026-01-12T23:19:17","slug":"nota-mt-vai-alem-das-premiacoes-e-promove-cidadania-fiscal-em-mato-grosso","status":"publish","type":"post","link":"https:\/\/blogdacondessa.com.br\/blog\/economia\/nota-mt-vai-alem-das-premiacoes-e-promove-cidadania-fiscal-em-mato-grosso\/","title":{"rendered":"Nota MT vai al\u00e9m das premia\u00e7\u00f5es e promove cidadania fiscal em Mato Grosso"},"content":{"rendered":"<p>Muito mais do que distribuir pr\u00eamios, o Nota MT contribui para formar cidad\u00e3os mais conscientes sobre a import\u00e2ncia dos tributos e o impacto deles no fortalecimento dos servi\u00e7os p\u00fablicos. Criado em 2019 pelo Governo de Mato Grosso, o programa incentiva a exig\u00eancia do documento fiscal das compras, com a inclus\u00e3o do CPF do consumidor, promovendo a cidadania fiscal no dia a dia.<\/p>\n<p>Desde o seu lan\u00e7amento, o Nota MT tem mudado a atitude de muitas pessoas, que passaram a pedir o CPF na nota de forma mais consciente. O servidor aposentado Benedito Pinto, morador de Cuiab\u00e1, conta que seus h\u00e1bitos mudaram ap\u00f3s se cadastrar no Nota MT.<\/p>\n<p>\u201cEu sempre pedi a notinha nas compras, mas hoje pe\u00e7o muito mais e explico isso para todos que conhe\u00e7o. Tem que pedir o CPF na nota sempre! Essa \u00e9 uma atitude muito importante que impacta todo mundo, porque reverte em mais servi\u00e7o p\u00fablico. Com o tempo, a gente aprende que n\u00e3o \u00e9 s\u00f3 sobre ganhar pr\u00eamio, mas sobre fazer a coisa certa e contribuir com o estado onde a gente vive\u201d, relatou.<\/p>\n<p>Para o secret\u00e1rio adjunto de Projetos Estrat\u00e9gicos, Vin\u00edcius Simioni, o Nota MT vai al\u00e9m do benef\u00edcio financeiro. \u201cO programa cria uma rela\u00e7\u00e3o mais consciente entre o cidad\u00e3o e o Estado. Quando a pessoa entende que o imposto retorna em servi\u00e7os p\u00fablicos, ela passa a exercer a cidadania de forma ativa, ajudando a construir uma sociedade mais justa e transparente\u201d, destacou.<\/p>\n<p>Ao pedir o CPF na nota, o consumidor ajuda a combater a sonega\u00e7\u00e3o, fortalece o com\u00e9rcio regular e contribui diretamente para a arrecada\u00e7\u00e3o estadual que financia \u00e1reas essenciais como sa\u00fade, educa\u00e7\u00e3o, seguran\u00e7a e infraestrutura. Al\u00e9m disso, quem participa do Nota MT concorre a pr\u00eamios mensais de at\u00e9 R$ 100 mil, pode ter desconto no IPVA e tem acesso \u00e0 ferramenta Menor Pre\u00e7o que auxilia o cidad\u00e3o a comparar valores e encontrar o menor pre\u00e7o de produtos no com\u00e9rcio local.<\/p>\n<p>O programa tamb\u00e9m possui um importante lado social ao permitir que o usu\u00e1rio cadastrado indique uma entidade beneficente. Ao ser sorteado, a institui\u00e7\u00e3o indicada tamb\u00e9m recebe 20% do valor do pr\u00eamio.<\/p>\n<p><strong>Cadastro<\/strong><\/p>\n<p>Para participar do Nota MT, o consumidor dever\u00e1 efetuar o cadastro no site ou aplicativo\u00a0 e solicitar que seu CPF seja informado no documento fiscal (NFC-e, NF-e ou BP-e) no momento da compra. Durante o cadastro s\u00e3o solicitadas informa\u00e7\u00f5es pessoais como nome completo, CPF, data de nascimento, telefone e nome da m\u00e3e. Os dados s\u00e3o obrigat\u00f3rios e est\u00e3o protegidos sob sigilo.<\/p>\n<p>Em seguida \u00e9 preciso informar um e-mail, para receber as notifica\u00e7\u00f5es da Secretaria de Fazenda sobre o Nota MT, e uma senha que ser\u00e1 usada para o acesso \u00e0 conta.<\/p>\n<p>&nbsp;<\/p>\n","protected":false},"excerpt":{"rendered":"<p>Muito mais do que distribuir pr\u00eamios, o Nota MT contribui para formar cidad\u00e3os mais conscientes sobre a import\u00e2ncia dos tributos e o impacto deles no fortalecimento dos servi\u00e7os p\u00fablicos. Criado em 2019 pelo Governo de Mato Grosso, o programa incentiva a exig\u00eancia do documento fiscal das compras, com a inclus\u00e3o do CPF do consumidor, promovendo [&hellip;]<\/p>\n","protected":false},"author":2,"featured_media":13397,"comment_status":"closed","ping_status":"closed","sticky":false,"template":"","format":"standard","meta":{"iawp_total_views":23,"footnotes":""},"categories":[9],"tags":[],"class_list":["post-13396","post","type-post","status-publish","format-standard","has-post-thumbnail","hentry","category-economia"],"yoast_head":"<!-- This site is optimized with the Yoast SEO plugin v27.3 - https:\/\/yoast.com\/product\/yoast-seo-wordpress\/ -->\n<title>Nota MT vai al\u00e9m das premia\u00e7\u00f5es e promove cidadania fiscal em Mato Grosso &#8902; Blog da Condessa<\/title>\n<meta name=\"robots\" content=\"index, follow, max-snippet:-1, max-image-preview:large, max-video-preview:-1\" \/>\n<link rel=\"canonical\" href=\"https:\/\/blogdacondessa.com.br\/blog\/economia\/nota-mt-vai-alem-das-premiacoes-e-promove-cidadania-fiscal-em-mato-grosso\/\" \/>\n<meta property=\"og:locale\" content=\"pt_BR\" \/>\n<meta property=\"og:type\" content=\"article\" \/>\n<meta property=\"og:title\" content=\"Nota MT vai al\u00e9m das premia\u00e7\u00f5es e promove cidadania fiscal em Mato Grosso &#8902; Blog da Condessa\" \/>\n<meta property=\"og:description\" content=\"Muito mais do que distribuir pr\u00eamios, o Nota MT contribui para formar cidad\u00e3os mais conscientes sobre a import\u00e2ncia dos tributos e o impacto deles no fortalecimento dos servi\u00e7os p\u00fablicos. Criado em 2019 pelo Governo de Mato Grosso, o programa incentiva a exig\u00eancia do documento fiscal das compras, com a inclus\u00e3o do CPF do consumidor, promovendo [&hellip;]\" \/>\n<meta property=\"og:url\" content=\"https:\/\/blogdacondessa.com.br\/blog\/economia\/nota-mt-vai-alem-das-premiacoes-e-promove-cidadania-fiscal-em-mato-grosso\/\" \/>\n<meta property=\"og:site_name\" content=\"Blog da Condessa\" \/>\n<meta property=\"article:published_time\" content=\"2026-01-13T09:00:53+00:00\" \/>\n<meta property=\"og:image\" content=\"https:\/\/blogdacondessa.com.br\/blog\/wp-content\/uploads\/2026\/01\/CIDADANIA-FISCAL.jpg\" \/>\n\t<meta property=\"og:image:width\" content=\"1024\" \/>\n\t<meta property=\"og:image:height\" content=\"683\" \/>\n\t<meta property=\"og:image:type\" content=\"image\/jpeg\" \/>\n<meta name=\"author\" content=\"Blog da Condessa\" \/>\n<meta name=\"twitter:card\" content=\"summary_large_image\" \/>\n<meta name=\"twitter:label1\" content=\"Escrito por\" \/>\n\t<meta name=\"twitter:data1\" content=\"Blog da Condessa\" \/>\n\t<meta name=\"twitter:label2\" content=\"Est. tempo de leitura\" \/>\n\t<meta name=\"twitter:data2\" content=\"3 minutos\" \/>\n<script type=\"application\/ld+json\" class=\"yoast-schema-graph\">{\"@context\":\"https:\\\/\\\/schema.org\",\"@graph\":[{\"@type\":\"Article\",\"@id\":\"https:\\\/\\\/blogdacondessa.com.br\\\/blog\\\/economia\\\/nota-mt-vai-alem-das-premiacoes-e-promove-cidadania-fiscal-em-mato-grosso\\\/#article\",\"isPartOf\":{\"@id\":\"https:\\\/\\\/blogdacondessa.com.br\\\/blog\\\/economia\\\/nota-mt-vai-alem-das-premiacoes-e-promove-cidadania-fiscal-em-mato-grosso\\\/\"},\"author\":{\"name\":\"Blog da Condessa\",\"@id\":\"https:\\\/\\\/blogdacondessa.com.br\\\/blog\\\/#\\\/schema\\\/person\\\/1d667ff8b785195b568677489d266035\"},\"headline\":\"Nota MT vai al\u00e9m das premia\u00e7\u00f5es e promove cidadania fiscal em Mato Grosso\",\"datePublished\":\"2026-01-13T09:00:53+00:00\",\"mainEntityOfPage\":{\"@id\":\"https:\\\/\\\/blogdacondessa.com.br\\\/blog\\\/economia\\\/nota-mt-vai-alem-das-premiacoes-e-promove-cidadania-fiscal-em-mato-grosso\\\/\"},\"wordCount\":498,\"image\":{\"@id\":\"https:\\\/\\\/blogdacondessa.com.br\\\/blog\\\/economia\\\/nota-mt-vai-alem-das-premiacoes-e-promove-cidadania-fiscal-em-mato-grosso\\\/#primaryimage\"},\"thumbnailUrl\":\"https:\\\/\\\/blogdacondessa.com.br\\\/blog\\\/wp-content\\\/uploads\\\/2026\\\/01\\\/CIDADANIA-FISCAL.jpg\",\"articleSection\":[\"Economia\"],\"inLanguage\":\"pt-BR\"},{\"@type\":\"WebPage\",\"@id\":\"https:\\\/\\\/blogdacondessa.com.br\\\/blog\\\/economia\\\/nota-mt-vai-alem-das-premiacoes-e-promove-cidadania-fiscal-em-mato-grosso\\\/\",\"url\":\"https:\\\/\\\/blogdacondessa.com.br\\\/blog\\\/economia\\\/nota-mt-vai-alem-das-premiacoes-e-promove-cidadania-fiscal-em-mato-grosso\\\/\",\"name\":\"Nota MT vai al\u00e9m das premia\u00e7\u00f5es e promove cidadania fiscal em Mato Grosso &#8902; Blog da Condessa\",\"isPartOf\":{\"@id\":\"https:\\\/\\\/blogdacondessa.com.br\\\/blog\\\/#website\"},\"primaryImageOfPage\":{\"@id\":\"https:\\\/\\\/blogdacondessa.com.br\\\/blog\\\/economia\\\/nota-mt-vai-alem-das-premiacoes-e-promove-cidadania-fiscal-em-mato-grosso\\\/#primaryimage\"},\"image\":{\"@id\":\"https:\\\/\\\/blogdacondessa.com.br\\\/blog\\\/economia\\\/nota-mt-vai-alem-das-premiacoes-e-promove-cidadania-fiscal-em-mato-grosso\\\/#primaryimage\"},\"thumbnailUrl\":\"https:\\\/\\\/blogdacondessa.com.br\\\/blog\\\/wp-content\\\/uploads\\\/2026\\\/01\\\/CIDADANIA-FISCAL.jpg\",\"datePublished\":\"2026-01-13T09:00:53+00:00\",\"author\":{\"@id\":\"https:\\\/\\\/blogdacondessa.com.br\\\/blog\\\/#\\\/schema\\\/person\\\/1d667ff8b785195b568677489d266035\"},\"breadcrumb\":{\"@id\":\"https:\\\/\\\/blogdacondessa.com.br\\\/blog\\\/economia\\\/nota-mt-vai-alem-das-premiacoes-e-promove-cidadania-fiscal-em-mato-grosso\\\/#breadcrumb\"},\"inLanguage\":\"pt-BR\",\"potentialAction\":[{\"@type\":\"ReadAction\",\"target\":[\"https:\\\/\\\/blogdacondessa.com.br\\\/blog\\\/economia\\\/nota-mt-vai-alem-das-premiacoes-e-promove-cidadania-fiscal-em-mato-grosso\\\/\"]}]},{\"@type\":\"ImageObject\",\"inLanguage\":\"pt-BR\",\"@id\":\"https:\\\/\\\/blogdacondessa.com.br\\\/blog\\\/economia\\\/nota-mt-vai-alem-das-premiacoes-e-promove-cidadania-fiscal-em-mato-grosso\\\/#primaryimage\",\"url\":\"https:\\\/\\\/blogdacondessa.com.br\\\/blog\\\/wp-content\\\/uploads\\\/2026\\\/01\\\/CIDADANIA-FISCAL.jpg\",\"contentUrl\":\"https:\\\/\\\/blogdacondessa.com.br\\\/blog\\\/wp-content\\\/uploads\\\/2026\\\/01\\\/CIDADANIA-FISCAL.jpg\",\"width\":1024,\"height\":683,\"caption\":\"Foto por: Assessoria Sefaz-MT\"},{\"@type\":\"BreadcrumbList\",\"@id\":\"https:\\\/\\\/blogdacondessa.com.br\\\/blog\\\/economia\\\/nota-mt-vai-alem-das-premiacoes-e-promove-cidadania-fiscal-em-mato-grosso\\\/#breadcrumb\",\"itemListElement\":[{\"@type\":\"ListItem\",\"position\":1,\"name\":\"In\u00edcio\",\"item\":\"https:\\\/\\\/blogdacondessa.com.br\\\/blog\\\/\"},{\"@type\":\"ListItem\",\"position\":2,\"name\":\"Nota MT vai al\u00e9m das premia\u00e7\u00f5es e promove cidadania fiscal em Mato Grosso\"}]},{\"@type\":\"WebSite\",\"@id\":\"https:\\\/\\\/blogdacondessa.com.br\\\/blog\\\/#website\",\"url\":\"https:\\\/\\\/blogdacondessa.com.br\\\/blog\\\/\",\"name\":\"Blog da Condessa\",\"description\":\"Com Shirley de Souza O\u2019Campos\",\"potentialAction\":[{\"@type\":\"SearchAction\",\"target\":{\"@type\":\"EntryPoint\",\"urlTemplate\":\"https:\\\/\\\/blogdacondessa.com.br\\\/blog\\\/?s={search_term_string}\"},\"query-input\":{\"@type\":\"PropertyValueSpecification\",\"valueRequired\":true,\"valueName\":\"search_term_string\"}}],\"inLanguage\":\"pt-BR\"},{\"@type\":\"Person\",\"@id\":\"https:\\\/\\\/blogdacondessa.com.br\\\/blog\\\/#\\\/schema\\\/person\\\/1d667ff8b785195b568677489d266035\",\"name\":\"Blog da Condessa\",\"image\":{\"@type\":\"ImageObject\",\"inLanguage\":\"pt-BR\",\"@id\":\"https:\\\/\\\/secure.gravatar.com\\\/avatar\\\/377c0eb8b4ad2bfc25461b41564b5971e721ca34a57642868fc7b0c8ac7b52c5?s=96&d=mm&r=g\",\"url\":\"https:\\\/\\\/secure.gravatar.com\\\/avatar\\\/377c0eb8b4ad2bfc25461b41564b5971e721ca34a57642868fc7b0c8ac7b52c5?s=96&d=mm&r=g\",\"contentUrl\":\"https:\\\/\\\/secure.gravatar.com\\\/avatar\\\/377c0eb8b4ad2bfc25461b41564b5971e721ca34a57642868fc7b0c8ac7b52c5?s=96&d=mm&r=g\",\"caption\":\"Blog da Condessa\"},\"url\":\"https:\\\/\\\/blogdacondessa.com.br\\\/blog\\\/author\\\/beatriz\\\/\"}]}<\/script>\n<!-- \/ Yoast SEO plugin. -->","yoast_head_json":{"title":"Nota MT vai al\u00e9m das premia\u00e7\u00f5es e promove cidadania fiscal em Mato Grosso &#8902; Blog da Condessa","robots":{"index":"index","follow":"follow","max-snippet":"max-snippet:-1","max-image-preview":"max-image-preview:large","max-video-preview":"max-video-preview:-1"},"canonical":"https:\/\/blogdacondessa.com.br\/blog\/economia\/nota-mt-vai-alem-das-premiacoes-e-promove-cidadania-fiscal-em-mato-grosso\/","og_locale":"pt_BR","og_type":"article","og_title":"Nota MT vai al\u00e9m das premia\u00e7\u00f5es e promove cidadania fiscal em Mato Grosso &#8902; Blog da Condessa","og_description":"Muito mais do que distribuir pr\u00eamios, o Nota MT contribui para formar cidad\u00e3os mais conscientes sobre a import\u00e2ncia dos tributos e o impacto deles no fortalecimento dos servi\u00e7os p\u00fablicos. Criado em 2019 pelo Governo de Mato Grosso, o programa incentiva a exig\u00eancia do documento fiscal das compras, com a inclus\u00e3o do CPF do consumidor, promovendo [&hellip;]","og_url":"https:\/\/blogdacondessa.com.br\/blog\/economia\/nota-mt-vai-alem-das-premiacoes-e-promove-cidadania-fiscal-em-mato-grosso\/","og_site_name":"Blog da Condessa","article_published_time":"2026-01-13T09:00:53+00:00","og_image":[{"width":1024,"height":683,"url":"https:\/\/blogdacondessa.com.br\/blog\/wp-content\/uploads\/2026\/01\/CIDADANIA-FISCAL.jpg","type":"image\/jpeg"}],"author":"Blog da Condessa","twitter_card":"summary_large_image","twitter_misc":{"Escrito por":"Blog da Condessa","Est. tempo de leitura":"3 minutos"},"schema":{"@context":"https:\/\/schema.org","@graph":[{"@type":"Article","@id":"https:\/\/blogdacondessa.com.br\/blog\/economia\/nota-mt-vai-alem-das-premiacoes-e-promove-cidadania-fiscal-em-mato-grosso\/#article","isPartOf":{"@id":"https:\/\/blogdacondessa.com.br\/blog\/economia\/nota-mt-vai-alem-das-premiacoes-e-promove-cidadania-fiscal-em-mato-grosso\/"},"author":{"name":"Blog da Condessa","@id":"https:\/\/blogdacondessa.com.br\/blog\/#\/schema\/person\/1d667ff8b785195b568677489d266035"},"headline":"Nota MT vai al\u00e9m das premia\u00e7\u00f5es e promove cidadania fiscal em Mato Grosso","datePublished":"2026-01-13T09:00:53+00:00","mainEntityOfPage":{"@id":"https:\/\/blogdacondessa.com.br\/blog\/economia\/nota-mt-vai-alem-das-premiacoes-e-promove-cidadania-fiscal-em-mato-grosso\/"},"wordCount":498,"image":{"@id":"https:\/\/blogdacondessa.com.br\/blog\/economia\/nota-mt-vai-alem-das-premiacoes-e-promove-cidadania-fiscal-em-mato-grosso\/#primaryimage"},"thumbnailUrl":"https:\/\/blogdacondessa.com.br\/blog\/wp-content\/uploads\/2026\/01\/CIDADANIA-FISCAL.jpg","articleSection":["Economia"],"inLanguage":"pt-BR"},{"@type":"WebPage","@id":"https:\/\/blogdacondessa.com.br\/blog\/economia\/nota-mt-vai-alem-das-premiacoes-e-promove-cidadania-fiscal-em-mato-grosso\/","url":"https:\/\/blogdacondessa.com.br\/blog\/economia\/nota-mt-vai-alem-das-premiacoes-e-promove-cidadania-fiscal-em-mato-grosso\/","name":"Nota MT vai al\u00e9m das premia\u00e7\u00f5es e promove cidadania fiscal em Mato Grosso &#8902; Blog da Condessa","isPartOf":{"@id":"https:\/\/blogdacondessa.com.br\/blog\/#website"},"primaryImageOfPage":{"@id":"https:\/\/blogdacondessa.com.br\/blog\/economia\/nota-mt-vai-alem-das-premiacoes-e-promove-cidadania-fiscal-em-mato-grosso\/#primaryimage"},"image":{"@id":"https:\/\/blogdacondessa.com.br\/blog\/economia\/nota-mt-vai-alem-das-premiacoes-e-promove-cidadania-fiscal-em-mato-grosso\/#primaryimage"},"thumbnailUrl":"https:\/\/blogdacondessa.com.br\/blog\/wp-content\/uploads\/2026\/01\/CIDADANIA-FISCAL.jpg","datePublished":"2026-01-13T09:00:53+00:00","author":{"@id":"https:\/\/blogdacondessa.com.br\/blog\/#\/schema\/person\/1d667ff8b785195b568677489d266035"},"breadcrumb":{"@id":"https:\/\/blogdacondessa.com.br\/blog\/economia\/nota-mt-vai-alem-das-premiacoes-e-promove-cidadania-fiscal-em-mato-grosso\/#breadcrumb"},"inLanguage":"pt-BR","potentialAction":[{"@type":"ReadAction","target":["https:\/\/blogdacondessa.com.br\/blog\/economia\/nota-mt-vai-alem-das-premiacoes-e-promove-cidadania-fiscal-em-mato-grosso\/"]}]},{"@type":"ImageObject","inLanguage":"pt-BR","@id":"https:\/\/blogdacondessa.com.br\/blog\/economia\/nota-mt-vai-alem-das-premiacoes-e-promove-cidadania-fiscal-em-mato-grosso\/#primaryimage","url":"https:\/\/blogdacondessa.com.br\/blog\/wp-content\/uploads\/2026\/01\/CIDADANIA-FISCAL.jpg","contentUrl":"https:\/\/blogdacondessa.com.br\/blog\/wp-content\/uploads\/2026\/01\/CIDADANIA-FISCAL.jpg","width":1024,"height":683,"caption":"Foto por: Assessoria Sefaz-MT"},{"@type":"BreadcrumbList","@id":"https:\/\/blogdacondessa.com.br\/blog\/economia\/nota-mt-vai-alem-das-premiacoes-e-promove-cidadania-fiscal-em-mato-grosso\/#breadcrumb","itemListElement":[{"@type":"ListItem","position":1,"name":"In\u00edcio","item":"https:\/\/blogdacondessa.com.br\/blog\/"},{"@type":"ListItem","position":2,"name":"Nota MT vai al\u00e9m das premia\u00e7\u00f5es e promove cidadania fiscal em Mato Grosso"}]},{"@type":"WebSite","@id":"https:\/\/blogdacondessa.com.br\/blog\/#website","url":"https:\/\/blogdacondessa.com.br\/blog\/","name":"Blog da Condessa","description":"Com Shirley de Souza O\u2019Campos","potentialAction":[{"@type":"SearchAction","target":{"@type":"EntryPoint","urlTemplate":"https:\/\/blogdacondessa.com.br\/blog\/?s={search_term_string}"},"query-input":{"@type":"PropertyValueSpecification","valueRequired":true,"valueName":"search_term_string"}}],"inLanguage":"pt-BR"},{"@type":"Person","@id":"https:\/\/blogdacondessa.com.br\/blog\/#\/schema\/person\/1d667ff8b785195b568677489d266035","name":"Blog da Condessa","image":{"@type":"ImageObject","inLanguage":"pt-BR","@id":"https:\/\/secure.gravatar.com\/avatar\/377c0eb8b4ad2bfc25461b41564b5971e721ca34a57642868fc7b0c8ac7b52c5?s=96&d=mm&r=g","url":"https:\/\/secure.gravatar.com\/avatar\/377c0eb8b4ad2bfc25461b41564b5971e721ca34a57642868fc7b0c8ac7b52c5?s=96&d=mm&r=g","contentUrl":"https:\/\/secure.gravatar.com\/avatar\/377c0eb8b4ad2bfc25461b41564b5971e721ca34a57642868fc7b0c8ac7b52c5?s=96&d=mm&r=g","caption":"Blog da Condessa"},"url":"https:\/\/blogdacondessa.com.br\/blog\/author\/beatriz\/"}]}},"_links":{"self":[{"href":"https:\/\/blogdacondessa.com.br\/blog\/wp-json\/wp\/v2\/posts\/13396","targetHints":{"allow":["GET"]}}],"collection":[{"href":"https:\/\/blogdacondessa.com.br\/blog\/wp-json\/wp\/v2\/posts"}],"about":[{"href":"https:\/\/blogdacondessa.com.br\/blog\/wp-json\/wp\/v2\/types\/post"}],"author":[{"embeddable":true,"href":"https:\/\/blogdacondessa.com.br\/blog\/wp-json\/wp\/v2\/users\/2"}],"replies":[{"embeddable":true,"href":"https:\/\/blogdacondessa.com.br\/blog\/wp-json\/wp\/v2\/comments?post=13396"}],"version-history":[{"count":1,"href":"https:\/\/blogdacondessa.com.br\/blog\/wp-json\/wp\/v2\/posts\/13396\/revisions"}],"predecessor-version":[{"id":13398,"href":"https:\/\/blogdacondessa.com.br\/blog\/wp-json\/wp\/v2\/posts\/13396\/revisions\/13398"}],"wp:featuredmedia":[{"embeddable":true,"href":"https:\/\/blogdacondessa.com.br\/blog\/wp-json\/wp\/v2\/media\/13397"}],"wp:attachment":[{"href":"https:\/\/blogdacondessa.com.br\/blog\/wp-json\/wp\/v2\/media?parent=13396"}],"wp:term":[{"taxonomy":"category","embeddable":true,"href":"https:\/\/blogdacondessa.com.br\/blog\/wp-json\/wp\/v2\/categories?post=13396"},{"taxonomy":"post_tag","embeddable":true,"href":"https:\/\/blogdacondessa.com.br\/blog\/wp-json\/wp\/v2\/tags?post=13396"}],"curies":[{"name":"wp","href":"https:\/\/api.w.org\/{rel}","templated":true}]}}