{"id":1339,"date":"2021-06-18T09:00:00","date_gmt":"2021-06-18T09:00:00","guid":{"rendered":"https:\/\/blogdacondessa.local\/ser-crianca-sera-desenvolvido-com-prefeituras\/"},"modified":"2021-06-24T13:27:24","modified_gmt":"2021-06-24T13:27:24","slug":"ser-crianca-sera-desenvolvido-com-prefeituras","status":"publish","type":"post","link":"https:\/\/blogdacondessa.com.br\/blog\/cidades\/ser-crianca-sera-desenvolvido-com-prefeituras\/","title":{"rendered":"\u2018Ser Crian\u00e7a\u2019 ser\u00e1 desenvolvido com prefeituras"},"content":{"rendered":"<p><em>Deputados aprovam programa em reda\u00e7\u00e3o final para atender crian\u00e7as em situa\u00e7\u00e3o de vulnerabilidade.<\/em><\/p>\n<p>Os deputados estaduais de Mato Grosso aprovaram em reda\u00e7\u00e3o final, durante a 30\u00aa sess\u00e3o ordin\u00e1ria, na quarta-feira (16), o\u00a0<a href=\"https:\/\/www.al.mt.gov.br\/proposicao\/?tipoPropositura=1&amp;palavraChave=&amp;numeroPropositura=358&amp;ano=2021&amp;autor=&amp;dataPublicacaoInicio=&amp;dataPublicacaoFim=&amp;search=\">Projeto de Lei 358\/2021<\/a>, Mensagem governamental 61\/21, que institui, no \u00e2mbito do Estado, o Programa Ser Crian\u00e7a. A mat\u00e9ria teve aprova\u00e7\u00e3o un\u00e2nime.<\/p>\n<p>O artigo primeiro cria o programa, destinado a \u201cconstruir espa\u00e7os de conviv\u00eancia onde ser\u00e3o prestados, no contraturno da escola, servi\u00e7os socioassistenciais, socioeducativos e socioculturais para crian\u00e7as em situa\u00e7\u00e3o de vulnerabilidade e alto risco social, auxiliando-as na supera\u00e7\u00e3o de tais fatores, a partir dos interesses, demandas e potencialidades deste p\u00fablico\u201d.<\/p>\n<p>Conforme o artigo 2\u00ba, o Programa Ser Crian\u00e7a abrange os munic\u00edpios mato-grossenses com contingentes de crian\u00e7as em situa\u00e7\u00e3o de vulnerabilidade e alto risco social, e que disponham das condi\u00e7\u00f5es para execu\u00e7\u00e3o do mesmo nos termos do artigo 8\u00ba desta lei.<\/p>\n<p>O artigo quinto prev\u00ea que o programa ser\u00e1 executado mediante parcerias firmadas entre o governo do Estado, por interm\u00e9dio da Secretaria de Estado de Assist\u00eancia Social e cidadania, e as prefeituras municipais, mediante livre ades\u00e3o, utilizando-se de conv\u00eanios, acordos, ajustes ou outros instrumentos cong\u00eaneres.<\/p>\n<p>Os deputados tamb\u00e9m aprovaram, em segunda vota\u00e7\u00e3o, o Projeto de Lei 358\/2021, mensagem governamental 53\/21, que altera o inciso III do art. 46, da Lei n\u00ba 11.088, de 09 de mar\u00e7o de 2020, que \u201cDisp\u00f5e sobre a Pol\u00edtica Estadual de Recursos H\u00eddricos, institui o Sistema Estadual de Recursos H\u00eddricos\u201d. O PL teve parecer favor\u00e1vel da Comiss\u00e3o de Meio Ambiente, Recursos H\u00eddricos e Recursos Minerais e da Comiss\u00e3o de Constitui\u00e7\u00e3o, Justi\u00e7a e Reda\u00e7\u00e3o.<\/p>\n<p>Conforme o governo, a proposta objetiva limitar em 45% o recurso do FEHIDRO (fundo estadual), \u201cquando se tratar da compensa\u00e7\u00e3o financeira que os estados receberem em decorr\u00eancia dos aproveitamentos hidroenerg\u00e9ticos\u201d.<\/p>\n<p>O Executivo argumenta que a limita\u00e7\u00e3o se faz necess\u00e1ria uma vez que o restante do recurso deve ser aplicado no custeio das atividades desenvolvidas no \u00e2mbito da gest\u00e3o dos recursos h\u00eddricos, como exemplo, no custeio das atividades de monitoramento e fiscaliza\u00e7\u00e3o e de educa\u00e7\u00e3o ambiental, para garantir a execu\u00e7\u00e3o de uma gest\u00e3o h\u00eddrica eficiente\u201d. O governo ressalta ainda que essa limita\u00e7\u00e3o de 45% n\u00e3o impactar\u00e1 nas receitas destinadas ao Fundo Estadual de Meio Ambiente.<\/p>\n<p>\u00a0<\/p>\n","protected":false},"excerpt":{"rendered":"<p>Deputados aprovam programa em reda\u00e7\u00e3o final para atender crian\u00e7as em situa\u00e7\u00e3o de vulnerabilidade. Os deputados estaduais de Mato Grosso aprovaram em reda\u00e7\u00e3o final, durante a 30\u00aa sess\u00e3o ordin\u00e1ria, na quarta-feira (16), o\u00a0Projeto de Lei 358\/2021, Mensagem governamental 61\/21, que institui, no \u00e2mbito do Estado, o Programa Ser Crian\u00e7a. A mat\u00e9ria teve aprova\u00e7\u00e3o un\u00e2nime. O artigo [&hellip;]<\/p>\n","protected":false},"author":2,"featured_media":1428,"comment_status":"open","ping_status":"closed","sticky":false,"template":"","format":"standard","meta":{"iawp_total_views":0,"footnotes":""},"categories":[12],"tags":[],"class_list":["post-1339","post","type-post","status-publish","format-standard","has-post-thumbnail","hentry","category-cidades"],"yoast_head":"<!-- This site is optimized with the Yoast SEO plugin v27.3 - https:\/\/yoast.com\/product\/yoast-seo-wordpress\/ -->\n<title>\u2018Ser Crian\u00e7a\u2019 ser\u00e1 desenvolvido com prefeituras &#8902; Blog da Condessa<\/title>\n<meta name=\"robots\" content=\"index, follow, max-snippet:-1, max-image-preview:large, max-video-preview:-1\" \/>\n<link rel=\"canonical\" href=\"https:\/\/blogdacondessa.com.br\/blog\/cidades\/ser-crianca-sera-desenvolvido-com-prefeituras\/\" \/>\n<meta property=\"og:locale\" content=\"pt_BR\" \/>\n<meta property=\"og:type\" content=\"article\" \/>\n<meta property=\"og:title\" content=\"\u2018Ser Crian\u00e7a\u2019 ser\u00e1 desenvolvido com prefeituras &#8902; Blog da Condessa\" \/>\n<meta property=\"og:description\" content=\"Deputados aprovam programa em reda\u00e7\u00e3o final para atender crian\u00e7as em situa\u00e7\u00e3o de vulnerabilidade. Os deputados estaduais de Mato Grosso aprovaram em reda\u00e7\u00e3o final, durante a 30\u00aa sess\u00e3o ordin\u00e1ria, na quarta-feira (16), o\u00a0Projeto de Lei 358\/2021, Mensagem governamental 61\/21, que institui, no \u00e2mbito do Estado, o Programa Ser Crian\u00e7a. A mat\u00e9ria teve aprova\u00e7\u00e3o un\u00e2nime. O artigo [&hellip;]\" \/>\n<meta property=\"og:url\" content=\"https:\/\/blogdacondessa.com.br\/blog\/cidades\/ser-crianca-sera-desenvolvido-com-prefeituras\/\" \/>\n<meta property=\"og:site_name\" content=\"Blog da Condessa\" \/>\n<meta property=\"article:published_time\" content=\"2021-06-18T09:00:00+00:00\" \/>\n<meta property=\"article:modified_time\" content=\"2021-06-24T13:27:24+00:00\" \/>\n<meta property=\"og:image\" content=\"https:\/\/blogdacondessa.com.br\/blog\/wp-content\/uploads\/2021\/06\/b6f5cdd07f1a2d0d7e83dfb5ca861277_L.jpg\" \/>\n\t<meta property=\"og:image:width\" content=\"600\" \/>\n\t<meta property=\"og:image:height\" content=\"400\" \/>\n\t<meta property=\"og:image:type\" content=\"image\/jpeg\" \/>\n<meta name=\"author\" content=\"Blog da Condessa\" \/>\n<meta name=\"twitter:card\" content=\"summary_large_image\" \/>\n<meta name=\"twitter:label1\" content=\"Escrito por\" \/>\n\t<meta name=\"twitter:data1\" content=\"Blog da Condessa\" \/>\n\t<meta name=\"twitter:label2\" content=\"Est. tempo de leitura\" \/>\n\t<meta name=\"twitter:data2\" content=\"2 minutos\" \/>\n<script type=\"application\/ld+json\" class=\"yoast-schema-graph\">{\"@context\":\"https:\\\/\\\/schema.org\",\"@graph\":[{\"@type\":\"Article\",\"@id\":\"https:\\\/\\\/blogdacondessa.com.br\\\/blog\\\/cidades\\\/ser-crianca-sera-desenvolvido-com-prefeituras\\\/#article\",\"isPartOf\":{\"@id\":\"https:\\\/\\\/blogdacondessa.com.br\\\/blog\\\/cidades\\\/ser-crianca-sera-desenvolvido-com-prefeituras\\\/\"},\"author\":{\"name\":\"Blog da Condessa\",\"@id\":\"https:\\\/\\\/blogdacondessa.com.br\\\/blog\\\/#\\\/schema\\\/person\\\/1d667ff8b785195b568677489d266035\"},\"headline\":\"\u2018Ser Crian\u00e7a\u2019 ser\u00e1 desenvolvido com prefeituras\",\"datePublished\":\"2021-06-18T09:00:00+00:00\",\"dateModified\":\"2021-06-24T13:27:24+00:00\",\"mainEntityOfPage\":{\"@id\":\"https:\\\/\\\/blogdacondessa.com.br\\\/blog\\\/cidades\\\/ser-crianca-sera-desenvolvido-com-prefeituras\\\/\"},\"wordCount\":413,\"commentCount\":0,\"image\":{\"@id\":\"https:\\\/\\\/blogdacondessa.com.br\\\/blog\\\/cidades\\\/ser-crianca-sera-desenvolvido-com-prefeituras\\\/#primaryimage\"},\"thumbnailUrl\":\"https:\\\/\\\/blogdacondessa.com.br\\\/blog\\\/wp-content\\\/uploads\\\/2021\\\/06\\\/b6f5cdd07f1a2d0d7e83dfb5ca861277_L.jpg\",\"articleSection\":[\"Cidades\"],\"inLanguage\":\"pt-BR\",\"potentialAction\":[{\"@type\":\"CommentAction\",\"name\":\"Comment\",\"target\":[\"https:\\\/\\\/blogdacondessa.com.br\\\/blog\\\/cidades\\\/ser-crianca-sera-desenvolvido-com-prefeituras\\\/#respond\"]}]},{\"@type\":\"WebPage\",\"@id\":\"https:\\\/\\\/blogdacondessa.com.br\\\/blog\\\/cidades\\\/ser-crianca-sera-desenvolvido-com-prefeituras\\\/\",\"url\":\"https:\\\/\\\/blogdacondessa.com.br\\\/blog\\\/cidades\\\/ser-crianca-sera-desenvolvido-com-prefeituras\\\/\",\"name\":\"\u2018Ser Crian\u00e7a\u2019 ser\u00e1 desenvolvido com prefeituras &#8902; Blog da Condessa\",\"isPartOf\":{\"@id\":\"https:\\\/\\\/blogdacondessa.com.br\\\/blog\\\/#website\"},\"primaryImageOfPage\":{\"@id\":\"https:\\\/\\\/blogdacondessa.com.br\\\/blog\\\/cidades\\\/ser-crianca-sera-desenvolvido-com-prefeituras\\\/#primaryimage\"},\"image\":{\"@id\":\"https:\\\/\\\/blogdacondessa.com.br\\\/blog\\\/cidades\\\/ser-crianca-sera-desenvolvido-com-prefeituras\\\/#primaryimage\"},\"thumbnailUrl\":\"https:\\\/\\\/blogdacondessa.com.br\\\/blog\\\/wp-content\\\/uploads\\\/2021\\\/06\\\/b6f5cdd07f1a2d0d7e83dfb5ca861277_L.jpg\",\"datePublished\":\"2021-06-18T09:00:00+00:00\",\"dateModified\":\"2021-06-24T13:27:24+00:00\",\"author\":{\"@id\":\"https:\\\/\\\/blogdacondessa.com.br\\\/blog\\\/#\\\/schema\\\/person\\\/1d667ff8b785195b568677489d266035\"},\"breadcrumb\":{\"@id\":\"https:\\\/\\\/blogdacondessa.com.br\\\/blog\\\/cidades\\\/ser-crianca-sera-desenvolvido-com-prefeituras\\\/#breadcrumb\"},\"inLanguage\":\"pt-BR\",\"potentialAction\":[{\"@type\":\"ReadAction\",\"target\":[\"https:\\\/\\\/blogdacondessa.com.br\\\/blog\\\/cidades\\\/ser-crianca-sera-desenvolvido-com-prefeituras\\\/\"]}]},{\"@type\":\"ImageObject\",\"inLanguage\":\"pt-BR\",\"@id\":\"https:\\\/\\\/blogdacondessa.com.br\\\/blog\\\/cidades\\\/ser-crianca-sera-desenvolvido-com-prefeituras\\\/#primaryimage\",\"url\":\"https:\\\/\\\/blogdacondessa.com.br\\\/blog\\\/wp-content\\\/uploads\\\/2021\\\/06\\\/b6f5cdd07f1a2d0d7e83dfb5ca861277_L.jpg\",\"contentUrl\":\"https:\\\/\\\/blogdacondessa.com.br\\\/blog\\\/wp-content\\\/uploads\\\/2021\\\/06\\\/b6f5cdd07f1a2d0d7e83dfb5ca861277_L.jpg\",\"width\":600,\"height\":400},{\"@type\":\"BreadcrumbList\",\"@id\":\"https:\\\/\\\/blogdacondessa.com.br\\\/blog\\\/cidades\\\/ser-crianca-sera-desenvolvido-com-prefeituras\\\/#breadcrumb\",\"itemListElement\":[{\"@type\":\"ListItem\",\"position\":1,\"name\":\"In\u00edcio\",\"item\":\"https:\\\/\\\/blogdacondessa.com.br\\\/blog\\\/\"},{\"@type\":\"ListItem\",\"position\":2,\"name\":\"\u2018Ser Crian\u00e7a\u2019 ser\u00e1 desenvolvido com prefeituras\"}]},{\"@type\":\"WebSite\",\"@id\":\"https:\\\/\\\/blogdacondessa.com.br\\\/blog\\\/#website\",\"url\":\"https:\\\/\\\/blogdacondessa.com.br\\\/blog\\\/\",\"name\":\"Blog da Condessa\",\"description\":\"Com Shirley de Souza O\u2019Campos\",\"potentialAction\":[{\"@type\":\"SearchAction\",\"target\":{\"@type\":\"EntryPoint\",\"urlTemplate\":\"https:\\\/\\\/blogdacondessa.com.br\\\/blog\\\/?s={search_term_string}\"},\"query-input\":{\"@type\":\"PropertyValueSpecification\",\"valueRequired\":true,\"valueName\":\"search_term_string\"}}],\"inLanguage\":\"pt-BR\"},{\"@type\":\"Person\",\"@id\":\"https:\\\/\\\/blogdacondessa.com.br\\\/blog\\\/#\\\/schema\\\/person\\\/1d667ff8b785195b568677489d266035\",\"name\":\"Blog da Condessa\",\"image\":{\"@type\":\"ImageObject\",\"inLanguage\":\"pt-BR\",\"@id\":\"https:\\\/\\\/secure.gravatar.com\\\/avatar\\\/377c0eb8b4ad2bfc25461b41564b5971e721ca34a57642868fc7b0c8ac7b52c5?s=96&d=mm&r=g\",\"url\":\"https:\\\/\\\/secure.gravatar.com\\\/avatar\\\/377c0eb8b4ad2bfc25461b41564b5971e721ca34a57642868fc7b0c8ac7b52c5?s=96&d=mm&r=g\",\"contentUrl\":\"https:\\\/\\\/secure.gravatar.com\\\/avatar\\\/377c0eb8b4ad2bfc25461b41564b5971e721ca34a57642868fc7b0c8ac7b52c5?s=96&d=mm&r=g\",\"caption\":\"Blog da Condessa\"},\"url\":\"https:\\\/\\\/blogdacondessa.com.br\\\/blog\\\/author\\\/beatriz\\\/\"}]}<\/script>\n<!-- \/ Yoast SEO plugin. -->","yoast_head_json":{"title":"\u2018Ser Crian\u00e7a\u2019 ser\u00e1 desenvolvido com prefeituras &#8902; Blog da Condessa","robots":{"index":"index","follow":"follow","max-snippet":"max-snippet:-1","max-image-preview":"max-image-preview:large","max-video-preview":"max-video-preview:-1"},"canonical":"https:\/\/blogdacondessa.com.br\/blog\/cidades\/ser-crianca-sera-desenvolvido-com-prefeituras\/","og_locale":"pt_BR","og_type":"article","og_title":"\u2018Ser Crian\u00e7a\u2019 ser\u00e1 desenvolvido com prefeituras &#8902; Blog da Condessa","og_description":"Deputados aprovam programa em reda\u00e7\u00e3o final para atender crian\u00e7as em situa\u00e7\u00e3o de vulnerabilidade. Os deputados estaduais de Mato Grosso aprovaram em reda\u00e7\u00e3o final, durante a 30\u00aa sess\u00e3o ordin\u00e1ria, na quarta-feira (16), o\u00a0Projeto de Lei 358\/2021, Mensagem governamental 61\/21, que institui, no \u00e2mbito do Estado, o Programa Ser Crian\u00e7a. A mat\u00e9ria teve aprova\u00e7\u00e3o un\u00e2nime. O artigo [&hellip;]","og_url":"https:\/\/blogdacondessa.com.br\/blog\/cidades\/ser-crianca-sera-desenvolvido-com-prefeituras\/","og_site_name":"Blog da Condessa","article_published_time":"2021-06-18T09:00:00+00:00","article_modified_time":"2021-06-24T13:27:24+00:00","og_image":[{"width":600,"height":400,"url":"https:\/\/blogdacondessa.com.br\/blog\/wp-content\/uploads\/2021\/06\/b6f5cdd07f1a2d0d7e83dfb5ca861277_L.jpg","type":"image\/jpeg"}],"author":"Blog da Condessa","twitter_card":"summary_large_image","twitter_misc":{"Escrito por":"Blog da Condessa","Est. tempo de leitura":"2 minutos"},"schema":{"@context":"https:\/\/schema.org","@graph":[{"@type":"Article","@id":"https:\/\/blogdacondessa.com.br\/blog\/cidades\/ser-crianca-sera-desenvolvido-com-prefeituras\/#article","isPartOf":{"@id":"https:\/\/blogdacondessa.com.br\/blog\/cidades\/ser-crianca-sera-desenvolvido-com-prefeituras\/"},"author":{"name":"Blog da Condessa","@id":"https:\/\/blogdacondessa.com.br\/blog\/#\/schema\/person\/1d667ff8b785195b568677489d266035"},"headline":"\u2018Ser Crian\u00e7a\u2019 ser\u00e1 desenvolvido com prefeituras","datePublished":"2021-06-18T09:00:00+00:00","dateModified":"2021-06-24T13:27:24+00:00","mainEntityOfPage":{"@id":"https:\/\/blogdacondessa.com.br\/blog\/cidades\/ser-crianca-sera-desenvolvido-com-prefeituras\/"},"wordCount":413,"commentCount":0,"image":{"@id":"https:\/\/blogdacondessa.com.br\/blog\/cidades\/ser-crianca-sera-desenvolvido-com-prefeituras\/#primaryimage"},"thumbnailUrl":"https:\/\/blogdacondessa.com.br\/blog\/wp-content\/uploads\/2021\/06\/b6f5cdd07f1a2d0d7e83dfb5ca861277_L.jpg","articleSection":["Cidades"],"inLanguage":"pt-BR","potentialAction":[{"@type":"CommentAction","name":"Comment","target":["https:\/\/blogdacondessa.com.br\/blog\/cidades\/ser-crianca-sera-desenvolvido-com-prefeituras\/#respond"]}]},{"@type":"WebPage","@id":"https:\/\/blogdacondessa.com.br\/blog\/cidades\/ser-crianca-sera-desenvolvido-com-prefeituras\/","url":"https:\/\/blogdacondessa.com.br\/blog\/cidades\/ser-crianca-sera-desenvolvido-com-prefeituras\/","name":"\u2018Ser Crian\u00e7a\u2019 ser\u00e1 desenvolvido com prefeituras &#8902; Blog da Condessa","isPartOf":{"@id":"https:\/\/blogdacondessa.com.br\/blog\/#website"},"primaryImageOfPage":{"@id":"https:\/\/blogdacondessa.com.br\/blog\/cidades\/ser-crianca-sera-desenvolvido-com-prefeituras\/#primaryimage"},"image":{"@id":"https:\/\/blogdacondessa.com.br\/blog\/cidades\/ser-crianca-sera-desenvolvido-com-prefeituras\/#primaryimage"},"thumbnailUrl":"https:\/\/blogdacondessa.com.br\/blog\/wp-content\/uploads\/2021\/06\/b6f5cdd07f1a2d0d7e83dfb5ca861277_L.jpg","datePublished":"2021-06-18T09:00:00+00:00","dateModified":"2021-06-24T13:27:24+00:00","author":{"@id":"https:\/\/blogdacondessa.com.br\/blog\/#\/schema\/person\/1d667ff8b785195b568677489d266035"},"breadcrumb":{"@id":"https:\/\/blogdacondessa.com.br\/blog\/cidades\/ser-crianca-sera-desenvolvido-com-prefeituras\/#breadcrumb"},"inLanguage":"pt-BR","potentialAction":[{"@type":"ReadAction","target":["https:\/\/blogdacondessa.com.br\/blog\/cidades\/ser-crianca-sera-desenvolvido-com-prefeituras\/"]}]},{"@type":"ImageObject","inLanguage":"pt-BR","@id":"https:\/\/blogdacondessa.com.br\/blog\/cidades\/ser-crianca-sera-desenvolvido-com-prefeituras\/#primaryimage","url":"https:\/\/blogdacondessa.com.br\/blog\/wp-content\/uploads\/2021\/06\/b6f5cdd07f1a2d0d7e83dfb5ca861277_L.jpg","contentUrl":"https:\/\/blogdacondessa.com.br\/blog\/wp-content\/uploads\/2021\/06\/b6f5cdd07f1a2d0d7e83dfb5ca861277_L.jpg","width":600,"height":400},{"@type":"BreadcrumbList","@id":"https:\/\/blogdacondessa.com.br\/blog\/cidades\/ser-crianca-sera-desenvolvido-com-prefeituras\/#breadcrumb","itemListElement":[{"@type":"ListItem","position":1,"name":"In\u00edcio","item":"https:\/\/blogdacondessa.com.br\/blog\/"},{"@type":"ListItem","position":2,"name":"\u2018Ser Crian\u00e7a\u2019 ser\u00e1 desenvolvido com prefeituras"}]},{"@type":"WebSite","@id":"https:\/\/blogdacondessa.com.br\/blog\/#website","url":"https:\/\/blogdacondessa.com.br\/blog\/","name":"Blog da Condessa","description":"Com Shirley de Souza O\u2019Campos","potentialAction":[{"@type":"SearchAction","target":{"@type":"EntryPoint","urlTemplate":"https:\/\/blogdacondessa.com.br\/blog\/?s={search_term_string}"},"query-input":{"@type":"PropertyValueSpecification","valueRequired":true,"valueName":"search_term_string"}}],"inLanguage":"pt-BR"},{"@type":"Person","@id":"https:\/\/blogdacondessa.com.br\/blog\/#\/schema\/person\/1d667ff8b785195b568677489d266035","name":"Blog da Condessa","image":{"@type":"ImageObject","inLanguage":"pt-BR","@id":"https:\/\/secure.gravatar.com\/avatar\/377c0eb8b4ad2bfc25461b41564b5971e721ca34a57642868fc7b0c8ac7b52c5?s=96&d=mm&r=g","url":"https:\/\/secure.gravatar.com\/avatar\/377c0eb8b4ad2bfc25461b41564b5971e721ca34a57642868fc7b0c8ac7b52c5?s=96&d=mm&r=g","contentUrl":"https:\/\/secure.gravatar.com\/avatar\/377c0eb8b4ad2bfc25461b41564b5971e721ca34a57642868fc7b0c8ac7b52c5?s=96&d=mm&r=g","caption":"Blog da Condessa"},"url":"https:\/\/blogdacondessa.com.br\/blog\/author\/beatriz\/"}]}},"_links":{"self":[{"href":"https:\/\/blogdacondessa.com.br\/blog\/wp-json\/wp\/v2\/posts\/1339","targetHints":{"allow":["GET"]}}],"collection":[{"href":"https:\/\/blogdacondessa.com.br\/blog\/wp-json\/wp\/v2\/posts"}],"about":[{"href":"https:\/\/blogdacondessa.com.br\/blog\/wp-json\/wp\/v2\/types\/post"}],"author":[{"embeddable":true,"href":"https:\/\/blogdacondessa.com.br\/blog\/wp-json\/wp\/v2\/users\/2"}],"replies":[{"embeddable":true,"href":"https:\/\/blogdacondessa.com.br\/blog\/wp-json\/wp\/v2\/comments?post=1339"}],"version-history":[{"count":0,"href":"https:\/\/blogdacondessa.com.br\/blog\/wp-json\/wp\/v2\/posts\/1339\/revisions"}],"wp:featuredmedia":[{"embeddable":true,"href":"https:\/\/blogdacondessa.com.br\/blog\/wp-json\/wp\/v2\/media\/1428"}],"wp:attachment":[{"href":"https:\/\/blogdacondessa.com.br\/blog\/wp-json\/wp\/v2\/media?parent=1339"}],"wp:term":[{"taxonomy":"category","embeddable":true,"href":"https:\/\/blogdacondessa.com.br\/blog\/wp-json\/wp\/v2\/categories?post=1339"},{"taxonomy":"post_tag","embeddable":true,"href":"https:\/\/blogdacondessa.com.br\/blog\/wp-json\/wp\/v2\/tags?post=1339"}],"curies":[{"name":"wp","href":"https:\/\/api.w.org\/{rel}","templated":true}]}}