{"id":1338,"date":"2021-06-18T09:00:00","date_gmt":"2021-06-18T09:00:00","guid":{"rendered":"https:\/\/blogdacondessa.local\/chita-fuxico-uma-griffe-regional\/"},"modified":"2021-06-24T14:38:47","modified_gmt":"2021-06-24T14:38:47","slug":"chita-fuxico-uma-griffe-regional","status":"publish","type":"post","link":"https:\/\/blogdacondessa.com.br\/blog\/moda\/chita-fuxico-uma-griffe-regional\/","title":{"rendered":"Chita &#038; Fuxico: uma griffe regional"},"content":{"rendered":"<p><em>BPW Cuiab\u00e1 inaugura primeiro ateli\u00ea em parceria com a Associa\u00e7\u00e3o Cultural Flor Ribeirinha.<\/em><\/p>\n<p>\u00a0H\u00e1 quase 20 anos a Associa\u00e7\u00e3o de Mulheres de Neg\u00f3cios e Profissionais-BPW Cuiab\u00e1, vem desenvolvendo projetos que impactam positivamente a sociedade. Tem uma trajet\u00f3ria marcada por a\u00e7\u00f5es que empoderam a mulher em diversas esferas, e tamb\u00e9m contribuem com o empreendedorismo feminino. No pr\u00f3ximo s\u00e1bado, 19 de junho, \u00e0s 9 horas a institui\u00e7\u00e3o inaugura o primeiro ateli\u00ea de costura do seu projeto Chita &amp; Fuxico, N\u00facleo\u00a0 Flor Ribeirinha,\u00a0 no bairro S\u00e3o Gon\u00e7alo Beira Rio. Ser\u00e1 um evento h\u00edbrido, via Zoom, com transmiss\u00e3o para v\u00e1rias partes do pa\u00eds, e exterior, atrav\u00e9s da Espanha, Turquia, Canad\u00e1 e Equador, mercados internacionais prospectados com apoio da BPW Brasil.<\/p>\n<p>O projeto Chita &amp; Fuxico foi criado em 2018, pela fundadora da BPW Cuiab\u00e1 Sueli Batista,\u00a0 e j\u00e1 tem sua marca registrada. Contempla em seu eixo estrutural a qualifica\u00e7\u00e3o e a autonomia econ\u00f4mica de mulheres em situa\u00e7\u00e3o de vulnerabilidade social, por renda, v\u00edtimas de viol\u00eancia dom\u00e9stica e m\u00e3es com filhos portadores de necessidades especiais. Tem ainda a pretens\u00e3o de captar recursos financeiros e material para o fomento de outras iniciativas da BPW Cuiab\u00e1, que contemplam\u00a0 projetos inclusivos de autonomia econ\u00f4mica da mulher.<\/p>\n<p><strong>\u00a0Griffe regional<\/strong><\/p>\n<p>Visando tornar o projeto uma griffe, com\u00a0 costura criativa, utilizando tecidos de cores alegres que faz parte da cultura, tradi\u00e7\u00e3o e regionalidade, a presidente da\u00a0 BPW Cuiab\u00e1, Zilda Zompero diz que a organiza\u00e7\u00e3o no est\u00e1gio atual, intenciona n\u00e3o s\u00f3 o mercado local, mas busca tamb\u00e9m o nacional e internacional.\u00a0<\/p>\n<p>Para auxiliar no objetivo de conquistar mercados, a BPW Cuiab\u00e1 esta contando com a consultoria especializada, de Fernanda Maximiano e Lais Gulin, al\u00e9m da expertise da conselheira superior e\u00a0 coordenadora da Comiss\u00e3o de Responsabilidade Social, Sueli Batista, que com forma\u00e7\u00e3o em Terceiro Setor e Pol\u00edticas P\u00fablicas, criou o Chita &amp; Fuxico com a\u00e7\u00f5es que atendem algumas diretrizes dos Objetivos de Desenvolvimento Sustent\u00e1vel (ODS) das Na\u00e7\u00f5es Unidas, ajudando a diminuir os \u00edndices da pobreza, da desigualdade de g\u00eanero, e promover o trabalho decente e o desenvolvimento econ\u00f4mico, fomentando a inova\u00e7\u00e3o, e a constru\u00e7\u00e3o de institui\u00e7\u00f5es eficazes, respons\u00e1veis e inclusivas.<\/p>\n<p><strong>\u00a0O N\u00facleo Flor Ribeirinha<\/strong><\/p>\n<p>Na parceria, que tem a dona Domingas Leonor como grande entusiasta, a Associa\u00e7\u00e3o Cultural Flor Ribeirinha est\u00e1 disponibilizando espa\u00e7os da sua sede, reformado e equipado pela BPW Cuiab\u00e1, para a produ\u00e7\u00e3o e aprendizagem, coordenar\u00e1 o projeto\u00a0 localmente, selecionar\u00e1 as participantes e as facilitadoras de confec\u00e7\u00e3o de chita e do fuxico, que inicialmente ser\u00e3o custeadas com recursos da ONG Feminina, que recebeu doa\u00e7\u00f5es e adquiriu m\u00e1quinas de costuras e mat\u00e9rias primas atrav\u00e9s de live musical solid\u00e1ria realizada no ano passado. \u2018\u2019Ainda n\u00e3o \u00e9 a instala\u00e7\u00e3o adequada, mas um importante in\u00edcio\u2019\u2019, diz a presidente Zilda Zompero.<\/p>\n<p>Neste ano, em parceria com empresas solid\u00e1rias, a BPW Cuiab\u00e1\u00a0 j\u00e1 conseguiu\u00a0 parte do custeio para reforma do Espa\u00e7o e pagamento das primeiras oficinas, a Eletro Fios e Grupo Matos- O Botic\u00e1rio em Cuiab\u00e1, foram as principais. Al\u00e9m disso, contou com o apoio de v\u00e1rias associadas, em pequenas a\u00e7\u00f5es,\u00a0 inclusive da presidente eleita, Andrea Barbosa que\u00a0 assumir\u00e1 em julho a gest\u00e3o com o compromisso de ter o projeto entre as prioridades. Em articula\u00e7\u00e3o com gestoras do SICOOB Uni\u00e3o, e Assembleia Social, dirigentes prospectam\u00a0 parcerias.\u00a0 Em 2020 o projeto inaugurou a Loja do Bem, no Goiabeiras Shopping, o\u00a0 empreendimento \u00e9 importante parceiro.<\/p>\n<p><strong>\u00a0Outras a\u00e7\u00f5es e leil\u00e3o de obras de arte<\/strong><\/p>\n<p>No lan\u00e7amento do primeiro ateli\u00ea, a BPW Cuiab\u00e1 assinar\u00e1 outro termo de coopera\u00e7\u00e3o, com a institui\u00e7\u00e3o Seara de Luz\u00a0 para a instala\u00e7\u00e3o, ainda neste ano de um ateli\u00ea no bairro Liberdade, sede da entidade. Foram convidados tamb\u00e9m parceiros com quem a organiza\u00e7\u00e3o j\u00e1 realizou a\u00e7\u00f5es solid\u00e1rias, a exemplo da Associa\u00e7\u00e3o M\u00e3es Unidas pelo Amor; projeto M\u00e3os que Ajudam e Casa do Amparo.<\/p>\n<p>No evento Mariza Bazo, conselheira superior da BPW Cuiab\u00e1,\u00a0 far\u00e1 apresenta\u00e7\u00e3o da linha de produtos. Integrantes do Grupo de Dan\u00e7a Flor Ribeirinha far\u00e3o apresenta\u00e7\u00e3o e ter\u00e1 ainda m\u00fasica regional com Pescuma, e a cantora Deize \u00c1guena, coordenadora da Comiss\u00e3o de Cultura da ONG Feminina, que estar\u00e1 acompanhada do violonista Rus\u00edvel.<\/p>\n<p>Para contribuir com o projeto quatro artistas pl\u00e1sticos mato-grossenses doaram telas pintadas exclusivamente para o Chita &amp; Fuxico que ser\u00e3o leiloadas durante o evento, s\u00e3o eles: Adriano Figueiredo; Rafael Jonnier, Odete Ven\u00e2ncio, Nadja Lammel e tamb\u00e9m o luthier Duilio Sampaio que doou uma viola de cocho.<\/p>\n<p>\u00a0<strong>Servi\u00e7o:<\/strong><\/p>\n<p>O que:\u00a0Inaugura\u00e7\u00e3o do\u00a0primeiro ateli\u00ea de costura do\u00a0 projeto Chita &amp; Fuxico, N\u00facleo\u00a0 Flor Ribeirinha<\/p>\n<p>Quando:\u00a0S\u00e1bado, dia 19, \u00e0s 9h<\/p>\n<p>Onde:\u00a0No quintal da Domingas no\u00a0 bairro S\u00e3o Gon\u00e7alo Beira Rio. Ser\u00e1\u00a0 h\u00edbrido, via Zoom<\/p>\n<p>Quem:\u00a0BPW Cuiab\u00e1 e Flor Ribeirinha<\/p>\n<p>\u00a0<\/p>\n","protected":false},"excerpt":{"rendered":"<p>BPW Cuiab\u00e1 inaugura primeiro ateli\u00ea em parceria com a Associa\u00e7\u00e3o Cultural Flor Ribeirinha. \u00a0H\u00e1 quase 20 anos a Associa\u00e7\u00e3o de Mulheres de Neg\u00f3cios e Profissionais-BPW Cuiab\u00e1, vem desenvolvendo projetos que impactam positivamente a sociedade. Tem uma trajet\u00f3ria marcada por a\u00e7\u00f5es que empoderam a mulher em diversas esferas, e tamb\u00e9m contribuem com o empreendedorismo feminino. No [&hellip;]<\/p>\n","protected":false},"author":2,"featured_media":1655,"comment_status":"open","ping_status":"closed","sticky":false,"template":"","format":"standard","meta":{"iawp_total_views":9,"footnotes":""},"categories":[21],"tags":[],"class_list":["post-1338","post","type-post","status-publish","format-standard","has-post-thumbnail","hentry","category-moda"],"yoast_head":"<!-- This site is optimized with the Yoast SEO plugin v27.3 - https:\/\/yoast.com\/product\/yoast-seo-wordpress\/ -->\n<title>Chita &amp; Fuxico: uma griffe regional &#8902; Blog da Condessa<\/title>\n<meta name=\"robots\" content=\"index, follow, max-snippet:-1, max-image-preview:large, max-video-preview:-1\" \/>\n<link rel=\"canonical\" href=\"https:\/\/blogdacondessa.com.br\/blog\/moda\/chita-fuxico-uma-griffe-regional\/\" \/>\n<meta property=\"og:locale\" content=\"pt_BR\" \/>\n<meta property=\"og:type\" content=\"article\" \/>\n<meta property=\"og:title\" content=\"Chita &amp; Fuxico: uma griffe regional &#8902; Blog da Condessa\" \/>\n<meta property=\"og:description\" content=\"BPW Cuiab\u00e1 inaugura primeiro ateli\u00ea em parceria com a Associa\u00e7\u00e3o Cultural Flor Ribeirinha. \u00a0H\u00e1 quase 20 anos a Associa\u00e7\u00e3o de Mulheres de Neg\u00f3cios e Profissionais-BPW Cuiab\u00e1, vem desenvolvendo projetos que impactam positivamente a sociedade. Tem uma trajet\u00f3ria marcada por a\u00e7\u00f5es que empoderam a mulher em diversas esferas, e tamb\u00e9m contribuem com o empreendedorismo feminino. No [&hellip;]\" \/>\n<meta property=\"og:url\" content=\"https:\/\/blogdacondessa.com.br\/blog\/moda\/chita-fuxico-uma-griffe-regional\/\" \/>\n<meta property=\"og:site_name\" content=\"Blog da Condessa\" \/>\n<meta property=\"article:published_time\" content=\"2021-06-18T09:00:00+00:00\" \/>\n<meta property=\"article:modified_time\" content=\"2021-06-24T14:38:47+00:00\" \/>\n<meta property=\"og:image\" content=\"https:\/\/blogdacondessa.com.br\/blog\/wp-content\/uploads\/2021\/06\/7a1f84e37f4e5fce0f7ca56b70c7e49a_L.jpg\" \/>\n\t<meta property=\"og:image:width\" content=\"600\" \/>\n\t<meta property=\"og:image:height\" content=\"554\" \/>\n\t<meta property=\"og:image:type\" content=\"image\/jpeg\" \/>\n<meta name=\"author\" content=\"Blog da Condessa\" \/>\n<meta name=\"twitter:card\" content=\"summary_large_image\" \/>\n<meta name=\"twitter:label1\" content=\"Escrito por\" \/>\n\t<meta name=\"twitter:data1\" content=\"Blog da Condessa\" \/>\n\t<meta name=\"twitter:label2\" content=\"Est. tempo de leitura\" \/>\n\t<meta name=\"twitter:data2\" content=\"4 minutos\" \/>\n<script type=\"application\/ld+json\" class=\"yoast-schema-graph\">{\"@context\":\"https:\\\/\\\/schema.org\",\"@graph\":[{\"@type\":\"Article\",\"@id\":\"https:\\\/\\\/blogdacondessa.com.br\\\/blog\\\/moda\\\/chita-fuxico-uma-griffe-regional\\\/#article\",\"isPartOf\":{\"@id\":\"https:\\\/\\\/blogdacondessa.com.br\\\/blog\\\/moda\\\/chita-fuxico-uma-griffe-regional\\\/\"},\"author\":{\"name\":\"Blog da Condessa\",\"@id\":\"https:\\\/\\\/blogdacondessa.com.br\\\/blog\\\/#\\\/schema\\\/person\\\/1d667ff8b785195b568677489d266035\"},\"headline\":\"Chita &#038; Fuxico: uma griffe regional\",\"datePublished\":\"2021-06-18T09:00:00+00:00\",\"dateModified\":\"2021-06-24T14:38:47+00:00\",\"mainEntityOfPage\":{\"@id\":\"https:\\\/\\\/blogdacondessa.com.br\\\/blog\\\/moda\\\/chita-fuxico-uma-griffe-regional\\\/\"},\"wordCount\":853,\"commentCount\":0,\"image\":{\"@id\":\"https:\\\/\\\/blogdacondessa.com.br\\\/blog\\\/moda\\\/chita-fuxico-uma-griffe-regional\\\/#primaryimage\"},\"thumbnailUrl\":\"https:\\\/\\\/blogdacondessa.com.br\\\/blog\\\/wp-content\\\/uploads\\\/2021\\\/06\\\/7a1f84e37f4e5fce0f7ca56b70c7e49a_L.jpg\",\"articleSection\":[\"Moda\"],\"inLanguage\":\"pt-BR\",\"potentialAction\":[{\"@type\":\"CommentAction\",\"name\":\"Comment\",\"target\":[\"https:\\\/\\\/blogdacondessa.com.br\\\/blog\\\/moda\\\/chita-fuxico-uma-griffe-regional\\\/#respond\"]}]},{\"@type\":\"WebPage\",\"@id\":\"https:\\\/\\\/blogdacondessa.com.br\\\/blog\\\/moda\\\/chita-fuxico-uma-griffe-regional\\\/\",\"url\":\"https:\\\/\\\/blogdacondessa.com.br\\\/blog\\\/moda\\\/chita-fuxico-uma-griffe-regional\\\/\",\"name\":\"Chita & Fuxico: uma griffe regional &#8902; Blog da Condessa\",\"isPartOf\":{\"@id\":\"https:\\\/\\\/blogdacondessa.com.br\\\/blog\\\/#website\"},\"primaryImageOfPage\":{\"@id\":\"https:\\\/\\\/blogdacondessa.com.br\\\/blog\\\/moda\\\/chita-fuxico-uma-griffe-regional\\\/#primaryimage\"},\"image\":{\"@id\":\"https:\\\/\\\/blogdacondessa.com.br\\\/blog\\\/moda\\\/chita-fuxico-uma-griffe-regional\\\/#primaryimage\"},\"thumbnailUrl\":\"https:\\\/\\\/blogdacondessa.com.br\\\/blog\\\/wp-content\\\/uploads\\\/2021\\\/06\\\/7a1f84e37f4e5fce0f7ca56b70c7e49a_L.jpg\",\"datePublished\":\"2021-06-18T09:00:00+00:00\",\"dateModified\":\"2021-06-24T14:38:47+00:00\",\"author\":{\"@id\":\"https:\\\/\\\/blogdacondessa.com.br\\\/blog\\\/#\\\/schema\\\/person\\\/1d667ff8b785195b568677489d266035\"},\"breadcrumb\":{\"@id\":\"https:\\\/\\\/blogdacondessa.com.br\\\/blog\\\/moda\\\/chita-fuxico-uma-griffe-regional\\\/#breadcrumb\"},\"inLanguage\":\"pt-BR\",\"potentialAction\":[{\"@type\":\"ReadAction\",\"target\":[\"https:\\\/\\\/blogdacondessa.com.br\\\/blog\\\/moda\\\/chita-fuxico-uma-griffe-regional\\\/\"]}]},{\"@type\":\"ImageObject\",\"inLanguage\":\"pt-BR\",\"@id\":\"https:\\\/\\\/blogdacondessa.com.br\\\/blog\\\/moda\\\/chita-fuxico-uma-griffe-regional\\\/#primaryimage\",\"url\":\"https:\\\/\\\/blogdacondessa.com.br\\\/blog\\\/wp-content\\\/uploads\\\/2021\\\/06\\\/7a1f84e37f4e5fce0f7ca56b70c7e49a_L.jpg\",\"contentUrl\":\"https:\\\/\\\/blogdacondessa.com.br\\\/blog\\\/wp-content\\\/uploads\\\/2021\\\/06\\\/7a1f84e37f4e5fce0f7ca56b70c7e49a_L.jpg\",\"width\":600,\"height\":554},{\"@type\":\"BreadcrumbList\",\"@id\":\"https:\\\/\\\/blogdacondessa.com.br\\\/blog\\\/moda\\\/chita-fuxico-uma-griffe-regional\\\/#breadcrumb\",\"itemListElement\":[{\"@type\":\"ListItem\",\"position\":1,\"name\":\"In\u00edcio\",\"item\":\"https:\\\/\\\/blogdacondessa.com.br\\\/blog\\\/\"},{\"@type\":\"ListItem\",\"position\":2,\"name\":\"Chita &#038; Fuxico: uma griffe regional\"}]},{\"@type\":\"WebSite\",\"@id\":\"https:\\\/\\\/blogdacondessa.com.br\\\/blog\\\/#website\",\"url\":\"https:\\\/\\\/blogdacondessa.com.br\\\/blog\\\/\",\"name\":\"Blog da Condessa\",\"description\":\"Com Shirley de Souza O\u2019Campos\",\"potentialAction\":[{\"@type\":\"SearchAction\",\"target\":{\"@type\":\"EntryPoint\",\"urlTemplate\":\"https:\\\/\\\/blogdacondessa.com.br\\\/blog\\\/?s={search_term_string}\"},\"query-input\":{\"@type\":\"PropertyValueSpecification\",\"valueRequired\":true,\"valueName\":\"search_term_string\"}}],\"inLanguage\":\"pt-BR\"},{\"@type\":\"Person\",\"@id\":\"https:\\\/\\\/blogdacondessa.com.br\\\/blog\\\/#\\\/schema\\\/person\\\/1d667ff8b785195b568677489d266035\",\"name\":\"Blog da Condessa\",\"image\":{\"@type\":\"ImageObject\",\"inLanguage\":\"pt-BR\",\"@id\":\"https:\\\/\\\/secure.gravatar.com\\\/avatar\\\/377c0eb8b4ad2bfc25461b41564b5971e721ca34a57642868fc7b0c8ac7b52c5?s=96&d=mm&r=g\",\"url\":\"https:\\\/\\\/secure.gravatar.com\\\/avatar\\\/377c0eb8b4ad2bfc25461b41564b5971e721ca34a57642868fc7b0c8ac7b52c5?s=96&d=mm&r=g\",\"contentUrl\":\"https:\\\/\\\/secure.gravatar.com\\\/avatar\\\/377c0eb8b4ad2bfc25461b41564b5971e721ca34a57642868fc7b0c8ac7b52c5?s=96&d=mm&r=g\",\"caption\":\"Blog da Condessa\"},\"url\":\"https:\\\/\\\/blogdacondessa.com.br\\\/blog\\\/author\\\/beatriz\\\/\"}]}<\/script>\n<!-- \/ Yoast SEO plugin. -->","yoast_head_json":{"title":"Chita & Fuxico: uma griffe regional &#8902; Blog da Condessa","robots":{"index":"index","follow":"follow","max-snippet":"max-snippet:-1","max-image-preview":"max-image-preview:large","max-video-preview":"max-video-preview:-1"},"canonical":"https:\/\/blogdacondessa.com.br\/blog\/moda\/chita-fuxico-uma-griffe-regional\/","og_locale":"pt_BR","og_type":"article","og_title":"Chita & Fuxico: uma griffe regional &#8902; Blog da Condessa","og_description":"BPW Cuiab\u00e1 inaugura primeiro ateli\u00ea em parceria com a Associa\u00e7\u00e3o Cultural Flor Ribeirinha. \u00a0H\u00e1 quase 20 anos a Associa\u00e7\u00e3o de Mulheres de Neg\u00f3cios e Profissionais-BPW Cuiab\u00e1, vem desenvolvendo projetos que impactam positivamente a sociedade. Tem uma trajet\u00f3ria marcada por a\u00e7\u00f5es que empoderam a mulher em diversas esferas, e tamb\u00e9m contribuem com o empreendedorismo feminino. No [&hellip;]","og_url":"https:\/\/blogdacondessa.com.br\/blog\/moda\/chita-fuxico-uma-griffe-regional\/","og_site_name":"Blog da Condessa","article_published_time":"2021-06-18T09:00:00+00:00","article_modified_time":"2021-06-24T14:38:47+00:00","og_image":[{"width":600,"height":554,"url":"https:\/\/blogdacondessa.com.br\/blog\/wp-content\/uploads\/2021\/06\/7a1f84e37f4e5fce0f7ca56b70c7e49a_L.jpg","type":"image\/jpeg"}],"author":"Blog da Condessa","twitter_card":"summary_large_image","twitter_misc":{"Escrito por":"Blog da Condessa","Est. tempo de leitura":"4 minutos"},"schema":{"@context":"https:\/\/schema.org","@graph":[{"@type":"Article","@id":"https:\/\/blogdacondessa.com.br\/blog\/moda\/chita-fuxico-uma-griffe-regional\/#article","isPartOf":{"@id":"https:\/\/blogdacondessa.com.br\/blog\/moda\/chita-fuxico-uma-griffe-regional\/"},"author":{"name":"Blog da Condessa","@id":"https:\/\/blogdacondessa.com.br\/blog\/#\/schema\/person\/1d667ff8b785195b568677489d266035"},"headline":"Chita &#038; Fuxico: uma griffe regional","datePublished":"2021-06-18T09:00:00+00:00","dateModified":"2021-06-24T14:38:47+00:00","mainEntityOfPage":{"@id":"https:\/\/blogdacondessa.com.br\/blog\/moda\/chita-fuxico-uma-griffe-regional\/"},"wordCount":853,"commentCount":0,"image":{"@id":"https:\/\/blogdacondessa.com.br\/blog\/moda\/chita-fuxico-uma-griffe-regional\/#primaryimage"},"thumbnailUrl":"https:\/\/blogdacondessa.com.br\/blog\/wp-content\/uploads\/2021\/06\/7a1f84e37f4e5fce0f7ca56b70c7e49a_L.jpg","articleSection":["Moda"],"inLanguage":"pt-BR","potentialAction":[{"@type":"CommentAction","name":"Comment","target":["https:\/\/blogdacondessa.com.br\/blog\/moda\/chita-fuxico-uma-griffe-regional\/#respond"]}]},{"@type":"WebPage","@id":"https:\/\/blogdacondessa.com.br\/blog\/moda\/chita-fuxico-uma-griffe-regional\/","url":"https:\/\/blogdacondessa.com.br\/blog\/moda\/chita-fuxico-uma-griffe-regional\/","name":"Chita & Fuxico: uma griffe regional &#8902; Blog da Condessa","isPartOf":{"@id":"https:\/\/blogdacondessa.com.br\/blog\/#website"},"primaryImageOfPage":{"@id":"https:\/\/blogdacondessa.com.br\/blog\/moda\/chita-fuxico-uma-griffe-regional\/#primaryimage"},"image":{"@id":"https:\/\/blogdacondessa.com.br\/blog\/moda\/chita-fuxico-uma-griffe-regional\/#primaryimage"},"thumbnailUrl":"https:\/\/blogdacondessa.com.br\/blog\/wp-content\/uploads\/2021\/06\/7a1f84e37f4e5fce0f7ca56b70c7e49a_L.jpg","datePublished":"2021-06-18T09:00:00+00:00","dateModified":"2021-06-24T14:38:47+00:00","author":{"@id":"https:\/\/blogdacondessa.com.br\/blog\/#\/schema\/person\/1d667ff8b785195b568677489d266035"},"breadcrumb":{"@id":"https:\/\/blogdacondessa.com.br\/blog\/moda\/chita-fuxico-uma-griffe-regional\/#breadcrumb"},"inLanguage":"pt-BR","potentialAction":[{"@type":"ReadAction","target":["https:\/\/blogdacondessa.com.br\/blog\/moda\/chita-fuxico-uma-griffe-regional\/"]}]},{"@type":"ImageObject","inLanguage":"pt-BR","@id":"https:\/\/blogdacondessa.com.br\/blog\/moda\/chita-fuxico-uma-griffe-regional\/#primaryimage","url":"https:\/\/blogdacondessa.com.br\/blog\/wp-content\/uploads\/2021\/06\/7a1f84e37f4e5fce0f7ca56b70c7e49a_L.jpg","contentUrl":"https:\/\/blogdacondessa.com.br\/blog\/wp-content\/uploads\/2021\/06\/7a1f84e37f4e5fce0f7ca56b70c7e49a_L.jpg","width":600,"height":554},{"@type":"BreadcrumbList","@id":"https:\/\/blogdacondessa.com.br\/blog\/moda\/chita-fuxico-uma-griffe-regional\/#breadcrumb","itemListElement":[{"@type":"ListItem","position":1,"name":"In\u00edcio","item":"https:\/\/blogdacondessa.com.br\/blog\/"},{"@type":"ListItem","position":2,"name":"Chita &#038; Fuxico: uma griffe regional"}]},{"@type":"WebSite","@id":"https:\/\/blogdacondessa.com.br\/blog\/#website","url":"https:\/\/blogdacondessa.com.br\/blog\/","name":"Blog da Condessa","description":"Com Shirley de Souza O\u2019Campos","potentialAction":[{"@type":"SearchAction","target":{"@type":"EntryPoint","urlTemplate":"https:\/\/blogdacondessa.com.br\/blog\/?s={search_term_string}"},"query-input":{"@type":"PropertyValueSpecification","valueRequired":true,"valueName":"search_term_string"}}],"inLanguage":"pt-BR"},{"@type":"Person","@id":"https:\/\/blogdacondessa.com.br\/blog\/#\/schema\/person\/1d667ff8b785195b568677489d266035","name":"Blog da Condessa","image":{"@type":"ImageObject","inLanguage":"pt-BR","@id":"https:\/\/secure.gravatar.com\/avatar\/377c0eb8b4ad2bfc25461b41564b5971e721ca34a57642868fc7b0c8ac7b52c5?s=96&d=mm&r=g","url":"https:\/\/secure.gravatar.com\/avatar\/377c0eb8b4ad2bfc25461b41564b5971e721ca34a57642868fc7b0c8ac7b52c5?s=96&d=mm&r=g","contentUrl":"https:\/\/secure.gravatar.com\/avatar\/377c0eb8b4ad2bfc25461b41564b5971e721ca34a57642868fc7b0c8ac7b52c5?s=96&d=mm&r=g","caption":"Blog da Condessa"},"url":"https:\/\/blogdacondessa.com.br\/blog\/author\/beatriz\/"}]}},"_links":{"self":[{"href":"https:\/\/blogdacondessa.com.br\/blog\/wp-json\/wp\/v2\/posts\/1338","targetHints":{"allow":["GET"]}}],"collection":[{"href":"https:\/\/blogdacondessa.com.br\/blog\/wp-json\/wp\/v2\/posts"}],"about":[{"href":"https:\/\/blogdacondessa.com.br\/blog\/wp-json\/wp\/v2\/types\/post"}],"author":[{"embeddable":true,"href":"https:\/\/blogdacondessa.com.br\/blog\/wp-json\/wp\/v2\/users\/2"}],"replies":[{"embeddable":true,"href":"https:\/\/blogdacondessa.com.br\/blog\/wp-json\/wp\/v2\/comments?post=1338"}],"version-history":[{"count":0,"href":"https:\/\/blogdacondessa.com.br\/blog\/wp-json\/wp\/v2\/posts\/1338\/revisions"}],"wp:featuredmedia":[{"embeddable":true,"href":"https:\/\/blogdacondessa.com.br\/blog\/wp-json\/wp\/v2\/media\/1655"}],"wp:attachment":[{"href":"https:\/\/blogdacondessa.com.br\/blog\/wp-json\/wp\/v2\/media?parent=1338"}],"wp:term":[{"taxonomy":"category","embeddable":true,"href":"https:\/\/blogdacondessa.com.br\/blog\/wp-json\/wp\/v2\/categories?post=1338"},{"taxonomy":"post_tag","embeddable":true,"href":"https:\/\/blogdacondessa.com.br\/blog\/wp-json\/wp\/v2\/tags?post=1338"}],"curies":[{"name":"wp","href":"https:\/\/api.w.org\/{rel}","templated":true}]}}