{"id":1337,"date":"2021-06-18T09:00:00","date_gmt":"2021-06-18T09:00:00","guid":{"rendered":"https:\/\/blogdacondessa.local\/doacao-de-sangue-em-mt-tem-queda-de-40\/"},"modified":"2021-06-24T17:12:20","modified_gmt":"2021-06-24T17:12:20","slug":"doacao-de-sangue-em-mt-tem-queda-de-40","status":"publish","type":"post","link":"https:\/\/blogdacondessa.com.br\/blog\/saude\/doacao-de-sangue-em-mt-tem-queda-de-40\/","title":{"rendered":"Doa\u00e7\u00e3o de sangue em MT tem queda de 40%"},"content":{"rendered":"<p><em>Campanha Junho Vermelho visa refor\u00e7ar estoques de hemocentros.<\/em><\/p>\n<p>O Minist\u00e9rio da Sa\u00fade estima que, no ano passado, devido \u00e0 pandemia de covid-19,\u00a0o n\u00famero de doa\u00e7\u00f5es tenha diminu\u00eddo 20%, na compara\u00e7\u00e3o com o ano anterior. No primeiro trimestre de 2021, a taxa de doa\u00e7\u00e3o volunt\u00e1ria da popula\u00e7\u00e3o brasileira era de 1,6%, dentro do padr\u00e3o estabelecido pela Organiza\u00e7\u00e3o Mundial da Sa\u00fade (OMS).<\/p>\n<p>A campanha Junho Vermelho, realizada este m\u00eas por institui\u00e7\u00f5es p\u00fablicas e privadas da \u00e1rea da sa\u00fade, busca conscientizar a popula\u00e7\u00e3o sobre a import\u00e2ncia da doa\u00e7\u00e3o de sangue. A a\u00e7\u00e3o ganha ainda mais relev\u00e2ncia no contexto da pandemia, j\u00e1 que, por medo, muitas pessoas deixaram de fazer o procedimento.<\/p>\n<p>\u00c9 o que explica a diretora do MT Hemocentro,\u00a0Gian Carla Zanella. Em entrevista para a TRT FM 104.3, emissora de r\u00e1dio do Tribunal Regional do Trabalho de Mato Grosso, ela conta que a queda foi de quase 40% na compara\u00e7\u00e3o entre 2020 e 2019.<\/p>\n<p>No bate-papo, Zanella fala das medidas que o MT Hemocentro vem adotando para dar mais seguran\u00e7a a quem deseja doar, como a possibilidade de acompanhar os estoques de cada tipo sangu\u00edneo on-line e o tempo de resguardo para quem teve covid-19 ou tomou vacina para a doen\u00e7a.<\/p>\n<p><em><u>Confira os principais trechos da entrevista:<\/u><\/em><\/p>\n<p><strong>\u00a0Qual o panorama da doa\u00e7\u00e3o de sangue hoje em Mato Grosso?<\/strong><\/p>\n<p>De 2019 para 2020 houve uma queda de 37% no n\u00famero de pessoas que procuraram o banco de sangue para fazer doa\u00e7\u00f5es.\u00a0 Agora percebemos que houve uma diminui\u00e7\u00e3o maior porque muitos, principalmente do grupo de risco, est\u00e3o com receio de ir ao banco de sangue devido \u00e0 pandemia.<\/p>\n<p>\u00a0<strong>Como a campanha Junho Vermelho pode contribuir para melhorar esse cen\u00e1rio?<\/strong><\/p>\n<p>Em todo territ\u00f3rio brasileiro houve uma diminui\u00e7\u00e3o do n\u00famero de doadores, havendo necessidade de fortalecimento. O Junho Vermelho \u00e9 uma campanha bastante especial porque \u00e9 no m\u00eas do Dia mundial do doador de sangue, comemorado em 14 de junho.<\/p>\n<p>A data foi escolhida pela OMS e \u00e9 muito importante aqui no Brasil, j\u00e1 que \u00e9 no m\u00eas anterior a julho, quando, em raz\u00e3o das f\u00e9rias escolares, as doa\u00e7\u00f5es costumam ter uma queda. Muitos pais, em raz\u00e3o das f\u00e9rias dos filhos, n\u00e3o fazem doa\u00e7\u00f5es nesse per\u00edodo. Por isso o Junho Vermelho \u00e9 fundamental para incentivar os brasileiros a doarem.<\/p>\n<p>Durante a campanha muitos \u00f3rg\u00e3os p\u00fablicos e privados buscam fazer parceria conosco para que seus colaboradores se solidarizem com toda a popula\u00e7\u00e3o. Esse ato volunt\u00e1rio e altru\u00edsta \u00e9 fundamental! Essas parcerias com as institui\u00e7\u00f5es s\u00e3o fundamentais para que continuemos com os doadores de repeti\u00e7\u00e3o, que s\u00e3o aqueles que vem sempre e s\u00e3o fundamentais para que a gente consiga manter os estoques de sangue necess\u00e1rios.<\/p>\n<p>Essas campanhas maiores tamb\u00e9m trazem novos doadores que, ao doar uma vez, podem se tornar doadores de repeti\u00e7\u00e3o, que s\u00e3o muito importantes para o pa\u00eds. Os homens podem doar de dois em dois meses e as mulheres de tr\u00eas em tr\u00eas.<\/p>\n<p><strong>\u00a0Quais informa\u00e7\u00f5es podemos encontrar no site do MT Hemocentro e como fazer o agendamento?<\/strong><\/p>\n<p>N\u00f3s temos um site MT Hemocentro dispon\u00edvel no link:\u00a0<a href=\"http:\/\/mthemocentro.saude.mt.gov.br\/\">mthemocentro.saude.mt.gov.br<\/a>. Nele d\u00e1 para verificar o estoque de sangue e ver se est\u00e1 no n\u00edvel est\u00e1vel ou cr\u00edtico. Isso \u00e9 importante porque, por exemplo, se sou B+ vejo que o meu tipo de sangue est\u00e1 com estoque est\u00e1vel, posso esperar um pouco mais para doar. Fazer uma coleta de sangue direcionada a esses dados \u00e9 fundamental.<\/p>\n<p>E outra facilidade para o doador \u00e9 o fato das pessoas mesmo poderem agendar vendo a disponibilidade de dias. O sistema pode ser acessado por este link via navegador de qualquer dispositivo que possua conex\u00e3o com a internet (celular, tablet, computador e notebook).<\/p>\n<p>Tamb\u00e9m continuamos agendando por meio dos telefones (65) 3623-0044 (ramais 221 e 222) e whatsApp (65) 98433-0624. Tudo para dar mais acesso ao doador e conseguir o maior n\u00famero de pessoas aqui dentro com seguran\u00e7a. O agendamento \u00e9 fundamental para conseguir manter o distanciamento social. Procuramos atender no m\u00e1ximo cinco doadores a cada meia hora e assim cuidar da sa\u00fade do doador, que \u00e9 t\u00e3o precioso para n\u00f3s.<\/p>\n<p><strong>\u00a0Existem problemas relacionados a doadores que marcam, mas n\u00e3o v\u00e3o?<\/strong><\/p>\n<p>Hoje existe sim um problema de pessoas que agendam e n\u00e3o v\u00e3o. A partir do momento que se faz o agendamento, \u00e9 importante que, se n\u00e3o puder ir, nos avise para que a gente abra esse hor\u00e1rio para outro doador. \u00c9 fundamental esse cuidado!<\/p>\n<p><strong>\u00a0Quem pode fazer a doa\u00e7\u00e3o de sangue?<\/strong><\/p>\n<p>Todas as pessoas saud\u00e1veis. Devem ter mais de 50 kg e entre 16 a 59 anos. Se tiver menos de 17 deve vir acompanhado de um representante legal que deve acompanhar o procedimento. Quem teve covid-19, aquela covid leve, pode sim fazer doa\u00e7\u00e3o depois de 30 dias.<\/p>\n<p>Se tomou a vacina da\u00a0Pfizer\u00a0ou\u00a0AstraZeneca\u00a0\u00e9 preciso aguardar sete dias para doar. Se tomou Coronavac precisa aguardar 48 horas para fazer a doa\u00e7\u00e3o de sangue.<\/p>\n<p>A pessoa deve vir alimentada. N\u00e3o pode vir em jejum. Se vier ap\u00f3s o hor\u00e1rio de almo\u00e7o deve aguardar 2 horas depois de se alimentar para doar. Tamb\u00e9m \u00e9 necess\u00e1rio trazer documentos pessoais com foto, ter dormido bem na noite anterior porque o repouso \u00e9 fundamental para uma doa\u00e7\u00e3o de sangue segura.<\/p>\n<p>\u00c9 um procedimento bastante seguro. Estamos cuidando de toda quest\u00e3o de higieniza\u00e7\u00e3o e biosseguran\u00e7a para garantir a seguran\u00e7a tanto da equipe quanto dos doadores de sangue que v\u00eam aqui fazer esse gesto t\u00e3o bonito.<\/p>\n<p>Agradecemos muito essa parceria com o TRT\/MT que temos h\u00e1 muitos anos para os servidores virem aqui fazer a doa\u00e7\u00e3o no MT Hemocentro.<\/p>\n<p>A sede do MT Hemocentro est\u00e1 localizada na Rua 13 de junho, 1.055, Cuiab\u00e1, Centro Sul. O funcionamento regular da unidade ocorre de segunda a sexta-feira, das 7h30 \u00e0s 17h30.<\/p>\n<p>\u00a0<\/p>\n<p>\u00a0<\/p>\n","protected":false},"excerpt":{"rendered":"<p>Campanha Junho Vermelho visa refor\u00e7ar estoques de hemocentros. O Minist\u00e9rio da Sa\u00fade estima que, no ano passado, devido \u00e0 pandemia de covid-19,\u00a0o n\u00famero de doa\u00e7\u00f5es tenha diminu\u00eddo 20%, na compara\u00e7\u00e3o com o ano anterior. No primeiro trimestre de 2021, a taxa de doa\u00e7\u00e3o volunt\u00e1ria da popula\u00e7\u00e3o brasileira era de 1,6%, dentro do padr\u00e3o estabelecido pela [&hellip;]<\/p>\n","protected":false},"author":2,"featured_media":1852,"comment_status":"open","ping_status":"closed","sticky":false,"template":"","format":"standard","meta":{"iawp_total_views":0,"footnotes":""},"categories":[5],"tags":[],"class_list":["post-1337","post","type-post","status-publish","format-standard","has-post-thumbnail","hentry","category-saude"],"yoast_head":"<!-- This site is optimized with the Yoast SEO plugin v27.3 - https:\/\/yoast.com\/product\/yoast-seo-wordpress\/ -->\n<title>Doa\u00e7\u00e3o de sangue em MT tem queda de 40% &#8902; Blog da Condessa<\/title>\n<meta name=\"robots\" content=\"index, follow, max-snippet:-1, max-image-preview:large, max-video-preview:-1\" \/>\n<link rel=\"canonical\" href=\"https:\/\/blogdacondessa.com.br\/blog\/saude\/doacao-de-sangue-em-mt-tem-queda-de-40\/\" \/>\n<meta property=\"og:locale\" content=\"pt_BR\" \/>\n<meta property=\"og:type\" content=\"article\" \/>\n<meta property=\"og:title\" content=\"Doa\u00e7\u00e3o de sangue em MT tem queda de 40% &#8902; Blog da Condessa\" \/>\n<meta property=\"og:description\" content=\"Campanha Junho Vermelho visa refor\u00e7ar estoques de hemocentros. O Minist\u00e9rio da Sa\u00fade estima que, no ano passado, devido \u00e0 pandemia de covid-19,\u00a0o n\u00famero de doa\u00e7\u00f5es tenha diminu\u00eddo 20%, na compara\u00e7\u00e3o com o ano anterior. No primeiro trimestre de 2021, a taxa de doa\u00e7\u00e3o volunt\u00e1ria da popula\u00e7\u00e3o brasileira era de 1,6%, dentro do padr\u00e3o estabelecido pela [&hellip;]\" \/>\n<meta property=\"og:url\" content=\"https:\/\/blogdacondessa.com.br\/blog\/saude\/doacao-de-sangue-em-mt-tem-queda-de-40\/\" \/>\n<meta property=\"og:site_name\" content=\"Blog da Condessa\" \/>\n<meta property=\"article:published_time\" content=\"2021-06-18T09:00:00+00:00\" \/>\n<meta property=\"article:modified_time\" content=\"2021-06-24T17:12:20+00:00\" \/>\n<meta property=\"og:image\" content=\"https:\/\/blogdacondessa.com.br\/blog\/wp-content\/uploads\/2021\/06\/ddfd8772d2ae484b79556a5a46a1d42a_L.jpg\" \/>\n\t<meta property=\"og:image:width\" content=\"600\" \/>\n\t<meta property=\"og:image:height\" content=\"359\" \/>\n\t<meta property=\"og:image:type\" content=\"image\/jpeg\" \/>\n<meta name=\"author\" content=\"Blog da Condessa\" \/>\n<meta name=\"twitter:card\" content=\"summary_large_image\" \/>\n<meta name=\"twitter:label1\" content=\"Escrito por\" \/>\n\t<meta name=\"twitter:data1\" content=\"Blog da Condessa\" \/>\n\t<meta name=\"twitter:label2\" content=\"Est. tempo de leitura\" \/>\n\t<meta name=\"twitter:data2\" content=\"5 minutos\" \/>\n<script type=\"application\/ld+json\" class=\"yoast-schema-graph\">{\"@context\":\"https:\\\/\\\/schema.org\",\"@graph\":[{\"@type\":\"Article\",\"@id\":\"https:\\\/\\\/blogdacondessa.com.br\\\/blog\\\/saude\\\/doacao-de-sangue-em-mt-tem-queda-de-40\\\/#article\",\"isPartOf\":{\"@id\":\"https:\\\/\\\/blogdacondessa.com.br\\\/blog\\\/saude\\\/doacao-de-sangue-em-mt-tem-queda-de-40\\\/\"},\"author\":{\"name\":\"Blog da Condessa\",\"@id\":\"https:\\\/\\\/blogdacondessa.com.br\\\/blog\\\/#\\\/schema\\\/person\\\/1d667ff8b785195b568677489d266035\"},\"headline\":\"Doa\u00e7\u00e3o de sangue em MT tem queda de 40%\",\"datePublished\":\"2021-06-18T09:00:00+00:00\",\"dateModified\":\"2021-06-24T17:12:20+00:00\",\"mainEntityOfPage\":{\"@id\":\"https:\\\/\\\/blogdacondessa.com.br\\\/blog\\\/saude\\\/doacao-de-sangue-em-mt-tem-queda-de-40\\\/\"},\"wordCount\":1017,\"commentCount\":0,\"image\":{\"@id\":\"https:\\\/\\\/blogdacondessa.com.br\\\/blog\\\/saude\\\/doacao-de-sangue-em-mt-tem-queda-de-40\\\/#primaryimage\"},\"thumbnailUrl\":\"https:\\\/\\\/blogdacondessa.com.br\\\/blog\\\/wp-content\\\/uploads\\\/2021\\\/06\\\/ddfd8772d2ae484b79556a5a46a1d42a_L.jpg\",\"articleSection\":[\"Sa\u00fade\"],\"inLanguage\":\"pt-BR\",\"potentialAction\":[{\"@type\":\"CommentAction\",\"name\":\"Comment\",\"target\":[\"https:\\\/\\\/blogdacondessa.com.br\\\/blog\\\/saude\\\/doacao-de-sangue-em-mt-tem-queda-de-40\\\/#respond\"]}]},{\"@type\":\"WebPage\",\"@id\":\"https:\\\/\\\/blogdacondessa.com.br\\\/blog\\\/saude\\\/doacao-de-sangue-em-mt-tem-queda-de-40\\\/\",\"url\":\"https:\\\/\\\/blogdacondessa.com.br\\\/blog\\\/saude\\\/doacao-de-sangue-em-mt-tem-queda-de-40\\\/\",\"name\":\"Doa\u00e7\u00e3o de sangue em MT tem queda de 40% &#8902; Blog da Condessa\",\"isPartOf\":{\"@id\":\"https:\\\/\\\/blogdacondessa.com.br\\\/blog\\\/#website\"},\"primaryImageOfPage\":{\"@id\":\"https:\\\/\\\/blogdacondessa.com.br\\\/blog\\\/saude\\\/doacao-de-sangue-em-mt-tem-queda-de-40\\\/#primaryimage\"},\"image\":{\"@id\":\"https:\\\/\\\/blogdacondessa.com.br\\\/blog\\\/saude\\\/doacao-de-sangue-em-mt-tem-queda-de-40\\\/#primaryimage\"},\"thumbnailUrl\":\"https:\\\/\\\/blogdacondessa.com.br\\\/blog\\\/wp-content\\\/uploads\\\/2021\\\/06\\\/ddfd8772d2ae484b79556a5a46a1d42a_L.jpg\",\"datePublished\":\"2021-06-18T09:00:00+00:00\",\"dateModified\":\"2021-06-24T17:12:20+00:00\",\"author\":{\"@id\":\"https:\\\/\\\/blogdacondessa.com.br\\\/blog\\\/#\\\/schema\\\/person\\\/1d667ff8b785195b568677489d266035\"},\"breadcrumb\":{\"@id\":\"https:\\\/\\\/blogdacondessa.com.br\\\/blog\\\/saude\\\/doacao-de-sangue-em-mt-tem-queda-de-40\\\/#breadcrumb\"},\"inLanguage\":\"pt-BR\",\"potentialAction\":[{\"@type\":\"ReadAction\",\"target\":[\"https:\\\/\\\/blogdacondessa.com.br\\\/blog\\\/saude\\\/doacao-de-sangue-em-mt-tem-queda-de-40\\\/\"]}]},{\"@type\":\"ImageObject\",\"inLanguage\":\"pt-BR\",\"@id\":\"https:\\\/\\\/blogdacondessa.com.br\\\/blog\\\/saude\\\/doacao-de-sangue-em-mt-tem-queda-de-40\\\/#primaryimage\",\"url\":\"https:\\\/\\\/blogdacondessa.com.br\\\/blog\\\/wp-content\\\/uploads\\\/2021\\\/06\\\/ddfd8772d2ae484b79556a5a46a1d42a_L.jpg\",\"contentUrl\":\"https:\\\/\\\/blogdacondessa.com.br\\\/blog\\\/wp-content\\\/uploads\\\/2021\\\/06\\\/ddfd8772d2ae484b79556a5a46a1d42a_L.jpg\",\"width\":600,\"height\":359},{\"@type\":\"BreadcrumbList\",\"@id\":\"https:\\\/\\\/blogdacondessa.com.br\\\/blog\\\/saude\\\/doacao-de-sangue-em-mt-tem-queda-de-40\\\/#breadcrumb\",\"itemListElement\":[{\"@type\":\"ListItem\",\"position\":1,\"name\":\"In\u00edcio\",\"item\":\"https:\\\/\\\/blogdacondessa.com.br\\\/blog\\\/\"},{\"@type\":\"ListItem\",\"position\":2,\"name\":\"Doa\u00e7\u00e3o de sangue em MT tem queda de 40%\"}]},{\"@type\":\"WebSite\",\"@id\":\"https:\\\/\\\/blogdacondessa.com.br\\\/blog\\\/#website\",\"url\":\"https:\\\/\\\/blogdacondessa.com.br\\\/blog\\\/\",\"name\":\"Blog da Condessa\",\"description\":\"Com Shirley de Souza O\u2019Campos\",\"potentialAction\":[{\"@type\":\"SearchAction\",\"target\":{\"@type\":\"EntryPoint\",\"urlTemplate\":\"https:\\\/\\\/blogdacondessa.com.br\\\/blog\\\/?s={search_term_string}\"},\"query-input\":{\"@type\":\"PropertyValueSpecification\",\"valueRequired\":true,\"valueName\":\"search_term_string\"}}],\"inLanguage\":\"pt-BR\"},{\"@type\":\"Person\",\"@id\":\"https:\\\/\\\/blogdacondessa.com.br\\\/blog\\\/#\\\/schema\\\/person\\\/1d667ff8b785195b568677489d266035\",\"name\":\"Blog da Condessa\",\"image\":{\"@type\":\"ImageObject\",\"inLanguage\":\"pt-BR\",\"@id\":\"https:\\\/\\\/secure.gravatar.com\\\/avatar\\\/377c0eb8b4ad2bfc25461b41564b5971e721ca34a57642868fc7b0c8ac7b52c5?s=96&d=mm&r=g\",\"url\":\"https:\\\/\\\/secure.gravatar.com\\\/avatar\\\/377c0eb8b4ad2bfc25461b41564b5971e721ca34a57642868fc7b0c8ac7b52c5?s=96&d=mm&r=g\",\"contentUrl\":\"https:\\\/\\\/secure.gravatar.com\\\/avatar\\\/377c0eb8b4ad2bfc25461b41564b5971e721ca34a57642868fc7b0c8ac7b52c5?s=96&d=mm&r=g\",\"caption\":\"Blog da Condessa\"},\"url\":\"https:\\\/\\\/blogdacondessa.com.br\\\/blog\\\/author\\\/beatriz\\\/\"}]}<\/script>\n<!-- \/ Yoast SEO plugin. -->","yoast_head_json":{"title":"Doa\u00e7\u00e3o de sangue em MT tem queda de 40% &#8902; Blog da Condessa","robots":{"index":"index","follow":"follow","max-snippet":"max-snippet:-1","max-image-preview":"max-image-preview:large","max-video-preview":"max-video-preview:-1"},"canonical":"https:\/\/blogdacondessa.com.br\/blog\/saude\/doacao-de-sangue-em-mt-tem-queda-de-40\/","og_locale":"pt_BR","og_type":"article","og_title":"Doa\u00e7\u00e3o de sangue em MT tem queda de 40% &#8902; Blog da Condessa","og_description":"Campanha Junho Vermelho visa refor\u00e7ar estoques de hemocentros. O Minist\u00e9rio da Sa\u00fade estima que, no ano passado, devido \u00e0 pandemia de covid-19,\u00a0o n\u00famero de doa\u00e7\u00f5es tenha diminu\u00eddo 20%, na compara\u00e7\u00e3o com o ano anterior. No primeiro trimestre de 2021, a taxa de doa\u00e7\u00e3o volunt\u00e1ria da popula\u00e7\u00e3o brasileira era de 1,6%, dentro do padr\u00e3o estabelecido pela [&hellip;]","og_url":"https:\/\/blogdacondessa.com.br\/blog\/saude\/doacao-de-sangue-em-mt-tem-queda-de-40\/","og_site_name":"Blog da Condessa","article_published_time":"2021-06-18T09:00:00+00:00","article_modified_time":"2021-06-24T17:12:20+00:00","og_image":[{"width":600,"height":359,"url":"https:\/\/blogdacondessa.com.br\/blog\/wp-content\/uploads\/2021\/06\/ddfd8772d2ae484b79556a5a46a1d42a_L.jpg","type":"image\/jpeg"}],"author":"Blog da Condessa","twitter_card":"summary_large_image","twitter_misc":{"Escrito por":"Blog da Condessa","Est. tempo de leitura":"5 minutos"},"schema":{"@context":"https:\/\/schema.org","@graph":[{"@type":"Article","@id":"https:\/\/blogdacondessa.com.br\/blog\/saude\/doacao-de-sangue-em-mt-tem-queda-de-40\/#article","isPartOf":{"@id":"https:\/\/blogdacondessa.com.br\/blog\/saude\/doacao-de-sangue-em-mt-tem-queda-de-40\/"},"author":{"name":"Blog da Condessa","@id":"https:\/\/blogdacondessa.com.br\/blog\/#\/schema\/person\/1d667ff8b785195b568677489d266035"},"headline":"Doa\u00e7\u00e3o de sangue em MT tem queda de 40%","datePublished":"2021-06-18T09:00:00+00:00","dateModified":"2021-06-24T17:12:20+00:00","mainEntityOfPage":{"@id":"https:\/\/blogdacondessa.com.br\/blog\/saude\/doacao-de-sangue-em-mt-tem-queda-de-40\/"},"wordCount":1017,"commentCount":0,"image":{"@id":"https:\/\/blogdacondessa.com.br\/blog\/saude\/doacao-de-sangue-em-mt-tem-queda-de-40\/#primaryimage"},"thumbnailUrl":"https:\/\/blogdacondessa.com.br\/blog\/wp-content\/uploads\/2021\/06\/ddfd8772d2ae484b79556a5a46a1d42a_L.jpg","articleSection":["Sa\u00fade"],"inLanguage":"pt-BR","potentialAction":[{"@type":"CommentAction","name":"Comment","target":["https:\/\/blogdacondessa.com.br\/blog\/saude\/doacao-de-sangue-em-mt-tem-queda-de-40\/#respond"]}]},{"@type":"WebPage","@id":"https:\/\/blogdacondessa.com.br\/blog\/saude\/doacao-de-sangue-em-mt-tem-queda-de-40\/","url":"https:\/\/blogdacondessa.com.br\/blog\/saude\/doacao-de-sangue-em-mt-tem-queda-de-40\/","name":"Doa\u00e7\u00e3o de sangue em MT tem queda de 40% &#8902; Blog da Condessa","isPartOf":{"@id":"https:\/\/blogdacondessa.com.br\/blog\/#website"},"primaryImageOfPage":{"@id":"https:\/\/blogdacondessa.com.br\/blog\/saude\/doacao-de-sangue-em-mt-tem-queda-de-40\/#primaryimage"},"image":{"@id":"https:\/\/blogdacondessa.com.br\/blog\/saude\/doacao-de-sangue-em-mt-tem-queda-de-40\/#primaryimage"},"thumbnailUrl":"https:\/\/blogdacondessa.com.br\/blog\/wp-content\/uploads\/2021\/06\/ddfd8772d2ae484b79556a5a46a1d42a_L.jpg","datePublished":"2021-06-18T09:00:00+00:00","dateModified":"2021-06-24T17:12:20+00:00","author":{"@id":"https:\/\/blogdacondessa.com.br\/blog\/#\/schema\/person\/1d667ff8b785195b568677489d266035"},"breadcrumb":{"@id":"https:\/\/blogdacondessa.com.br\/blog\/saude\/doacao-de-sangue-em-mt-tem-queda-de-40\/#breadcrumb"},"inLanguage":"pt-BR","potentialAction":[{"@type":"ReadAction","target":["https:\/\/blogdacondessa.com.br\/blog\/saude\/doacao-de-sangue-em-mt-tem-queda-de-40\/"]}]},{"@type":"ImageObject","inLanguage":"pt-BR","@id":"https:\/\/blogdacondessa.com.br\/blog\/saude\/doacao-de-sangue-em-mt-tem-queda-de-40\/#primaryimage","url":"https:\/\/blogdacondessa.com.br\/blog\/wp-content\/uploads\/2021\/06\/ddfd8772d2ae484b79556a5a46a1d42a_L.jpg","contentUrl":"https:\/\/blogdacondessa.com.br\/blog\/wp-content\/uploads\/2021\/06\/ddfd8772d2ae484b79556a5a46a1d42a_L.jpg","width":600,"height":359},{"@type":"BreadcrumbList","@id":"https:\/\/blogdacondessa.com.br\/blog\/saude\/doacao-de-sangue-em-mt-tem-queda-de-40\/#breadcrumb","itemListElement":[{"@type":"ListItem","position":1,"name":"In\u00edcio","item":"https:\/\/blogdacondessa.com.br\/blog\/"},{"@type":"ListItem","position":2,"name":"Doa\u00e7\u00e3o de sangue em MT tem queda de 40%"}]},{"@type":"WebSite","@id":"https:\/\/blogdacondessa.com.br\/blog\/#website","url":"https:\/\/blogdacondessa.com.br\/blog\/","name":"Blog da Condessa","description":"Com Shirley de Souza O\u2019Campos","potentialAction":[{"@type":"SearchAction","target":{"@type":"EntryPoint","urlTemplate":"https:\/\/blogdacondessa.com.br\/blog\/?s={search_term_string}"},"query-input":{"@type":"PropertyValueSpecification","valueRequired":true,"valueName":"search_term_string"}}],"inLanguage":"pt-BR"},{"@type":"Person","@id":"https:\/\/blogdacondessa.com.br\/blog\/#\/schema\/person\/1d667ff8b785195b568677489d266035","name":"Blog da Condessa","image":{"@type":"ImageObject","inLanguage":"pt-BR","@id":"https:\/\/secure.gravatar.com\/avatar\/377c0eb8b4ad2bfc25461b41564b5971e721ca34a57642868fc7b0c8ac7b52c5?s=96&d=mm&r=g","url":"https:\/\/secure.gravatar.com\/avatar\/377c0eb8b4ad2bfc25461b41564b5971e721ca34a57642868fc7b0c8ac7b52c5?s=96&d=mm&r=g","contentUrl":"https:\/\/secure.gravatar.com\/avatar\/377c0eb8b4ad2bfc25461b41564b5971e721ca34a57642868fc7b0c8ac7b52c5?s=96&d=mm&r=g","caption":"Blog da Condessa"},"url":"https:\/\/blogdacondessa.com.br\/blog\/author\/beatriz\/"}]}},"_links":{"self":[{"href":"https:\/\/blogdacondessa.com.br\/blog\/wp-json\/wp\/v2\/posts\/1337","targetHints":{"allow":["GET"]}}],"collection":[{"href":"https:\/\/blogdacondessa.com.br\/blog\/wp-json\/wp\/v2\/posts"}],"about":[{"href":"https:\/\/blogdacondessa.com.br\/blog\/wp-json\/wp\/v2\/types\/post"}],"author":[{"embeddable":true,"href":"https:\/\/blogdacondessa.com.br\/blog\/wp-json\/wp\/v2\/users\/2"}],"replies":[{"embeddable":true,"href":"https:\/\/blogdacondessa.com.br\/blog\/wp-json\/wp\/v2\/comments?post=1337"}],"version-history":[{"count":0,"href":"https:\/\/blogdacondessa.com.br\/blog\/wp-json\/wp\/v2\/posts\/1337\/revisions"}],"wp:featuredmedia":[{"embeddable":true,"href":"https:\/\/blogdacondessa.com.br\/blog\/wp-json\/wp\/v2\/media\/1852"}],"wp:attachment":[{"href":"https:\/\/blogdacondessa.com.br\/blog\/wp-json\/wp\/v2\/media?parent=1337"}],"wp:term":[{"taxonomy":"category","embeddable":true,"href":"https:\/\/blogdacondessa.com.br\/blog\/wp-json\/wp\/v2\/categories?post=1337"},{"taxonomy":"post_tag","embeddable":true,"href":"https:\/\/blogdacondessa.com.br\/blog\/wp-json\/wp\/v2\/tags?post=1337"}],"curies":[{"name":"wp","href":"https:\/\/api.w.org\/{rel}","templated":true}]}}