{"id":1329,"date":"2021-06-15T09:00:00","date_gmt":"2021-06-15T09:00:00","guid":{"rendered":"https:\/\/blogdacondessa.local\/meu-bem-querer-terra-de-todos-os-povos\/"},"modified":"2021-06-24T13:31:41","modified_gmt":"2021-06-24T13:31:41","slug":"meu-bem-querer-terra-de-todos-os-povos","status":"publish","type":"post","link":"https:\/\/blogdacondessa.com.br\/blog\/cidades\/meu-bem-querer-terra-de-todos-os-povos\/","title":{"rendered":"\u201cMeu Bem Querer, Terra de Todos os Povos\u201d"},"content":{"rendered":"<p><em>Projetos de escolas da rede municipal valorizam aspectos culturais de V\u00e1rzea Grande.<\/em><\/p>\n<p>Durante todo o m\u00eas de maio, quando se comemorou o anivers\u00e1rio de V\u00e1rzea Grande, as escolas da rede municipal de ensino realizaram v\u00e1rias atividades com os alunos sobre o tema, valorizando a hist\u00f3ria e cultura v\u00e1rzea-grandense. Uma dessas escolas \u00e9 a J\u00falio Corr\u00eaa, localizada no bairro S\u00e3o Mateus, que realizou na \u00faltima sexta-feira (11.06) a culmin\u00e2ncia dos trabalhos do projeto V\u00e1rzea Grande \u201cMeu Bem Querer, Terra de Todos os Povos\u201d.<\/p>\n<p>O evento contou com a presen\u00e7a da primeira-dama do munic\u00edpio, a promotora de Justi\u00e7a Kika Doril\u00eao Baracat, do secret\u00e1rio de Educa\u00e7\u00e3o, Cultura, Esporte e Lazer, Silvio Fidelis, do vereador Enfermeiro Emerson, da superintendente Pedag\u00f3gica, Luz Marina Coelho, e de t\u00e9cnicos da Secretaria. \u00a0<\/p>\n<p>Conforme explicou o secret\u00e1rio Silvio Fidelis, durante o m\u00eas de maio as unidades de ensino da rede municipal trabalharam o tema sobre o anivers\u00e1rio de V\u00e1rzea Grande, fazendo um resgate da hist\u00f3ria, da cultura, da gastronomia e de tudo que diz respeito \u00e0 cidade. \u201cOs professores foram orientados pela dire\u00e7\u00e3o e coordena\u00e7\u00e3o pedag\u00f3gica a incentivar a leitura e buscar materiais que mostrassem a hist\u00f3ria do munic\u00edpio, evidenciando a import\u00e2ncia da m\u00fasica, da dan\u00e7a, da gastronomia, e o resultado final desses trabalhos e de todo esse envolvimento puderam ser mostrados nas culmin\u00e2ncias, como est\u00e1 ocorrendo aqui hoje\u201d.<\/p>\n<p>A diretora da escola, Daluza Benedita de Arruda, explica que o tema foi trabalhado com os alunos em produ\u00e7\u00f5es de textos, poesias, acr\u00f3sticos e desenhos. \u00a0\u201cO objetivo do projeto \u00e9 resgatar a identidade de V\u00e1rzea Grande, valorizando a nossa cultura, a nossa culin\u00e1ria, ou seja, as coisas tradicionais do munic\u00edpio\u201d.<\/p>\n<p>A diretora lembrou que a escola J\u00falio Corr\u00eaa foi inaugurada h\u00e1 23 anos, no mesmo dia do anivers\u00e1rio de V\u00e1rzea Grande, e nada poderia ser mais especial do que fazer uma homenagem \u00e0 cidade. \u201c\u00c9 muito gratificante ter a presen\u00e7a da primeira-dama aqui na nossa escola nesse dia. Ela veio engrandecer ainda mais o que o nosso prefeito est\u00e1 fazendo pela nossa cidade, que \u00e9 valorizar a nossa educa\u00e7\u00e3o, nossa cultura, esporte e lazer\u201d.<\/p>\n<p>A primeira-dama elogiou o trabalho da escola e destacou a import\u00e2ncia de trabalhar o tema com os alunos desde cedo para que conhe\u00e7am a cultura local e ela nunca seja apagada. \u201cParabenizo o secret\u00e1rio Silvio Fidelis por ter esse olhar para a cultura do munic\u00edpio. \u00c9 muito importante que as crian\u00e7as e os adolescentes cres\u00e7am conhecendo e valorizando o nosso artesanato, a nossa comida, as nossas festas tradicionais, porque um povo sem cultura \u00e9 um povo sem hist\u00f3ria. Fico muito feliz em perceber que desde cedo a educa\u00e7\u00e3o municipal est\u00e1 valorizando todos os aspectos da cultura v\u00e1rzea-grandense\u201d.<\/p>\n<p>Kika Doril\u00eao destacou ainda que se sente feliz em ver que, mesmo nesse per\u00edodo de pandemia, a escola n\u00e3o parou e que os professores e o munic\u00edpio se fizeram presentes na vida dos alunos. \u201cTodos esses trabalhos demonstram que voc\u00eas foram vitoriosos e conseguiram, mesmo nesse per\u00edodo dif\u00edcil, continuar exercendo a fun\u00e7\u00e3o de voc\u00eas que \u00e9 a de educar\u201d, ressaltou.<\/p>\n<p>\u201cHoje, vejo aqui nessa escola, em cada detalhe e em cada trabalho aqui exposto e apresentado, que voc\u00eas fizeram isso com muito esmero e conseguiram fazer, efetivamente, com que a educa\u00e7\u00e3o municipal n\u00e3o parasse e que os alunos do munic\u00edpio continuassem sendo atendidos\u201d, destacou a primeira-dama.\u00a0<\/p>\n<p>\u00a0<\/p>\n","protected":false},"excerpt":{"rendered":"<p>Projetos de escolas da rede municipal valorizam aspectos culturais de V\u00e1rzea Grande. Durante todo o m\u00eas de maio, quando se comemorou o anivers\u00e1rio de V\u00e1rzea Grande, as escolas da rede municipal de ensino realizaram v\u00e1rias atividades com os alunos sobre o tema, valorizando a hist\u00f3ria e cultura v\u00e1rzea-grandense. Uma dessas escolas \u00e9 a J\u00falio Corr\u00eaa, [&hellip;]<\/p>\n","protected":false},"author":2,"featured_media":1440,"comment_status":"open","ping_status":"closed","sticky":false,"template":"","format":"standard","meta":{"iawp_total_views":3,"footnotes":""},"categories":[12],"tags":[],"class_list":["post-1329","post","type-post","status-publish","format-standard","has-post-thumbnail","hentry","category-cidades"],"yoast_head":"<!-- This site is optimized with the Yoast SEO plugin v27.3 - https:\/\/yoast.com\/product\/yoast-seo-wordpress\/ -->\n<title>\u201cMeu Bem Querer, Terra de Todos os Povos\u201d &#8902; Blog da Condessa<\/title>\n<meta name=\"robots\" content=\"index, follow, max-snippet:-1, max-image-preview:large, max-video-preview:-1\" \/>\n<link rel=\"canonical\" href=\"https:\/\/blogdacondessa.com.br\/blog\/cidades\/meu-bem-querer-terra-de-todos-os-povos\/\" \/>\n<meta property=\"og:locale\" content=\"pt_BR\" \/>\n<meta property=\"og:type\" content=\"article\" \/>\n<meta property=\"og:title\" content=\"\u201cMeu Bem Querer, Terra de Todos os Povos\u201d &#8902; Blog da Condessa\" \/>\n<meta property=\"og:description\" content=\"Projetos de escolas da rede municipal valorizam aspectos culturais de V\u00e1rzea Grande. Durante todo o m\u00eas de maio, quando se comemorou o anivers\u00e1rio de V\u00e1rzea Grande, as escolas da rede municipal de ensino realizaram v\u00e1rias atividades com os alunos sobre o tema, valorizando a hist\u00f3ria e cultura v\u00e1rzea-grandense. Uma dessas escolas \u00e9 a J\u00falio Corr\u00eaa, [&hellip;]\" \/>\n<meta property=\"og:url\" content=\"https:\/\/blogdacondessa.com.br\/blog\/cidades\/meu-bem-querer-terra-de-todos-os-povos\/\" \/>\n<meta property=\"og:site_name\" content=\"Blog da Condessa\" \/>\n<meta property=\"article:published_time\" content=\"2021-06-15T09:00:00+00:00\" \/>\n<meta property=\"article:modified_time\" content=\"2021-06-24T13:31:41+00:00\" \/>\n<meta property=\"og:image\" content=\"https:\/\/blogdacondessa.com.br\/blog\/wp-content\/uploads\/2021\/06\/dc52d5c5f54b7db2dfd2aae465dc6ccd_L.jpg\" \/>\n\t<meta property=\"og:image:width\" content=\"600\" \/>\n\t<meta property=\"og:image:height\" content=\"400\" \/>\n\t<meta property=\"og:image:type\" content=\"image\/jpeg\" \/>\n<meta name=\"author\" content=\"Blog da Condessa\" \/>\n<meta name=\"twitter:card\" content=\"summary_large_image\" \/>\n<meta name=\"twitter:label1\" content=\"Escrito por\" \/>\n\t<meta name=\"twitter:data1\" content=\"Blog da Condessa\" \/>\n\t<meta name=\"twitter:label2\" content=\"Est. tempo de leitura\" \/>\n\t<meta name=\"twitter:data2\" content=\"3 minutos\" \/>\n<script type=\"application\/ld+json\" class=\"yoast-schema-graph\">{\"@context\":\"https:\\\/\\\/schema.org\",\"@graph\":[{\"@type\":\"Article\",\"@id\":\"https:\\\/\\\/blogdacondessa.com.br\\\/blog\\\/cidades\\\/meu-bem-querer-terra-de-todos-os-povos\\\/#article\",\"isPartOf\":{\"@id\":\"https:\\\/\\\/blogdacondessa.com.br\\\/blog\\\/cidades\\\/meu-bem-querer-terra-de-todos-os-povos\\\/\"},\"author\":{\"name\":\"Blog da Condessa\",\"@id\":\"https:\\\/\\\/blogdacondessa.com.br\\\/blog\\\/#\\\/schema\\\/person\\\/1d667ff8b785195b568677489d266035\"},\"headline\":\"\u201cMeu Bem Querer, Terra de Todos os Povos\u201d\",\"datePublished\":\"2021-06-15T09:00:00+00:00\",\"dateModified\":\"2021-06-24T13:31:41+00:00\",\"mainEntityOfPage\":{\"@id\":\"https:\\\/\\\/blogdacondessa.com.br\\\/blog\\\/cidades\\\/meu-bem-querer-terra-de-todos-os-povos\\\/\"},\"wordCount\":611,\"commentCount\":0,\"image\":{\"@id\":\"https:\\\/\\\/blogdacondessa.com.br\\\/blog\\\/cidades\\\/meu-bem-querer-terra-de-todos-os-povos\\\/#primaryimage\"},\"thumbnailUrl\":\"https:\\\/\\\/blogdacondessa.com.br\\\/blog\\\/wp-content\\\/uploads\\\/2021\\\/06\\\/dc52d5c5f54b7db2dfd2aae465dc6ccd_L.jpg\",\"articleSection\":[\"Cidades\"],\"inLanguage\":\"pt-BR\",\"potentialAction\":[{\"@type\":\"CommentAction\",\"name\":\"Comment\",\"target\":[\"https:\\\/\\\/blogdacondessa.com.br\\\/blog\\\/cidades\\\/meu-bem-querer-terra-de-todos-os-povos\\\/#respond\"]}]},{\"@type\":\"WebPage\",\"@id\":\"https:\\\/\\\/blogdacondessa.com.br\\\/blog\\\/cidades\\\/meu-bem-querer-terra-de-todos-os-povos\\\/\",\"url\":\"https:\\\/\\\/blogdacondessa.com.br\\\/blog\\\/cidades\\\/meu-bem-querer-terra-de-todos-os-povos\\\/\",\"name\":\"\u201cMeu Bem Querer, Terra de Todos os Povos\u201d &#8902; Blog da Condessa\",\"isPartOf\":{\"@id\":\"https:\\\/\\\/blogdacondessa.com.br\\\/blog\\\/#website\"},\"primaryImageOfPage\":{\"@id\":\"https:\\\/\\\/blogdacondessa.com.br\\\/blog\\\/cidades\\\/meu-bem-querer-terra-de-todos-os-povos\\\/#primaryimage\"},\"image\":{\"@id\":\"https:\\\/\\\/blogdacondessa.com.br\\\/blog\\\/cidades\\\/meu-bem-querer-terra-de-todos-os-povos\\\/#primaryimage\"},\"thumbnailUrl\":\"https:\\\/\\\/blogdacondessa.com.br\\\/blog\\\/wp-content\\\/uploads\\\/2021\\\/06\\\/dc52d5c5f54b7db2dfd2aae465dc6ccd_L.jpg\",\"datePublished\":\"2021-06-15T09:00:00+00:00\",\"dateModified\":\"2021-06-24T13:31:41+00:00\",\"author\":{\"@id\":\"https:\\\/\\\/blogdacondessa.com.br\\\/blog\\\/#\\\/schema\\\/person\\\/1d667ff8b785195b568677489d266035\"},\"breadcrumb\":{\"@id\":\"https:\\\/\\\/blogdacondessa.com.br\\\/blog\\\/cidades\\\/meu-bem-querer-terra-de-todos-os-povos\\\/#breadcrumb\"},\"inLanguage\":\"pt-BR\",\"potentialAction\":[{\"@type\":\"ReadAction\",\"target\":[\"https:\\\/\\\/blogdacondessa.com.br\\\/blog\\\/cidades\\\/meu-bem-querer-terra-de-todos-os-povos\\\/\"]}]},{\"@type\":\"ImageObject\",\"inLanguage\":\"pt-BR\",\"@id\":\"https:\\\/\\\/blogdacondessa.com.br\\\/blog\\\/cidades\\\/meu-bem-querer-terra-de-todos-os-povos\\\/#primaryimage\",\"url\":\"https:\\\/\\\/blogdacondessa.com.br\\\/blog\\\/wp-content\\\/uploads\\\/2021\\\/06\\\/dc52d5c5f54b7db2dfd2aae465dc6ccd_L.jpg\",\"contentUrl\":\"https:\\\/\\\/blogdacondessa.com.br\\\/blog\\\/wp-content\\\/uploads\\\/2021\\\/06\\\/dc52d5c5f54b7db2dfd2aae465dc6ccd_L.jpg\",\"width\":600,\"height\":400},{\"@type\":\"BreadcrumbList\",\"@id\":\"https:\\\/\\\/blogdacondessa.com.br\\\/blog\\\/cidades\\\/meu-bem-querer-terra-de-todos-os-povos\\\/#breadcrumb\",\"itemListElement\":[{\"@type\":\"ListItem\",\"position\":1,\"name\":\"In\u00edcio\",\"item\":\"https:\\\/\\\/blogdacondessa.com.br\\\/blog\\\/\"},{\"@type\":\"ListItem\",\"position\":2,\"name\":\"\u201cMeu Bem Querer, Terra de Todos os Povos\u201d\"}]},{\"@type\":\"WebSite\",\"@id\":\"https:\\\/\\\/blogdacondessa.com.br\\\/blog\\\/#website\",\"url\":\"https:\\\/\\\/blogdacondessa.com.br\\\/blog\\\/\",\"name\":\"Blog da Condessa\",\"description\":\"Com Shirley de Souza O\u2019Campos\",\"potentialAction\":[{\"@type\":\"SearchAction\",\"target\":{\"@type\":\"EntryPoint\",\"urlTemplate\":\"https:\\\/\\\/blogdacondessa.com.br\\\/blog\\\/?s={search_term_string}\"},\"query-input\":{\"@type\":\"PropertyValueSpecification\",\"valueRequired\":true,\"valueName\":\"search_term_string\"}}],\"inLanguage\":\"pt-BR\"},{\"@type\":\"Person\",\"@id\":\"https:\\\/\\\/blogdacondessa.com.br\\\/blog\\\/#\\\/schema\\\/person\\\/1d667ff8b785195b568677489d266035\",\"name\":\"Blog da Condessa\",\"image\":{\"@type\":\"ImageObject\",\"inLanguage\":\"pt-BR\",\"@id\":\"https:\\\/\\\/secure.gravatar.com\\\/avatar\\\/377c0eb8b4ad2bfc25461b41564b5971e721ca34a57642868fc7b0c8ac7b52c5?s=96&d=mm&r=g\",\"url\":\"https:\\\/\\\/secure.gravatar.com\\\/avatar\\\/377c0eb8b4ad2bfc25461b41564b5971e721ca34a57642868fc7b0c8ac7b52c5?s=96&d=mm&r=g\",\"contentUrl\":\"https:\\\/\\\/secure.gravatar.com\\\/avatar\\\/377c0eb8b4ad2bfc25461b41564b5971e721ca34a57642868fc7b0c8ac7b52c5?s=96&d=mm&r=g\",\"caption\":\"Blog da Condessa\"},\"url\":\"https:\\\/\\\/blogdacondessa.com.br\\\/blog\\\/author\\\/beatriz\\\/\"}]}<\/script>\n<!-- \/ Yoast SEO plugin. -->","yoast_head_json":{"title":"\u201cMeu Bem Querer, Terra de Todos os Povos\u201d &#8902; Blog da Condessa","robots":{"index":"index","follow":"follow","max-snippet":"max-snippet:-1","max-image-preview":"max-image-preview:large","max-video-preview":"max-video-preview:-1"},"canonical":"https:\/\/blogdacondessa.com.br\/blog\/cidades\/meu-bem-querer-terra-de-todos-os-povos\/","og_locale":"pt_BR","og_type":"article","og_title":"\u201cMeu Bem Querer, Terra de Todos os Povos\u201d &#8902; Blog da Condessa","og_description":"Projetos de escolas da rede municipal valorizam aspectos culturais de V\u00e1rzea Grande. Durante todo o m\u00eas de maio, quando se comemorou o anivers\u00e1rio de V\u00e1rzea Grande, as escolas da rede municipal de ensino realizaram v\u00e1rias atividades com os alunos sobre o tema, valorizando a hist\u00f3ria e cultura v\u00e1rzea-grandense. Uma dessas escolas \u00e9 a J\u00falio Corr\u00eaa, [&hellip;]","og_url":"https:\/\/blogdacondessa.com.br\/blog\/cidades\/meu-bem-querer-terra-de-todos-os-povos\/","og_site_name":"Blog da Condessa","article_published_time":"2021-06-15T09:00:00+00:00","article_modified_time":"2021-06-24T13:31:41+00:00","og_image":[{"width":600,"height":400,"url":"https:\/\/blogdacondessa.com.br\/blog\/wp-content\/uploads\/2021\/06\/dc52d5c5f54b7db2dfd2aae465dc6ccd_L.jpg","type":"image\/jpeg"}],"author":"Blog da Condessa","twitter_card":"summary_large_image","twitter_misc":{"Escrito por":"Blog da Condessa","Est. tempo de leitura":"3 minutos"},"schema":{"@context":"https:\/\/schema.org","@graph":[{"@type":"Article","@id":"https:\/\/blogdacondessa.com.br\/blog\/cidades\/meu-bem-querer-terra-de-todos-os-povos\/#article","isPartOf":{"@id":"https:\/\/blogdacondessa.com.br\/blog\/cidades\/meu-bem-querer-terra-de-todos-os-povos\/"},"author":{"name":"Blog da Condessa","@id":"https:\/\/blogdacondessa.com.br\/blog\/#\/schema\/person\/1d667ff8b785195b568677489d266035"},"headline":"\u201cMeu Bem Querer, Terra de Todos os Povos\u201d","datePublished":"2021-06-15T09:00:00+00:00","dateModified":"2021-06-24T13:31:41+00:00","mainEntityOfPage":{"@id":"https:\/\/blogdacondessa.com.br\/blog\/cidades\/meu-bem-querer-terra-de-todos-os-povos\/"},"wordCount":611,"commentCount":0,"image":{"@id":"https:\/\/blogdacondessa.com.br\/blog\/cidades\/meu-bem-querer-terra-de-todos-os-povos\/#primaryimage"},"thumbnailUrl":"https:\/\/blogdacondessa.com.br\/blog\/wp-content\/uploads\/2021\/06\/dc52d5c5f54b7db2dfd2aae465dc6ccd_L.jpg","articleSection":["Cidades"],"inLanguage":"pt-BR","potentialAction":[{"@type":"CommentAction","name":"Comment","target":["https:\/\/blogdacondessa.com.br\/blog\/cidades\/meu-bem-querer-terra-de-todos-os-povos\/#respond"]}]},{"@type":"WebPage","@id":"https:\/\/blogdacondessa.com.br\/blog\/cidades\/meu-bem-querer-terra-de-todos-os-povos\/","url":"https:\/\/blogdacondessa.com.br\/blog\/cidades\/meu-bem-querer-terra-de-todos-os-povos\/","name":"\u201cMeu Bem Querer, Terra de Todos os Povos\u201d &#8902; Blog da Condessa","isPartOf":{"@id":"https:\/\/blogdacondessa.com.br\/blog\/#website"},"primaryImageOfPage":{"@id":"https:\/\/blogdacondessa.com.br\/blog\/cidades\/meu-bem-querer-terra-de-todos-os-povos\/#primaryimage"},"image":{"@id":"https:\/\/blogdacondessa.com.br\/blog\/cidades\/meu-bem-querer-terra-de-todos-os-povos\/#primaryimage"},"thumbnailUrl":"https:\/\/blogdacondessa.com.br\/blog\/wp-content\/uploads\/2021\/06\/dc52d5c5f54b7db2dfd2aae465dc6ccd_L.jpg","datePublished":"2021-06-15T09:00:00+00:00","dateModified":"2021-06-24T13:31:41+00:00","author":{"@id":"https:\/\/blogdacondessa.com.br\/blog\/#\/schema\/person\/1d667ff8b785195b568677489d266035"},"breadcrumb":{"@id":"https:\/\/blogdacondessa.com.br\/blog\/cidades\/meu-bem-querer-terra-de-todos-os-povos\/#breadcrumb"},"inLanguage":"pt-BR","potentialAction":[{"@type":"ReadAction","target":["https:\/\/blogdacondessa.com.br\/blog\/cidades\/meu-bem-querer-terra-de-todos-os-povos\/"]}]},{"@type":"ImageObject","inLanguage":"pt-BR","@id":"https:\/\/blogdacondessa.com.br\/blog\/cidades\/meu-bem-querer-terra-de-todos-os-povos\/#primaryimage","url":"https:\/\/blogdacondessa.com.br\/blog\/wp-content\/uploads\/2021\/06\/dc52d5c5f54b7db2dfd2aae465dc6ccd_L.jpg","contentUrl":"https:\/\/blogdacondessa.com.br\/blog\/wp-content\/uploads\/2021\/06\/dc52d5c5f54b7db2dfd2aae465dc6ccd_L.jpg","width":600,"height":400},{"@type":"BreadcrumbList","@id":"https:\/\/blogdacondessa.com.br\/blog\/cidades\/meu-bem-querer-terra-de-todos-os-povos\/#breadcrumb","itemListElement":[{"@type":"ListItem","position":1,"name":"In\u00edcio","item":"https:\/\/blogdacondessa.com.br\/blog\/"},{"@type":"ListItem","position":2,"name":"\u201cMeu Bem Querer, Terra de Todos os Povos\u201d"}]},{"@type":"WebSite","@id":"https:\/\/blogdacondessa.com.br\/blog\/#website","url":"https:\/\/blogdacondessa.com.br\/blog\/","name":"Blog da Condessa","description":"Com Shirley de Souza O\u2019Campos","potentialAction":[{"@type":"SearchAction","target":{"@type":"EntryPoint","urlTemplate":"https:\/\/blogdacondessa.com.br\/blog\/?s={search_term_string}"},"query-input":{"@type":"PropertyValueSpecification","valueRequired":true,"valueName":"search_term_string"}}],"inLanguage":"pt-BR"},{"@type":"Person","@id":"https:\/\/blogdacondessa.com.br\/blog\/#\/schema\/person\/1d667ff8b785195b568677489d266035","name":"Blog da Condessa","image":{"@type":"ImageObject","inLanguage":"pt-BR","@id":"https:\/\/secure.gravatar.com\/avatar\/377c0eb8b4ad2bfc25461b41564b5971e721ca34a57642868fc7b0c8ac7b52c5?s=96&d=mm&r=g","url":"https:\/\/secure.gravatar.com\/avatar\/377c0eb8b4ad2bfc25461b41564b5971e721ca34a57642868fc7b0c8ac7b52c5?s=96&d=mm&r=g","contentUrl":"https:\/\/secure.gravatar.com\/avatar\/377c0eb8b4ad2bfc25461b41564b5971e721ca34a57642868fc7b0c8ac7b52c5?s=96&d=mm&r=g","caption":"Blog da Condessa"},"url":"https:\/\/blogdacondessa.com.br\/blog\/author\/beatriz\/"}]}},"_links":{"self":[{"href":"https:\/\/blogdacondessa.com.br\/blog\/wp-json\/wp\/v2\/posts\/1329","targetHints":{"allow":["GET"]}}],"collection":[{"href":"https:\/\/blogdacondessa.com.br\/blog\/wp-json\/wp\/v2\/posts"}],"about":[{"href":"https:\/\/blogdacondessa.com.br\/blog\/wp-json\/wp\/v2\/types\/post"}],"author":[{"embeddable":true,"href":"https:\/\/blogdacondessa.com.br\/blog\/wp-json\/wp\/v2\/users\/2"}],"replies":[{"embeddable":true,"href":"https:\/\/blogdacondessa.com.br\/blog\/wp-json\/wp\/v2\/comments?post=1329"}],"version-history":[{"count":0,"href":"https:\/\/blogdacondessa.com.br\/blog\/wp-json\/wp\/v2\/posts\/1329\/revisions"}],"wp:featuredmedia":[{"embeddable":true,"href":"https:\/\/blogdacondessa.com.br\/blog\/wp-json\/wp\/v2\/media\/1440"}],"wp:attachment":[{"href":"https:\/\/blogdacondessa.com.br\/blog\/wp-json\/wp\/v2\/media?parent=1329"}],"wp:term":[{"taxonomy":"category","embeddable":true,"href":"https:\/\/blogdacondessa.com.br\/blog\/wp-json\/wp\/v2\/categories?post=1329"},{"taxonomy":"post_tag","embeddable":true,"href":"https:\/\/blogdacondessa.com.br\/blog\/wp-json\/wp\/v2\/tags?post=1329"}],"curies":[{"name":"wp","href":"https:\/\/api.w.org\/{rel}","templated":true}]}}