{"id":1327,"date":"2021-06-15T09:00:00","date_gmt":"2021-06-15T09:00:00","guid":{"rendered":"https:\/\/blogdacondessa.local\/casamento-abencoado\/"},"modified":"2021-06-24T13:31:00","modified_gmt":"2021-06-24T13:31:00","slug":"casamento-abencoado","status":"publish","type":"post","link":"https:\/\/blogdacondessa.com.br\/blog\/cidades\/casamento-abencoado\/","title":{"rendered":"\u201cCasamento Aben\u00e7oado\u201d"},"content":{"rendered":"<p><em>Inscri\u00e7\u00f5es podem ser feitas at\u00e9 25 de junho. A iniciativa abrange todas as religi\u00f5es, pessoas com defici\u00eancias e tamb\u00e9m casais LGBTQ+<\/em><\/p>\n<p>Terminam na pr\u00f3xima semana as inscri\u00e7\u00f5es para o Casamento Aben\u00e7oado. \u00a0Os casais do Estado que desejarem oficializar sua uni\u00e3o podem se inscrever at\u00e9 a sexta-feira (25.06). A a\u00e7\u00e3o, que deve reunir mais de 3 mil casais, \u00e9 coordenada pela primeira-dama de Mato Grosso, Virginia Mendes, por meio da Unidade de A\u00e7\u00f5es Sociais e Aten\u00e7\u00e3o \u00e0 Fam\u00edlia (UNAF), e execu\u00e7\u00e3o direta da Secretaria de Estado de Assist\u00eancia Social e Cidadania (Setasc).\u00a0A iniciativa abrange todas as religi\u00f5es, pessoas com defici\u00eancias e tamb\u00e9m casais LGBTQ+.<\/p>\n<p>A secret\u00e1ria de Assist\u00eancia Social e Cidadania (Setasc), Rosamaria Carvalho, explica que o objetivo da a\u00e7\u00e3o \u00e9 oportunizar de forma gratuita aos casais a seguran\u00e7a jur\u00eddica por meio da regulariza\u00e7\u00e3o civil matrimonial, al\u00e9m de possibilitar o fortalecimento da uni\u00e3o familiar.\u00a0A iniciativa ir\u00e1 atender casais com renda total de at\u00e9 tr\u00eas sal\u00e1rios m\u00ednimos e cadastrados no CAD\u00danico.<\/p>\n<p>As inscri\u00e7\u00f5es s\u00e3o gratuitas e podem ser feitas de duas formas: pelo e-mail cidadania@setasc.mt.gov.br, encaminhando c\u00f3pia do RG e CPF junto com o Formul\u00e1rio de Inscri\u00e7\u00e3o preenchido;\u00a0presencialmente, levando os documentos pessoais at\u00e9 a sede da Setasc, localizada no Centro Pol\u00edtico e Administrativo;\u00a0ou, ainda, na sede do Procon Estadual, localizado na Rua Baltazar Navarros, n\u00b0567, Bairro Bandeirantes.\u00a0<\/p>\n<p>Outras informa\u00e7\u00f5es sobre os pr\u00e9-requisitos e documentos necess\u00e1rios podem ser obtidas nos sites do Governo de Mato Grosso (<a href=\"http:\/\/www.mt.gov.br\/\">www.mt.gov.br<\/a>) e da Setasc\u00a0(<a href=\"http:\/\/www.setasc.mt.gov.br\/\">www.setasc.mt.gov.br<\/a>), ou\u00a0pelo telefone (65) 3613-5726.<\/p>\n<p>\u00a0<\/p>\n","protected":false},"excerpt":{"rendered":"<p>Inscri\u00e7\u00f5es podem ser feitas at\u00e9 25 de junho. A iniciativa abrange todas as religi\u00f5es, pessoas com defici\u00eancias e tamb\u00e9m casais LGBTQ+ Terminam na pr\u00f3xima semana as inscri\u00e7\u00f5es para o Casamento Aben\u00e7oado. \u00a0Os casais do Estado que desejarem oficializar sua uni\u00e3o podem se inscrever at\u00e9 a sexta-feira (25.06). A a\u00e7\u00e3o, que deve reunir mais de 3 [&hellip;]<\/p>\n","protected":false},"author":2,"featured_media":1438,"comment_status":"open","ping_status":"closed","sticky":false,"template":"","format":"standard","meta":{"iawp_total_views":0,"footnotes":""},"categories":[12],"tags":[],"class_list":["post-1327","post","type-post","status-publish","format-standard","has-post-thumbnail","hentry","category-cidades"],"yoast_head":"<!-- This site is optimized with the Yoast SEO plugin v27.3 - https:\/\/yoast.com\/product\/yoast-seo-wordpress\/ -->\n<title>\u201cCasamento Aben\u00e7oado\u201d &#8902; Blog da Condessa<\/title>\n<meta name=\"robots\" content=\"index, follow, max-snippet:-1, max-image-preview:large, max-video-preview:-1\" \/>\n<link rel=\"canonical\" href=\"https:\/\/blogdacondessa.com.br\/blog\/cidades\/casamento-abencoado\/\" \/>\n<meta property=\"og:locale\" content=\"pt_BR\" \/>\n<meta property=\"og:type\" content=\"article\" \/>\n<meta property=\"og:title\" content=\"\u201cCasamento Aben\u00e7oado\u201d &#8902; Blog da Condessa\" \/>\n<meta property=\"og:description\" content=\"Inscri\u00e7\u00f5es podem ser feitas at\u00e9 25 de junho. A iniciativa abrange todas as religi\u00f5es, pessoas com defici\u00eancias e tamb\u00e9m casais LGBTQ+ Terminam na pr\u00f3xima semana as inscri\u00e7\u00f5es para o Casamento Aben\u00e7oado. \u00a0Os casais do Estado que desejarem oficializar sua uni\u00e3o podem se inscrever at\u00e9 a sexta-feira (25.06). A a\u00e7\u00e3o, que deve reunir mais de 3 [&hellip;]\" \/>\n<meta property=\"og:url\" content=\"https:\/\/blogdacondessa.com.br\/blog\/cidades\/casamento-abencoado\/\" \/>\n<meta property=\"og:site_name\" content=\"Blog da Condessa\" \/>\n<meta property=\"article:published_time\" content=\"2021-06-15T09:00:00+00:00\" \/>\n<meta property=\"article:modified_time\" content=\"2021-06-24T13:31:00+00:00\" \/>\n<meta property=\"og:image\" content=\"https:\/\/blogdacondessa.com.br\/blog\/wp-content\/uploads\/2021\/06\/f3936a34196075e664661d8cca9d22c7_L.jpg\" \/>\n\t<meta property=\"og:image:width\" content=\"600\" \/>\n\t<meta property=\"og:image:height\" content=\"352\" \/>\n\t<meta property=\"og:image:type\" content=\"image\/jpeg\" \/>\n<meta name=\"author\" content=\"Blog da Condessa\" \/>\n<meta name=\"twitter:card\" content=\"summary_large_image\" \/>\n<meta name=\"twitter:label1\" content=\"Escrito por\" \/>\n\t<meta name=\"twitter:data1\" content=\"Blog da Condessa\" \/>\n\t<meta name=\"twitter:label2\" content=\"Est. tempo de leitura\" \/>\n\t<meta name=\"twitter:data2\" content=\"1 minuto\" \/>\n<script type=\"application\/ld+json\" class=\"yoast-schema-graph\">{\"@context\":\"https:\\\/\\\/schema.org\",\"@graph\":[{\"@type\":\"Article\",\"@id\":\"https:\\\/\\\/blogdacondessa.com.br\\\/blog\\\/cidades\\\/casamento-abencoado\\\/#article\",\"isPartOf\":{\"@id\":\"https:\\\/\\\/blogdacondessa.com.br\\\/blog\\\/cidades\\\/casamento-abencoado\\\/\"},\"author\":{\"name\":\"Blog da Condessa\",\"@id\":\"https:\\\/\\\/blogdacondessa.com.br\\\/blog\\\/#\\\/schema\\\/person\\\/1d667ff8b785195b568677489d266035\"},\"headline\":\"\u201cCasamento Aben\u00e7oado\u201d\",\"datePublished\":\"2021-06-15T09:00:00+00:00\",\"dateModified\":\"2021-06-24T13:31:00+00:00\",\"mainEntityOfPage\":{\"@id\":\"https:\\\/\\\/blogdacondessa.com.br\\\/blog\\\/cidades\\\/casamento-abencoado\\\/\"},\"wordCount\":292,\"commentCount\":0,\"image\":{\"@id\":\"https:\\\/\\\/blogdacondessa.com.br\\\/blog\\\/cidades\\\/casamento-abencoado\\\/#primaryimage\"},\"thumbnailUrl\":\"https:\\\/\\\/blogdacondessa.com.br\\\/blog\\\/wp-content\\\/uploads\\\/2021\\\/06\\\/f3936a34196075e664661d8cca9d22c7_L.jpg\",\"articleSection\":[\"Cidades\"],\"inLanguage\":\"pt-BR\",\"potentialAction\":[{\"@type\":\"CommentAction\",\"name\":\"Comment\",\"target\":[\"https:\\\/\\\/blogdacondessa.com.br\\\/blog\\\/cidades\\\/casamento-abencoado\\\/#respond\"]}]},{\"@type\":\"WebPage\",\"@id\":\"https:\\\/\\\/blogdacondessa.com.br\\\/blog\\\/cidades\\\/casamento-abencoado\\\/\",\"url\":\"https:\\\/\\\/blogdacondessa.com.br\\\/blog\\\/cidades\\\/casamento-abencoado\\\/\",\"name\":\"\u201cCasamento Aben\u00e7oado\u201d &#8902; Blog da Condessa\",\"isPartOf\":{\"@id\":\"https:\\\/\\\/blogdacondessa.com.br\\\/blog\\\/#website\"},\"primaryImageOfPage\":{\"@id\":\"https:\\\/\\\/blogdacondessa.com.br\\\/blog\\\/cidades\\\/casamento-abencoado\\\/#primaryimage\"},\"image\":{\"@id\":\"https:\\\/\\\/blogdacondessa.com.br\\\/blog\\\/cidades\\\/casamento-abencoado\\\/#primaryimage\"},\"thumbnailUrl\":\"https:\\\/\\\/blogdacondessa.com.br\\\/blog\\\/wp-content\\\/uploads\\\/2021\\\/06\\\/f3936a34196075e664661d8cca9d22c7_L.jpg\",\"datePublished\":\"2021-06-15T09:00:00+00:00\",\"dateModified\":\"2021-06-24T13:31:00+00:00\",\"author\":{\"@id\":\"https:\\\/\\\/blogdacondessa.com.br\\\/blog\\\/#\\\/schema\\\/person\\\/1d667ff8b785195b568677489d266035\"},\"breadcrumb\":{\"@id\":\"https:\\\/\\\/blogdacondessa.com.br\\\/blog\\\/cidades\\\/casamento-abencoado\\\/#breadcrumb\"},\"inLanguage\":\"pt-BR\",\"potentialAction\":[{\"@type\":\"ReadAction\",\"target\":[\"https:\\\/\\\/blogdacondessa.com.br\\\/blog\\\/cidades\\\/casamento-abencoado\\\/\"]}]},{\"@type\":\"ImageObject\",\"inLanguage\":\"pt-BR\",\"@id\":\"https:\\\/\\\/blogdacondessa.com.br\\\/blog\\\/cidades\\\/casamento-abencoado\\\/#primaryimage\",\"url\":\"https:\\\/\\\/blogdacondessa.com.br\\\/blog\\\/wp-content\\\/uploads\\\/2021\\\/06\\\/f3936a34196075e664661d8cca9d22c7_L.jpg\",\"contentUrl\":\"https:\\\/\\\/blogdacondessa.com.br\\\/blog\\\/wp-content\\\/uploads\\\/2021\\\/06\\\/f3936a34196075e664661d8cca9d22c7_L.jpg\",\"width\":600,\"height\":352},{\"@type\":\"BreadcrumbList\",\"@id\":\"https:\\\/\\\/blogdacondessa.com.br\\\/blog\\\/cidades\\\/casamento-abencoado\\\/#breadcrumb\",\"itemListElement\":[{\"@type\":\"ListItem\",\"position\":1,\"name\":\"In\u00edcio\",\"item\":\"https:\\\/\\\/blogdacondessa.com.br\\\/blog\\\/\"},{\"@type\":\"ListItem\",\"position\":2,\"name\":\"\u201cCasamento Aben\u00e7oado\u201d\"}]},{\"@type\":\"WebSite\",\"@id\":\"https:\\\/\\\/blogdacondessa.com.br\\\/blog\\\/#website\",\"url\":\"https:\\\/\\\/blogdacondessa.com.br\\\/blog\\\/\",\"name\":\"Blog da Condessa\",\"description\":\"Com Shirley de Souza O\u2019Campos\",\"potentialAction\":[{\"@type\":\"SearchAction\",\"target\":{\"@type\":\"EntryPoint\",\"urlTemplate\":\"https:\\\/\\\/blogdacondessa.com.br\\\/blog\\\/?s={search_term_string}\"},\"query-input\":{\"@type\":\"PropertyValueSpecification\",\"valueRequired\":true,\"valueName\":\"search_term_string\"}}],\"inLanguage\":\"pt-BR\"},{\"@type\":\"Person\",\"@id\":\"https:\\\/\\\/blogdacondessa.com.br\\\/blog\\\/#\\\/schema\\\/person\\\/1d667ff8b785195b568677489d266035\",\"name\":\"Blog da Condessa\",\"image\":{\"@type\":\"ImageObject\",\"inLanguage\":\"pt-BR\",\"@id\":\"https:\\\/\\\/secure.gravatar.com\\\/avatar\\\/377c0eb8b4ad2bfc25461b41564b5971e721ca34a57642868fc7b0c8ac7b52c5?s=96&d=mm&r=g\",\"url\":\"https:\\\/\\\/secure.gravatar.com\\\/avatar\\\/377c0eb8b4ad2bfc25461b41564b5971e721ca34a57642868fc7b0c8ac7b52c5?s=96&d=mm&r=g\",\"contentUrl\":\"https:\\\/\\\/secure.gravatar.com\\\/avatar\\\/377c0eb8b4ad2bfc25461b41564b5971e721ca34a57642868fc7b0c8ac7b52c5?s=96&d=mm&r=g\",\"caption\":\"Blog da Condessa\"},\"url\":\"https:\\\/\\\/blogdacondessa.com.br\\\/blog\\\/author\\\/beatriz\\\/\"}]}<\/script>\n<!-- \/ Yoast SEO plugin. -->","yoast_head_json":{"title":"\u201cCasamento Aben\u00e7oado\u201d &#8902; Blog da Condessa","robots":{"index":"index","follow":"follow","max-snippet":"max-snippet:-1","max-image-preview":"max-image-preview:large","max-video-preview":"max-video-preview:-1"},"canonical":"https:\/\/blogdacondessa.com.br\/blog\/cidades\/casamento-abencoado\/","og_locale":"pt_BR","og_type":"article","og_title":"\u201cCasamento Aben\u00e7oado\u201d &#8902; Blog da Condessa","og_description":"Inscri\u00e7\u00f5es podem ser feitas at\u00e9 25 de junho. A iniciativa abrange todas as religi\u00f5es, pessoas com defici\u00eancias e tamb\u00e9m casais LGBTQ+ Terminam na pr\u00f3xima semana as inscri\u00e7\u00f5es para o Casamento Aben\u00e7oado. \u00a0Os casais do Estado que desejarem oficializar sua uni\u00e3o podem se inscrever at\u00e9 a sexta-feira (25.06). A a\u00e7\u00e3o, que deve reunir mais de 3 [&hellip;]","og_url":"https:\/\/blogdacondessa.com.br\/blog\/cidades\/casamento-abencoado\/","og_site_name":"Blog da Condessa","article_published_time":"2021-06-15T09:00:00+00:00","article_modified_time":"2021-06-24T13:31:00+00:00","og_image":[{"width":600,"height":352,"url":"https:\/\/blogdacondessa.com.br\/blog\/wp-content\/uploads\/2021\/06\/f3936a34196075e664661d8cca9d22c7_L.jpg","type":"image\/jpeg"}],"author":"Blog da Condessa","twitter_card":"summary_large_image","twitter_misc":{"Escrito por":"Blog da Condessa","Est. tempo de leitura":"1 minuto"},"schema":{"@context":"https:\/\/schema.org","@graph":[{"@type":"Article","@id":"https:\/\/blogdacondessa.com.br\/blog\/cidades\/casamento-abencoado\/#article","isPartOf":{"@id":"https:\/\/blogdacondessa.com.br\/blog\/cidades\/casamento-abencoado\/"},"author":{"name":"Blog da Condessa","@id":"https:\/\/blogdacondessa.com.br\/blog\/#\/schema\/person\/1d667ff8b785195b568677489d266035"},"headline":"\u201cCasamento Aben\u00e7oado\u201d","datePublished":"2021-06-15T09:00:00+00:00","dateModified":"2021-06-24T13:31:00+00:00","mainEntityOfPage":{"@id":"https:\/\/blogdacondessa.com.br\/blog\/cidades\/casamento-abencoado\/"},"wordCount":292,"commentCount":0,"image":{"@id":"https:\/\/blogdacondessa.com.br\/blog\/cidades\/casamento-abencoado\/#primaryimage"},"thumbnailUrl":"https:\/\/blogdacondessa.com.br\/blog\/wp-content\/uploads\/2021\/06\/f3936a34196075e664661d8cca9d22c7_L.jpg","articleSection":["Cidades"],"inLanguage":"pt-BR","potentialAction":[{"@type":"CommentAction","name":"Comment","target":["https:\/\/blogdacondessa.com.br\/blog\/cidades\/casamento-abencoado\/#respond"]}]},{"@type":"WebPage","@id":"https:\/\/blogdacondessa.com.br\/blog\/cidades\/casamento-abencoado\/","url":"https:\/\/blogdacondessa.com.br\/blog\/cidades\/casamento-abencoado\/","name":"\u201cCasamento Aben\u00e7oado\u201d &#8902; Blog da Condessa","isPartOf":{"@id":"https:\/\/blogdacondessa.com.br\/blog\/#website"},"primaryImageOfPage":{"@id":"https:\/\/blogdacondessa.com.br\/blog\/cidades\/casamento-abencoado\/#primaryimage"},"image":{"@id":"https:\/\/blogdacondessa.com.br\/blog\/cidades\/casamento-abencoado\/#primaryimage"},"thumbnailUrl":"https:\/\/blogdacondessa.com.br\/blog\/wp-content\/uploads\/2021\/06\/f3936a34196075e664661d8cca9d22c7_L.jpg","datePublished":"2021-06-15T09:00:00+00:00","dateModified":"2021-06-24T13:31:00+00:00","author":{"@id":"https:\/\/blogdacondessa.com.br\/blog\/#\/schema\/person\/1d667ff8b785195b568677489d266035"},"breadcrumb":{"@id":"https:\/\/blogdacondessa.com.br\/blog\/cidades\/casamento-abencoado\/#breadcrumb"},"inLanguage":"pt-BR","potentialAction":[{"@type":"ReadAction","target":["https:\/\/blogdacondessa.com.br\/blog\/cidades\/casamento-abencoado\/"]}]},{"@type":"ImageObject","inLanguage":"pt-BR","@id":"https:\/\/blogdacondessa.com.br\/blog\/cidades\/casamento-abencoado\/#primaryimage","url":"https:\/\/blogdacondessa.com.br\/blog\/wp-content\/uploads\/2021\/06\/f3936a34196075e664661d8cca9d22c7_L.jpg","contentUrl":"https:\/\/blogdacondessa.com.br\/blog\/wp-content\/uploads\/2021\/06\/f3936a34196075e664661d8cca9d22c7_L.jpg","width":600,"height":352},{"@type":"BreadcrumbList","@id":"https:\/\/blogdacondessa.com.br\/blog\/cidades\/casamento-abencoado\/#breadcrumb","itemListElement":[{"@type":"ListItem","position":1,"name":"In\u00edcio","item":"https:\/\/blogdacondessa.com.br\/blog\/"},{"@type":"ListItem","position":2,"name":"\u201cCasamento Aben\u00e7oado\u201d"}]},{"@type":"WebSite","@id":"https:\/\/blogdacondessa.com.br\/blog\/#website","url":"https:\/\/blogdacondessa.com.br\/blog\/","name":"Blog da Condessa","description":"Com Shirley de Souza O\u2019Campos","potentialAction":[{"@type":"SearchAction","target":{"@type":"EntryPoint","urlTemplate":"https:\/\/blogdacondessa.com.br\/blog\/?s={search_term_string}"},"query-input":{"@type":"PropertyValueSpecification","valueRequired":true,"valueName":"search_term_string"}}],"inLanguage":"pt-BR"},{"@type":"Person","@id":"https:\/\/blogdacondessa.com.br\/blog\/#\/schema\/person\/1d667ff8b785195b568677489d266035","name":"Blog da Condessa","image":{"@type":"ImageObject","inLanguage":"pt-BR","@id":"https:\/\/secure.gravatar.com\/avatar\/377c0eb8b4ad2bfc25461b41564b5971e721ca34a57642868fc7b0c8ac7b52c5?s=96&d=mm&r=g","url":"https:\/\/secure.gravatar.com\/avatar\/377c0eb8b4ad2bfc25461b41564b5971e721ca34a57642868fc7b0c8ac7b52c5?s=96&d=mm&r=g","contentUrl":"https:\/\/secure.gravatar.com\/avatar\/377c0eb8b4ad2bfc25461b41564b5971e721ca34a57642868fc7b0c8ac7b52c5?s=96&d=mm&r=g","caption":"Blog da Condessa"},"url":"https:\/\/blogdacondessa.com.br\/blog\/author\/beatriz\/"}]}},"_links":{"self":[{"href":"https:\/\/blogdacondessa.com.br\/blog\/wp-json\/wp\/v2\/posts\/1327","targetHints":{"allow":["GET"]}}],"collection":[{"href":"https:\/\/blogdacondessa.com.br\/blog\/wp-json\/wp\/v2\/posts"}],"about":[{"href":"https:\/\/blogdacondessa.com.br\/blog\/wp-json\/wp\/v2\/types\/post"}],"author":[{"embeddable":true,"href":"https:\/\/blogdacondessa.com.br\/blog\/wp-json\/wp\/v2\/users\/2"}],"replies":[{"embeddable":true,"href":"https:\/\/blogdacondessa.com.br\/blog\/wp-json\/wp\/v2\/comments?post=1327"}],"version-history":[{"count":0,"href":"https:\/\/blogdacondessa.com.br\/blog\/wp-json\/wp\/v2\/posts\/1327\/revisions"}],"wp:featuredmedia":[{"embeddable":true,"href":"https:\/\/blogdacondessa.com.br\/blog\/wp-json\/wp\/v2\/media\/1438"}],"wp:attachment":[{"href":"https:\/\/blogdacondessa.com.br\/blog\/wp-json\/wp\/v2\/media?parent=1327"}],"wp:term":[{"taxonomy":"category","embeddable":true,"href":"https:\/\/blogdacondessa.com.br\/blog\/wp-json\/wp\/v2\/categories?post=1327"},{"taxonomy":"post_tag","embeddable":true,"href":"https:\/\/blogdacondessa.com.br\/blog\/wp-json\/wp\/v2\/tags?post=1327"}],"curies":[{"name":"wp","href":"https:\/\/api.w.org\/{rel}","templated":true}]}}