{"id":13037,"date":"2025-11-07T15:26:00","date_gmt":"2025-11-07T19:26:00","guid":{"rendered":"https:\/\/blogdacondessa.com.br\/blog\/?p=13037"},"modified":"2025-11-07T15:26:00","modified_gmt":"2025-11-07T19:26:00","slug":"presidente-da-almt-destaca-dimensao-das-acoes-voltadas-a-agricultura-familiar","status":"publish","type":"post","link":"https:\/\/blogdacondessa.com.br\/blog\/uncategorized\/presidente-da-almt-destaca-dimensao-das-acoes-voltadas-a-agricultura-familiar\/","title":{"rendered":"Presidente da ALMT destaca dimens\u00e3o das a\u00e7\u00f5es voltadas \u00e0 agricultura familiar"},"content":{"rendered":"<p>O presidente da Assembleia Legislativa, deputado Max Russi, afirmou que, pela primeira vez, o Estado apresenta um projeto dessa dimens\u00e3o voltado para a agricultura familiar. Ele destacou tamb\u00e9m a atua\u00e7\u00e3o do vice-governador Otaviano Pivetta e o trabalho conjunto do Governo para ampliar investimentos e resultados no setor.<\/p>\n<p>\u201cBuscamos recursos para fazer estradas, investir em infraestrutura e em tantos projetos importantes, mas ainda n\u00e3o havia chegado \u00e0 Assembleia um projeto desse porte voltado diretamente para a agricultura familiar. Felizmente, o vice-governador Otaviano Pivetta tem trabalhado muito pr\u00f3ximo dessa \u00e1rea e nunca se distribuiu tanto equipamento para a agricultura no nosso Estado\u201d, disse Max.<\/p>\n<p>O deputado ressaltou que o Governo tem transformado a realidade da agricultura familiar com entregas constantes de m\u00e1quinas, equipamentos e insumos. \u201cTodo dia vemos prefeitos recebendo equipamentos, e isso tem feito diferen\u00e7a. Hoje, a Secretaria de Estado de Agricultura (Seaf) tem or\u00e7amento, entrega resultados e chega aos munic\u00edpios. A agricultura familiar \u00e9 uma porta de sa\u00edda, uma oportunidade de desenvolvimento\u201d, completou.<\/p>\n<p>O vice-governador Otaviano Pivetta refor\u00e7ou o trabalho do Governo para criar condi\u00e7\u00f5es estruturais que garantam acesso, escoamento e desenvolvimento equilibrado em todas as regi\u00f5es. \u201cBuscamos o financiamento do Banco Mundial, mas tamb\u00e9m trabalhamos junto com os prefeitos para dar as condi\u00e7\u00f5es necess\u00e1rias de infraestrutura, garantindo o acesso e o escoamento da produ\u00e7\u00e3o de pequenos, m\u00e9dios e grandes produtores\u201d, afirmou.<\/p>\n<p>&nbsp;<\/p>\n<p>Ele lembrou que, durante a gest\u00e3o, mais de mil m\u00e1quinas j\u00e1 foram entregues aos munic\u00edpios, por meio de um programa que reduziu custos e aumentou a efici\u00eancia. \u201cO programa modernizou a infraestrutura local e melhorou as estradas em todo o Estado\u201d, destacou o vice-governador.<\/p>\n<p><strong>MT Produtivo<\/strong><\/p>\n<p>O programa ser\u00e1 executado entre 2025 e 2030, com recursos do Banco Mundial (BIRD) e contrapartida do Governo do Estado. MT Produtivo vai beneficiar 15 mil fam\u00edlias com apoio t\u00e9cnico e produtivo, al\u00e9m de garantir regulariza\u00e7\u00e3o fundi\u00e1ria e ambiental para mais de 12 mil produtores.<\/p>\n","protected":false},"excerpt":{"rendered":"<p>O presidente da Assembleia Legislativa, deputado Max Russi, afirmou que, pela primeira vez, o Estado apresenta um projeto dessa dimens\u00e3o voltado para a agricultura familiar. Ele destacou tamb\u00e9m a atua\u00e7\u00e3o do vice-governador Otaviano Pivetta e o trabalho conjunto do Governo para ampliar investimentos e resultados no setor. \u201cBuscamos recursos para fazer estradas, investir em infraestrutura [&hellip;]<\/p>\n","protected":false},"author":2,"featured_media":13038,"comment_status":"closed","ping_status":"closed","sticky":false,"template":"","format":"standard","meta":{"iawp_total_views":2,"footnotes":""},"categories":[1],"tags":[],"class_list":["post-13037","post","type-post","status-publish","format-standard","has-post-thumbnail","hentry","category-uncategorized"],"yoast_head":"<!-- This site is optimized with the Yoast SEO plugin v27.3 - https:\/\/yoast.com\/product\/yoast-seo-wordpress\/ -->\n<title>Presidente da ALMT destaca dimens\u00e3o das a\u00e7\u00f5es voltadas \u00e0 agricultura familiar &#8902; Blog da Condessa<\/title>\n<meta name=\"robots\" content=\"index, follow, max-snippet:-1, max-image-preview:large, max-video-preview:-1\" \/>\n<link rel=\"canonical\" href=\"https:\/\/blogdacondessa.com.br\/blog\/uncategorized\/presidente-da-almt-destaca-dimensao-das-acoes-voltadas-a-agricultura-familiar\/\" \/>\n<meta property=\"og:locale\" content=\"pt_BR\" \/>\n<meta property=\"og:type\" content=\"article\" \/>\n<meta property=\"og:title\" content=\"Presidente da ALMT destaca dimens\u00e3o das a\u00e7\u00f5es voltadas \u00e0 agricultura familiar &#8902; Blog da Condessa\" \/>\n<meta property=\"og:description\" content=\"O presidente da Assembleia Legislativa, deputado Max Russi, afirmou que, pela primeira vez, o Estado apresenta um projeto dessa dimens\u00e3o voltado para a agricultura familiar. Ele destacou tamb\u00e9m a atua\u00e7\u00e3o do vice-governador Otaviano Pivetta e o trabalho conjunto do Governo para ampliar investimentos e resultados no setor. \u201cBuscamos recursos para fazer estradas, investir em infraestrutura [&hellip;]\" \/>\n<meta property=\"og:url\" content=\"https:\/\/blogdacondessa.com.br\/blog\/uncategorized\/presidente-da-almt-destaca-dimensao-das-acoes-voltadas-a-agricultura-familiar\/\" \/>\n<meta property=\"og:site_name\" content=\"Blog da Condessa\" \/>\n<meta property=\"article:published_time\" content=\"2025-11-07T19:26:00+00:00\" \/>\n<meta property=\"og:image\" content=\"https:\/\/blogdacondessa.com.br\/blog\/wp-content\/uploads\/2025\/11\/MAX-RUSSI-avgricultura-familiar.jpg\" \/>\n\t<meta property=\"og:image:width\" content=\"560\" \/>\n\t<meta property=\"og:image:height\" content=\"374\" \/>\n\t<meta property=\"og:image:type\" content=\"image\/jpeg\" \/>\n<meta name=\"author\" content=\"Blog da Condessa\" \/>\n<meta name=\"twitter:card\" content=\"summary_large_image\" \/>\n<meta name=\"twitter:label1\" content=\"Escrito por\" \/>\n\t<meta name=\"twitter:data1\" content=\"Blog da Condessa\" \/>\n\t<meta name=\"twitter:label2\" content=\"Est. tempo de leitura\" \/>\n\t<meta name=\"twitter:data2\" content=\"2 minutos\" \/>\n<script type=\"application\/ld+json\" class=\"yoast-schema-graph\">{\"@context\":\"https:\\\/\\\/schema.org\",\"@graph\":[{\"@type\":\"Article\",\"@id\":\"https:\\\/\\\/blogdacondessa.com.br\\\/blog\\\/uncategorized\\\/presidente-da-almt-destaca-dimensao-das-acoes-voltadas-a-agricultura-familiar\\\/#article\",\"isPartOf\":{\"@id\":\"https:\\\/\\\/blogdacondessa.com.br\\\/blog\\\/uncategorized\\\/presidente-da-almt-destaca-dimensao-das-acoes-voltadas-a-agricultura-familiar\\\/\"},\"author\":{\"name\":\"Blog da Condessa\",\"@id\":\"https:\\\/\\\/blogdacondessa.com.br\\\/blog\\\/#\\\/schema\\\/person\\\/1d667ff8b785195b568677489d266035\"},\"headline\":\"Presidente da ALMT destaca dimens\u00e3o das a\u00e7\u00f5es voltadas \u00e0 agricultura familiar\",\"datePublished\":\"2025-11-07T19:26:00+00:00\",\"mainEntityOfPage\":{\"@id\":\"https:\\\/\\\/blogdacondessa.com.br\\\/blog\\\/uncategorized\\\/presidente-da-almt-destaca-dimensao-das-acoes-voltadas-a-agricultura-familiar\\\/\"},\"wordCount\":347,\"image\":{\"@id\":\"https:\\\/\\\/blogdacondessa.com.br\\\/blog\\\/uncategorized\\\/presidente-da-almt-destaca-dimensao-das-acoes-voltadas-a-agricultura-familiar\\\/#primaryimage\"},\"thumbnailUrl\":\"https:\\\/\\\/blogdacondessa.com.br\\\/blog\\\/wp-content\\\/uploads\\\/2025\\\/11\\\/MAX-RUSSI-avgricultura-familiar.jpg\",\"articleSection\":[\"Uncategorized\"],\"inLanguage\":\"pt-BR\"},{\"@type\":\"WebPage\",\"@id\":\"https:\\\/\\\/blogdacondessa.com.br\\\/blog\\\/uncategorized\\\/presidente-da-almt-destaca-dimensao-das-acoes-voltadas-a-agricultura-familiar\\\/\",\"url\":\"https:\\\/\\\/blogdacondessa.com.br\\\/blog\\\/uncategorized\\\/presidente-da-almt-destaca-dimensao-das-acoes-voltadas-a-agricultura-familiar\\\/\",\"name\":\"Presidente da ALMT destaca dimens\u00e3o das a\u00e7\u00f5es voltadas \u00e0 agricultura familiar &#8902; Blog da Condessa\",\"isPartOf\":{\"@id\":\"https:\\\/\\\/blogdacondessa.com.br\\\/blog\\\/#website\"},\"primaryImageOfPage\":{\"@id\":\"https:\\\/\\\/blogdacondessa.com.br\\\/blog\\\/uncategorized\\\/presidente-da-almt-destaca-dimensao-das-acoes-voltadas-a-agricultura-familiar\\\/#primaryimage\"},\"image\":{\"@id\":\"https:\\\/\\\/blogdacondessa.com.br\\\/blog\\\/uncategorized\\\/presidente-da-almt-destaca-dimensao-das-acoes-voltadas-a-agricultura-familiar\\\/#primaryimage\"},\"thumbnailUrl\":\"https:\\\/\\\/blogdacondessa.com.br\\\/blog\\\/wp-content\\\/uploads\\\/2025\\\/11\\\/MAX-RUSSI-avgricultura-familiar.jpg\",\"datePublished\":\"2025-11-07T19:26:00+00:00\",\"author\":{\"@id\":\"https:\\\/\\\/blogdacondessa.com.br\\\/blog\\\/#\\\/schema\\\/person\\\/1d667ff8b785195b568677489d266035\"},\"breadcrumb\":{\"@id\":\"https:\\\/\\\/blogdacondessa.com.br\\\/blog\\\/uncategorized\\\/presidente-da-almt-destaca-dimensao-das-acoes-voltadas-a-agricultura-familiar\\\/#breadcrumb\"},\"inLanguage\":\"pt-BR\",\"potentialAction\":[{\"@type\":\"ReadAction\",\"target\":[\"https:\\\/\\\/blogdacondessa.com.br\\\/blog\\\/uncategorized\\\/presidente-da-almt-destaca-dimensao-das-acoes-voltadas-a-agricultura-familiar\\\/\"]}]},{\"@type\":\"ImageObject\",\"inLanguage\":\"pt-BR\",\"@id\":\"https:\\\/\\\/blogdacondessa.com.br\\\/blog\\\/uncategorized\\\/presidente-da-almt-destaca-dimensao-das-acoes-voltadas-a-agricultura-familiar\\\/#primaryimage\",\"url\":\"https:\\\/\\\/blogdacondessa.com.br\\\/blog\\\/wp-content\\\/uploads\\\/2025\\\/11\\\/MAX-RUSSI-avgricultura-familiar.jpg\",\"contentUrl\":\"https:\\\/\\\/blogdacondessa.com.br\\\/blog\\\/wp-content\\\/uploads\\\/2025\\\/11\\\/MAX-RUSSI-avgricultura-familiar.jpg\",\"width\":560,\"height\":374},{\"@type\":\"BreadcrumbList\",\"@id\":\"https:\\\/\\\/blogdacondessa.com.br\\\/blog\\\/uncategorized\\\/presidente-da-almt-destaca-dimensao-das-acoes-voltadas-a-agricultura-familiar\\\/#breadcrumb\",\"itemListElement\":[{\"@type\":\"ListItem\",\"position\":1,\"name\":\"In\u00edcio\",\"item\":\"https:\\\/\\\/blogdacondessa.com.br\\\/blog\\\/\"},{\"@type\":\"ListItem\",\"position\":2,\"name\":\"Presidente da ALMT destaca dimens\u00e3o das a\u00e7\u00f5es voltadas \u00e0 agricultura familiar\"}]},{\"@type\":\"WebSite\",\"@id\":\"https:\\\/\\\/blogdacondessa.com.br\\\/blog\\\/#website\",\"url\":\"https:\\\/\\\/blogdacondessa.com.br\\\/blog\\\/\",\"name\":\"Blog da Condessa\",\"description\":\"Com Shirley de Souza O\u2019Campos\",\"potentialAction\":[{\"@type\":\"SearchAction\",\"target\":{\"@type\":\"EntryPoint\",\"urlTemplate\":\"https:\\\/\\\/blogdacondessa.com.br\\\/blog\\\/?s={search_term_string}\"},\"query-input\":{\"@type\":\"PropertyValueSpecification\",\"valueRequired\":true,\"valueName\":\"search_term_string\"}}],\"inLanguage\":\"pt-BR\"},{\"@type\":\"Person\",\"@id\":\"https:\\\/\\\/blogdacondessa.com.br\\\/blog\\\/#\\\/schema\\\/person\\\/1d667ff8b785195b568677489d266035\",\"name\":\"Blog da Condessa\",\"image\":{\"@type\":\"ImageObject\",\"inLanguage\":\"pt-BR\",\"@id\":\"https:\\\/\\\/secure.gravatar.com\\\/avatar\\\/377c0eb8b4ad2bfc25461b41564b5971e721ca34a57642868fc7b0c8ac7b52c5?s=96&d=mm&r=g\",\"url\":\"https:\\\/\\\/secure.gravatar.com\\\/avatar\\\/377c0eb8b4ad2bfc25461b41564b5971e721ca34a57642868fc7b0c8ac7b52c5?s=96&d=mm&r=g\",\"contentUrl\":\"https:\\\/\\\/secure.gravatar.com\\\/avatar\\\/377c0eb8b4ad2bfc25461b41564b5971e721ca34a57642868fc7b0c8ac7b52c5?s=96&d=mm&r=g\",\"caption\":\"Blog da Condessa\"},\"url\":\"https:\\\/\\\/blogdacondessa.com.br\\\/blog\\\/author\\\/beatriz\\\/\"}]}<\/script>\n<!-- \/ Yoast SEO plugin. -->","yoast_head_json":{"title":"Presidente da ALMT destaca dimens\u00e3o das a\u00e7\u00f5es voltadas \u00e0 agricultura familiar &#8902; Blog da Condessa","robots":{"index":"index","follow":"follow","max-snippet":"max-snippet:-1","max-image-preview":"max-image-preview:large","max-video-preview":"max-video-preview:-1"},"canonical":"https:\/\/blogdacondessa.com.br\/blog\/uncategorized\/presidente-da-almt-destaca-dimensao-das-acoes-voltadas-a-agricultura-familiar\/","og_locale":"pt_BR","og_type":"article","og_title":"Presidente da ALMT destaca dimens\u00e3o das a\u00e7\u00f5es voltadas \u00e0 agricultura familiar &#8902; Blog da Condessa","og_description":"O presidente da Assembleia Legislativa, deputado Max Russi, afirmou que, pela primeira vez, o Estado apresenta um projeto dessa dimens\u00e3o voltado para a agricultura familiar. Ele destacou tamb\u00e9m a atua\u00e7\u00e3o do vice-governador Otaviano Pivetta e o trabalho conjunto do Governo para ampliar investimentos e resultados no setor. \u201cBuscamos recursos para fazer estradas, investir em infraestrutura [&hellip;]","og_url":"https:\/\/blogdacondessa.com.br\/blog\/uncategorized\/presidente-da-almt-destaca-dimensao-das-acoes-voltadas-a-agricultura-familiar\/","og_site_name":"Blog da Condessa","article_published_time":"2025-11-07T19:26:00+00:00","og_image":[{"width":560,"height":374,"url":"https:\/\/blogdacondessa.com.br\/blog\/wp-content\/uploads\/2025\/11\/MAX-RUSSI-avgricultura-familiar.jpg","type":"image\/jpeg"}],"author":"Blog da Condessa","twitter_card":"summary_large_image","twitter_misc":{"Escrito por":"Blog da Condessa","Est. tempo de leitura":"2 minutos"},"schema":{"@context":"https:\/\/schema.org","@graph":[{"@type":"Article","@id":"https:\/\/blogdacondessa.com.br\/blog\/uncategorized\/presidente-da-almt-destaca-dimensao-das-acoes-voltadas-a-agricultura-familiar\/#article","isPartOf":{"@id":"https:\/\/blogdacondessa.com.br\/blog\/uncategorized\/presidente-da-almt-destaca-dimensao-das-acoes-voltadas-a-agricultura-familiar\/"},"author":{"name":"Blog da Condessa","@id":"https:\/\/blogdacondessa.com.br\/blog\/#\/schema\/person\/1d667ff8b785195b568677489d266035"},"headline":"Presidente da ALMT destaca dimens\u00e3o das a\u00e7\u00f5es voltadas \u00e0 agricultura familiar","datePublished":"2025-11-07T19:26:00+00:00","mainEntityOfPage":{"@id":"https:\/\/blogdacondessa.com.br\/blog\/uncategorized\/presidente-da-almt-destaca-dimensao-das-acoes-voltadas-a-agricultura-familiar\/"},"wordCount":347,"image":{"@id":"https:\/\/blogdacondessa.com.br\/blog\/uncategorized\/presidente-da-almt-destaca-dimensao-das-acoes-voltadas-a-agricultura-familiar\/#primaryimage"},"thumbnailUrl":"https:\/\/blogdacondessa.com.br\/blog\/wp-content\/uploads\/2025\/11\/MAX-RUSSI-avgricultura-familiar.jpg","articleSection":["Uncategorized"],"inLanguage":"pt-BR"},{"@type":"WebPage","@id":"https:\/\/blogdacondessa.com.br\/blog\/uncategorized\/presidente-da-almt-destaca-dimensao-das-acoes-voltadas-a-agricultura-familiar\/","url":"https:\/\/blogdacondessa.com.br\/blog\/uncategorized\/presidente-da-almt-destaca-dimensao-das-acoes-voltadas-a-agricultura-familiar\/","name":"Presidente da ALMT destaca dimens\u00e3o das a\u00e7\u00f5es voltadas \u00e0 agricultura familiar &#8902; Blog da Condessa","isPartOf":{"@id":"https:\/\/blogdacondessa.com.br\/blog\/#website"},"primaryImageOfPage":{"@id":"https:\/\/blogdacondessa.com.br\/blog\/uncategorized\/presidente-da-almt-destaca-dimensao-das-acoes-voltadas-a-agricultura-familiar\/#primaryimage"},"image":{"@id":"https:\/\/blogdacondessa.com.br\/blog\/uncategorized\/presidente-da-almt-destaca-dimensao-das-acoes-voltadas-a-agricultura-familiar\/#primaryimage"},"thumbnailUrl":"https:\/\/blogdacondessa.com.br\/blog\/wp-content\/uploads\/2025\/11\/MAX-RUSSI-avgricultura-familiar.jpg","datePublished":"2025-11-07T19:26:00+00:00","author":{"@id":"https:\/\/blogdacondessa.com.br\/blog\/#\/schema\/person\/1d667ff8b785195b568677489d266035"},"breadcrumb":{"@id":"https:\/\/blogdacondessa.com.br\/blog\/uncategorized\/presidente-da-almt-destaca-dimensao-das-acoes-voltadas-a-agricultura-familiar\/#breadcrumb"},"inLanguage":"pt-BR","potentialAction":[{"@type":"ReadAction","target":["https:\/\/blogdacondessa.com.br\/blog\/uncategorized\/presidente-da-almt-destaca-dimensao-das-acoes-voltadas-a-agricultura-familiar\/"]}]},{"@type":"ImageObject","inLanguage":"pt-BR","@id":"https:\/\/blogdacondessa.com.br\/blog\/uncategorized\/presidente-da-almt-destaca-dimensao-das-acoes-voltadas-a-agricultura-familiar\/#primaryimage","url":"https:\/\/blogdacondessa.com.br\/blog\/wp-content\/uploads\/2025\/11\/MAX-RUSSI-avgricultura-familiar.jpg","contentUrl":"https:\/\/blogdacondessa.com.br\/blog\/wp-content\/uploads\/2025\/11\/MAX-RUSSI-avgricultura-familiar.jpg","width":560,"height":374},{"@type":"BreadcrumbList","@id":"https:\/\/blogdacondessa.com.br\/blog\/uncategorized\/presidente-da-almt-destaca-dimensao-das-acoes-voltadas-a-agricultura-familiar\/#breadcrumb","itemListElement":[{"@type":"ListItem","position":1,"name":"In\u00edcio","item":"https:\/\/blogdacondessa.com.br\/blog\/"},{"@type":"ListItem","position":2,"name":"Presidente da ALMT destaca dimens\u00e3o das a\u00e7\u00f5es voltadas \u00e0 agricultura familiar"}]},{"@type":"WebSite","@id":"https:\/\/blogdacondessa.com.br\/blog\/#website","url":"https:\/\/blogdacondessa.com.br\/blog\/","name":"Blog da Condessa","description":"Com Shirley de Souza O\u2019Campos","potentialAction":[{"@type":"SearchAction","target":{"@type":"EntryPoint","urlTemplate":"https:\/\/blogdacondessa.com.br\/blog\/?s={search_term_string}"},"query-input":{"@type":"PropertyValueSpecification","valueRequired":true,"valueName":"search_term_string"}}],"inLanguage":"pt-BR"},{"@type":"Person","@id":"https:\/\/blogdacondessa.com.br\/blog\/#\/schema\/person\/1d667ff8b785195b568677489d266035","name":"Blog da Condessa","image":{"@type":"ImageObject","inLanguage":"pt-BR","@id":"https:\/\/secure.gravatar.com\/avatar\/377c0eb8b4ad2bfc25461b41564b5971e721ca34a57642868fc7b0c8ac7b52c5?s=96&d=mm&r=g","url":"https:\/\/secure.gravatar.com\/avatar\/377c0eb8b4ad2bfc25461b41564b5971e721ca34a57642868fc7b0c8ac7b52c5?s=96&d=mm&r=g","contentUrl":"https:\/\/secure.gravatar.com\/avatar\/377c0eb8b4ad2bfc25461b41564b5971e721ca34a57642868fc7b0c8ac7b52c5?s=96&d=mm&r=g","caption":"Blog da Condessa"},"url":"https:\/\/blogdacondessa.com.br\/blog\/author\/beatriz\/"}]}},"_links":{"self":[{"href":"https:\/\/blogdacondessa.com.br\/blog\/wp-json\/wp\/v2\/posts\/13037","targetHints":{"allow":["GET"]}}],"collection":[{"href":"https:\/\/blogdacondessa.com.br\/blog\/wp-json\/wp\/v2\/posts"}],"about":[{"href":"https:\/\/blogdacondessa.com.br\/blog\/wp-json\/wp\/v2\/types\/post"}],"author":[{"embeddable":true,"href":"https:\/\/blogdacondessa.com.br\/blog\/wp-json\/wp\/v2\/users\/2"}],"replies":[{"embeddable":true,"href":"https:\/\/blogdacondessa.com.br\/blog\/wp-json\/wp\/v2\/comments?post=13037"}],"version-history":[{"count":1,"href":"https:\/\/blogdacondessa.com.br\/blog\/wp-json\/wp\/v2\/posts\/13037\/revisions"}],"predecessor-version":[{"id":13039,"href":"https:\/\/blogdacondessa.com.br\/blog\/wp-json\/wp\/v2\/posts\/13037\/revisions\/13039"}],"wp:featuredmedia":[{"embeddable":true,"href":"https:\/\/blogdacondessa.com.br\/blog\/wp-json\/wp\/v2\/media\/13038"}],"wp:attachment":[{"href":"https:\/\/blogdacondessa.com.br\/blog\/wp-json\/wp\/v2\/media?parent=13037"}],"wp:term":[{"taxonomy":"category","embeddable":true,"href":"https:\/\/blogdacondessa.com.br\/blog\/wp-json\/wp\/v2\/categories?post=13037"},{"taxonomy":"post_tag","embeddable":true,"href":"https:\/\/blogdacondessa.com.br\/blog\/wp-json\/wp\/v2\/tags?post=13037"}],"curies":[{"name":"wp","href":"https:\/\/api.w.org\/{rel}","templated":true}]}}