{"id":13031,"date":"2025-11-06T17:52:23","date_gmt":"2025-11-06T21:52:23","guid":{"rendered":"https:\/\/blogdacondessa.com.br\/blog\/?p=13031"},"modified":"2025-11-06T17:52:23","modified_gmt":"2025-11-06T21:52:23","slug":"feira-de-vinil-celebra-10-anos-de-incentivo-a-economia-criativa-de-mt","status":"publish","type":"post","link":"https:\/\/blogdacondessa.com.br\/blog\/uncategorized\/feira-de-vinil-celebra-10-anos-de-incentivo-a-economia-criativa-de-mt\/","title":{"rendered":"Feira de Vinil celebra 10 anos de incentivo \u00e0 economia criativa de MT"},"content":{"rendered":"<p><em>O evento ocorre neste s\u00e1bado (8), na Casa Cuiabana, com feirinha, shows de rock, apresenta\u00e7\u00e3o de Djs, oficinas e sess\u00e3o de cinema.<\/em><\/p>\n<p>A Feira de Vinil e Criatividades celebra 10 anos de incentivo \u00e0 economia criativa e \u00e0 cultura mato-grossense em sua 31\u00aa edi\u00e7\u00e3o, que ocorre neste s\u00e1bado (8.11), das 14h \u00e0s 22h, no Centro Cultural Casa Cuiabana. Neste ano, o evento foi contemplado pela Secretaria de Estado de Cultura, Esporte e Lazer (Secel), no edital MT Criativo \u2013 Feiras de Economia Criativa, da Lei Paulo Gustavo (LPG).<\/p>\n<p>Al\u00e9m da feirinha com 40 empreendedores criativos de Cuiab\u00e1 e outras cidades mato-grossenses, a programa\u00e7\u00e3o desta edi\u00e7\u00e3o conta ainda com apresenta\u00e7\u00e3o de Djs renomados, show de bandas de rock, oficinas e sess\u00e3o de cinema.<\/p>\n<p>Na feira, o p\u00fablico ter\u00e1 acesso a discos de vinil, empreendedores de arte, moda, gastronomia, literatura e diversos outros produtos autorais. Haver\u00e1 tamb\u00e9m uma estrutura com bar de cerveja artesanal e variadas op\u00e7\u00f5es gastron\u00f4micas.<\/p>\n<p>Entre as atra\u00e7\u00f5es confirmadas da 31\u00aa Feira de Vinil e Criatividades, est\u00e3o as bandas Magnetize e Friends on Fire, al\u00e9m dos Djs Leo Bouret e Say Ventura.<\/p>\n<p>A agenda inclui ainda a pr\u00e9-estreia do filme \u201cSobre Omiss\u00e3o Naquela Quarta-Feira\u201d, produzido pelos profissionais do cinema mato-grossense, Everson Teodoro e Anna Magalh\u00e3es. A sess\u00e3o ser\u00e1 realizada \u00e0s 19h.<\/p>\n<p>Das 15h \u00e0s 17h, ser\u00e1 realizado o workshop &#8220;A Arte nos Toca Discos&#8221;. Ministrada pelo DJ Spinha, a oficina traz demonstra\u00e7\u00f5es, bate-papo e t\u00e9cnicas de discotecagem. J\u00e1 \u00e0s\u00a018h, a feira ser\u00e1 cen\u00e1rio do lan\u00e7amento do livro \u201cFragmentos\u201d, do escritor, compositor, poeta e cantor Antonio Soares Gomes.<\/p>\n<p>A edi\u00e7\u00e3o do evento contempla ainda a oficina de \u201cLimpeza e Conserva\u00e7\u00e3o de Discos de Vinil\u201d, que ser\u00e1 realizada em data p\u00f3s-feira, no dia 29 de novembro, no espa\u00e7o coworking da loja Tcha Por Discos, que fica no bairro Boa Esperan\u00e7a, em Cuiab\u00e1. A atividade ser\u00e1 conduzida pelos colecionadores e empreendedores do ramo, Priscilla Leventi e Max Amorim.<\/p>\n<p>Com vagas limitadas, todas as oficinas s\u00e3o gratuitas e as inscri\u00e7\u00f5es devem ser feitas previamente pelo WhatsApp (65) 9.9962-6760, ou pelo link na p\u00e1gina @feiradovinilmt no Instagram.<\/p>\n<p>J\u00e1 a entrada para a 31\u00aa Feira de Vinil e Criatividades \u00e9 solid\u00e1ria, com a doa\u00e7\u00e3o de 1kg de alimento n\u00e3o perec\u00edvel ou 1 livro usado.<\/p>\n<p><strong>Servi\u00e7o | 31\u00aa Feira de Vinil e Criatividades<\/strong><\/p>\n<p>Quando: s\u00e1bado (8.11), das 14h \u00e0s 22h<\/p>\n<p>Local: Casa Cuiabana (bairro Bandeirantes, Cuiab\u00e1)<\/p>\n<p>Entrada: 1kg de alimento n\u00e3o perec\u00edvel ou 1 livro usado<\/p>\n<p>Inscri\u00e7\u00e3o para oficinas: (065) 99962-6760<\/p>\n","protected":false},"excerpt":{"rendered":"<p>O evento ocorre neste s\u00e1bado (8), na Casa Cuiabana, com feirinha, shows de rock, apresenta\u00e7\u00e3o de Djs, oficinas e sess\u00e3o de cinema. A Feira de Vinil e Criatividades celebra 10 anos de incentivo \u00e0 economia criativa e \u00e0 cultura mato-grossense em sua 31\u00aa edi\u00e7\u00e3o, que ocorre neste s\u00e1bado (8.11), das 14h \u00e0s 22h, no Centro [&hellip;]<\/p>\n","protected":false},"author":2,"featured_media":13032,"comment_status":"closed","ping_status":"closed","sticky":false,"template":"","format":"standard","meta":{"iawp_total_views":26,"footnotes":""},"categories":[1],"tags":[],"class_list":["post-13031","post","type-post","status-publish","format-standard","has-post-thumbnail","hentry","category-uncategorized"],"yoast_head":"<!-- This site is optimized with the Yoast SEO plugin v27.3 - https:\/\/yoast.com\/product\/yoast-seo-wordpress\/ -->\n<title>Feira de Vinil celebra 10 anos de incentivo \u00e0 economia criativa de MT &#8902; Blog da Condessa<\/title>\n<meta name=\"robots\" content=\"index, follow, max-snippet:-1, max-image-preview:large, max-video-preview:-1\" \/>\n<link rel=\"canonical\" href=\"https:\/\/blogdacondessa.com.br\/blog\/uncategorized\/feira-de-vinil-celebra-10-anos-de-incentivo-a-economia-criativa-de-mt\/\" \/>\n<meta property=\"og:locale\" content=\"pt_BR\" \/>\n<meta property=\"og:type\" content=\"article\" \/>\n<meta property=\"og:title\" content=\"Feira de Vinil celebra 10 anos de incentivo \u00e0 economia criativa de MT &#8902; Blog da Condessa\" \/>\n<meta property=\"og:description\" content=\"O evento ocorre neste s\u00e1bado (8), na Casa Cuiabana, com feirinha, shows de rock, apresenta\u00e7\u00e3o de Djs, oficinas e sess\u00e3o de cinema. A Feira de Vinil e Criatividades celebra 10 anos de incentivo \u00e0 economia criativa e \u00e0 cultura mato-grossense em sua 31\u00aa edi\u00e7\u00e3o, que ocorre neste s\u00e1bado (8.11), das 14h \u00e0s 22h, no Centro [&hellip;]\" \/>\n<meta property=\"og:url\" content=\"https:\/\/blogdacondessa.com.br\/blog\/uncategorized\/feira-de-vinil-celebra-10-anos-de-incentivo-a-economia-criativa-de-mt\/\" \/>\n<meta property=\"og:site_name\" content=\"Blog da Condessa\" \/>\n<meta property=\"article:published_time\" content=\"2025-11-06T21:52:23+00:00\" \/>\n<meta property=\"og:image\" content=\"https:\/\/blogdacondessa.com.br\/blog\/wp-content\/uploads\/2025\/11\/Feira-de-vinil-e-criatividades.jpeg\" \/>\n\t<meta property=\"og:image:width\" content=\"1024\" \/>\n\t<meta property=\"og:image:height\" content=\"768\" \/>\n\t<meta property=\"og:image:type\" content=\"image\/jpeg\" \/>\n<meta name=\"author\" content=\"Blog da Condessa\" \/>\n<meta name=\"twitter:card\" content=\"summary_large_image\" \/>\n<meta name=\"twitter:label1\" content=\"Escrito por\" \/>\n\t<meta name=\"twitter:data1\" content=\"Blog da Condessa\" \/>\n\t<meta name=\"twitter:label2\" content=\"Est. tempo de leitura\" \/>\n\t<meta name=\"twitter:data2\" content=\"3 minutos\" \/>\n<script type=\"application\/ld+json\" class=\"yoast-schema-graph\">{\"@context\":\"https:\\\/\\\/schema.org\",\"@graph\":[{\"@type\":\"Article\",\"@id\":\"https:\\\/\\\/blogdacondessa.com.br\\\/blog\\\/uncategorized\\\/feira-de-vinil-celebra-10-anos-de-incentivo-a-economia-criativa-de-mt\\\/#article\",\"isPartOf\":{\"@id\":\"https:\\\/\\\/blogdacondessa.com.br\\\/blog\\\/uncategorized\\\/feira-de-vinil-celebra-10-anos-de-incentivo-a-economia-criativa-de-mt\\\/\"},\"author\":{\"name\":\"Blog da Condessa\",\"@id\":\"https:\\\/\\\/blogdacondessa.com.br\\\/blog\\\/#\\\/schema\\\/person\\\/1d667ff8b785195b568677489d266035\"},\"headline\":\"Feira de Vinil celebra 10 anos de incentivo \u00e0 economia criativa de MT\",\"datePublished\":\"2025-11-06T21:52:23+00:00\",\"mainEntityOfPage\":{\"@id\":\"https:\\\/\\\/blogdacondessa.com.br\\\/blog\\\/uncategorized\\\/feira-de-vinil-celebra-10-anos-de-incentivo-a-economia-criativa-de-mt\\\/\"},\"wordCount\":440,\"image\":{\"@id\":\"https:\\\/\\\/blogdacondessa.com.br\\\/blog\\\/uncategorized\\\/feira-de-vinil-celebra-10-anos-de-incentivo-a-economia-criativa-de-mt\\\/#primaryimage\"},\"thumbnailUrl\":\"https:\\\/\\\/blogdacondessa.com.br\\\/blog\\\/wp-content\\\/uploads\\\/2025\\\/11\\\/Feira-de-vinil-e-criatividades.jpeg\",\"articleSection\":[\"Uncategorized\"],\"inLanguage\":\"pt-BR\"},{\"@type\":\"WebPage\",\"@id\":\"https:\\\/\\\/blogdacondessa.com.br\\\/blog\\\/uncategorized\\\/feira-de-vinil-celebra-10-anos-de-incentivo-a-economia-criativa-de-mt\\\/\",\"url\":\"https:\\\/\\\/blogdacondessa.com.br\\\/blog\\\/uncategorized\\\/feira-de-vinil-celebra-10-anos-de-incentivo-a-economia-criativa-de-mt\\\/\",\"name\":\"Feira de Vinil celebra 10 anos de incentivo \u00e0 economia criativa de MT &#8902; Blog da Condessa\",\"isPartOf\":{\"@id\":\"https:\\\/\\\/blogdacondessa.com.br\\\/blog\\\/#website\"},\"primaryImageOfPage\":{\"@id\":\"https:\\\/\\\/blogdacondessa.com.br\\\/blog\\\/uncategorized\\\/feira-de-vinil-celebra-10-anos-de-incentivo-a-economia-criativa-de-mt\\\/#primaryimage\"},\"image\":{\"@id\":\"https:\\\/\\\/blogdacondessa.com.br\\\/blog\\\/uncategorized\\\/feira-de-vinil-celebra-10-anos-de-incentivo-a-economia-criativa-de-mt\\\/#primaryimage\"},\"thumbnailUrl\":\"https:\\\/\\\/blogdacondessa.com.br\\\/blog\\\/wp-content\\\/uploads\\\/2025\\\/11\\\/Feira-de-vinil-e-criatividades.jpeg\",\"datePublished\":\"2025-11-06T21:52:23+00:00\",\"author\":{\"@id\":\"https:\\\/\\\/blogdacondessa.com.br\\\/blog\\\/#\\\/schema\\\/person\\\/1d667ff8b785195b568677489d266035\"},\"breadcrumb\":{\"@id\":\"https:\\\/\\\/blogdacondessa.com.br\\\/blog\\\/uncategorized\\\/feira-de-vinil-celebra-10-anos-de-incentivo-a-economia-criativa-de-mt\\\/#breadcrumb\"},\"inLanguage\":\"pt-BR\",\"potentialAction\":[{\"@type\":\"ReadAction\",\"target\":[\"https:\\\/\\\/blogdacondessa.com.br\\\/blog\\\/uncategorized\\\/feira-de-vinil-celebra-10-anos-de-incentivo-a-economia-criativa-de-mt\\\/\"]}]},{\"@type\":\"ImageObject\",\"inLanguage\":\"pt-BR\",\"@id\":\"https:\\\/\\\/blogdacondessa.com.br\\\/blog\\\/uncategorized\\\/feira-de-vinil-celebra-10-anos-de-incentivo-a-economia-criativa-de-mt\\\/#primaryimage\",\"url\":\"https:\\\/\\\/blogdacondessa.com.br\\\/blog\\\/wp-content\\\/uploads\\\/2025\\\/11\\\/Feira-de-vinil-e-criatividades.jpeg\",\"contentUrl\":\"https:\\\/\\\/blogdacondessa.com.br\\\/blog\\\/wp-content\\\/uploads\\\/2025\\\/11\\\/Feira-de-vinil-e-criatividades.jpeg\",\"width\":1024,\"height\":768},{\"@type\":\"BreadcrumbList\",\"@id\":\"https:\\\/\\\/blogdacondessa.com.br\\\/blog\\\/uncategorized\\\/feira-de-vinil-celebra-10-anos-de-incentivo-a-economia-criativa-de-mt\\\/#breadcrumb\",\"itemListElement\":[{\"@type\":\"ListItem\",\"position\":1,\"name\":\"In\u00edcio\",\"item\":\"https:\\\/\\\/blogdacondessa.com.br\\\/blog\\\/\"},{\"@type\":\"ListItem\",\"position\":2,\"name\":\"Feira de Vinil celebra 10 anos de incentivo \u00e0 economia criativa de MT\"}]},{\"@type\":\"WebSite\",\"@id\":\"https:\\\/\\\/blogdacondessa.com.br\\\/blog\\\/#website\",\"url\":\"https:\\\/\\\/blogdacondessa.com.br\\\/blog\\\/\",\"name\":\"Blog da Condessa\",\"description\":\"Com Shirley de Souza O\u2019Campos\",\"potentialAction\":[{\"@type\":\"SearchAction\",\"target\":{\"@type\":\"EntryPoint\",\"urlTemplate\":\"https:\\\/\\\/blogdacondessa.com.br\\\/blog\\\/?s={search_term_string}\"},\"query-input\":{\"@type\":\"PropertyValueSpecification\",\"valueRequired\":true,\"valueName\":\"search_term_string\"}}],\"inLanguage\":\"pt-BR\"},{\"@type\":\"Person\",\"@id\":\"https:\\\/\\\/blogdacondessa.com.br\\\/blog\\\/#\\\/schema\\\/person\\\/1d667ff8b785195b568677489d266035\",\"name\":\"Blog da Condessa\",\"image\":{\"@type\":\"ImageObject\",\"inLanguage\":\"pt-BR\",\"@id\":\"https:\\\/\\\/secure.gravatar.com\\\/avatar\\\/377c0eb8b4ad2bfc25461b41564b5971e721ca34a57642868fc7b0c8ac7b52c5?s=96&d=mm&r=g\",\"url\":\"https:\\\/\\\/secure.gravatar.com\\\/avatar\\\/377c0eb8b4ad2bfc25461b41564b5971e721ca34a57642868fc7b0c8ac7b52c5?s=96&d=mm&r=g\",\"contentUrl\":\"https:\\\/\\\/secure.gravatar.com\\\/avatar\\\/377c0eb8b4ad2bfc25461b41564b5971e721ca34a57642868fc7b0c8ac7b52c5?s=96&d=mm&r=g\",\"caption\":\"Blog da Condessa\"},\"url\":\"https:\\\/\\\/blogdacondessa.com.br\\\/blog\\\/author\\\/beatriz\\\/\"}]}<\/script>\n<!-- \/ Yoast SEO plugin. -->","yoast_head_json":{"title":"Feira de Vinil celebra 10 anos de incentivo \u00e0 economia criativa de MT &#8902; Blog da Condessa","robots":{"index":"index","follow":"follow","max-snippet":"max-snippet:-1","max-image-preview":"max-image-preview:large","max-video-preview":"max-video-preview:-1"},"canonical":"https:\/\/blogdacondessa.com.br\/blog\/uncategorized\/feira-de-vinil-celebra-10-anos-de-incentivo-a-economia-criativa-de-mt\/","og_locale":"pt_BR","og_type":"article","og_title":"Feira de Vinil celebra 10 anos de incentivo \u00e0 economia criativa de MT &#8902; Blog da Condessa","og_description":"O evento ocorre neste s\u00e1bado (8), na Casa Cuiabana, com feirinha, shows de rock, apresenta\u00e7\u00e3o de Djs, oficinas e sess\u00e3o de cinema. A Feira de Vinil e Criatividades celebra 10 anos de incentivo \u00e0 economia criativa e \u00e0 cultura mato-grossense em sua 31\u00aa edi\u00e7\u00e3o, que ocorre neste s\u00e1bado (8.11), das 14h \u00e0s 22h, no Centro [&hellip;]","og_url":"https:\/\/blogdacondessa.com.br\/blog\/uncategorized\/feira-de-vinil-celebra-10-anos-de-incentivo-a-economia-criativa-de-mt\/","og_site_name":"Blog da Condessa","article_published_time":"2025-11-06T21:52:23+00:00","og_image":[{"width":1024,"height":768,"url":"https:\/\/blogdacondessa.com.br\/blog\/wp-content\/uploads\/2025\/11\/Feira-de-vinil-e-criatividades.jpeg","type":"image\/jpeg"}],"author":"Blog da Condessa","twitter_card":"summary_large_image","twitter_misc":{"Escrito por":"Blog da Condessa","Est. tempo de leitura":"3 minutos"},"schema":{"@context":"https:\/\/schema.org","@graph":[{"@type":"Article","@id":"https:\/\/blogdacondessa.com.br\/blog\/uncategorized\/feira-de-vinil-celebra-10-anos-de-incentivo-a-economia-criativa-de-mt\/#article","isPartOf":{"@id":"https:\/\/blogdacondessa.com.br\/blog\/uncategorized\/feira-de-vinil-celebra-10-anos-de-incentivo-a-economia-criativa-de-mt\/"},"author":{"name":"Blog da Condessa","@id":"https:\/\/blogdacondessa.com.br\/blog\/#\/schema\/person\/1d667ff8b785195b568677489d266035"},"headline":"Feira de Vinil celebra 10 anos de incentivo \u00e0 economia criativa de MT","datePublished":"2025-11-06T21:52:23+00:00","mainEntityOfPage":{"@id":"https:\/\/blogdacondessa.com.br\/blog\/uncategorized\/feira-de-vinil-celebra-10-anos-de-incentivo-a-economia-criativa-de-mt\/"},"wordCount":440,"image":{"@id":"https:\/\/blogdacondessa.com.br\/blog\/uncategorized\/feira-de-vinil-celebra-10-anos-de-incentivo-a-economia-criativa-de-mt\/#primaryimage"},"thumbnailUrl":"https:\/\/blogdacondessa.com.br\/blog\/wp-content\/uploads\/2025\/11\/Feira-de-vinil-e-criatividades.jpeg","articleSection":["Uncategorized"],"inLanguage":"pt-BR"},{"@type":"WebPage","@id":"https:\/\/blogdacondessa.com.br\/blog\/uncategorized\/feira-de-vinil-celebra-10-anos-de-incentivo-a-economia-criativa-de-mt\/","url":"https:\/\/blogdacondessa.com.br\/blog\/uncategorized\/feira-de-vinil-celebra-10-anos-de-incentivo-a-economia-criativa-de-mt\/","name":"Feira de Vinil celebra 10 anos de incentivo \u00e0 economia criativa de MT &#8902; Blog da Condessa","isPartOf":{"@id":"https:\/\/blogdacondessa.com.br\/blog\/#website"},"primaryImageOfPage":{"@id":"https:\/\/blogdacondessa.com.br\/blog\/uncategorized\/feira-de-vinil-celebra-10-anos-de-incentivo-a-economia-criativa-de-mt\/#primaryimage"},"image":{"@id":"https:\/\/blogdacondessa.com.br\/blog\/uncategorized\/feira-de-vinil-celebra-10-anos-de-incentivo-a-economia-criativa-de-mt\/#primaryimage"},"thumbnailUrl":"https:\/\/blogdacondessa.com.br\/blog\/wp-content\/uploads\/2025\/11\/Feira-de-vinil-e-criatividades.jpeg","datePublished":"2025-11-06T21:52:23+00:00","author":{"@id":"https:\/\/blogdacondessa.com.br\/blog\/#\/schema\/person\/1d667ff8b785195b568677489d266035"},"breadcrumb":{"@id":"https:\/\/blogdacondessa.com.br\/blog\/uncategorized\/feira-de-vinil-celebra-10-anos-de-incentivo-a-economia-criativa-de-mt\/#breadcrumb"},"inLanguage":"pt-BR","potentialAction":[{"@type":"ReadAction","target":["https:\/\/blogdacondessa.com.br\/blog\/uncategorized\/feira-de-vinil-celebra-10-anos-de-incentivo-a-economia-criativa-de-mt\/"]}]},{"@type":"ImageObject","inLanguage":"pt-BR","@id":"https:\/\/blogdacondessa.com.br\/blog\/uncategorized\/feira-de-vinil-celebra-10-anos-de-incentivo-a-economia-criativa-de-mt\/#primaryimage","url":"https:\/\/blogdacondessa.com.br\/blog\/wp-content\/uploads\/2025\/11\/Feira-de-vinil-e-criatividades.jpeg","contentUrl":"https:\/\/blogdacondessa.com.br\/blog\/wp-content\/uploads\/2025\/11\/Feira-de-vinil-e-criatividades.jpeg","width":1024,"height":768},{"@type":"BreadcrumbList","@id":"https:\/\/blogdacondessa.com.br\/blog\/uncategorized\/feira-de-vinil-celebra-10-anos-de-incentivo-a-economia-criativa-de-mt\/#breadcrumb","itemListElement":[{"@type":"ListItem","position":1,"name":"In\u00edcio","item":"https:\/\/blogdacondessa.com.br\/blog\/"},{"@type":"ListItem","position":2,"name":"Feira de Vinil celebra 10 anos de incentivo \u00e0 economia criativa de MT"}]},{"@type":"WebSite","@id":"https:\/\/blogdacondessa.com.br\/blog\/#website","url":"https:\/\/blogdacondessa.com.br\/blog\/","name":"Blog da Condessa","description":"Com Shirley de Souza O\u2019Campos","potentialAction":[{"@type":"SearchAction","target":{"@type":"EntryPoint","urlTemplate":"https:\/\/blogdacondessa.com.br\/blog\/?s={search_term_string}"},"query-input":{"@type":"PropertyValueSpecification","valueRequired":true,"valueName":"search_term_string"}}],"inLanguage":"pt-BR"},{"@type":"Person","@id":"https:\/\/blogdacondessa.com.br\/blog\/#\/schema\/person\/1d667ff8b785195b568677489d266035","name":"Blog da Condessa","image":{"@type":"ImageObject","inLanguage":"pt-BR","@id":"https:\/\/secure.gravatar.com\/avatar\/377c0eb8b4ad2bfc25461b41564b5971e721ca34a57642868fc7b0c8ac7b52c5?s=96&d=mm&r=g","url":"https:\/\/secure.gravatar.com\/avatar\/377c0eb8b4ad2bfc25461b41564b5971e721ca34a57642868fc7b0c8ac7b52c5?s=96&d=mm&r=g","contentUrl":"https:\/\/secure.gravatar.com\/avatar\/377c0eb8b4ad2bfc25461b41564b5971e721ca34a57642868fc7b0c8ac7b52c5?s=96&d=mm&r=g","caption":"Blog da Condessa"},"url":"https:\/\/blogdacondessa.com.br\/blog\/author\/beatriz\/"}]}},"_links":{"self":[{"href":"https:\/\/blogdacondessa.com.br\/blog\/wp-json\/wp\/v2\/posts\/13031","targetHints":{"allow":["GET"]}}],"collection":[{"href":"https:\/\/blogdacondessa.com.br\/blog\/wp-json\/wp\/v2\/posts"}],"about":[{"href":"https:\/\/blogdacondessa.com.br\/blog\/wp-json\/wp\/v2\/types\/post"}],"author":[{"embeddable":true,"href":"https:\/\/blogdacondessa.com.br\/blog\/wp-json\/wp\/v2\/users\/2"}],"replies":[{"embeddable":true,"href":"https:\/\/blogdacondessa.com.br\/blog\/wp-json\/wp\/v2\/comments?post=13031"}],"version-history":[{"count":1,"href":"https:\/\/blogdacondessa.com.br\/blog\/wp-json\/wp\/v2\/posts\/13031\/revisions"}],"predecessor-version":[{"id":13033,"href":"https:\/\/blogdacondessa.com.br\/blog\/wp-json\/wp\/v2\/posts\/13031\/revisions\/13033"}],"wp:featuredmedia":[{"embeddable":true,"href":"https:\/\/blogdacondessa.com.br\/blog\/wp-json\/wp\/v2\/media\/13032"}],"wp:attachment":[{"href":"https:\/\/blogdacondessa.com.br\/blog\/wp-json\/wp\/v2\/media?parent=13031"}],"wp:term":[{"taxonomy":"category","embeddable":true,"href":"https:\/\/blogdacondessa.com.br\/blog\/wp-json\/wp\/v2\/categories?post=13031"},{"taxonomy":"post_tag","embeddable":true,"href":"https:\/\/blogdacondessa.com.br\/blog\/wp-json\/wp\/v2\/tags?post=13031"}],"curies":[{"name":"wp","href":"https:\/\/api.w.org\/{rel}","templated":true}]}}