{"id":13028,"date":"2025-11-06T05:00:54","date_gmt":"2025-11-06T09:00:54","guid":{"rendered":"https:\/\/blogdacondessa.com.br\/blog\/?p=13028"},"modified":"2025-11-05T18:30:01","modified_gmt":"2025-11-05T22:30:01","slug":"governo-de-mt-lanca-programa-inovador-para-fortalecimento-da-agricultura-familiar-em-parceria-com-banco-mundial","status":"publish","type":"post","link":"https:\/\/blogdacondessa.com.br\/blog\/uncategorized\/governo-de-mt-lanca-programa-inovador-para-fortalecimento-da-agricultura-familiar-em-parceria-com-banco-mundial\/","title":{"rendered":"Governo de MT lan\u00e7a programa inovador para fortalecimento da agricultura familiar em parceria com Banco Mundial"},"content":{"rendered":"<p>O Governo de Mato Grosso lan\u00e7a, nesta quinta-feira (6.11),\u00a0o Programa MT Produtivo \u2013 Desenvolvimento e Sustentabilidade, projeto inovador de desenvolvimento sustent\u00e1vel da agricultura familiar.\u00a0O evento ser\u00e1 realizado na Sala de Reuni\u00f5es Garcia Neto, no Pal\u00e1cio Paiagu\u00e1s, em Cuiab\u00e1, \u00e0s 14h, com a participa\u00e7\u00e3o de representantes do Banco Mundial (BIRD), parceiros do programa e autoridades.<\/p>\n<p>O programa implementado em 2025 ser\u00e1 executado at\u00e9 2030 sob coordena\u00e7\u00e3o da Secretaria de Estado de Agricultura Familiar (Seaf) e\u00a0ter\u00e1 investimento total de US$ 100 milh\u00f5es, sendo US$ 80 milh\u00f5es financiados pelo Banco Mundial (BIRD) e US$ 20 milh\u00f5es de contrapartida do Estado.<\/p>\n<p>O projeto visa fortalecer a agricultura familiar, gerar renda, promover seguran\u00e7a alimentar e ampliar o acesso a mercados, beneficiando 15 mil fam\u00edlias em todo o Estado. Entre as a\u00e7\u00f5es previstas est\u00e3o o financiamento de planos de neg\u00f3cios de associa\u00e7\u00f5es e cooperativas, a regulariza\u00e7\u00e3o fundi\u00e1ria e ambiental de estabelecimentos rurais, e o apoio \u00e0 ado\u00e7\u00e3o de pr\u00e1ticas agr\u00edcolas sustent\u00e1veis e inteligentes em rela\u00e7\u00e3o ao clima.<\/p>\n<p>Servi\u00e7o |\u00a0Lan\u00e7amento do Programa MT Produtivo \u2013 Desenvolvimento e Sustentabilidade<\/p>\n<p>Data: \u00a0Quinta-feira, 6 de novembro de 2025<\/p>\n<p>Hor\u00e1rio: 14h<\/p>\n<p>Local: Pal\u00e1cio Paiagu\u00e1s \u2013 Sala de Reuni\u00f5es Garcia Neto, em Cuiab\u00e1<\/p>\n","protected":false},"excerpt":{"rendered":"<p>O Governo de Mato Grosso lan\u00e7a, nesta quinta-feira (6.11),\u00a0o Programa MT Produtivo \u2013 Desenvolvimento e Sustentabilidade, projeto inovador de desenvolvimento sustent\u00e1vel da agricultura familiar.\u00a0O evento ser\u00e1 realizado na Sala de Reuni\u00f5es Garcia Neto, no Pal\u00e1cio Paiagu\u00e1s, em Cuiab\u00e1, \u00e0s 14h, com a participa\u00e7\u00e3o de representantes do Banco Mundial (BIRD), parceiros do programa e autoridades. O [&hellip;]<\/p>\n","protected":false},"author":2,"featured_media":13029,"comment_status":"closed","ping_status":"closed","sticky":false,"template":"","format":"standard","meta":{"iawp_total_views":3,"footnotes":""},"categories":[1],"tags":[],"class_list":["post-13028","post","type-post","status-publish","format-standard","has-post-thumbnail","hentry","category-uncategorized"],"yoast_head":"<!-- This site is optimized with the Yoast SEO plugin v27.3 - https:\/\/yoast.com\/product\/yoast-seo-wordpress\/ -->\n<title>Governo de MT lan\u00e7a programa inovador para fortalecimento da agricultura familiar em parceria com Banco Mundial &#8902; Blog da Condessa<\/title>\n<meta name=\"robots\" content=\"index, follow, max-snippet:-1, max-image-preview:large, max-video-preview:-1\" \/>\n<link rel=\"canonical\" href=\"https:\/\/blogdacondessa.com.br\/blog\/uncategorized\/governo-de-mt-lanca-programa-inovador-para-fortalecimento-da-agricultura-familiar-em-parceria-com-banco-mundial\/\" \/>\n<meta property=\"og:locale\" content=\"pt_BR\" \/>\n<meta property=\"og:type\" content=\"article\" \/>\n<meta property=\"og:title\" content=\"Governo de MT lan\u00e7a programa inovador para fortalecimento da agricultura familiar em parceria com Banco Mundial &#8902; Blog da Condessa\" \/>\n<meta property=\"og:description\" content=\"O Governo de Mato Grosso lan\u00e7a, nesta quinta-feira (6.11),\u00a0o Programa MT Produtivo \u2013 Desenvolvimento e Sustentabilidade, projeto inovador de desenvolvimento sustent\u00e1vel da agricultura familiar.\u00a0O evento ser\u00e1 realizado na Sala de Reuni\u00f5es Garcia Neto, no Pal\u00e1cio Paiagu\u00e1s, em Cuiab\u00e1, \u00e0s 14h, com a participa\u00e7\u00e3o de representantes do Banco Mundial (BIRD), parceiros do programa e autoridades. O [&hellip;]\" \/>\n<meta property=\"og:url\" content=\"https:\/\/blogdacondessa.com.br\/blog\/uncategorized\/governo-de-mt-lanca-programa-inovador-para-fortalecimento-da-agricultura-familiar-em-parceria-com-banco-mundial\/\" \/>\n<meta property=\"og:site_name\" content=\"Blog da Condessa\" \/>\n<meta property=\"article:published_time\" content=\"2025-11-06T09:00:54+00:00\" \/>\n<meta property=\"og:image\" content=\"https:\/\/blogdacondessa.com.br\/blog\/wp-content\/uploads\/2025\/11\/AGRICULTURA-FAMILIAR-programa.jpg\" \/>\n\t<meta property=\"og:image:width\" content=\"1024\" \/>\n\t<meta property=\"og:image:height\" content=\"683\" \/>\n\t<meta property=\"og:image:type\" content=\"image\/jpeg\" \/>\n<meta name=\"author\" content=\"Blog da Condessa\" \/>\n<meta name=\"twitter:card\" content=\"summary_large_image\" \/>\n<meta name=\"twitter:label1\" content=\"Escrito por\" \/>\n\t<meta name=\"twitter:data1\" content=\"Blog da Condessa\" \/>\n\t<meta name=\"twitter:label2\" content=\"Est. tempo de leitura\" \/>\n\t<meta name=\"twitter:data2\" content=\"2 minutos\" \/>\n<script type=\"application\/ld+json\" class=\"yoast-schema-graph\">{\"@context\":\"https:\\\/\\\/schema.org\",\"@graph\":[{\"@type\":\"Article\",\"@id\":\"https:\\\/\\\/blogdacondessa.com.br\\\/blog\\\/uncategorized\\\/governo-de-mt-lanca-programa-inovador-para-fortalecimento-da-agricultura-familiar-em-parceria-com-banco-mundial\\\/#article\",\"isPartOf\":{\"@id\":\"https:\\\/\\\/blogdacondessa.com.br\\\/blog\\\/uncategorized\\\/governo-de-mt-lanca-programa-inovador-para-fortalecimento-da-agricultura-familiar-em-parceria-com-banco-mundial\\\/\"},\"author\":{\"name\":\"Blog da Condessa\",\"@id\":\"https:\\\/\\\/blogdacondessa.com.br\\\/blog\\\/#\\\/schema\\\/person\\\/1d667ff8b785195b568677489d266035\"},\"headline\":\"Governo de MT lan\u00e7a programa inovador para fortalecimento da agricultura familiar em parceria com Banco Mundial\",\"datePublished\":\"2025-11-06T09:00:54+00:00\",\"mainEntityOfPage\":{\"@id\":\"https:\\\/\\\/blogdacondessa.com.br\\\/blog\\\/uncategorized\\\/governo-de-mt-lanca-programa-inovador-para-fortalecimento-da-agricultura-familiar-em-parceria-com-banco-mundial\\\/\"},\"wordCount\":227,\"image\":{\"@id\":\"https:\\\/\\\/blogdacondessa.com.br\\\/blog\\\/uncategorized\\\/governo-de-mt-lanca-programa-inovador-para-fortalecimento-da-agricultura-familiar-em-parceria-com-banco-mundial\\\/#primaryimage\"},\"thumbnailUrl\":\"https:\\\/\\\/blogdacondessa.com.br\\\/blog\\\/wp-content\\\/uploads\\\/2025\\\/11\\\/AGRICULTURA-FAMILIAR-programa.jpg\",\"articleSection\":[\"Uncategorized\"],\"inLanguage\":\"pt-BR\"},{\"@type\":\"WebPage\",\"@id\":\"https:\\\/\\\/blogdacondessa.com.br\\\/blog\\\/uncategorized\\\/governo-de-mt-lanca-programa-inovador-para-fortalecimento-da-agricultura-familiar-em-parceria-com-banco-mundial\\\/\",\"url\":\"https:\\\/\\\/blogdacondessa.com.br\\\/blog\\\/uncategorized\\\/governo-de-mt-lanca-programa-inovador-para-fortalecimento-da-agricultura-familiar-em-parceria-com-banco-mundial\\\/\",\"name\":\"Governo de MT lan\u00e7a programa inovador para fortalecimento da agricultura familiar em parceria com Banco Mundial &#8902; Blog da Condessa\",\"isPartOf\":{\"@id\":\"https:\\\/\\\/blogdacondessa.com.br\\\/blog\\\/#website\"},\"primaryImageOfPage\":{\"@id\":\"https:\\\/\\\/blogdacondessa.com.br\\\/blog\\\/uncategorized\\\/governo-de-mt-lanca-programa-inovador-para-fortalecimento-da-agricultura-familiar-em-parceria-com-banco-mundial\\\/#primaryimage\"},\"image\":{\"@id\":\"https:\\\/\\\/blogdacondessa.com.br\\\/blog\\\/uncategorized\\\/governo-de-mt-lanca-programa-inovador-para-fortalecimento-da-agricultura-familiar-em-parceria-com-banco-mundial\\\/#primaryimage\"},\"thumbnailUrl\":\"https:\\\/\\\/blogdacondessa.com.br\\\/blog\\\/wp-content\\\/uploads\\\/2025\\\/11\\\/AGRICULTURA-FAMILIAR-programa.jpg\",\"datePublished\":\"2025-11-06T09:00:54+00:00\",\"author\":{\"@id\":\"https:\\\/\\\/blogdacondessa.com.br\\\/blog\\\/#\\\/schema\\\/person\\\/1d667ff8b785195b568677489d266035\"},\"breadcrumb\":{\"@id\":\"https:\\\/\\\/blogdacondessa.com.br\\\/blog\\\/uncategorized\\\/governo-de-mt-lanca-programa-inovador-para-fortalecimento-da-agricultura-familiar-em-parceria-com-banco-mundial\\\/#breadcrumb\"},\"inLanguage\":\"pt-BR\",\"potentialAction\":[{\"@type\":\"ReadAction\",\"target\":[\"https:\\\/\\\/blogdacondessa.com.br\\\/blog\\\/uncategorized\\\/governo-de-mt-lanca-programa-inovador-para-fortalecimento-da-agricultura-familiar-em-parceria-com-banco-mundial\\\/\"]}]},{\"@type\":\"ImageObject\",\"inLanguage\":\"pt-BR\",\"@id\":\"https:\\\/\\\/blogdacondessa.com.br\\\/blog\\\/uncategorized\\\/governo-de-mt-lanca-programa-inovador-para-fortalecimento-da-agricultura-familiar-em-parceria-com-banco-mundial\\\/#primaryimage\",\"url\":\"https:\\\/\\\/blogdacondessa.com.br\\\/blog\\\/wp-content\\\/uploads\\\/2025\\\/11\\\/AGRICULTURA-FAMILIAR-programa.jpg\",\"contentUrl\":\"https:\\\/\\\/blogdacondessa.com.br\\\/blog\\\/wp-content\\\/uploads\\\/2025\\\/11\\\/AGRICULTURA-FAMILIAR-programa.jpg\",\"width\":1024,\"height\":683,\"caption\":\"Foto: Mayke Toscano\\\/Secom-MT\"},{\"@type\":\"BreadcrumbList\",\"@id\":\"https:\\\/\\\/blogdacondessa.com.br\\\/blog\\\/uncategorized\\\/governo-de-mt-lanca-programa-inovador-para-fortalecimento-da-agricultura-familiar-em-parceria-com-banco-mundial\\\/#breadcrumb\",\"itemListElement\":[{\"@type\":\"ListItem\",\"position\":1,\"name\":\"In\u00edcio\",\"item\":\"https:\\\/\\\/blogdacondessa.com.br\\\/blog\\\/\"},{\"@type\":\"ListItem\",\"position\":2,\"name\":\"Governo de MT lan\u00e7a programa inovador para fortalecimento da agricultura familiar em parceria com Banco Mundial\"}]},{\"@type\":\"WebSite\",\"@id\":\"https:\\\/\\\/blogdacondessa.com.br\\\/blog\\\/#website\",\"url\":\"https:\\\/\\\/blogdacondessa.com.br\\\/blog\\\/\",\"name\":\"Blog da Condessa\",\"description\":\"Com Shirley de Souza O\u2019Campos\",\"potentialAction\":[{\"@type\":\"SearchAction\",\"target\":{\"@type\":\"EntryPoint\",\"urlTemplate\":\"https:\\\/\\\/blogdacondessa.com.br\\\/blog\\\/?s={search_term_string}\"},\"query-input\":{\"@type\":\"PropertyValueSpecification\",\"valueRequired\":true,\"valueName\":\"search_term_string\"}}],\"inLanguage\":\"pt-BR\"},{\"@type\":\"Person\",\"@id\":\"https:\\\/\\\/blogdacondessa.com.br\\\/blog\\\/#\\\/schema\\\/person\\\/1d667ff8b785195b568677489d266035\",\"name\":\"Blog da Condessa\",\"image\":{\"@type\":\"ImageObject\",\"inLanguage\":\"pt-BR\",\"@id\":\"https:\\\/\\\/secure.gravatar.com\\\/avatar\\\/377c0eb8b4ad2bfc25461b41564b5971e721ca34a57642868fc7b0c8ac7b52c5?s=96&d=mm&r=g\",\"url\":\"https:\\\/\\\/secure.gravatar.com\\\/avatar\\\/377c0eb8b4ad2bfc25461b41564b5971e721ca34a57642868fc7b0c8ac7b52c5?s=96&d=mm&r=g\",\"contentUrl\":\"https:\\\/\\\/secure.gravatar.com\\\/avatar\\\/377c0eb8b4ad2bfc25461b41564b5971e721ca34a57642868fc7b0c8ac7b52c5?s=96&d=mm&r=g\",\"caption\":\"Blog da Condessa\"},\"url\":\"https:\\\/\\\/blogdacondessa.com.br\\\/blog\\\/author\\\/beatriz\\\/\"}]}<\/script>\n<!-- \/ Yoast SEO plugin. -->","yoast_head_json":{"title":"Governo de MT lan\u00e7a programa inovador para fortalecimento da agricultura familiar em parceria com Banco Mundial &#8902; Blog da Condessa","robots":{"index":"index","follow":"follow","max-snippet":"max-snippet:-1","max-image-preview":"max-image-preview:large","max-video-preview":"max-video-preview:-1"},"canonical":"https:\/\/blogdacondessa.com.br\/blog\/uncategorized\/governo-de-mt-lanca-programa-inovador-para-fortalecimento-da-agricultura-familiar-em-parceria-com-banco-mundial\/","og_locale":"pt_BR","og_type":"article","og_title":"Governo de MT lan\u00e7a programa inovador para fortalecimento da agricultura familiar em parceria com Banco Mundial &#8902; Blog da Condessa","og_description":"O Governo de Mato Grosso lan\u00e7a, nesta quinta-feira (6.11),\u00a0o Programa MT Produtivo \u2013 Desenvolvimento e Sustentabilidade, projeto inovador de desenvolvimento sustent\u00e1vel da agricultura familiar.\u00a0O evento ser\u00e1 realizado na Sala de Reuni\u00f5es Garcia Neto, no Pal\u00e1cio Paiagu\u00e1s, em Cuiab\u00e1, \u00e0s 14h, com a participa\u00e7\u00e3o de representantes do Banco Mundial (BIRD), parceiros do programa e autoridades. O [&hellip;]","og_url":"https:\/\/blogdacondessa.com.br\/blog\/uncategorized\/governo-de-mt-lanca-programa-inovador-para-fortalecimento-da-agricultura-familiar-em-parceria-com-banco-mundial\/","og_site_name":"Blog da Condessa","article_published_time":"2025-11-06T09:00:54+00:00","og_image":[{"width":1024,"height":683,"url":"https:\/\/blogdacondessa.com.br\/blog\/wp-content\/uploads\/2025\/11\/AGRICULTURA-FAMILIAR-programa.jpg","type":"image\/jpeg"}],"author":"Blog da Condessa","twitter_card":"summary_large_image","twitter_misc":{"Escrito por":"Blog da Condessa","Est. tempo de leitura":"2 minutos"},"schema":{"@context":"https:\/\/schema.org","@graph":[{"@type":"Article","@id":"https:\/\/blogdacondessa.com.br\/blog\/uncategorized\/governo-de-mt-lanca-programa-inovador-para-fortalecimento-da-agricultura-familiar-em-parceria-com-banco-mundial\/#article","isPartOf":{"@id":"https:\/\/blogdacondessa.com.br\/blog\/uncategorized\/governo-de-mt-lanca-programa-inovador-para-fortalecimento-da-agricultura-familiar-em-parceria-com-banco-mundial\/"},"author":{"name":"Blog da Condessa","@id":"https:\/\/blogdacondessa.com.br\/blog\/#\/schema\/person\/1d667ff8b785195b568677489d266035"},"headline":"Governo de MT lan\u00e7a programa inovador para fortalecimento da agricultura familiar em parceria com Banco Mundial","datePublished":"2025-11-06T09:00:54+00:00","mainEntityOfPage":{"@id":"https:\/\/blogdacondessa.com.br\/blog\/uncategorized\/governo-de-mt-lanca-programa-inovador-para-fortalecimento-da-agricultura-familiar-em-parceria-com-banco-mundial\/"},"wordCount":227,"image":{"@id":"https:\/\/blogdacondessa.com.br\/blog\/uncategorized\/governo-de-mt-lanca-programa-inovador-para-fortalecimento-da-agricultura-familiar-em-parceria-com-banco-mundial\/#primaryimage"},"thumbnailUrl":"https:\/\/blogdacondessa.com.br\/blog\/wp-content\/uploads\/2025\/11\/AGRICULTURA-FAMILIAR-programa.jpg","articleSection":["Uncategorized"],"inLanguage":"pt-BR"},{"@type":"WebPage","@id":"https:\/\/blogdacondessa.com.br\/blog\/uncategorized\/governo-de-mt-lanca-programa-inovador-para-fortalecimento-da-agricultura-familiar-em-parceria-com-banco-mundial\/","url":"https:\/\/blogdacondessa.com.br\/blog\/uncategorized\/governo-de-mt-lanca-programa-inovador-para-fortalecimento-da-agricultura-familiar-em-parceria-com-banco-mundial\/","name":"Governo de MT lan\u00e7a programa inovador para fortalecimento da agricultura familiar em parceria com Banco Mundial &#8902; Blog da Condessa","isPartOf":{"@id":"https:\/\/blogdacondessa.com.br\/blog\/#website"},"primaryImageOfPage":{"@id":"https:\/\/blogdacondessa.com.br\/blog\/uncategorized\/governo-de-mt-lanca-programa-inovador-para-fortalecimento-da-agricultura-familiar-em-parceria-com-banco-mundial\/#primaryimage"},"image":{"@id":"https:\/\/blogdacondessa.com.br\/blog\/uncategorized\/governo-de-mt-lanca-programa-inovador-para-fortalecimento-da-agricultura-familiar-em-parceria-com-banco-mundial\/#primaryimage"},"thumbnailUrl":"https:\/\/blogdacondessa.com.br\/blog\/wp-content\/uploads\/2025\/11\/AGRICULTURA-FAMILIAR-programa.jpg","datePublished":"2025-11-06T09:00:54+00:00","author":{"@id":"https:\/\/blogdacondessa.com.br\/blog\/#\/schema\/person\/1d667ff8b785195b568677489d266035"},"breadcrumb":{"@id":"https:\/\/blogdacondessa.com.br\/blog\/uncategorized\/governo-de-mt-lanca-programa-inovador-para-fortalecimento-da-agricultura-familiar-em-parceria-com-banco-mundial\/#breadcrumb"},"inLanguage":"pt-BR","potentialAction":[{"@type":"ReadAction","target":["https:\/\/blogdacondessa.com.br\/blog\/uncategorized\/governo-de-mt-lanca-programa-inovador-para-fortalecimento-da-agricultura-familiar-em-parceria-com-banco-mundial\/"]}]},{"@type":"ImageObject","inLanguage":"pt-BR","@id":"https:\/\/blogdacondessa.com.br\/blog\/uncategorized\/governo-de-mt-lanca-programa-inovador-para-fortalecimento-da-agricultura-familiar-em-parceria-com-banco-mundial\/#primaryimage","url":"https:\/\/blogdacondessa.com.br\/blog\/wp-content\/uploads\/2025\/11\/AGRICULTURA-FAMILIAR-programa.jpg","contentUrl":"https:\/\/blogdacondessa.com.br\/blog\/wp-content\/uploads\/2025\/11\/AGRICULTURA-FAMILIAR-programa.jpg","width":1024,"height":683,"caption":"Foto: Mayke Toscano\/Secom-MT"},{"@type":"BreadcrumbList","@id":"https:\/\/blogdacondessa.com.br\/blog\/uncategorized\/governo-de-mt-lanca-programa-inovador-para-fortalecimento-da-agricultura-familiar-em-parceria-com-banco-mundial\/#breadcrumb","itemListElement":[{"@type":"ListItem","position":1,"name":"In\u00edcio","item":"https:\/\/blogdacondessa.com.br\/blog\/"},{"@type":"ListItem","position":2,"name":"Governo de MT lan\u00e7a programa inovador para fortalecimento da agricultura familiar em parceria com Banco Mundial"}]},{"@type":"WebSite","@id":"https:\/\/blogdacondessa.com.br\/blog\/#website","url":"https:\/\/blogdacondessa.com.br\/blog\/","name":"Blog da Condessa","description":"Com Shirley de Souza O\u2019Campos","potentialAction":[{"@type":"SearchAction","target":{"@type":"EntryPoint","urlTemplate":"https:\/\/blogdacondessa.com.br\/blog\/?s={search_term_string}"},"query-input":{"@type":"PropertyValueSpecification","valueRequired":true,"valueName":"search_term_string"}}],"inLanguage":"pt-BR"},{"@type":"Person","@id":"https:\/\/blogdacondessa.com.br\/blog\/#\/schema\/person\/1d667ff8b785195b568677489d266035","name":"Blog da Condessa","image":{"@type":"ImageObject","inLanguage":"pt-BR","@id":"https:\/\/secure.gravatar.com\/avatar\/377c0eb8b4ad2bfc25461b41564b5971e721ca34a57642868fc7b0c8ac7b52c5?s=96&d=mm&r=g","url":"https:\/\/secure.gravatar.com\/avatar\/377c0eb8b4ad2bfc25461b41564b5971e721ca34a57642868fc7b0c8ac7b52c5?s=96&d=mm&r=g","contentUrl":"https:\/\/secure.gravatar.com\/avatar\/377c0eb8b4ad2bfc25461b41564b5971e721ca34a57642868fc7b0c8ac7b52c5?s=96&d=mm&r=g","caption":"Blog da Condessa"},"url":"https:\/\/blogdacondessa.com.br\/blog\/author\/beatriz\/"}]}},"_links":{"self":[{"href":"https:\/\/blogdacondessa.com.br\/blog\/wp-json\/wp\/v2\/posts\/13028","targetHints":{"allow":["GET"]}}],"collection":[{"href":"https:\/\/blogdacondessa.com.br\/blog\/wp-json\/wp\/v2\/posts"}],"about":[{"href":"https:\/\/blogdacondessa.com.br\/blog\/wp-json\/wp\/v2\/types\/post"}],"author":[{"embeddable":true,"href":"https:\/\/blogdacondessa.com.br\/blog\/wp-json\/wp\/v2\/users\/2"}],"replies":[{"embeddable":true,"href":"https:\/\/blogdacondessa.com.br\/blog\/wp-json\/wp\/v2\/comments?post=13028"}],"version-history":[{"count":1,"href":"https:\/\/blogdacondessa.com.br\/blog\/wp-json\/wp\/v2\/posts\/13028\/revisions"}],"predecessor-version":[{"id":13030,"href":"https:\/\/blogdacondessa.com.br\/blog\/wp-json\/wp\/v2\/posts\/13028\/revisions\/13030"}],"wp:featuredmedia":[{"embeddable":true,"href":"https:\/\/blogdacondessa.com.br\/blog\/wp-json\/wp\/v2\/media\/13029"}],"wp:attachment":[{"href":"https:\/\/blogdacondessa.com.br\/blog\/wp-json\/wp\/v2\/media?parent=13028"}],"wp:term":[{"taxonomy":"category","embeddable":true,"href":"https:\/\/blogdacondessa.com.br\/blog\/wp-json\/wp\/v2\/categories?post=13028"},{"taxonomy":"post_tag","embeddable":true,"href":"https:\/\/blogdacondessa.com.br\/blog\/wp-json\/wp\/v2\/tags?post=13028"}],"curies":[{"name":"wp","href":"https:\/\/api.w.org\/{rel}","templated":true}]}}