{"id":13022,"date":"2025-11-05T05:00:18","date_gmt":"2025-11-05T09:00:18","guid":{"rendered":"https:\/\/blogdacondessa.com.br\/blog\/?p=13022"},"modified":"2025-11-04T19:55:52","modified_gmt":"2025-11-04T23:55:52","slug":"jornada-de-trabalho-flexivel-para-cada-realidade","status":"publish","type":"post","link":"https:\/\/blogdacondessa.com.br\/blog\/uncategorized\/jornada-de-trabalho-flexivel-para-cada-realidade\/","title":{"rendered":"Jornada de trabalho flex\u00edvel para cada realidade"},"content":{"rendered":"<p>Com diferentes op\u00e7\u00f5es de hor\u00e1rio e carga hor\u00e1ria, colaboradores podem escolher o modelo que melhor se adapta ao seu estilo de vida.<\/p>\n<p>O Grupo Pereira, s\u00e9timo maior varejista do pa\u00eds, passa a oferecer jornadas de trabalho flex\u00edveis para colaboradores que buscam mais liberdade, equil\u00edbrio e oportunidades de crescimento profissional. A iniciativa refor\u00e7a o compromisso da companhia com o bem-estar das pessoas e com a constru\u00e7\u00e3o de um ambiente de trabalho que valoriza a autonomia e o desenvolvimento cont\u00ednuo.<\/p>\n<p>Com o novo modelo, os colaboradores podem escolher entre turnos da manh\u00e3, tarde ou noite, com cargas hor\u00e1rias de 6 ou 8 horas di\u00e1rias, de acordo com sua disponibilidade e rotina pessoal. \u201cAcreditamos que cada pessoa vive uma realidade diferente. A jornada flex\u00edvel \u00e9 a nossa forma de reconhecer isso e dar mais liberdade para que cada um possa trabalhar do seu jeito, com equil\u00edbrio e prop\u00f3sito. Um dos nossos valores \u00e9 ser um bom lugar para se passar a vida, um ambiente onde \u00e9 poss\u00edvel crescer e realizar sonhos\u201d, afirma Paulo Nogueira, diretor de RH do Grupo Pereira.<\/p>\n<p>Com oportunidades abertas nos sete estados onde atua, a companhia convida profissionais que acreditam em um ambiente de liberdade com responsabilidade a fazer parte de uma empresa que valoriza as pessoas e estimula o aprendizado constante. \u201cMais do que um emprego, queremos oferecer um espa\u00e7o de crescimento. Quando o colaborador tem autonomia e se sente bem, ele entrega o seu melhor, e isso reflete diretamente no sucesso da empresa\u201d, complementa Nogueira.<\/p>\n<p>Os interessados podem se dirigir a Central de Vagas, de segunda a sexta-feira, das 7h \u00e0s 18h, que fica na Avenida Tenente Coronel Duarte n\u00ba 1517, bairro Dom Aquino, no mesmo pr\u00e9dio do Comper da Prainha.<\/p>\n<p>&nbsp;<\/p>\n","protected":false},"excerpt":{"rendered":"<p>Com diferentes op\u00e7\u00f5es de hor\u00e1rio e carga hor\u00e1ria, colaboradores podem escolher o modelo que melhor se adapta ao seu estilo de vida. O Grupo Pereira, s\u00e9timo maior varejista do pa\u00eds, passa a oferecer jornadas de trabalho flex\u00edveis para colaboradores que buscam mais liberdade, equil\u00edbrio e oportunidades de crescimento profissional. A iniciativa refor\u00e7a o compromisso da [&hellip;]<\/p>\n","protected":false},"author":2,"featured_media":13023,"comment_status":"closed","ping_status":"closed","sticky":false,"template":"","format":"standard","meta":{"iawp_total_views":6,"footnotes":""},"categories":[1],"tags":[],"class_list":["post-13022","post","type-post","status-publish","format-standard","has-post-thumbnail","hentry","category-uncategorized"],"yoast_head":"<!-- This site is optimized with the Yoast SEO plugin v27.3 - https:\/\/yoast.com\/product\/yoast-seo-wordpress\/ -->\n<title>Jornada de trabalho flex\u00edvel para cada realidade &#8902; Blog da Condessa<\/title>\n<meta name=\"robots\" content=\"index, follow, max-snippet:-1, max-image-preview:large, max-video-preview:-1\" \/>\n<link rel=\"canonical\" href=\"https:\/\/blogdacondessa.com.br\/blog\/uncategorized\/jornada-de-trabalho-flexivel-para-cada-realidade\/\" \/>\n<meta property=\"og:locale\" content=\"pt_BR\" \/>\n<meta property=\"og:type\" content=\"article\" \/>\n<meta property=\"og:title\" content=\"Jornada de trabalho flex\u00edvel para cada realidade &#8902; Blog da Condessa\" \/>\n<meta property=\"og:description\" content=\"Com diferentes op\u00e7\u00f5es de hor\u00e1rio e carga hor\u00e1ria, colaboradores podem escolher o modelo que melhor se adapta ao seu estilo de vida. O Grupo Pereira, s\u00e9timo maior varejista do pa\u00eds, passa a oferecer jornadas de trabalho flex\u00edveis para colaboradores que buscam mais liberdade, equil\u00edbrio e oportunidades de crescimento profissional. A iniciativa refor\u00e7a o compromisso da [&hellip;]\" \/>\n<meta property=\"og:url\" content=\"https:\/\/blogdacondessa.com.br\/blog\/uncategorized\/jornada-de-trabalho-flexivel-para-cada-realidade\/\" \/>\n<meta property=\"og:site_name\" content=\"Blog da Condessa\" \/>\n<meta property=\"article:published_time\" content=\"2025-11-05T09:00:18+00:00\" \/>\n<meta property=\"og:image\" content=\"https:\/\/blogdacondessa.com.br\/blog\/wp-content\/uploads\/2025\/11\/paulo-noguerira.jpg\" \/>\n\t<meta property=\"og:image:width\" content=\"800\" \/>\n\t<meta property=\"og:image:height\" content=\"800\" \/>\n\t<meta property=\"og:image:type\" content=\"image\/jpeg\" \/>\n<meta name=\"author\" content=\"Blog da Condessa\" \/>\n<meta name=\"twitter:card\" content=\"summary_large_image\" \/>\n<meta name=\"twitter:label1\" content=\"Escrito por\" \/>\n\t<meta name=\"twitter:data1\" content=\"Blog da Condessa\" \/>\n\t<meta name=\"twitter:label2\" content=\"Est. tempo de leitura\" \/>\n\t<meta name=\"twitter:data2\" content=\"2 minutos\" \/>\n<script type=\"application\/ld+json\" class=\"yoast-schema-graph\">{\"@context\":\"https:\\\/\\\/schema.org\",\"@graph\":[{\"@type\":\"Article\",\"@id\":\"https:\\\/\\\/blogdacondessa.com.br\\\/blog\\\/uncategorized\\\/jornada-de-trabalho-flexivel-para-cada-realidade\\\/#article\",\"isPartOf\":{\"@id\":\"https:\\\/\\\/blogdacondessa.com.br\\\/blog\\\/uncategorized\\\/jornada-de-trabalho-flexivel-para-cada-realidade\\\/\"},\"author\":{\"name\":\"Blog da Condessa\",\"@id\":\"https:\\\/\\\/blogdacondessa.com.br\\\/blog\\\/#\\\/schema\\\/person\\\/1d667ff8b785195b568677489d266035\"},\"headline\":\"Jornada de trabalho flex\u00edvel para cada realidade\",\"datePublished\":\"2025-11-05T09:00:18+00:00\",\"mainEntityOfPage\":{\"@id\":\"https:\\\/\\\/blogdacondessa.com.br\\\/blog\\\/uncategorized\\\/jornada-de-trabalho-flexivel-para-cada-realidade\\\/\"},\"wordCount\":305,\"image\":{\"@id\":\"https:\\\/\\\/blogdacondessa.com.br\\\/blog\\\/uncategorized\\\/jornada-de-trabalho-flexivel-para-cada-realidade\\\/#primaryimage\"},\"thumbnailUrl\":\"https:\\\/\\\/blogdacondessa.com.br\\\/blog\\\/wp-content\\\/uploads\\\/2025\\\/11\\\/paulo-noguerira.jpg\",\"articleSection\":[\"Uncategorized\"],\"inLanguage\":\"pt-BR\"},{\"@type\":\"WebPage\",\"@id\":\"https:\\\/\\\/blogdacondessa.com.br\\\/blog\\\/uncategorized\\\/jornada-de-trabalho-flexivel-para-cada-realidade\\\/\",\"url\":\"https:\\\/\\\/blogdacondessa.com.br\\\/blog\\\/uncategorized\\\/jornada-de-trabalho-flexivel-para-cada-realidade\\\/\",\"name\":\"Jornada de trabalho flex\u00edvel para cada realidade &#8902; Blog da Condessa\",\"isPartOf\":{\"@id\":\"https:\\\/\\\/blogdacondessa.com.br\\\/blog\\\/#website\"},\"primaryImageOfPage\":{\"@id\":\"https:\\\/\\\/blogdacondessa.com.br\\\/blog\\\/uncategorized\\\/jornada-de-trabalho-flexivel-para-cada-realidade\\\/#primaryimage\"},\"image\":{\"@id\":\"https:\\\/\\\/blogdacondessa.com.br\\\/blog\\\/uncategorized\\\/jornada-de-trabalho-flexivel-para-cada-realidade\\\/#primaryimage\"},\"thumbnailUrl\":\"https:\\\/\\\/blogdacondessa.com.br\\\/blog\\\/wp-content\\\/uploads\\\/2025\\\/11\\\/paulo-noguerira.jpg\",\"datePublished\":\"2025-11-05T09:00:18+00:00\",\"author\":{\"@id\":\"https:\\\/\\\/blogdacondessa.com.br\\\/blog\\\/#\\\/schema\\\/person\\\/1d667ff8b785195b568677489d266035\"},\"breadcrumb\":{\"@id\":\"https:\\\/\\\/blogdacondessa.com.br\\\/blog\\\/uncategorized\\\/jornada-de-trabalho-flexivel-para-cada-realidade\\\/#breadcrumb\"},\"inLanguage\":\"pt-BR\",\"potentialAction\":[{\"@type\":\"ReadAction\",\"target\":[\"https:\\\/\\\/blogdacondessa.com.br\\\/blog\\\/uncategorized\\\/jornada-de-trabalho-flexivel-para-cada-realidade\\\/\"]}]},{\"@type\":\"ImageObject\",\"inLanguage\":\"pt-BR\",\"@id\":\"https:\\\/\\\/blogdacondessa.com.br\\\/blog\\\/uncategorized\\\/jornada-de-trabalho-flexivel-para-cada-realidade\\\/#primaryimage\",\"url\":\"https:\\\/\\\/blogdacondessa.com.br\\\/blog\\\/wp-content\\\/uploads\\\/2025\\\/11\\\/paulo-noguerira.jpg\",\"contentUrl\":\"https:\\\/\\\/blogdacondessa.com.br\\\/blog\\\/wp-content\\\/uploads\\\/2025\\\/11\\\/paulo-noguerira.jpg\",\"width\":800,\"height\":800},{\"@type\":\"BreadcrumbList\",\"@id\":\"https:\\\/\\\/blogdacondessa.com.br\\\/blog\\\/uncategorized\\\/jornada-de-trabalho-flexivel-para-cada-realidade\\\/#breadcrumb\",\"itemListElement\":[{\"@type\":\"ListItem\",\"position\":1,\"name\":\"In\u00edcio\",\"item\":\"https:\\\/\\\/blogdacondessa.com.br\\\/blog\\\/\"},{\"@type\":\"ListItem\",\"position\":2,\"name\":\"Jornada de trabalho flex\u00edvel para cada realidade\"}]},{\"@type\":\"WebSite\",\"@id\":\"https:\\\/\\\/blogdacondessa.com.br\\\/blog\\\/#website\",\"url\":\"https:\\\/\\\/blogdacondessa.com.br\\\/blog\\\/\",\"name\":\"Blog da Condessa\",\"description\":\"Com Shirley de Souza O\u2019Campos\",\"potentialAction\":[{\"@type\":\"SearchAction\",\"target\":{\"@type\":\"EntryPoint\",\"urlTemplate\":\"https:\\\/\\\/blogdacondessa.com.br\\\/blog\\\/?s={search_term_string}\"},\"query-input\":{\"@type\":\"PropertyValueSpecification\",\"valueRequired\":true,\"valueName\":\"search_term_string\"}}],\"inLanguage\":\"pt-BR\"},{\"@type\":\"Person\",\"@id\":\"https:\\\/\\\/blogdacondessa.com.br\\\/blog\\\/#\\\/schema\\\/person\\\/1d667ff8b785195b568677489d266035\",\"name\":\"Blog da Condessa\",\"image\":{\"@type\":\"ImageObject\",\"inLanguage\":\"pt-BR\",\"@id\":\"https:\\\/\\\/secure.gravatar.com\\\/avatar\\\/377c0eb8b4ad2bfc25461b41564b5971e721ca34a57642868fc7b0c8ac7b52c5?s=96&d=mm&r=g\",\"url\":\"https:\\\/\\\/secure.gravatar.com\\\/avatar\\\/377c0eb8b4ad2bfc25461b41564b5971e721ca34a57642868fc7b0c8ac7b52c5?s=96&d=mm&r=g\",\"contentUrl\":\"https:\\\/\\\/secure.gravatar.com\\\/avatar\\\/377c0eb8b4ad2bfc25461b41564b5971e721ca34a57642868fc7b0c8ac7b52c5?s=96&d=mm&r=g\",\"caption\":\"Blog da Condessa\"},\"url\":\"https:\\\/\\\/blogdacondessa.com.br\\\/blog\\\/author\\\/beatriz\\\/\"}]}<\/script>\n<!-- \/ Yoast SEO plugin. -->","yoast_head_json":{"title":"Jornada de trabalho flex\u00edvel para cada realidade &#8902; Blog da Condessa","robots":{"index":"index","follow":"follow","max-snippet":"max-snippet:-1","max-image-preview":"max-image-preview:large","max-video-preview":"max-video-preview:-1"},"canonical":"https:\/\/blogdacondessa.com.br\/blog\/uncategorized\/jornada-de-trabalho-flexivel-para-cada-realidade\/","og_locale":"pt_BR","og_type":"article","og_title":"Jornada de trabalho flex\u00edvel para cada realidade &#8902; Blog da Condessa","og_description":"Com diferentes op\u00e7\u00f5es de hor\u00e1rio e carga hor\u00e1ria, colaboradores podem escolher o modelo que melhor se adapta ao seu estilo de vida. O Grupo Pereira, s\u00e9timo maior varejista do pa\u00eds, passa a oferecer jornadas de trabalho flex\u00edveis para colaboradores que buscam mais liberdade, equil\u00edbrio e oportunidades de crescimento profissional. A iniciativa refor\u00e7a o compromisso da [&hellip;]","og_url":"https:\/\/blogdacondessa.com.br\/blog\/uncategorized\/jornada-de-trabalho-flexivel-para-cada-realidade\/","og_site_name":"Blog da Condessa","article_published_time":"2025-11-05T09:00:18+00:00","og_image":[{"width":800,"height":800,"url":"https:\/\/blogdacondessa.com.br\/blog\/wp-content\/uploads\/2025\/11\/paulo-noguerira.jpg","type":"image\/jpeg"}],"author":"Blog da Condessa","twitter_card":"summary_large_image","twitter_misc":{"Escrito por":"Blog da Condessa","Est. tempo de leitura":"2 minutos"},"schema":{"@context":"https:\/\/schema.org","@graph":[{"@type":"Article","@id":"https:\/\/blogdacondessa.com.br\/blog\/uncategorized\/jornada-de-trabalho-flexivel-para-cada-realidade\/#article","isPartOf":{"@id":"https:\/\/blogdacondessa.com.br\/blog\/uncategorized\/jornada-de-trabalho-flexivel-para-cada-realidade\/"},"author":{"name":"Blog da Condessa","@id":"https:\/\/blogdacondessa.com.br\/blog\/#\/schema\/person\/1d667ff8b785195b568677489d266035"},"headline":"Jornada de trabalho flex\u00edvel para cada realidade","datePublished":"2025-11-05T09:00:18+00:00","mainEntityOfPage":{"@id":"https:\/\/blogdacondessa.com.br\/blog\/uncategorized\/jornada-de-trabalho-flexivel-para-cada-realidade\/"},"wordCount":305,"image":{"@id":"https:\/\/blogdacondessa.com.br\/blog\/uncategorized\/jornada-de-trabalho-flexivel-para-cada-realidade\/#primaryimage"},"thumbnailUrl":"https:\/\/blogdacondessa.com.br\/blog\/wp-content\/uploads\/2025\/11\/paulo-noguerira.jpg","articleSection":["Uncategorized"],"inLanguage":"pt-BR"},{"@type":"WebPage","@id":"https:\/\/blogdacondessa.com.br\/blog\/uncategorized\/jornada-de-trabalho-flexivel-para-cada-realidade\/","url":"https:\/\/blogdacondessa.com.br\/blog\/uncategorized\/jornada-de-trabalho-flexivel-para-cada-realidade\/","name":"Jornada de trabalho flex\u00edvel para cada realidade &#8902; Blog da Condessa","isPartOf":{"@id":"https:\/\/blogdacondessa.com.br\/blog\/#website"},"primaryImageOfPage":{"@id":"https:\/\/blogdacondessa.com.br\/blog\/uncategorized\/jornada-de-trabalho-flexivel-para-cada-realidade\/#primaryimage"},"image":{"@id":"https:\/\/blogdacondessa.com.br\/blog\/uncategorized\/jornada-de-trabalho-flexivel-para-cada-realidade\/#primaryimage"},"thumbnailUrl":"https:\/\/blogdacondessa.com.br\/blog\/wp-content\/uploads\/2025\/11\/paulo-noguerira.jpg","datePublished":"2025-11-05T09:00:18+00:00","author":{"@id":"https:\/\/blogdacondessa.com.br\/blog\/#\/schema\/person\/1d667ff8b785195b568677489d266035"},"breadcrumb":{"@id":"https:\/\/blogdacondessa.com.br\/blog\/uncategorized\/jornada-de-trabalho-flexivel-para-cada-realidade\/#breadcrumb"},"inLanguage":"pt-BR","potentialAction":[{"@type":"ReadAction","target":["https:\/\/blogdacondessa.com.br\/blog\/uncategorized\/jornada-de-trabalho-flexivel-para-cada-realidade\/"]}]},{"@type":"ImageObject","inLanguage":"pt-BR","@id":"https:\/\/blogdacondessa.com.br\/blog\/uncategorized\/jornada-de-trabalho-flexivel-para-cada-realidade\/#primaryimage","url":"https:\/\/blogdacondessa.com.br\/blog\/wp-content\/uploads\/2025\/11\/paulo-noguerira.jpg","contentUrl":"https:\/\/blogdacondessa.com.br\/blog\/wp-content\/uploads\/2025\/11\/paulo-noguerira.jpg","width":800,"height":800},{"@type":"BreadcrumbList","@id":"https:\/\/blogdacondessa.com.br\/blog\/uncategorized\/jornada-de-trabalho-flexivel-para-cada-realidade\/#breadcrumb","itemListElement":[{"@type":"ListItem","position":1,"name":"In\u00edcio","item":"https:\/\/blogdacondessa.com.br\/blog\/"},{"@type":"ListItem","position":2,"name":"Jornada de trabalho flex\u00edvel para cada realidade"}]},{"@type":"WebSite","@id":"https:\/\/blogdacondessa.com.br\/blog\/#website","url":"https:\/\/blogdacondessa.com.br\/blog\/","name":"Blog da Condessa","description":"Com Shirley de Souza O\u2019Campos","potentialAction":[{"@type":"SearchAction","target":{"@type":"EntryPoint","urlTemplate":"https:\/\/blogdacondessa.com.br\/blog\/?s={search_term_string}"},"query-input":{"@type":"PropertyValueSpecification","valueRequired":true,"valueName":"search_term_string"}}],"inLanguage":"pt-BR"},{"@type":"Person","@id":"https:\/\/blogdacondessa.com.br\/blog\/#\/schema\/person\/1d667ff8b785195b568677489d266035","name":"Blog da Condessa","image":{"@type":"ImageObject","inLanguage":"pt-BR","@id":"https:\/\/secure.gravatar.com\/avatar\/377c0eb8b4ad2bfc25461b41564b5971e721ca34a57642868fc7b0c8ac7b52c5?s=96&d=mm&r=g","url":"https:\/\/secure.gravatar.com\/avatar\/377c0eb8b4ad2bfc25461b41564b5971e721ca34a57642868fc7b0c8ac7b52c5?s=96&d=mm&r=g","contentUrl":"https:\/\/secure.gravatar.com\/avatar\/377c0eb8b4ad2bfc25461b41564b5971e721ca34a57642868fc7b0c8ac7b52c5?s=96&d=mm&r=g","caption":"Blog da Condessa"},"url":"https:\/\/blogdacondessa.com.br\/blog\/author\/beatriz\/"}]}},"_links":{"self":[{"href":"https:\/\/blogdacondessa.com.br\/blog\/wp-json\/wp\/v2\/posts\/13022","targetHints":{"allow":["GET"]}}],"collection":[{"href":"https:\/\/blogdacondessa.com.br\/blog\/wp-json\/wp\/v2\/posts"}],"about":[{"href":"https:\/\/blogdacondessa.com.br\/blog\/wp-json\/wp\/v2\/types\/post"}],"author":[{"embeddable":true,"href":"https:\/\/blogdacondessa.com.br\/blog\/wp-json\/wp\/v2\/users\/2"}],"replies":[{"embeddable":true,"href":"https:\/\/blogdacondessa.com.br\/blog\/wp-json\/wp\/v2\/comments?post=13022"}],"version-history":[{"count":1,"href":"https:\/\/blogdacondessa.com.br\/blog\/wp-json\/wp\/v2\/posts\/13022\/revisions"}],"predecessor-version":[{"id":13024,"href":"https:\/\/blogdacondessa.com.br\/blog\/wp-json\/wp\/v2\/posts\/13022\/revisions\/13024"}],"wp:featuredmedia":[{"embeddable":true,"href":"https:\/\/blogdacondessa.com.br\/blog\/wp-json\/wp\/v2\/media\/13023"}],"wp:attachment":[{"href":"https:\/\/blogdacondessa.com.br\/blog\/wp-json\/wp\/v2\/media?parent=13022"}],"wp:term":[{"taxonomy":"category","embeddable":true,"href":"https:\/\/blogdacondessa.com.br\/blog\/wp-json\/wp\/v2\/categories?post=13022"},{"taxonomy":"post_tag","embeddable":true,"href":"https:\/\/blogdacondessa.com.br\/blog\/wp-json\/wp\/v2\/tags?post=13022"}],"curies":[{"name":"wp","href":"https:\/\/api.w.org\/{rel}","templated":true}]}}