{"id":13016,"date":"2025-11-04T05:00:35","date_gmt":"2025-11-04T09:00:35","guid":{"rendered":"https:\/\/blogdacondessa.com.br\/blog\/?p=13016"},"modified":"2025-11-03T16:25:44","modified_gmt":"2025-11-03T20:25:44","slug":"mt-solo-cigano","status":"publish","type":"post","link":"https:\/\/blogdacondessa.com.br\/blog\/uncategorized\/mt-solo-cigano\/","title":{"rendered":"&#8216;MT Solo Cigano&#8217;"},"content":{"rendered":"<p>Exposi\u00e7\u00e3o fica em cartaz at\u00e9 dezembro em Cuiab\u00e1.<\/p>\n<p>A cultura cigana ganhou destaque em Cuiab\u00e1 com a exposi\u00e7\u00e3o \u201cMT Solo Cigano\u201d, que estar\u00e1 aberta ao p\u00fablico at\u00e9 o m\u00eas de dezembro (12), na Galeria de Artes Lava P\u00e9s. A mostra, selecionada pela Secel-MT no edital Viver Cultura da Lei Paulo Gustavo, apresenta o universo cigano com fotografias, videoartes, poemas, instala\u00e7\u00f5es, filmes, r\u00e1dios, contos e telas.<\/p>\n<p>\u201cDevido ao sucesso, aceita\u00e7\u00e3o e procura de pessoas que n\u00e3o conseguiram visitar a exposi\u00e7\u00e3o nos seus 30 primeiros dias, definimos junto com a Secel por sua prorroga\u00e7\u00e3o. Ser\u00e1 mais uma oportunidade para o p\u00fablico conhecer os territ\u00f3rios ciganos em Mato Grosso de forma \u00edntima e bastante po\u00e9tica\u201d, exp\u00f5e Alu\u00edzio de Azevedo, idealizador e curador do trabalho.<\/p>\n<p>Alu\u00edzio explica ainda que, no Brasil, os povos ciganos se dividem em tr\u00eas grandes troncos \u00e9tnicos, sendo: os Calons, os Rom e os Sinti. \u201cOs itens da exposi\u00e7\u00e3o foram feitos por diversos artistas, em sua maioria de origem cigana\u201d, informa.<\/p>\n<p>Por meio de m\u00faltiplos suportes e linguagens, como fotografia, audiovisual, artes pl\u00e1sticas (pintura e instala\u00e7\u00f5es) e literatura, MT Solo Cigano \u00e9 ancorada no movimento ciganofuturista.<\/p>\n<p>\u201cO conceito pensa o futuro dos povos ciganos olhando para os modos como vivemos hoje, no presente, mas, fundamentalmente, valorizando o passado de nossas pr\u00f3prias ancestralidades, raizes e rizomas culturais, para projetar futuros de inclus\u00e3o social e fim do anticiganismo, isto \u00e9, o racismo estrutural contra os povos ciganos\u201d, explica Alu\u00edzio.<\/p>\n<p>A exposi\u00e7\u00e3o \u201cMT Solo Cigano\u201d, inaugurada em 26 de setembro, foi prorrogada at\u00e9 o dia 12 de dezembro na Galeria Lava P\u00e9s, em Cuiab\u00e1.<\/p>\n<p>Instalada no pr\u00e9dio da Secretaria de Estado de Cultura, Esporte e Lazer (Secel), a galeria est\u00e1 localizada na Avenida Jos\u00e9 Monteiro de Figueiredo (Lava P\u00e9s), n\u00ba 510, no bairro Duque de Caxias.<\/p>\n<p>A realiza\u00e7\u00e3o \u00e9 da Associa\u00e7\u00e3o Estadual das Etnias Ciganas de Mato Grosso (AEEC-MT), com Irandi Rodrigues Silva como proponente. A curadoria \u00e9 assinada pelos coordenadores de cultura da institui\u00e7\u00e3o, Alu\u00edzio de Azevedo e Rodrigo Zaiden, e a produ\u00e7\u00e3o executiva \u00e9 de Rosana Cristina Alves de Matos Cruz e Fernanda Caiado.<\/p>\n<p>&nbsp;<\/p>\n<p>&nbsp;<\/p>\n","protected":false},"excerpt":{"rendered":"<p>Exposi\u00e7\u00e3o fica em cartaz at\u00e9 dezembro em Cuiab\u00e1. A cultura cigana ganhou destaque em Cuiab\u00e1 com a exposi\u00e7\u00e3o \u201cMT Solo Cigano\u201d, que estar\u00e1 aberta ao p\u00fablico at\u00e9 o m\u00eas de dezembro (12), na Galeria de Artes Lava P\u00e9s. A mostra, selecionada pela Secel-MT no edital Viver Cultura da Lei Paulo Gustavo, apresenta o universo cigano [&hellip;]<\/p>\n","protected":false},"author":2,"featured_media":13017,"comment_status":"closed","ping_status":"closed","sticky":false,"template":"","format":"standard","meta":{"iawp_total_views":19,"footnotes":""},"categories":[1],"tags":[],"class_list":["post-13016","post","type-post","status-publish","format-standard","has-post-thumbnail","hentry","category-uncategorized"],"yoast_head":"<!-- This site is optimized with the Yoast SEO plugin v27.3 - https:\/\/yoast.com\/product\/yoast-seo-wordpress\/ -->\n<title>&#039;MT Solo Cigano&#039; &#8902; Blog da Condessa<\/title>\n<meta name=\"robots\" content=\"index, follow, max-snippet:-1, max-image-preview:large, max-video-preview:-1\" \/>\n<link rel=\"canonical\" href=\"https:\/\/blogdacondessa.com.br\/blog\/uncategorized\/mt-solo-cigano\/\" \/>\n<meta property=\"og:locale\" content=\"pt_BR\" \/>\n<meta property=\"og:type\" content=\"article\" \/>\n<meta property=\"og:title\" content=\"&#039;MT Solo Cigano&#039; &#8902; Blog da Condessa\" \/>\n<meta property=\"og:description\" content=\"Exposi\u00e7\u00e3o fica em cartaz at\u00e9 dezembro em Cuiab\u00e1. A cultura cigana ganhou destaque em Cuiab\u00e1 com a exposi\u00e7\u00e3o \u201cMT Solo Cigano\u201d, que estar\u00e1 aberta ao p\u00fablico at\u00e9 o m\u00eas de dezembro (12), na Galeria de Artes Lava P\u00e9s. A mostra, selecionada pela Secel-MT no edital Viver Cultura da Lei Paulo Gustavo, apresenta o universo cigano [&hellip;]\" \/>\n<meta property=\"og:url\" content=\"https:\/\/blogdacondessa.com.br\/blog\/uncategorized\/mt-solo-cigano\/\" \/>\n<meta property=\"og:site_name\" content=\"Blog da Condessa\" \/>\n<meta property=\"article:published_time\" content=\"2025-11-04T09:00:35+00:00\" \/>\n<meta property=\"og:image\" content=\"https:\/\/blogdacondessa.com.br\/blog\/wp-content\/uploads\/2025\/11\/CIGANOS.jpg\" \/>\n\t<meta property=\"og:image:width\" content=\"1024\" \/>\n\t<meta property=\"og:image:height\" content=\"577\" \/>\n\t<meta property=\"og:image:type\" content=\"image\/jpeg\" \/>\n<meta name=\"author\" content=\"Blog da Condessa\" \/>\n<meta name=\"twitter:card\" content=\"summary_large_image\" \/>\n<meta name=\"twitter:label1\" content=\"Escrito por\" \/>\n\t<meta name=\"twitter:data1\" content=\"Blog da Condessa\" \/>\n\t<meta name=\"twitter:label2\" content=\"Est. tempo de leitura\" \/>\n\t<meta name=\"twitter:data2\" content=\"3 minutos\" \/>\n<script type=\"application\/ld+json\" class=\"yoast-schema-graph\">{\"@context\":\"https:\\\/\\\/schema.org\",\"@graph\":[{\"@type\":\"Article\",\"@id\":\"https:\\\/\\\/blogdacondessa.com.br\\\/blog\\\/uncategorized\\\/mt-solo-cigano\\\/#article\",\"isPartOf\":{\"@id\":\"https:\\\/\\\/blogdacondessa.com.br\\\/blog\\\/uncategorized\\\/mt-solo-cigano\\\/\"},\"author\":{\"name\":\"Blog da Condessa\",\"@id\":\"https:\\\/\\\/blogdacondessa.com.br\\\/blog\\\/#\\\/schema\\\/person\\\/1d667ff8b785195b568677489d266035\"},\"headline\":\"&#8216;MT Solo Cigano&#8217;\",\"datePublished\":\"2025-11-04T09:00:35+00:00\",\"mainEntityOfPage\":{\"@id\":\"https:\\\/\\\/blogdacondessa.com.br\\\/blog\\\/uncategorized\\\/mt-solo-cigano\\\/\"},\"wordCount\":372,\"image\":{\"@id\":\"https:\\\/\\\/blogdacondessa.com.br\\\/blog\\\/uncategorized\\\/mt-solo-cigano\\\/#primaryimage\"},\"thumbnailUrl\":\"https:\\\/\\\/blogdacondessa.com.br\\\/blog\\\/wp-content\\\/uploads\\\/2025\\\/11\\\/CIGANOS.jpg\",\"articleSection\":[\"Uncategorized\"],\"inLanguage\":\"pt-BR\"},{\"@type\":\"WebPage\",\"@id\":\"https:\\\/\\\/blogdacondessa.com.br\\\/blog\\\/uncategorized\\\/mt-solo-cigano\\\/\",\"url\":\"https:\\\/\\\/blogdacondessa.com.br\\\/blog\\\/uncategorized\\\/mt-solo-cigano\\\/\",\"name\":\"'MT Solo Cigano' &#8902; Blog da Condessa\",\"isPartOf\":{\"@id\":\"https:\\\/\\\/blogdacondessa.com.br\\\/blog\\\/#website\"},\"primaryImageOfPage\":{\"@id\":\"https:\\\/\\\/blogdacondessa.com.br\\\/blog\\\/uncategorized\\\/mt-solo-cigano\\\/#primaryimage\"},\"image\":{\"@id\":\"https:\\\/\\\/blogdacondessa.com.br\\\/blog\\\/uncategorized\\\/mt-solo-cigano\\\/#primaryimage\"},\"thumbnailUrl\":\"https:\\\/\\\/blogdacondessa.com.br\\\/blog\\\/wp-content\\\/uploads\\\/2025\\\/11\\\/CIGANOS.jpg\",\"datePublished\":\"2025-11-04T09:00:35+00:00\",\"author\":{\"@id\":\"https:\\\/\\\/blogdacondessa.com.br\\\/blog\\\/#\\\/schema\\\/person\\\/1d667ff8b785195b568677489d266035\"},\"breadcrumb\":{\"@id\":\"https:\\\/\\\/blogdacondessa.com.br\\\/blog\\\/uncategorized\\\/mt-solo-cigano\\\/#breadcrumb\"},\"inLanguage\":\"pt-BR\",\"potentialAction\":[{\"@type\":\"ReadAction\",\"target\":[\"https:\\\/\\\/blogdacondessa.com.br\\\/blog\\\/uncategorized\\\/mt-solo-cigano\\\/\"]}]},{\"@type\":\"ImageObject\",\"inLanguage\":\"pt-BR\",\"@id\":\"https:\\\/\\\/blogdacondessa.com.br\\\/blog\\\/uncategorized\\\/mt-solo-cigano\\\/#primaryimage\",\"url\":\"https:\\\/\\\/blogdacondessa.com.br\\\/blog\\\/wp-content\\\/uploads\\\/2025\\\/11\\\/CIGANOS.jpg\",\"contentUrl\":\"https:\\\/\\\/blogdacondessa.com.br\\\/blog\\\/wp-content\\\/uploads\\\/2025\\\/11\\\/CIGANOS.jpg\",\"width\":1024,\"height\":577,\"caption\":\"Foitio: Divulga\u00e7\u00e3o\"},{\"@type\":\"BreadcrumbList\",\"@id\":\"https:\\\/\\\/blogdacondessa.com.br\\\/blog\\\/uncategorized\\\/mt-solo-cigano\\\/#breadcrumb\",\"itemListElement\":[{\"@type\":\"ListItem\",\"position\":1,\"name\":\"In\u00edcio\",\"item\":\"https:\\\/\\\/blogdacondessa.com.br\\\/blog\\\/\"},{\"@type\":\"ListItem\",\"position\":2,\"name\":\"&#8216;MT Solo Cigano&#8217;\"}]},{\"@type\":\"WebSite\",\"@id\":\"https:\\\/\\\/blogdacondessa.com.br\\\/blog\\\/#website\",\"url\":\"https:\\\/\\\/blogdacondessa.com.br\\\/blog\\\/\",\"name\":\"Blog da Condessa\",\"description\":\"Com Shirley de Souza O\u2019Campos\",\"potentialAction\":[{\"@type\":\"SearchAction\",\"target\":{\"@type\":\"EntryPoint\",\"urlTemplate\":\"https:\\\/\\\/blogdacondessa.com.br\\\/blog\\\/?s={search_term_string}\"},\"query-input\":{\"@type\":\"PropertyValueSpecification\",\"valueRequired\":true,\"valueName\":\"search_term_string\"}}],\"inLanguage\":\"pt-BR\"},{\"@type\":\"Person\",\"@id\":\"https:\\\/\\\/blogdacondessa.com.br\\\/blog\\\/#\\\/schema\\\/person\\\/1d667ff8b785195b568677489d266035\",\"name\":\"Blog da Condessa\",\"image\":{\"@type\":\"ImageObject\",\"inLanguage\":\"pt-BR\",\"@id\":\"https:\\\/\\\/secure.gravatar.com\\\/avatar\\\/377c0eb8b4ad2bfc25461b41564b5971e721ca34a57642868fc7b0c8ac7b52c5?s=96&d=mm&r=g\",\"url\":\"https:\\\/\\\/secure.gravatar.com\\\/avatar\\\/377c0eb8b4ad2bfc25461b41564b5971e721ca34a57642868fc7b0c8ac7b52c5?s=96&d=mm&r=g\",\"contentUrl\":\"https:\\\/\\\/secure.gravatar.com\\\/avatar\\\/377c0eb8b4ad2bfc25461b41564b5971e721ca34a57642868fc7b0c8ac7b52c5?s=96&d=mm&r=g\",\"caption\":\"Blog da Condessa\"},\"url\":\"https:\\\/\\\/blogdacondessa.com.br\\\/blog\\\/author\\\/beatriz\\\/\"}]}<\/script>\n<!-- \/ Yoast SEO plugin. -->","yoast_head_json":{"title":"'MT Solo Cigano' &#8902; Blog da Condessa","robots":{"index":"index","follow":"follow","max-snippet":"max-snippet:-1","max-image-preview":"max-image-preview:large","max-video-preview":"max-video-preview:-1"},"canonical":"https:\/\/blogdacondessa.com.br\/blog\/uncategorized\/mt-solo-cigano\/","og_locale":"pt_BR","og_type":"article","og_title":"'MT Solo Cigano' &#8902; Blog da Condessa","og_description":"Exposi\u00e7\u00e3o fica em cartaz at\u00e9 dezembro em Cuiab\u00e1. A cultura cigana ganhou destaque em Cuiab\u00e1 com a exposi\u00e7\u00e3o \u201cMT Solo Cigano\u201d, que estar\u00e1 aberta ao p\u00fablico at\u00e9 o m\u00eas de dezembro (12), na Galeria de Artes Lava P\u00e9s. A mostra, selecionada pela Secel-MT no edital Viver Cultura da Lei Paulo Gustavo, apresenta o universo cigano [&hellip;]","og_url":"https:\/\/blogdacondessa.com.br\/blog\/uncategorized\/mt-solo-cigano\/","og_site_name":"Blog da Condessa","article_published_time":"2025-11-04T09:00:35+00:00","og_image":[{"width":1024,"height":577,"url":"https:\/\/blogdacondessa.com.br\/blog\/wp-content\/uploads\/2025\/11\/CIGANOS.jpg","type":"image\/jpeg"}],"author":"Blog da Condessa","twitter_card":"summary_large_image","twitter_misc":{"Escrito por":"Blog da Condessa","Est. tempo de leitura":"3 minutos"},"schema":{"@context":"https:\/\/schema.org","@graph":[{"@type":"Article","@id":"https:\/\/blogdacondessa.com.br\/blog\/uncategorized\/mt-solo-cigano\/#article","isPartOf":{"@id":"https:\/\/blogdacondessa.com.br\/blog\/uncategorized\/mt-solo-cigano\/"},"author":{"name":"Blog da Condessa","@id":"https:\/\/blogdacondessa.com.br\/blog\/#\/schema\/person\/1d667ff8b785195b568677489d266035"},"headline":"&#8216;MT Solo Cigano&#8217;","datePublished":"2025-11-04T09:00:35+00:00","mainEntityOfPage":{"@id":"https:\/\/blogdacondessa.com.br\/blog\/uncategorized\/mt-solo-cigano\/"},"wordCount":372,"image":{"@id":"https:\/\/blogdacondessa.com.br\/blog\/uncategorized\/mt-solo-cigano\/#primaryimage"},"thumbnailUrl":"https:\/\/blogdacondessa.com.br\/blog\/wp-content\/uploads\/2025\/11\/CIGANOS.jpg","articleSection":["Uncategorized"],"inLanguage":"pt-BR"},{"@type":"WebPage","@id":"https:\/\/blogdacondessa.com.br\/blog\/uncategorized\/mt-solo-cigano\/","url":"https:\/\/blogdacondessa.com.br\/blog\/uncategorized\/mt-solo-cigano\/","name":"'MT Solo Cigano' &#8902; Blog da Condessa","isPartOf":{"@id":"https:\/\/blogdacondessa.com.br\/blog\/#website"},"primaryImageOfPage":{"@id":"https:\/\/blogdacondessa.com.br\/blog\/uncategorized\/mt-solo-cigano\/#primaryimage"},"image":{"@id":"https:\/\/blogdacondessa.com.br\/blog\/uncategorized\/mt-solo-cigano\/#primaryimage"},"thumbnailUrl":"https:\/\/blogdacondessa.com.br\/blog\/wp-content\/uploads\/2025\/11\/CIGANOS.jpg","datePublished":"2025-11-04T09:00:35+00:00","author":{"@id":"https:\/\/blogdacondessa.com.br\/blog\/#\/schema\/person\/1d667ff8b785195b568677489d266035"},"breadcrumb":{"@id":"https:\/\/blogdacondessa.com.br\/blog\/uncategorized\/mt-solo-cigano\/#breadcrumb"},"inLanguage":"pt-BR","potentialAction":[{"@type":"ReadAction","target":["https:\/\/blogdacondessa.com.br\/blog\/uncategorized\/mt-solo-cigano\/"]}]},{"@type":"ImageObject","inLanguage":"pt-BR","@id":"https:\/\/blogdacondessa.com.br\/blog\/uncategorized\/mt-solo-cigano\/#primaryimage","url":"https:\/\/blogdacondessa.com.br\/blog\/wp-content\/uploads\/2025\/11\/CIGANOS.jpg","contentUrl":"https:\/\/blogdacondessa.com.br\/blog\/wp-content\/uploads\/2025\/11\/CIGANOS.jpg","width":1024,"height":577,"caption":"Foitio: Divulga\u00e7\u00e3o"},{"@type":"BreadcrumbList","@id":"https:\/\/blogdacondessa.com.br\/blog\/uncategorized\/mt-solo-cigano\/#breadcrumb","itemListElement":[{"@type":"ListItem","position":1,"name":"In\u00edcio","item":"https:\/\/blogdacondessa.com.br\/blog\/"},{"@type":"ListItem","position":2,"name":"&#8216;MT Solo Cigano&#8217;"}]},{"@type":"WebSite","@id":"https:\/\/blogdacondessa.com.br\/blog\/#website","url":"https:\/\/blogdacondessa.com.br\/blog\/","name":"Blog da Condessa","description":"Com Shirley de Souza O\u2019Campos","potentialAction":[{"@type":"SearchAction","target":{"@type":"EntryPoint","urlTemplate":"https:\/\/blogdacondessa.com.br\/blog\/?s={search_term_string}"},"query-input":{"@type":"PropertyValueSpecification","valueRequired":true,"valueName":"search_term_string"}}],"inLanguage":"pt-BR"},{"@type":"Person","@id":"https:\/\/blogdacondessa.com.br\/blog\/#\/schema\/person\/1d667ff8b785195b568677489d266035","name":"Blog da Condessa","image":{"@type":"ImageObject","inLanguage":"pt-BR","@id":"https:\/\/secure.gravatar.com\/avatar\/377c0eb8b4ad2bfc25461b41564b5971e721ca34a57642868fc7b0c8ac7b52c5?s=96&d=mm&r=g","url":"https:\/\/secure.gravatar.com\/avatar\/377c0eb8b4ad2bfc25461b41564b5971e721ca34a57642868fc7b0c8ac7b52c5?s=96&d=mm&r=g","contentUrl":"https:\/\/secure.gravatar.com\/avatar\/377c0eb8b4ad2bfc25461b41564b5971e721ca34a57642868fc7b0c8ac7b52c5?s=96&d=mm&r=g","caption":"Blog da Condessa"},"url":"https:\/\/blogdacondessa.com.br\/blog\/author\/beatriz\/"}]}},"_links":{"self":[{"href":"https:\/\/blogdacondessa.com.br\/blog\/wp-json\/wp\/v2\/posts\/13016","targetHints":{"allow":["GET"]}}],"collection":[{"href":"https:\/\/blogdacondessa.com.br\/blog\/wp-json\/wp\/v2\/posts"}],"about":[{"href":"https:\/\/blogdacondessa.com.br\/blog\/wp-json\/wp\/v2\/types\/post"}],"author":[{"embeddable":true,"href":"https:\/\/blogdacondessa.com.br\/blog\/wp-json\/wp\/v2\/users\/2"}],"replies":[{"embeddable":true,"href":"https:\/\/blogdacondessa.com.br\/blog\/wp-json\/wp\/v2\/comments?post=13016"}],"version-history":[{"count":1,"href":"https:\/\/blogdacondessa.com.br\/blog\/wp-json\/wp\/v2\/posts\/13016\/revisions"}],"predecessor-version":[{"id":13018,"href":"https:\/\/blogdacondessa.com.br\/blog\/wp-json\/wp\/v2\/posts\/13016\/revisions\/13018"}],"wp:featuredmedia":[{"embeddable":true,"href":"https:\/\/blogdacondessa.com.br\/blog\/wp-json\/wp\/v2\/media\/13017"}],"wp:attachment":[{"href":"https:\/\/blogdacondessa.com.br\/blog\/wp-json\/wp\/v2\/media?parent=13016"}],"wp:term":[{"taxonomy":"category","embeddable":true,"href":"https:\/\/blogdacondessa.com.br\/blog\/wp-json\/wp\/v2\/categories?post=13016"},{"taxonomy":"post_tag","embeddable":true,"href":"https:\/\/blogdacondessa.com.br\/blog\/wp-json\/wp\/v2\/tags?post=13016"}],"curies":[{"name":"wp","href":"https:\/\/api.w.org\/{rel}","templated":true}]}}