{"id":13009,"date":"2025-11-03T05:00:11","date_gmt":"2025-11-03T09:00:11","guid":{"rendered":"https:\/\/blogdacondessa.com.br\/blog\/?p=13009"},"modified":"2025-11-02T18:54:14","modified_gmt":"2025-11-02T22:54:14","slug":"arte-que-liberta","status":"publish","type":"post","link":"https:\/\/blogdacondessa.com.br\/blog\/uncategorized\/arte-que-liberta\/","title":{"rendered":"\u2018Arte que Liberta&#8217;"},"content":{"rendered":"<p>Exposi\u00e7\u00e3o mostra o poder da cria\u00e7\u00e3o de pacientes do Caps. Est\u00e3o sendo expostas mais de 60 obras, entre telas, pinturas, mandalas e esculturas, feitas por 30 artistas.<\/p>\n<p>A 1\u00aa Exposi\u00e7\u00e3o de Sa\u00fade Mental Arte que Liberta, iniciativa da Secretaria de Estado de Sa\u00fade (SES-MT) e da Secretaria Municipal de Sa\u00fade de Cuiab\u00e1, acontece na galeria do Shopping Goiabeiras, na capital.As artes produzidas pelos usu\u00e1rios dos Centros de Aten\u00e7\u00e3o Psicossocial (Caps) adulto e infantojuvenil de Cuiab\u00e1 e por profissionais estar\u00e3o dispon\u00edveis, gratuitamente, para contempla\u00e7\u00e3o do p\u00fablico at\u00e9 a pr\u00f3xima ter\u00e7a-feira (4), das 10h \u00e0s 22h.<\/p>\n<p>Est\u00e3o sendo expostas mais de 60 obras, entre telas, pinturas, mandalas e esculturas, feitas por 30 artistas. Os pacientes s\u00e3o crian\u00e7as a partir de 10 anos, jovens e adultos, que s\u00e3o atendidos nas unidades Caps I, Caps II e Caps Adolescer (Capsi).<\/p>\n<p>Segundo a psic\u00f3loga Val\u00e9ria Vuolo, da \u00e1rea t\u00e9cnica de sa\u00fade mental da Coordenadoria de Organiza\u00e7\u00e3o das Redes de Aten\u00e7\u00e3o \u00e0 Sa\u00fade da SES-MT, a exposi\u00e7\u00e3o \u00e9 resultado do VIII Encontro Intersetorial de Promo\u00e7\u00e3o da Vida e Preven\u00e7\u00e3o do Suic\u00eddio no Setembro Amarelo, realizado pela SES, em parceria com o Tribunal de Contas do Estado (TCE-MT).<\/p>\n<p>\u201cA exposi\u00e7\u00e3o \u00e9 muito importante para a promo\u00e7\u00e3o da sa\u00fade mental e para a valoriza\u00e7\u00e3o das a\u00e7\u00f5es intersetoriais desenvolvidas no Estado. Com esse evento queremos fomentar o combate a estigmas e preconceitos e mostrar o poder transformador da arte no cuidado em sa\u00fade mental e na promo\u00e7\u00e3o da liberdade\u201d, explicou a psic\u00f3loga.<\/p>\n<p>Nara Milomem, assistente social da SES, destaca que a exposi\u00e7\u00e3o de arteterapia oferece \u00e0 sociedade um novo olhar sobre a sa\u00fade mental, seus servi\u00e7os e usu\u00e1rios, ao evidenciar o potencial art\u00edstico e transformador da arte no cuidado em sa\u00fade mental.<br \/>\n\u201cA iniciativa refor\u00e7a valores do Servi\u00e7o Social, como a cidadania e a valoriza\u00e7\u00e3o das singularidades. A mostra tamb\u00e9m simboliza a ocupa\u00e7\u00e3o de espa\u00e7os de conviv\u00eancia e a quebra de estigmas associados \u00e0 loucura e ao sofrimento ps\u00edquico\u201d, afirmou.<\/p>\n<p>O grupo de teatro do Caps Adolescer fez uma apresenta\u00e7\u00e3o de cenas curtas autorais criadas pelos adolescentes.<\/p>\n","protected":false},"excerpt":{"rendered":"<p>Exposi\u00e7\u00e3o mostra o poder da cria\u00e7\u00e3o de pacientes do Caps. Est\u00e3o sendo expostas mais de 60 obras, entre telas, pinturas, mandalas e esculturas, feitas por 30 artistas. A 1\u00aa Exposi\u00e7\u00e3o de Sa\u00fade Mental Arte que Liberta, iniciativa da Secretaria de Estado de Sa\u00fade (SES-MT) e da Secretaria Municipal de Sa\u00fade de Cuiab\u00e1, acontece na galeria [&hellip;]<\/p>\n","protected":false},"author":2,"featured_media":13010,"comment_status":"closed","ping_status":"closed","sticky":false,"template":"","format":"standard","meta":{"iawp_total_views":1,"footnotes":""},"categories":[1],"tags":[],"class_list":["post-13009","post","type-post","status-publish","format-standard","has-post-thumbnail","hentry","category-uncategorized"],"yoast_head":"<!-- This site is optimized with the Yoast SEO plugin v27.3 - https:\/\/yoast.com\/product\/yoast-seo-wordpress\/ -->\n<title>\u2018Arte que Liberta&#039; &#8902; Blog da Condessa<\/title>\n<meta name=\"robots\" content=\"index, follow, max-snippet:-1, max-image-preview:large, max-video-preview:-1\" \/>\n<link rel=\"canonical\" href=\"https:\/\/blogdacondessa.com.br\/blog\/uncategorized\/arte-que-liberta\/\" \/>\n<meta property=\"og:locale\" content=\"pt_BR\" \/>\n<meta property=\"og:type\" content=\"article\" \/>\n<meta property=\"og:title\" content=\"\u2018Arte que Liberta&#039; &#8902; Blog da Condessa\" \/>\n<meta property=\"og:description\" content=\"Exposi\u00e7\u00e3o mostra o poder da cria\u00e7\u00e3o de pacientes do Caps. Est\u00e3o sendo expostas mais de 60 obras, entre telas, pinturas, mandalas e esculturas, feitas por 30 artistas. A 1\u00aa Exposi\u00e7\u00e3o de Sa\u00fade Mental Arte que Liberta, iniciativa da Secretaria de Estado de Sa\u00fade (SES-MT) e da Secretaria Municipal de Sa\u00fade de Cuiab\u00e1, acontece na galeria [&hellip;]\" \/>\n<meta property=\"og:url\" content=\"https:\/\/blogdacondessa.com.br\/blog\/uncategorized\/arte-que-liberta\/\" \/>\n<meta property=\"og:site_name\" content=\"Blog da Condessa\" \/>\n<meta property=\"article:published_time\" content=\"2025-11-03T09:00:11+00:00\" \/>\n<meta property=\"og:image\" content=\"https:\/\/blogdacondessa.com.br\/blog\/wp-content\/uploads\/2025\/11\/ARTE-QUE-LIBERTA.jpg\" \/>\n\t<meta property=\"og:image:width\" content=\"920\" \/>\n\t<meta property=\"og:image:height\" content=\"690\" \/>\n\t<meta property=\"og:image:type\" content=\"image\/jpeg\" \/>\n<meta name=\"author\" content=\"Blog da Condessa\" \/>\n<meta name=\"twitter:card\" content=\"summary_large_image\" \/>\n<meta name=\"twitter:label1\" content=\"Escrito por\" \/>\n\t<meta name=\"twitter:data1\" content=\"Blog da Condessa\" \/>\n\t<meta name=\"twitter:label2\" content=\"Est. tempo de leitura\" \/>\n\t<meta name=\"twitter:data2\" content=\"3 minutos\" \/>\n<script type=\"application\/ld+json\" class=\"yoast-schema-graph\">{\"@context\":\"https:\\\/\\\/schema.org\",\"@graph\":[{\"@type\":\"Article\",\"@id\":\"https:\\\/\\\/blogdacondessa.com.br\\\/blog\\\/uncategorized\\\/arte-que-liberta\\\/#article\",\"isPartOf\":{\"@id\":\"https:\\\/\\\/blogdacondessa.com.br\\\/blog\\\/uncategorized\\\/arte-que-liberta\\\/\"},\"author\":{\"name\":\"Blog da Condessa\",\"@id\":\"https:\\\/\\\/blogdacondessa.com.br\\\/blog\\\/#\\\/schema\\\/person\\\/1d667ff8b785195b568677489d266035\"},\"headline\":\"\u2018Arte que Liberta&#8217;\",\"datePublished\":\"2025-11-03T09:00:11+00:00\",\"mainEntityOfPage\":{\"@id\":\"https:\\\/\\\/blogdacondessa.com.br\\\/blog\\\/uncategorized\\\/arte-que-liberta\\\/\"},\"wordCount\":383,\"image\":{\"@id\":\"https:\\\/\\\/blogdacondessa.com.br\\\/blog\\\/uncategorized\\\/arte-que-liberta\\\/#primaryimage\"},\"thumbnailUrl\":\"https:\\\/\\\/blogdacondessa.com.br\\\/blog\\\/wp-content\\\/uploads\\\/2025\\\/11\\\/ARTE-QUE-LIBERTA.jpg\",\"articleSection\":[\"Uncategorized\"],\"inLanguage\":\"pt-BR\"},{\"@type\":\"WebPage\",\"@id\":\"https:\\\/\\\/blogdacondessa.com.br\\\/blog\\\/uncategorized\\\/arte-que-liberta\\\/\",\"url\":\"https:\\\/\\\/blogdacondessa.com.br\\\/blog\\\/uncategorized\\\/arte-que-liberta\\\/\",\"name\":\"\u2018Arte que Liberta' &#8902; Blog da Condessa\",\"isPartOf\":{\"@id\":\"https:\\\/\\\/blogdacondessa.com.br\\\/blog\\\/#website\"},\"primaryImageOfPage\":{\"@id\":\"https:\\\/\\\/blogdacondessa.com.br\\\/blog\\\/uncategorized\\\/arte-que-liberta\\\/#primaryimage\"},\"image\":{\"@id\":\"https:\\\/\\\/blogdacondessa.com.br\\\/blog\\\/uncategorized\\\/arte-que-liberta\\\/#primaryimage\"},\"thumbnailUrl\":\"https:\\\/\\\/blogdacondessa.com.br\\\/blog\\\/wp-content\\\/uploads\\\/2025\\\/11\\\/ARTE-QUE-LIBERTA.jpg\",\"datePublished\":\"2025-11-03T09:00:11+00:00\",\"author\":{\"@id\":\"https:\\\/\\\/blogdacondessa.com.br\\\/blog\\\/#\\\/schema\\\/person\\\/1d667ff8b785195b568677489d266035\"},\"breadcrumb\":{\"@id\":\"https:\\\/\\\/blogdacondessa.com.br\\\/blog\\\/uncategorized\\\/arte-que-liberta\\\/#breadcrumb\"},\"inLanguage\":\"pt-BR\",\"potentialAction\":[{\"@type\":\"ReadAction\",\"target\":[\"https:\\\/\\\/blogdacondessa.com.br\\\/blog\\\/uncategorized\\\/arte-que-liberta\\\/\"]}]},{\"@type\":\"ImageObject\",\"inLanguage\":\"pt-BR\",\"@id\":\"https:\\\/\\\/blogdacondessa.com.br\\\/blog\\\/uncategorized\\\/arte-que-liberta\\\/#primaryimage\",\"url\":\"https:\\\/\\\/blogdacondessa.com.br\\\/blog\\\/wp-content\\\/uploads\\\/2025\\\/11\\\/ARTE-QUE-LIBERTA.jpg\",\"contentUrl\":\"https:\\\/\\\/blogdacondessa.com.br\\\/blog\\\/wp-content\\\/uploads\\\/2025\\\/11\\\/ARTE-QUE-LIBERTA.jpg\",\"width\":920,\"height\":690,\"caption\":\"Foto: Assessoria\"},{\"@type\":\"BreadcrumbList\",\"@id\":\"https:\\\/\\\/blogdacondessa.com.br\\\/blog\\\/uncategorized\\\/arte-que-liberta\\\/#breadcrumb\",\"itemListElement\":[{\"@type\":\"ListItem\",\"position\":1,\"name\":\"In\u00edcio\",\"item\":\"https:\\\/\\\/blogdacondessa.com.br\\\/blog\\\/\"},{\"@type\":\"ListItem\",\"position\":2,\"name\":\"\u2018Arte que Liberta&#8217;\"}]},{\"@type\":\"WebSite\",\"@id\":\"https:\\\/\\\/blogdacondessa.com.br\\\/blog\\\/#website\",\"url\":\"https:\\\/\\\/blogdacondessa.com.br\\\/blog\\\/\",\"name\":\"Blog da Condessa\",\"description\":\"Com Shirley de Souza O\u2019Campos\",\"potentialAction\":[{\"@type\":\"SearchAction\",\"target\":{\"@type\":\"EntryPoint\",\"urlTemplate\":\"https:\\\/\\\/blogdacondessa.com.br\\\/blog\\\/?s={search_term_string}\"},\"query-input\":{\"@type\":\"PropertyValueSpecification\",\"valueRequired\":true,\"valueName\":\"search_term_string\"}}],\"inLanguage\":\"pt-BR\"},{\"@type\":\"Person\",\"@id\":\"https:\\\/\\\/blogdacondessa.com.br\\\/blog\\\/#\\\/schema\\\/person\\\/1d667ff8b785195b568677489d266035\",\"name\":\"Blog da Condessa\",\"image\":{\"@type\":\"ImageObject\",\"inLanguage\":\"pt-BR\",\"@id\":\"https:\\\/\\\/secure.gravatar.com\\\/avatar\\\/377c0eb8b4ad2bfc25461b41564b5971e721ca34a57642868fc7b0c8ac7b52c5?s=96&d=mm&r=g\",\"url\":\"https:\\\/\\\/secure.gravatar.com\\\/avatar\\\/377c0eb8b4ad2bfc25461b41564b5971e721ca34a57642868fc7b0c8ac7b52c5?s=96&d=mm&r=g\",\"contentUrl\":\"https:\\\/\\\/secure.gravatar.com\\\/avatar\\\/377c0eb8b4ad2bfc25461b41564b5971e721ca34a57642868fc7b0c8ac7b52c5?s=96&d=mm&r=g\",\"caption\":\"Blog da Condessa\"},\"url\":\"https:\\\/\\\/blogdacondessa.com.br\\\/blog\\\/author\\\/beatriz\\\/\"}]}<\/script>\n<!-- \/ Yoast SEO plugin. -->","yoast_head_json":{"title":"\u2018Arte que Liberta' &#8902; Blog da Condessa","robots":{"index":"index","follow":"follow","max-snippet":"max-snippet:-1","max-image-preview":"max-image-preview:large","max-video-preview":"max-video-preview:-1"},"canonical":"https:\/\/blogdacondessa.com.br\/blog\/uncategorized\/arte-que-liberta\/","og_locale":"pt_BR","og_type":"article","og_title":"\u2018Arte que Liberta' &#8902; Blog da Condessa","og_description":"Exposi\u00e7\u00e3o mostra o poder da cria\u00e7\u00e3o de pacientes do Caps. Est\u00e3o sendo expostas mais de 60 obras, entre telas, pinturas, mandalas e esculturas, feitas por 30 artistas. A 1\u00aa Exposi\u00e7\u00e3o de Sa\u00fade Mental Arte que Liberta, iniciativa da Secretaria de Estado de Sa\u00fade (SES-MT) e da Secretaria Municipal de Sa\u00fade de Cuiab\u00e1, acontece na galeria [&hellip;]","og_url":"https:\/\/blogdacondessa.com.br\/blog\/uncategorized\/arte-que-liberta\/","og_site_name":"Blog da Condessa","article_published_time":"2025-11-03T09:00:11+00:00","og_image":[{"width":920,"height":690,"url":"https:\/\/blogdacondessa.com.br\/blog\/wp-content\/uploads\/2025\/11\/ARTE-QUE-LIBERTA.jpg","type":"image\/jpeg"}],"author":"Blog da Condessa","twitter_card":"summary_large_image","twitter_misc":{"Escrito por":"Blog da Condessa","Est. tempo de leitura":"3 minutos"},"schema":{"@context":"https:\/\/schema.org","@graph":[{"@type":"Article","@id":"https:\/\/blogdacondessa.com.br\/blog\/uncategorized\/arte-que-liberta\/#article","isPartOf":{"@id":"https:\/\/blogdacondessa.com.br\/blog\/uncategorized\/arte-que-liberta\/"},"author":{"name":"Blog da Condessa","@id":"https:\/\/blogdacondessa.com.br\/blog\/#\/schema\/person\/1d667ff8b785195b568677489d266035"},"headline":"\u2018Arte que Liberta&#8217;","datePublished":"2025-11-03T09:00:11+00:00","mainEntityOfPage":{"@id":"https:\/\/blogdacondessa.com.br\/blog\/uncategorized\/arte-que-liberta\/"},"wordCount":383,"image":{"@id":"https:\/\/blogdacondessa.com.br\/blog\/uncategorized\/arte-que-liberta\/#primaryimage"},"thumbnailUrl":"https:\/\/blogdacondessa.com.br\/blog\/wp-content\/uploads\/2025\/11\/ARTE-QUE-LIBERTA.jpg","articleSection":["Uncategorized"],"inLanguage":"pt-BR"},{"@type":"WebPage","@id":"https:\/\/blogdacondessa.com.br\/blog\/uncategorized\/arte-que-liberta\/","url":"https:\/\/blogdacondessa.com.br\/blog\/uncategorized\/arte-que-liberta\/","name":"\u2018Arte que Liberta' &#8902; Blog da Condessa","isPartOf":{"@id":"https:\/\/blogdacondessa.com.br\/blog\/#website"},"primaryImageOfPage":{"@id":"https:\/\/blogdacondessa.com.br\/blog\/uncategorized\/arte-que-liberta\/#primaryimage"},"image":{"@id":"https:\/\/blogdacondessa.com.br\/blog\/uncategorized\/arte-que-liberta\/#primaryimage"},"thumbnailUrl":"https:\/\/blogdacondessa.com.br\/blog\/wp-content\/uploads\/2025\/11\/ARTE-QUE-LIBERTA.jpg","datePublished":"2025-11-03T09:00:11+00:00","author":{"@id":"https:\/\/blogdacondessa.com.br\/blog\/#\/schema\/person\/1d667ff8b785195b568677489d266035"},"breadcrumb":{"@id":"https:\/\/blogdacondessa.com.br\/blog\/uncategorized\/arte-que-liberta\/#breadcrumb"},"inLanguage":"pt-BR","potentialAction":[{"@type":"ReadAction","target":["https:\/\/blogdacondessa.com.br\/blog\/uncategorized\/arte-que-liberta\/"]}]},{"@type":"ImageObject","inLanguage":"pt-BR","@id":"https:\/\/blogdacondessa.com.br\/blog\/uncategorized\/arte-que-liberta\/#primaryimage","url":"https:\/\/blogdacondessa.com.br\/blog\/wp-content\/uploads\/2025\/11\/ARTE-QUE-LIBERTA.jpg","contentUrl":"https:\/\/blogdacondessa.com.br\/blog\/wp-content\/uploads\/2025\/11\/ARTE-QUE-LIBERTA.jpg","width":920,"height":690,"caption":"Foto: Assessoria"},{"@type":"BreadcrumbList","@id":"https:\/\/blogdacondessa.com.br\/blog\/uncategorized\/arte-que-liberta\/#breadcrumb","itemListElement":[{"@type":"ListItem","position":1,"name":"In\u00edcio","item":"https:\/\/blogdacondessa.com.br\/blog\/"},{"@type":"ListItem","position":2,"name":"\u2018Arte que Liberta&#8217;"}]},{"@type":"WebSite","@id":"https:\/\/blogdacondessa.com.br\/blog\/#website","url":"https:\/\/blogdacondessa.com.br\/blog\/","name":"Blog da Condessa","description":"Com Shirley de Souza O\u2019Campos","potentialAction":[{"@type":"SearchAction","target":{"@type":"EntryPoint","urlTemplate":"https:\/\/blogdacondessa.com.br\/blog\/?s={search_term_string}"},"query-input":{"@type":"PropertyValueSpecification","valueRequired":true,"valueName":"search_term_string"}}],"inLanguage":"pt-BR"},{"@type":"Person","@id":"https:\/\/blogdacondessa.com.br\/blog\/#\/schema\/person\/1d667ff8b785195b568677489d266035","name":"Blog da Condessa","image":{"@type":"ImageObject","inLanguage":"pt-BR","@id":"https:\/\/secure.gravatar.com\/avatar\/377c0eb8b4ad2bfc25461b41564b5971e721ca34a57642868fc7b0c8ac7b52c5?s=96&d=mm&r=g","url":"https:\/\/secure.gravatar.com\/avatar\/377c0eb8b4ad2bfc25461b41564b5971e721ca34a57642868fc7b0c8ac7b52c5?s=96&d=mm&r=g","contentUrl":"https:\/\/secure.gravatar.com\/avatar\/377c0eb8b4ad2bfc25461b41564b5971e721ca34a57642868fc7b0c8ac7b52c5?s=96&d=mm&r=g","caption":"Blog da Condessa"},"url":"https:\/\/blogdacondessa.com.br\/blog\/author\/beatriz\/"}]}},"_links":{"self":[{"href":"https:\/\/blogdacondessa.com.br\/blog\/wp-json\/wp\/v2\/posts\/13009","targetHints":{"allow":["GET"]}}],"collection":[{"href":"https:\/\/blogdacondessa.com.br\/blog\/wp-json\/wp\/v2\/posts"}],"about":[{"href":"https:\/\/blogdacondessa.com.br\/blog\/wp-json\/wp\/v2\/types\/post"}],"author":[{"embeddable":true,"href":"https:\/\/blogdacondessa.com.br\/blog\/wp-json\/wp\/v2\/users\/2"}],"replies":[{"embeddable":true,"href":"https:\/\/blogdacondessa.com.br\/blog\/wp-json\/wp\/v2\/comments?post=13009"}],"version-history":[{"count":1,"href":"https:\/\/blogdacondessa.com.br\/blog\/wp-json\/wp\/v2\/posts\/13009\/revisions"}],"predecessor-version":[{"id":13011,"href":"https:\/\/blogdacondessa.com.br\/blog\/wp-json\/wp\/v2\/posts\/13009\/revisions\/13011"}],"wp:featuredmedia":[{"embeddable":true,"href":"https:\/\/blogdacondessa.com.br\/blog\/wp-json\/wp\/v2\/media\/13010"}],"wp:attachment":[{"href":"https:\/\/blogdacondessa.com.br\/blog\/wp-json\/wp\/v2\/media?parent=13009"}],"wp:term":[{"taxonomy":"category","embeddable":true,"href":"https:\/\/blogdacondessa.com.br\/blog\/wp-json\/wp\/v2\/categories?post=13009"},{"taxonomy":"post_tag","embeddable":true,"href":"https:\/\/blogdacondessa.com.br\/blog\/wp-json\/wp\/v2\/tags?post=13009"}],"curies":[{"name":"wp","href":"https:\/\/api.w.org\/{rel}","templated":true}]}}