{"id":13000,"date":"2025-11-02T05:00:38","date_gmt":"2025-11-02T09:00:38","guid":{"rendered":"https:\/\/blogdacondessa.com.br\/blog\/?p=13000"},"modified":"2025-11-01T18:35:09","modified_gmt":"2025-11-01T22:35:09","slug":"convivio-entre-geracoes-e-receita-contra-etarismo-aponta-especialista","status":"publish","type":"post","link":"https:\/\/blogdacondessa.com.br\/blog\/uncategorized\/convivio-entre-geracoes-e-receita-contra-etarismo-aponta-especialista\/","title":{"rendered":"Conv\u00edvio entre gera\u00e7\u00f5es \u00e9 receita contra etarismo, aponta especialista"},"content":{"rendered":"<p><em>Entre idosos, esse tipo preconceito impacta sa\u00fade f\u00edsica e mental.<\/em><\/p>\n<p>O etarismo \u00e9 o preconceito, a discrimina\u00e7\u00e3o baseada na idade, principalmente em rela\u00e7\u00e3o \u00e0s pessoas idosas, que se manifesta em diferentes contextos da vida cotidiana. Isso se traduz, por exemplo, no trabalho, na exclus\u00e3o de profissionais mais velhos em processos seletivos e\u00a0na falta de oportunidade de capacita\u00e7\u00e3o. Esse tipo de situa\u00e7\u00e3o tamb\u00e9m acontece na sa\u00fade, quando profissionais desautorizam a queixa do idoso ou a associam simplesmente a sintomas da idade, alegando que isso \u00e9 normal para a faixa et\u00e1ria do paciente e n\u00e3o deve ser valorizado.<\/p>\n<p>Dados do Instituto Brasileiro de Geografia e Estat\u00edstica (IBGE) indicam que\u00a0a propor\u00e7\u00e3o de idosos (pessoas com 60 anos ou mais) na popula\u00e7\u00e3o brasileira vem aumentando.\u00a0De 2000 a 2023, esse percentual quase duplicou, subindo de 8,7% para 15,6%.\u00a0Em n\u00fameros absolutos, o total de idosos no pa\u00eds aumentou de 15,2 milh\u00f5es para 33 milh\u00f5es no per\u00edodo.<\/p>\n<p>Segundo as Proje\u00e7\u00f5es de Popula\u00e7\u00e3o do IBGE,\u00a0em 2070, os idosos representar\u00e3o quase 40% (37,8%) dos habitantes do Brasil. Ser\u00e3o 75,3 milh\u00f5es de pessoas com 60 anos ou mais de idade no pa\u00eds.<\/p>\n<p>Presidente do Departamento de Gerontologia da Sociedade Brasileira de Geriatria e Gerontologia (SBGG), a fisioterapeuta Isabela Azevedo Trindade diz que,\u00a0nos meios de comunica\u00e7\u00e3o, s\u00e3o comuns representa\u00e7\u00f5es estereotipadas de idosos como fr\u00e1geis, dependentes, incapazes.\u00a0\u201cNa pr\u00f3pria rela\u00e7\u00e3o social familiar, [observam-se] a infantiliza\u00e7\u00e3o, a superprote\u00e7\u00e3o ou a desconsidera\u00e7\u00e3o da autonomia da pessoa idosa.\u201d<\/p>\n<p>Ela acrescenta que, muitas vezes,\u00a0a pessoa idosa acaba incorporando o preconceito, acreditando que \u00e9 sin\u00f4nimo de perda, de incapacidade. \u201cTrata-se de um problema social, que impacta a sa\u00fade f\u00edsica e mental da pessoa. Ele favorece o isolamento social, induz ao n\u00e3o engajamento em atividades produtivas, perpetua a ideia de que o envelhecimento \u00e9 algo negativo. Isso \u00e9 muito ruim\u201d, aponta Isabela. Na vis\u00e3o da especialista, combater o etarismo \u00e9 uma forma de valorizar o envelhecimento como uma parte natural da vida, de se construir uma sociedade para todas as idades.<\/p>\n<p><strong>Intergeracionalidade<\/strong><\/p>\n<p>Para combater o etarismo, segundo a especialista, a receita \u00e9 promover o relacionamento intergeracional, valorizando o conv\u00edvio e a troca entre gera\u00e7\u00f5es.<\/p>\n<p>\u201c[\u00c9 preciso] incluir a pauta do envelhecimento nos meios de comunica\u00e7\u00e3o, mostrando idosos ativos, produtivos; capacitar profissionais da sa\u00fade, reconhecer e evitar atitudes etaristas; fomentar pol\u00edticas p\u00fablicas que garantam a inclus\u00e3o social e a empregabilidade de pessoas idosas, estimulando uma mudan\u00e7a cultural\u201d, enumera Isabela Azevedo.<\/p>\n<p>Procurar ter uma longevidade saud\u00e1vel tem muito a ver com a forma como a pessoa vai envelhecer.\u00a0Ela deve procurar fazer atividade f\u00edsica, ter alimenta\u00e7\u00e3o saud\u00e1vel, sono adequado em todas as fases da vida, destaca a especialista. \u201cMas tudo isso come\u00e7a antes. \u00c9 a pessoa procurar ter um envelhecimento saud\u00e1vel. Tem muito a ver com essa forma de viver, como voc\u00ea vai passar os seus anos de vida.\u201d<\/p>\n<p>Indagada por que os jovens, especialmente, acreditam que a pessoa idosa n\u00e3o deve mais trabalhar, est\u00e1 \u201cmorta\u201d para o amor e, inclusive, para o sexo,\u00a0Isabela avalia que isso tem a ver com a educa\u00e7\u00e3o, que \u00e9 geracional.\u00a0\u201cIsso \u00e9 muito ruim. A gente tem que trabalhar isso, fomentando a rela\u00e7\u00e3o intergeracional, valorizando o conv\u00edvio e a troca entre gera\u00e7\u00f5es.\u201d<\/p>\n<p>Outro ponto importante \u00e9\u00a0desmistificar a ideia de que a velhice significa o fim da vida afetiva, do amor, da sexualidade. \u201cA afetividade e o desejo fazem parte de todas as idades. O que muda s\u00e3o as formas de express\u00e3o e as prioridades. A gente precisa dessa mudan\u00e7a cultural de valorizar o envelhecimento como parte natural da trajet\u00f3ria humana.\u201d<\/p>\n<p>Para o secret\u00e1rio nacional dos Direitos da Pessoa Idosa, do Minist\u00e9rio dos Direitos Humanos e da Cidadania (MDHC), Alexandre da Silva,\u00a0o enfrentamento ao etarismo passa pelos aspectos cultural e da educa\u00e7\u00e3o.<\/p>\n<p>\u201cA crian\u00e7a que n\u00e3o tem essa vis\u00e3o positiva do envelhecer tamb\u00e9m vai falar mal do que \u00e9 uma pessoa idosa\u201d, diz o secret\u00e1rio, em entrevista \u00e0\u00a0Ag\u00eancia Brasil. \u201cO mesmo vai ocorrer com o adolescente e outras faixas et\u00e1rias\u201d, complementa.<\/p>\n<p>Hist\u00f3ria em quadrinhos<\/p>\n<p>De acordo com a Ouvidoria do MDHC, as pessoas mais jovens s\u00e3o as que mais violentam os\u00a0idosos, mas s\u00e3o tamb\u00e9m as que mais podem proteger. Por isso, a secretaria lan\u00e7ou a\u00a0revista em quadrinhos\u00a0<em>Turma da M\u00f4nica em: Intergeracionalidade<\/em>, que busca\u00a0estabelecer um di\u00e1logo entre gera\u00e7\u00f5es, usando personagens idosos para falar de diversidade, respeito e etarismo.<\/p>\n<p>\u201c\u00c9 uma forma de aproximar em que todo mundo ganha\u201d, destaca Silva. &#8220;Somos uma sociedade constitu\u00edda por v\u00e1rios povos, como os povos africanos e asi\u00e1ticos, que t\u00eam uma cultura de respeito aos mais velhos.\u201d<\/p>\n<p>O<a href=\"https:\/\/agenciabrasil.ebc.com.br\/direitos-humanos\/noticia\/2025-03\/gibi-da-turma-da-monica-aborda-relacao-entre-diferentes-geracoes\">\u00a0gibi foi lan\u00e7ado<\/a>\u00a0em evento numa escola p\u00fablica do Distrito Federal, em mar\u00e7o deste ano. Participaram do lan\u00e7amento a\u00a0pensionista Varlinda Lisboa Leite, de 61 anos, e o seu neto, Arthur Digo, de 12 anos (foto principal), que\u00a0moram juntos desde que o menino nasceu.<\/p>\n<p>Na ocasi\u00e3o, Varlinda, que tamb\u00e9m foi criada pela av\u00f3,\u00a0destacou a import\u00e2ncia da troca de experi\u00eancias com o quinto neto, mesmo com a diferen\u00e7a de idade de quase 40 anos.\u00a0&#8220;Eu ensino muito o que os meus pais e minha av\u00f3 me passaram. A ter respeito pelo pr\u00f3ximo\u201d, contou Varlinda.<\/p>\n<p>A Secretaria Nacional dos Direitos da Pessoa Idosa desenvolve outras\u00a0a\u00e7\u00f5es\u00a0para essa parcela da popula\u00e7\u00e3o, como iniciativas educacionais voltadas ao combate ao analfabetismo.<\/p>\n<p>\u201cN\u00f3s estamos tamb\u00e9m criando uma a\u00e7\u00e3o junto ao Minist\u00e9rio da Educa\u00e7\u00e3o visando \u00e0\u00a0forma\u00e7\u00e3o tecnol\u00f3gica para idosos e temos um programa chamado Viva Mais Cidadania, que est\u00e1 alinhado ao Artigo 5\u00ba da Conven\u00e7\u00e3o Interamericana, que fala das pessoas que est\u00e3o em situa\u00e7\u00f5es de vulnerabilidade. A gente j\u00e1 faz isso para v\u00e1rios grupos, como quilombolas, ind\u00edgenas, pessoas ribeirinhas, refugiados, pessoas idosas LGBTQIA+. E j\u00e1 come\u00e7a um pouquinho antes dos 60 anos\u201d, informa\u00a0o secret\u00e1rio Alexandre da Silva. (Fonte: Ag\u00eancia Brasil)<\/p>\n<p><strong><a href=\"https:\/\/www.gov.br\/mdh\/pt-br\/assuntos\/noticias\/2025\/marco\/novo-gibi-da-turma-da-monica-aborda-dialogo-entre-diferentes-geracoes-como-enfrentamento-ao-etarismo\/Revista_Portugues_versao_WEB.pdf\">Acesse a vers\u00e3o digital da\u00a0revista em quadrinhos<\/a><\/strong><\/p>\n<p>https:\/\/www.gov.br\/mdh\/pt-br\/assuntos\/noticias\/2025\/marco\/novo-gibi-da-turma-da-monica-aborda-dialogo-entre-diferentes-geracoes-como-enfrentamento-ao-etarismo\/Revista_Portugues_versao_WEB.pdf<\/p>\n","protected":false},"excerpt":{"rendered":"<p>Entre idosos, esse tipo preconceito impacta sa\u00fade f\u00edsica e mental. O etarismo \u00e9 o preconceito, a discrimina\u00e7\u00e3o baseada na idade, principalmente em rela\u00e7\u00e3o \u00e0s pessoas idosas, que se manifesta em diferentes contextos da vida cotidiana. Isso se traduz, por exemplo, no trabalho, na exclus\u00e3o de profissionais mais velhos em processos seletivos e\u00a0na falta de oportunidade [&hellip;]<\/p>\n","protected":false},"author":2,"featured_media":13001,"comment_status":"closed","ping_status":"closed","sticky":false,"template":"","format":"standard","meta":{"iawp_total_views":1,"footnotes":""},"categories":[1],"tags":[],"class_list":["post-13000","post","type-post","status-publish","format-standard","has-post-thumbnail","hentry","category-uncategorized"],"yoast_head":"<!-- This site is optimized with the Yoast SEO plugin v27.3 - https:\/\/yoast.com\/product\/yoast-seo-wordpress\/ -->\n<title>Conv\u00edvio entre gera\u00e7\u00f5es \u00e9 receita contra etarismo, aponta especialista &#8902; Blog da Condessa<\/title>\n<meta name=\"robots\" content=\"index, follow, max-snippet:-1, max-image-preview:large, max-video-preview:-1\" \/>\n<link rel=\"canonical\" href=\"https:\/\/blogdacondessa.com.br\/blog\/uncategorized\/convivio-entre-geracoes-e-receita-contra-etarismo-aponta-especialista\/\" \/>\n<meta property=\"og:locale\" content=\"pt_BR\" \/>\n<meta property=\"og:type\" content=\"article\" \/>\n<meta property=\"og:title\" content=\"Conv\u00edvio entre gera\u00e7\u00f5es \u00e9 receita contra etarismo, aponta especialista &#8902; Blog da Condessa\" \/>\n<meta property=\"og:description\" content=\"Entre idosos, esse tipo preconceito impacta sa\u00fade f\u00edsica e mental. O etarismo \u00e9 o preconceito, a discrimina\u00e7\u00e3o baseada na idade, principalmente em rela\u00e7\u00e3o \u00e0s pessoas idosas, que se manifesta em diferentes contextos da vida cotidiana. Isso se traduz, por exemplo, no trabalho, na exclus\u00e3o de profissionais mais velhos em processos seletivos e\u00a0na falta de oportunidade [&hellip;]\" \/>\n<meta property=\"og:url\" content=\"https:\/\/blogdacondessa.com.br\/blog\/uncategorized\/convivio-entre-geracoes-e-receita-contra-etarismo-aponta-especialista\/\" \/>\n<meta property=\"og:site_name\" content=\"Blog da Condessa\" \/>\n<meta property=\"article:published_time\" content=\"2025-11-02T09:00:38+00:00\" \/>\n<meta property=\"og:image\" content=\"https:\/\/blogdacondessa.com.br\/blog\/wp-content\/uploads\/2025\/11\/etarismo.jpg\" \/>\n\t<meta property=\"og:image:width\" content=\"1170\" \/>\n\t<meta property=\"og:image:height\" content=\"700\" \/>\n\t<meta property=\"og:image:type\" content=\"image\/jpeg\" \/>\n<meta name=\"author\" content=\"Blog da Condessa\" \/>\n<meta name=\"twitter:card\" content=\"summary_large_image\" \/>\n<meta name=\"twitter:label1\" content=\"Escrito por\" \/>\n\t<meta name=\"twitter:data1\" content=\"Blog da Condessa\" \/>\n\t<meta name=\"twitter:label2\" content=\"Est. tempo de leitura\" \/>\n\t<meta name=\"twitter:data2\" content=\"6 minutos\" \/>\n<script type=\"application\/ld+json\" class=\"yoast-schema-graph\">{\"@context\":\"https:\\\/\\\/schema.org\",\"@graph\":[{\"@type\":\"Article\",\"@id\":\"https:\\\/\\\/blogdacondessa.com.br\\\/blog\\\/uncategorized\\\/convivio-entre-geracoes-e-receita-contra-etarismo-aponta-especialista\\\/#article\",\"isPartOf\":{\"@id\":\"https:\\\/\\\/blogdacondessa.com.br\\\/blog\\\/uncategorized\\\/convivio-entre-geracoes-e-receita-contra-etarismo-aponta-especialista\\\/\"},\"author\":{\"name\":\"Blog da Condessa\",\"@id\":\"https:\\\/\\\/blogdacondessa.com.br\\\/blog\\\/#\\\/schema\\\/person\\\/1d667ff8b785195b568677489d266035\"},\"headline\":\"Conv\u00edvio entre gera\u00e7\u00f5es \u00e9 receita contra etarismo, aponta especialista\",\"datePublished\":\"2025-11-02T09:00:38+00:00\",\"mainEntityOfPage\":{\"@id\":\"https:\\\/\\\/blogdacondessa.com.br\\\/blog\\\/uncategorized\\\/convivio-entre-geracoes-e-receita-contra-etarismo-aponta-especialista\\\/\"},\"wordCount\":1062,\"image\":{\"@id\":\"https:\\\/\\\/blogdacondessa.com.br\\\/blog\\\/uncategorized\\\/convivio-entre-geracoes-e-receita-contra-etarismo-aponta-especialista\\\/#primaryimage\"},\"thumbnailUrl\":\"https:\\\/\\\/blogdacondessa.com.br\\\/blog\\\/wp-content\\\/uploads\\\/2025\\\/11\\\/etarismo.jpg\",\"articleSection\":[\"Uncategorized\"],\"inLanguage\":\"pt-BR\"},{\"@type\":\"WebPage\",\"@id\":\"https:\\\/\\\/blogdacondessa.com.br\\\/blog\\\/uncategorized\\\/convivio-entre-geracoes-e-receita-contra-etarismo-aponta-especialista\\\/\",\"url\":\"https:\\\/\\\/blogdacondessa.com.br\\\/blog\\\/uncategorized\\\/convivio-entre-geracoes-e-receita-contra-etarismo-aponta-especialista\\\/\",\"name\":\"Conv\u00edvio entre gera\u00e7\u00f5es \u00e9 receita contra etarismo, aponta especialista &#8902; Blog da Condessa\",\"isPartOf\":{\"@id\":\"https:\\\/\\\/blogdacondessa.com.br\\\/blog\\\/#website\"},\"primaryImageOfPage\":{\"@id\":\"https:\\\/\\\/blogdacondessa.com.br\\\/blog\\\/uncategorized\\\/convivio-entre-geracoes-e-receita-contra-etarismo-aponta-especialista\\\/#primaryimage\"},\"image\":{\"@id\":\"https:\\\/\\\/blogdacondessa.com.br\\\/blog\\\/uncategorized\\\/convivio-entre-geracoes-e-receita-contra-etarismo-aponta-especialista\\\/#primaryimage\"},\"thumbnailUrl\":\"https:\\\/\\\/blogdacondessa.com.br\\\/blog\\\/wp-content\\\/uploads\\\/2025\\\/11\\\/etarismo.jpg\",\"datePublished\":\"2025-11-02T09:00:38+00:00\",\"author\":{\"@id\":\"https:\\\/\\\/blogdacondessa.com.br\\\/blog\\\/#\\\/schema\\\/person\\\/1d667ff8b785195b568677489d266035\"},\"breadcrumb\":{\"@id\":\"https:\\\/\\\/blogdacondessa.com.br\\\/blog\\\/uncategorized\\\/convivio-entre-geracoes-e-receita-contra-etarismo-aponta-especialista\\\/#breadcrumb\"},\"inLanguage\":\"pt-BR\",\"potentialAction\":[{\"@type\":\"ReadAction\",\"target\":[\"https:\\\/\\\/blogdacondessa.com.br\\\/blog\\\/uncategorized\\\/convivio-entre-geracoes-e-receita-contra-etarismo-aponta-especialista\\\/\"]}]},{\"@type\":\"ImageObject\",\"inLanguage\":\"pt-BR\",\"@id\":\"https:\\\/\\\/blogdacondessa.com.br\\\/blog\\\/uncategorized\\\/convivio-entre-geracoes-e-receita-contra-etarismo-aponta-especialista\\\/#primaryimage\",\"url\":\"https:\\\/\\\/blogdacondessa.com.br\\\/blog\\\/wp-content\\\/uploads\\\/2025\\\/11\\\/etarismo.jpg\",\"contentUrl\":\"https:\\\/\\\/blogdacondessa.com.br\\\/blog\\\/wp-content\\\/uploads\\\/2025\\\/11\\\/etarismo.jpg\",\"width\":1170,\"height\":700,\"caption\":\"Foto: Marcelo Camargo\\\/Ag\u00eancia Brasil\"},{\"@type\":\"BreadcrumbList\",\"@id\":\"https:\\\/\\\/blogdacondessa.com.br\\\/blog\\\/uncategorized\\\/convivio-entre-geracoes-e-receita-contra-etarismo-aponta-especialista\\\/#breadcrumb\",\"itemListElement\":[{\"@type\":\"ListItem\",\"position\":1,\"name\":\"In\u00edcio\",\"item\":\"https:\\\/\\\/blogdacondessa.com.br\\\/blog\\\/\"},{\"@type\":\"ListItem\",\"position\":2,\"name\":\"Conv\u00edvio entre gera\u00e7\u00f5es \u00e9 receita contra etarismo, aponta especialista\"}]},{\"@type\":\"WebSite\",\"@id\":\"https:\\\/\\\/blogdacondessa.com.br\\\/blog\\\/#website\",\"url\":\"https:\\\/\\\/blogdacondessa.com.br\\\/blog\\\/\",\"name\":\"Blog da Condessa\",\"description\":\"Com Shirley de Souza O\u2019Campos\",\"potentialAction\":[{\"@type\":\"SearchAction\",\"target\":{\"@type\":\"EntryPoint\",\"urlTemplate\":\"https:\\\/\\\/blogdacondessa.com.br\\\/blog\\\/?s={search_term_string}\"},\"query-input\":{\"@type\":\"PropertyValueSpecification\",\"valueRequired\":true,\"valueName\":\"search_term_string\"}}],\"inLanguage\":\"pt-BR\"},{\"@type\":\"Person\",\"@id\":\"https:\\\/\\\/blogdacondessa.com.br\\\/blog\\\/#\\\/schema\\\/person\\\/1d667ff8b785195b568677489d266035\",\"name\":\"Blog da Condessa\",\"image\":{\"@type\":\"ImageObject\",\"inLanguage\":\"pt-BR\",\"@id\":\"https:\\\/\\\/secure.gravatar.com\\\/avatar\\\/377c0eb8b4ad2bfc25461b41564b5971e721ca34a57642868fc7b0c8ac7b52c5?s=96&d=mm&r=g\",\"url\":\"https:\\\/\\\/secure.gravatar.com\\\/avatar\\\/377c0eb8b4ad2bfc25461b41564b5971e721ca34a57642868fc7b0c8ac7b52c5?s=96&d=mm&r=g\",\"contentUrl\":\"https:\\\/\\\/secure.gravatar.com\\\/avatar\\\/377c0eb8b4ad2bfc25461b41564b5971e721ca34a57642868fc7b0c8ac7b52c5?s=96&d=mm&r=g\",\"caption\":\"Blog da Condessa\"},\"url\":\"https:\\\/\\\/blogdacondessa.com.br\\\/blog\\\/author\\\/beatriz\\\/\"}]}<\/script>\n<!-- \/ Yoast SEO plugin. -->","yoast_head_json":{"title":"Conv\u00edvio entre gera\u00e7\u00f5es \u00e9 receita contra etarismo, aponta especialista &#8902; Blog da Condessa","robots":{"index":"index","follow":"follow","max-snippet":"max-snippet:-1","max-image-preview":"max-image-preview:large","max-video-preview":"max-video-preview:-1"},"canonical":"https:\/\/blogdacondessa.com.br\/blog\/uncategorized\/convivio-entre-geracoes-e-receita-contra-etarismo-aponta-especialista\/","og_locale":"pt_BR","og_type":"article","og_title":"Conv\u00edvio entre gera\u00e7\u00f5es \u00e9 receita contra etarismo, aponta especialista &#8902; Blog da Condessa","og_description":"Entre idosos, esse tipo preconceito impacta sa\u00fade f\u00edsica e mental. O etarismo \u00e9 o preconceito, a discrimina\u00e7\u00e3o baseada na idade, principalmente em rela\u00e7\u00e3o \u00e0s pessoas idosas, que se manifesta em diferentes contextos da vida cotidiana. Isso se traduz, por exemplo, no trabalho, na exclus\u00e3o de profissionais mais velhos em processos seletivos e\u00a0na falta de oportunidade [&hellip;]","og_url":"https:\/\/blogdacondessa.com.br\/blog\/uncategorized\/convivio-entre-geracoes-e-receita-contra-etarismo-aponta-especialista\/","og_site_name":"Blog da Condessa","article_published_time":"2025-11-02T09:00:38+00:00","og_image":[{"width":1170,"height":700,"url":"https:\/\/blogdacondessa.com.br\/blog\/wp-content\/uploads\/2025\/11\/etarismo.jpg","type":"image\/jpeg"}],"author":"Blog da Condessa","twitter_card":"summary_large_image","twitter_misc":{"Escrito por":"Blog da Condessa","Est. tempo de leitura":"6 minutos"},"schema":{"@context":"https:\/\/schema.org","@graph":[{"@type":"Article","@id":"https:\/\/blogdacondessa.com.br\/blog\/uncategorized\/convivio-entre-geracoes-e-receita-contra-etarismo-aponta-especialista\/#article","isPartOf":{"@id":"https:\/\/blogdacondessa.com.br\/blog\/uncategorized\/convivio-entre-geracoes-e-receita-contra-etarismo-aponta-especialista\/"},"author":{"name":"Blog da Condessa","@id":"https:\/\/blogdacondessa.com.br\/blog\/#\/schema\/person\/1d667ff8b785195b568677489d266035"},"headline":"Conv\u00edvio entre gera\u00e7\u00f5es \u00e9 receita contra etarismo, aponta especialista","datePublished":"2025-11-02T09:00:38+00:00","mainEntityOfPage":{"@id":"https:\/\/blogdacondessa.com.br\/blog\/uncategorized\/convivio-entre-geracoes-e-receita-contra-etarismo-aponta-especialista\/"},"wordCount":1062,"image":{"@id":"https:\/\/blogdacondessa.com.br\/blog\/uncategorized\/convivio-entre-geracoes-e-receita-contra-etarismo-aponta-especialista\/#primaryimage"},"thumbnailUrl":"https:\/\/blogdacondessa.com.br\/blog\/wp-content\/uploads\/2025\/11\/etarismo.jpg","articleSection":["Uncategorized"],"inLanguage":"pt-BR"},{"@type":"WebPage","@id":"https:\/\/blogdacondessa.com.br\/blog\/uncategorized\/convivio-entre-geracoes-e-receita-contra-etarismo-aponta-especialista\/","url":"https:\/\/blogdacondessa.com.br\/blog\/uncategorized\/convivio-entre-geracoes-e-receita-contra-etarismo-aponta-especialista\/","name":"Conv\u00edvio entre gera\u00e7\u00f5es \u00e9 receita contra etarismo, aponta especialista &#8902; Blog da Condessa","isPartOf":{"@id":"https:\/\/blogdacondessa.com.br\/blog\/#website"},"primaryImageOfPage":{"@id":"https:\/\/blogdacondessa.com.br\/blog\/uncategorized\/convivio-entre-geracoes-e-receita-contra-etarismo-aponta-especialista\/#primaryimage"},"image":{"@id":"https:\/\/blogdacondessa.com.br\/blog\/uncategorized\/convivio-entre-geracoes-e-receita-contra-etarismo-aponta-especialista\/#primaryimage"},"thumbnailUrl":"https:\/\/blogdacondessa.com.br\/blog\/wp-content\/uploads\/2025\/11\/etarismo.jpg","datePublished":"2025-11-02T09:00:38+00:00","author":{"@id":"https:\/\/blogdacondessa.com.br\/blog\/#\/schema\/person\/1d667ff8b785195b568677489d266035"},"breadcrumb":{"@id":"https:\/\/blogdacondessa.com.br\/blog\/uncategorized\/convivio-entre-geracoes-e-receita-contra-etarismo-aponta-especialista\/#breadcrumb"},"inLanguage":"pt-BR","potentialAction":[{"@type":"ReadAction","target":["https:\/\/blogdacondessa.com.br\/blog\/uncategorized\/convivio-entre-geracoes-e-receita-contra-etarismo-aponta-especialista\/"]}]},{"@type":"ImageObject","inLanguage":"pt-BR","@id":"https:\/\/blogdacondessa.com.br\/blog\/uncategorized\/convivio-entre-geracoes-e-receita-contra-etarismo-aponta-especialista\/#primaryimage","url":"https:\/\/blogdacondessa.com.br\/blog\/wp-content\/uploads\/2025\/11\/etarismo.jpg","contentUrl":"https:\/\/blogdacondessa.com.br\/blog\/wp-content\/uploads\/2025\/11\/etarismo.jpg","width":1170,"height":700,"caption":"Foto: Marcelo Camargo\/Ag\u00eancia Brasil"},{"@type":"BreadcrumbList","@id":"https:\/\/blogdacondessa.com.br\/blog\/uncategorized\/convivio-entre-geracoes-e-receita-contra-etarismo-aponta-especialista\/#breadcrumb","itemListElement":[{"@type":"ListItem","position":1,"name":"In\u00edcio","item":"https:\/\/blogdacondessa.com.br\/blog\/"},{"@type":"ListItem","position":2,"name":"Conv\u00edvio entre gera\u00e7\u00f5es \u00e9 receita contra etarismo, aponta especialista"}]},{"@type":"WebSite","@id":"https:\/\/blogdacondessa.com.br\/blog\/#website","url":"https:\/\/blogdacondessa.com.br\/blog\/","name":"Blog da Condessa","description":"Com Shirley de Souza O\u2019Campos","potentialAction":[{"@type":"SearchAction","target":{"@type":"EntryPoint","urlTemplate":"https:\/\/blogdacondessa.com.br\/blog\/?s={search_term_string}"},"query-input":{"@type":"PropertyValueSpecification","valueRequired":true,"valueName":"search_term_string"}}],"inLanguage":"pt-BR"},{"@type":"Person","@id":"https:\/\/blogdacondessa.com.br\/blog\/#\/schema\/person\/1d667ff8b785195b568677489d266035","name":"Blog da Condessa","image":{"@type":"ImageObject","inLanguage":"pt-BR","@id":"https:\/\/secure.gravatar.com\/avatar\/377c0eb8b4ad2bfc25461b41564b5971e721ca34a57642868fc7b0c8ac7b52c5?s=96&d=mm&r=g","url":"https:\/\/secure.gravatar.com\/avatar\/377c0eb8b4ad2bfc25461b41564b5971e721ca34a57642868fc7b0c8ac7b52c5?s=96&d=mm&r=g","contentUrl":"https:\/\/secure.gravatar.com\/avatar\/377c0eb8b4ad2bfc25461b41564b5971e721ca34a57642868fc7b0c8ac7b52c5?s=96&d=mm&r=g","caption":"Blog da Condessa"},"url":"https:\/\/blogdacondessa.com.br\/blog\/author\/beatriz\/"}]}},"_links":{"self":[{"href":"https:\/\/blogdacondessa.com.br\/blog\/wp-json\/wp\/v2\/posts\/13000","targetHints":{"allow":["GET"]}}],"collection":[{"href":"https:\/\/blogdacondessa.com.br\/blog\/wp-json\/wp\/v2\/posts"}],"about":[{"href":"https:\/\/blogdacondessa.com.br\/blog\/wp-json\/wp\/v2\/types\/post"}],"author":[{"embeddable":true,"href":"https:\/\/blogdacondessa.com.br\/blog\/wp-json\/wp\/v2\/users\/2"}],"replies":[{"embeddable":true,"href":"https:\/\/blogdacondessa.com.br\/blog\/wp-json\/wp\/v2\/comments?post=13000"}],"version-history":[{"count":1,"href":"https:\/\/blogdacondessa.com.br\/blog\/wp-json\/wp\/v2\/posts\/13000\/revisions"}],"predecessor-version":[{"id":13002,"href":"https:\/\/blogdacondessa.com.br\/blog\/wp-json\/wp\/v2\/posts\/13000\/revisions\/13002"}],"wp:featuredmedia":[{"embeddable":true,"href":"https:\/\/blogdacondessa.com.br\/blog\/wp-json\/wp\/v2\/media\/13001"}],"wp:attachment":[{"href":"https:\/\/blogdacondessa.com.br\/blog\/wp-json\/wp\/v2\/media?parent=13000"}],"wp:term":[{"taxonomy":"category","embeddable":true,"href":"https:\/\/blogdacondessa.com.br\/blog\/wp-json\/wp\/v2\/categories?post=13000"},{"taxonomy":"post_tag","embeddable":true,"href":"https:\/\/blogdacondessa.com.br\/blog\/wp-json\/wp\/v2\/tags?post=13000"}],"curies":[{"name":"wp","href":"https:\/\/api.w.org\/{rel}","templated":true}]}}