{"id":12991,"date":"2025-10-31T05:00:16","date_gmt":"2025-10-31T09:00:16","guid":{"rendered":"https:\/\/blogdacondessa.com.br\/blog\/?p=12991"},"modified":"2025-10-30T12:05:26","modified_gmt":"2025-10-30T16:05:26","slug":"shopping-popular-abrira-normalmente-no-feriado-de-finados","status":"publish","type":"post","link":"https:\/\/blogdacondessa.com.br\/blog\/uncategorized\/shopping-popular-abrira-normalmente-no-feriado-de-finados\/","title":{"rendered":"Shopping Popular abrir\u00e1 normalmente no feriado de Finados"},"content":{"rendered":"<p>Neste domingo, 2 de novembro, feriado de Finados, o Shopping Popular de Cuiab\u00e1 funcionar\u00e1 em hor\u00e1rio normal, das 8h \u00e0s 13h, garantindo o atendimento aos clientes que desejam aproveitar o final de semana para fazer suas compras.<\/p>\n<p>Tradicionalmente fechado nesta data desde sua inaugura\u00e7\u00e3o, o Shopping Popular decidiu manter as portas abertas este ano. A decis\u00e3o foi tomada em conjunto pela diretoria e pelos associados da Associa\u00e7\u00e3o dos Camel\u00f4s do Shopping Popular, com o objetivo de oferecer mais comodidade e oportunidades de compra ao p\u00fablico cuiabano.<\/p>\n<p>O presidente da Associa\u00e7\u00e3o, Misael Galv\u00e3o, explica que a abertura excepcional neste feriado atende a um pedido coletivo dos pr\u00f3prios comerciantes e consumidores.<\/p>\n<p>\u201cFomos questionados sobre abrir ou n\u00e3o neste feriado \u2014 que \u00e9 o \u00fanico dia do ano em que costum\u00e1vamos fechar. Colocamos a quest\u00e3o em vota\u00e7\u00e3o entre diretoria e associados, e a maioria optou pela abertura. Entendemos que muitos clientes s\u00f3 t\u00eam o fim de semana para fazer suas compras, e queremos atender essa demanda. O Shopping funcionar\u00e1 das 8h \u00e0s 13h, e aproveito para convidar toda a popula\u00e7\u00e3o cuiabana a nos visitar\u201d, destacou Misael.Com mais de 15 mil itens dispon\u00edveis em um s\u00f3 lugar, o Shopping Popular oferece uma ampla variedade de produtos, como eletr\u00f4nicos, acess\u00f3rios para celular, brinquedos, malas, mochilas, vestu\u00e1rio e muito mais \u2014 op\u00e7\u00f5es ideais tanto para o dia a dia quanto para o trabalho.<\/p>\n<p>O hor\u00e1rio de funcionamento regular do Shopping Popular \u00e9 de segunda a s\u00e1bado, das 8h \u00e0s 18h, e aos domingos, das 8h \u00e0s 13h.<\/p>\n","protected":false},"excerpt":{"rendered":"<p>Neste domingo, 2 de novembro, feriado de Finados, o Shopping Popular de Cuiab\u00e1 funcionar\u00e1 em hor\u00e1rio normal, das 8h \u00e0s 13h, garantindo o atendimento aos clientes que desejam aproveitar o final de semana para fazer suas compras. Tradicionalmente fechado nesta data desde sua inaugura\u00e7\u00e3o, o Shopping Popular decidiu manter as portas abertas este ano. A [&hellip;]<\/p>\n","protected":false},"author":2,"featured_media":12992,"comment_status":"closed","ping_status":"closed","sticky":false,"template":"","format":"standard","meta":{"iawp_total_views":11,"footnotes":""},"categories":[1],"tags":[],"class_list":["post-12991","post","type-post","status-publish","format-standard","has-post-thumbnail","hentry","category-uncategorized"],"yoast_head":"<!-- This site is optimized with the Yoast SEO plugin v27.3 - https:\/\/yoast.com\/product\/yoast-seo-wordpress\/ -->\n<title>Shopping Popular abrir\u00e1 normalmente no feriado de Finados &#8902; Blog da Condessa<\/title>\n<meta name=\"robots\" content=\"index, follow, max-snippet:-1, max-image-preview:large, max-video-preview:-1\" \/>\n<link rel=\"canonical\" href=\"https:\/\/blogdacondessa.com.br\/blog\/uncategorized\/shopping-popular-abrira-normalmente-no-feriado-de-finados\/\" \/>\n<meta property=\"og:locale\" content=\"pt_BR\" \/>\n<meta property=\"og:type\" content=\"article\" \/>\n<meta property=\"og:title\" content=\"Shopping Popular abrir\u00e1 normalmente no feriado de Finados &#8902; Blog da Condessa\" \/>\n<meta property=\"og:description\" content=\"Neste domingo, 2 de novembro, feriado de Finados, o Shopping Popular de Cuiab\u00e1 funcionar\u00e1 em hor\u00e1rio normal, das 8h \u00e0s 13h, garantindo o atendimento aos clientes que desejam aproveitar o final de semana para fazer suas compras. Tradicionalmente fechado nesta data desde sua inaugura\u00e7\u00e3o, o Shopping Popular decidiu manter as portas abertas este ano. A [&hellip;]\" \/>\n<meta property=\"og:url\" content=\"https:\/\/blogdacondessa.com.br\/blog\/uncategorized\/shopping-popular-abrira-normalmente-no-feriado-de-finados\/\" \/>\n<meta property=\"og:site_name\" content=\"Blog da Condessa\" \/>\n<meta property=\"article:published_time\" content=\"2025-10-31T09:00:16+00:00\" \/>\n<meta property=\"og:image\" content=\"https:\/\/blogdacondessa.com.br\/blog\/wp-content\/uploads\/2025\/10\/shopping-popular.jpg\" \/>\n\t<meta property=\"og:image:width\" content=\"450\" \/>\n\t<meta property=\"og:image:height\" content=\"300\" \/>\n\t<meta property=\"og:image:type\" content=\"image\/jpeg\" \/>\n<meta name=\"author\" content=\"Blog da Condessa\" \/>\n<meta name=\"twitter:card\" content=\"summary_large_image\" \/>\n<meta name=\"twitter:label1\" content=\"Escrito por\" \/>\n\t<meta name=\"twitter:data1\" content=\"Blog da Condessa\" \/>\n\t<meta name=\"twitter:label2\" content=\"Est. tempo de leitura\" \/>\n\t<meta name=\"twitter:data2\" content=\"2 minutos\" \/>\n<script type=\"application\/ld+json\" class=\"yoast-schema-graph\">{\"@context\":\"https:\\\/\\\/schema.org\",\"@graph\":[{\"@type\":\"Article\",\"@id\":\"https:\\\/\\\/blogdacondessa.com.br\\\/blog\\\/uncategorized\\\/shopping-popular-abrira-normalmente-no-feriado-de-finados\\\/#article\",\"isPartOf\":{\"@id\":\"https:\\\/\\\/blogdacondessa.com.br\\\/blog\\\/uncategorized\\\/shopping-popular-abrira-normalmente-no-feriado-de-finados\\\/\"},\"author\":{\"name\":\"Blog da Condessa\",\"@id\":\"https:\\\/\\\/blogdacondessa.com.br\\\/blog\\\/#\\\/schema\\\/person\\\/1d667ff8b785195b568677489d266035\"},\"headline\":\"Shopping Popular abrir\u00e1 normalmente no feriado de Finados\",\"datePublished\":\"2025-10-31T09:00:16+00:00\",\"mainEntityOfPage\":{\"@id\":\"https:\\\/\\\/blogdacondessa.com.br\\\/blog\\\/uncategorized\\\/shopping-popular-abrira-normalmente-no-feriado-de-finados\\\/\"},\"wordCount\":276,\"image\":{\"@id\":\"https:\\\/\\\/blogdacondessa.com.br\\\/blog\\\/uncategorized\\\/shopping-popular-abrira-normalmente-no-feriado-de-finados\\\/#primaryimage\"},\"thumbnailUrl\":\"https:\\\/\\\/blogdacondessa.com.br\\\/blog\\\/wp-content\\\/uploads\\\/2025\\\/10\\\/shopping-popular.jpg\",\"articleSection\":[\"Uncategorized\"],\"inLanguage\":\"pt-BR\"},{\"@type\":\"WebPage\",\"@id\":\"https:\\\/\\\/blogdacondessa.com.br\\\/blog\\\/uncategorized\\\/shopping-popular-abrira-normalmente-no-feriado-de-finados\\\/\",\"url\":\"https:\\\/\\\/blogdacondessa.com.br\\\/blog\\\/uncategorized\\\/shopping-popular-abrira-normalmente-no-feriado-de-finados\\\/\",\"name\":\"Shopping Popular abrir\u00e1 normalmente no feriado de Finados &#8902; Blog da Condessa\",\"isPartOf\":{\"@id\":\"https:\\\/\\\/blogdacondessa.com.br\\\/blog\\\/#website\"},\"primaryImageOfPage\":{\"@id\":\"https:\\\/\\\/blogdacondessa.com.br\\\/blog\\\/uncategorized\\\/shopping-popular-abrira-normalmente-no-feriado-de-finados\\\/#primaryimage\"},\"image\":{\"@id\":\"https:\\\/\\\/blogdacondessa.com.br\\\/blog\\\/uncategorized\\\/shopping-popular-abrira-normalmente-no-feriado-de-finados\\\/#primaryimage\"},\"thumbnailUrl\":\"https:\\\/\\\/blogdacondessa.com.br\\\/blog\\\/wp-content\\\/uploads\\\/2025\\\/10\\\/shopping-popular.jpg\",\"datePublished\":\"2025-10-31T09:00:16+00:00\",\"author\":{\"@id\":\"https:\\\/\\\/blogdacondessa.com.br\\\/blog\\\/#\\\/schema\\\/person\\\/1d667ff8b785195b568677489d266035\"},\"breadcrumb\":{\"@id\":\"https:\\\/\\\/blogdacondessa.com.br\\\/blog\\\/uncategorized\\\/shopping-popular-abrira-normalmente-no-feriado-de-finados\\\/#breadcrumb\"},\"inLanguage\":\"pt-BR\",\"potentialAction\":[{\"@type\":\"ReadAction\",\"target\":[\"https:\\\/\\\/blogdacondessa.com.br\\\/blog\\\/uncategorized\\\/shopping-popular-abrira-normalmente-no-feriado-de-finados\\\/\"]}]},{\"@type\":\"ImageObject\",\"inLanguage\":\"pt-BR\",\"@id\":\"https:\\\/\\\/blogdacondessa.com.br\\\/blog\\\/uncategorized\\\/shopping-popular-abrira-normalmente-no-feriado-de-finados\\\/#primaryimage\",\"url\":\"https:\\\/\\\/blogdacondessa.com.br\\\/blog\\\/wp-content\\\/uploads\\\/2025\\\/10\\\/shopping-popular.jpg\",\"contentUrl\":\"https:\\\/\\\/blogdacondessa.com.br\\\/blog\\\/wp-content\\\/uploads\\\/2025\\\/10\\\/shopping-popular.jpg\",\"width\":450,\"height\":300},{\"@type\":\"BreadcrumbList\",\"@id\":\"https:\\\/\\\/blogdacondessa.com.br\\\/blog\\\/uncategorized\\\/shopping-popular-abrira-normalmente-no-feriado-de-finados\\\/#breadcrumb\",\"itemListElement\":[{\"@type\":\"ListItem\",\"position\":1,\"name\":\"In\u00edcio\",\"item\":\"https:\\\/\\\/blogdacondessa.com.br\\\/blog\\\/\"},{\"@type\":\"ListItem\",\"position\":2,\"name\":\"Shopping Popular abrir\u00e1 normalmente no feriado de Finados\"}]},{\"@type\":\"WebSite\",\"@id\":\"https:\\\/\\\/blogdacondessa.com.br\\\/blog\\\/#website\",\"url\":\"https:\\\/\\\/blogdacondessa.com.br\\\/blog\\\/\",\"name\":\"Blog da Condessa\",\"description\":\"Com Shirley de Souza O\u2019Campos\",\"potentialAction\":[{\"@type\":\"SearchAction\",\"target\":{\"@type\":\"EntryPoint\",\"urlTemplate\":\"https:\\\/\\\/blogdacondessa.com.br\\\/blog\\\/?s={search_term_string}\"},\"query-input\":{\"@type\":\"PropertyValueSpecification\",\"valueRequired\":true,\"valueName\":\"search_term_string\"}}],\"inLanguage\":\"pt-BR\"},{\"@type\":\"Person\",\"@id\":\"https:\\\/\\\/blogdacondessa.com.br\\\/blog\\\/#\\\/schema\\\/person\\\/1d667ff8b785195b568677489d266035\",\"name\":\"Blog da Condessa\",\"image\":{\"@type\":\"ImageObject\",\"inLanguage\":\"pt-BR\",\"@id\":\"https:\\\/\\\/secure.gravatar.com\\\/avatar\\\/377c0eb8b4ad2bfc25461b41564b5971e721ca34a57642868fc7b0c8ac7b52c5?s=96&d=mm&r=g\",\"url\":\"https:\\\/\\\/secure.gravatar.com\\\/avatar\\\/377c0eb8b4ad2bfc25461b41564b5971e721ca34a57642868fc7b0c8ac7b52c5?s=96&d=mm&r=g\",\"contentUrl\":\"https:\\\/\\\/secure.gravatar.com\\\/avatar\\\/377c0eb8b4ad2bfc25461b41564b5971e721ca34a57642868fc7b0c8ac7b52c5?s=96&d=mm&r=g\",\"caption\":\"Blog da Condessa\"},\"url\":\"https:\\\/\\\/blogdacondessa.com.br\\\/blog\\\/author\\\/beatriz\\\/\"}]}<\/script>\n<!-- \/ Yoast SEO plugin. -->","yoast_head_json":{"title":"Shopping Popular abrir\u00e1 normalmente no feriado de Finados &#8902; Blog da Condessa","robots":{"index":"index","follow":"follow","max-snippet":"max-snippet:-1","max-image-preview":"max-image-preview:large","max-video-preview":"max-video-preview:-1"},"canonical":"https:\/\/blogdacondessa.com.br\/blog\/uncategorized\/shopping-popular-abrira-normalmente-no-feriado-de-finados\/","og_locale":"pt_BR","og_type":"article","og_title":"Shopping Popular abrir\u00e1 normalmente no feriado de Finados &#8902; Blog da Condessa","og_description":"Neste domingo, 2 de novembro, feriado de Finados, o Shopping Popular de Cuiab\u00e1 funcionar\u00e1 em hor\u00e1rio normal, das 8h \u00e0s 13h, garantindo o atendimento aos clientes que desejam aproveitar o final de semana para fazer suas compras. Tradicionalmente fechado nesta data desde sua inaugura\u00e7\u00e3o, o Shopping Popular decidiu manter as portas abertas este ano. A [&hellip;]","og_url":"https:\/\/blogdacondessa.com.br\/blog\/uncategorized\/shopping-popular-abrira-normalmente-no-feriado-de-finados\/","og_site_name":"Blog da Condessa","article_published_time":"2025-10-31T09:00:16+00:00","og_image":[{"width":450,"height":300,"url":"https:\/\/blogdacondessa.com.br\/blog\/wp-content\/uploads\/2025\/10\/shopping-popular.jpg","type":"image\/jpeg"}],"author":"Blog da Condessa","twitter_card":"summary_large_image","twitter_misc":{"Escrito por":"Blog da Condessa","Est. tempo de leitura":"2 minutos"},"schema":{"@context":"https:\/\/schema.org","@graph":[{"@type":"Article","@id":"https:\/\/blogdacondessa.com.br\/blog\/uncategorized\/shopping-popular-abrira-normalmente-no-feriado-de-finados\/#article","isPartOf":{"@id":"https:\/\/blogdacondessa.com.br\/blog\/uncategorized\/shopping-popular-abrira-normalmente-no-feriado-de-finados\/"},"author":{"name":"Blog da Condessa","@id":"https:\/\/blogdacondessa.com.br\/blog\/#\/schema\/person\/1d667ff8b785195b568677489d266035"},"headline":"Shopping Popular abrir\u00e1 normalmente no feriado de Finados","datePublished":"2025-10-31T09:00:16+00:00","mainEntityOfPage":{"@id":"https:\/\/blogdacondessa.com.br\/blog\/uncategorized\/shopping-popular-abrira-normalmente-no-feriado-de-finados\/"},"wordCount":276,"image":{"@id":"https:\/\/blogdacondessa.com.br\/blog\/uncategorized\/shopping-popular-abrira-normalmente-no-feriado-de-finados\/#primaryimage"},"thumbnailUrl":"https:\/\/blogdacondessa.com.br\/blog\/wp-content\/uploads\/2025\/10\/shopping-popular.jpg","articleSection":["Uncategorized"],"inLanguage":"pt-BR"},{"@type":"WebPage","@id":"https:\/\/blogdacondessa.com.br\/blog\/uncategorized\/shopping-popular-abrira-normalmente-no-feriado-de-finados\/","url":"https:\/\/blogdacondessa.com.br\/blog\/uncategorized\/shopping-popular-abrira-normalmente-no-feriado-de-finados\/","name":"Shopping Popular abrir\u00e1 normalmente no feriado de Finados &#8902; Blog da Condessa","isPartOf":{"@id":"https:\/\/blogdacondessa.com.br\/blog\/#website"},"primaryImageOfPage":{"@id":"https:\/\/blogdacondessa.com.br\/blog\/uncategorized\/shopping-popular-abrira-normalmente-no-feriado-de-finados\/#primaryimage"},"image":{"@id":"https:\/\/blogdacondessa.com.br\/blog\/uncategorized\/shopping-popular-abrira-normalmente-no-feriado-de-finados\/#primaryimage"},"thumbnailUrl":"https:\/\/blogdacondessa.com.br\/blog\/wp-content\/uploads\/2025\/10\/shopping-popular.jpg","datePublished":"2025-10-31T09:00:16+00:00","author":{"@id":"https:\/\/blogdacondessa.com.br\/blog\/#\/schema\/person\/1d667ff8b785195b568677489d266035"},"breadcrumb":{"@id":"https:\/\/blogdacondessa.com.br\/blog\/uncategorized\/shopping-popular-abrira-normalmente-no-feriado-de-finados\/#breadcrumb"},"inLanguage":"pt-BR","potentialAction":[{"@type":"ReadAction","target":["https:\/\/blogdacondessa.com.br\/blog\/uncategorized\/shopping-popular-abrira-normalmente-no-feriado-de-finados\/"]}]},{"@type":"ImageObject","inLanguage":"pt-BR","@id":"https:\/\/blogdacondessa.com.br\/blog\/uncategorized\/shopping-popular-abrira-normalmente-no-feriado-de-finados\/#primaryimage","url":"https:\/\/blogdacondessa.com.br\/blog\/wp-content\/uploads\/2025\/10\/shopping-popular.jpg","contentUrl":"https:\/\/blogdacondessa.com.br\/blog\/wp-content\/uploads\/2025\/10\/shopping-popular.jpg","width":450,"height":300},{"@type":"BreadcrumbList","@id":"https:\/\/blogdacondessa.com.br\/blog\/uncategorized\/shopping-popular-abrira-normalmente-no-feriado-de-finados\/#breadcrumb","itemListElement":[{"@type":"ListItem","position":1,"name":"In\u00edcio","item":"https:\/\/blogdacondessa.com.br\/blog\/"},{"@type":"ListItem","position":2,"name":"Shopping Popular abrir\u00e1 normalmente no feriado de Finados"}]},{"@type":"WebSite","@id":"https:\/\/blogdacondessa.com.br\/blog\/#website","url":"https:\/\/blogdacondessa.com.br\/blog\/","name":"Blog da Condessa","description":"Com Shirley de Souza O\u2019Campos","potentialAction":[{"@type":"SearchAction","target":{"@type":"EntryPoint","urlTemplate":"https:\/\/blogdacondessa.com.br\/blog\/?s={search_term_string}"},"query-input":{"@type":"PropertyValueSpecification","valueRequired":true,"valueName":"search_term_string"}}],"inLanguage":"pt-BR"},{"@type":"Person","@id":"https:\/\/blogdacondessa.com.br\/blog\/#\/schema\/person\/1d667ff8b785195b568677489d266035","name":"Blog da Condessa","image":{"@type":"ImageObject","inLanguage":"pt-BR","@id":"https:\/\/secure.gravatar.com\/avatar\/377c0eb8b4ad2bfc25461b41564b5971e721ca34a57642868fc7b0c8ac7b52c5?s=96&d=mm&r=g","url":"https:\/\/secure.gravatar.com\/avatar\/377c0eb8b4ad2bfc25461b41564b5971e721ca34a57642868fc7b0c8ac7b52c5?s=96&d=mm&r=g","contentUrl":"https:\/\/secure.gravatar.com\/avatar\/377c0eb8b4ad2bfc25461b41564b5971e721ca34a57642868fc7b0c8ac7b52c5?s=96&d=mm&r=g","caption":"Blog da Condessa"},"url":"https:\/\/blogdacondessa.com.br\/blog\/author\/beatriz\/"}]}},"_links":{"self":[{"href":"https:\/\/blogdacondessa.com.br\/blog\/wp-json\/wp\/v2\/posts\/12991","targetHints":{"allow":["GET"]}}],"collection":[{"href":"https:\/\/blogdacondessa.com.br\/blog\/wp-json\/wp\/v2\/posts"}],"about":[{"href":"https:\/\/blogdacondessa.com.br\/blog\/wp-json\/wp\/v2\/types\/post"}],"author":[{"embeddable":true,"href":"https:\/\/blogdacondessa.com.br\/blog\/wp-json\/wp\/v2\/users\/2"}],"replies":[{"embeddable":true,"href":"https:\/\/blogdacondessa.com.br\/blog\/wp-json\/wp\/v2\/comments?post=12991"}],"version-history":[{"count":1,"href":"https:\/\/blogdacondessa.com.br\/blog\/wp-json\/wp\/v2\/posts\/12991\/revisions"}],"predecessor-version":[{"id":12993,"href":"https:\/\/blogdacondessa.com.br\/blog\/wp-json\/wp\/v2\/posts\/12991\/revisions\/12993"}],"wp:featuredmedia":[{"embeddable":true,"href":"https:\/\/blogdacondessa.com.br\/blog\/wp-json\/wp\/v2\/media\/12992"}],"wp:attachment":[{"href":"https:\/\/blogdacondessa.com.br\/blog\/wp-json\/wp\/v2\/media?parent=12991"}],"wp:term":[{"taxonomy":"category","embeddable":true,"href":"https:\/\/blogdacondessa.com.br\/blog\/wp-json\/wp\/v2\/categories?post=12991"},{"taxonomy":"post_tag","embeddable":true,"href":"https:\/\/blogdacondessa.com.br\/blog\/wp-json\/wp\/v2\/tags?post=12991"}],"curies":[{"name":"wp","href":"https:\/\/api.w.org\/{rel}","templated":true}]}}