{"id":12985,"date":"2025-10-30T11:32:35","date_gmt":"2025-10-30T15:32:35","guid":{"rendered":"https:\/\/blogdacondessa.com.br\/blog\/?p=12985"},"modified":"2025-10-30T11:32:35","modified_gmt":"2025-10-30T15:32:35","slug":"a-hesitacao-vacinal-e-um-desafio-crescente-e-reflete-a-desinformacao-acumulada-nos-ultimos-anos","status":"publish","type":"post","link":"https:\/\/blogdacondessa.com.br\/blog\/uncategorized\/a-hesitacao-vacinal-e-um-desafio-crescente-e-reflete-a-desinformacao-acumulada-nos-ultimos-anos\/","title":{"rendered":"\u201cA hesita\u00e7\u00e3o vacinal \u00e9 um desafio crescente e reflete a desinforma\u00e7\u00e3o acumulada nos \u00faltimos anos\u201d"},"content":{"rendered":"<p><em>Especialista destaca a imuniza\u00e7\u00e3o na preven\u00e7\u00e3o das doen\u00e7as respirat\u00f3rias. Em 2024, cobertura vacinal contra a gripe atingiu apenas 53% do p\u00fablico-alvo.<\/em><\/p>\n<p>Mesmo com os avan\u00e7os da medicina, as vacinas ainda despertam hesita\u00e7\u00e3o, especialmente quando se trata de doen\u00e7as respirat\u00f3rias. Desde a pandemia de COVID-19, os imunizantes contra v\u00edrus desse tipo est\u00e3o entre os que mais geram d\u00favidas, impulsionadas pela desinforma\u00e7\u00e3o nas redes sociais.<\/p>\n<p>Para o infectologista e consultor do Sabin Diagn\u00f3stico, Rafael Nogueira, a hesita\u00e7\u00e3o vacinal \u00e9 um desafio crescente e reflete a desinforma\u00e7\u00e3o acumulada nos \u00faltimos anos. \u201cGrande parte das pessoas ainda acredita que doen\u00e7as como a gripe s\u00e3o simples e que, por j\u00e1 terem tido a infec\u00e7\u00e3o, n\u00e3o precisam se vacinar novamente. Al\u00e9m disso, persistem mitos sobre efeitos adversos e sobrecarga do sistema imunol\u00f3gico, o que leva \u00e0 resist\u00eancia \u00e0 imuniza\u00e7\u00e3o\u201d, explica.<\/p>\n<p>O especialista refor\u00e7a que a vacina\u00e7\u00e3o continua sendo uma das estrat\u00e9gias mais seguras e eficazes para proteger a popula\u00e7\u00e3o contra v\u00edrus e bact\u00e9rias que atingem o sistema respirat\u00f3rio. \u201cAs vacinas evitam milh\u00f5es de casos de doen\u00e7as graves todos os anos. Elas n\u00e3o apenas protegem quem se imuniza, mas tamb\u00e9m reduzem a circula\u00e7\u00e3o dos agentes causadores entre a comunidade\u201d, afirma Rafael.<\/p>\n<p>Segundo o Instituto Butantan, em 2024, o Brasil registrou 13.934 casos de S\u00edndrome Respirat\u00f3ria Aguda Grave (SRAG) por influenza at\u00e9 novembro, com 1.142 mortes. O v\u00edrus influenza foi o mais detectado entre indiv\u00edduos com mais de 10 anos. No mesmo per\u00edodo, a cobertura vacinal contra a gripe atingiu apenas 53% do p\u00fablico-alvo, percentual muito abaixo da meta nacional de 90%.<\/p>\n<p>O m\u00e9dico destaca a import\u00e2ncia de compreender o papel das vacinas na adapta\u00e7\u00e3o do sistema imunol\u00f3gico. \u201cOs imunizantes treinam o organismo para reconhecer e combater agentes infecciosos com seguran\u00e7a. Eles n\u00e3o sobrecarregam o corpo, pelo contr\u00e1rio, o fortalecem. O que realmente enfraquece a imunidade \u00e9 a exposi\u00e7\u00e3o constante a doen\u00e7as que poderiam ser prevenidas\u201d, refor\u00e7a.<\/p>\n<p>&nbsp;<\/p>\n","protected":false},"excerpt":{"rendered":"<p>Especialista destaca a imuniza\u00e7\u00e3o na preven\u00e7\u00e3o das doen\u00e7as respirat\u00f3rias. Em 2024, cobertura vacinal contra a gripe atingiu apenas 53% do p\u00fablico-alvo. Mesmo com os avan\u00e7os da medicina, as vacinas ainda despertam hesita\u00e7\u00e3o, especialmente quando se trata de doen\u00e7as respirat\u00f3rias. Desde a pandemia de COVID-19, os imunizantes contra v\u00edrus desse tipo est\u00e3o entre os que mais [&hellip;]<\/p>\n","protected":false},"author":2,"featured_media":12986,"comment_status":"closed","ping_status":"closed","sticky":false,"template":"","format":"standard","meta":{"iawp_total_views":14,"footnotes":""},"categories":[1],"tags":[],"class_list":["post-12985","post","type-post","status-publish","format-standard","has-post-thumbnail","hentry","category-uncategorized"],"yoast_head":"<!-- This site is optimized with the Yoast SEO plugin v27.3 - https:\/\/yoast.com\/product\/yoast-seo-wordpress\/ -->\n<title>\u201cA hesita\u00e7\u00e3o vacinal \u00e9 um desafio crescente e reflete a desinforma\u00e7\u00e3o acumulada nos \u00faltimos anos\u201d &#8902; Blog da Condessa<\/title>\n<meta name=\"robots\" content=\"index, follow, max-snippet:-1, max-image-preview:large, max-video-preview:-1\" \/>\n<link rel=\"canonical\" href=\"https:\/\/blogdacondessa.com.br\/blog\/uncategorized\/a-hesitacao-vacinal-e-um-desafio-crescente-e-reflete-a-desinformacao-acumulada-nos-ultimos-anos\/\" \/>\n<meta property=\"og:locale\" content=\"pt_BR\" \/>\n<meta property=\"og:type\" content=\"article\" \/>\n<meta property=\"og:title\" content=\"\u201cA hesita\u00e7\u00e3o vacinal \u00e9 um desafio crescente e reflete a desinforma\u00e7\u00e3o acumulada nos \u00faltimos anos\u201d &#8902; Blog da Condessa\" \/>\n<meta property=\"og:description\" content=\"Especialista destaca a imuniza\u00e7\u00e3o na preven\u00e7\u00e3o das doen\u00e7as respirat\u00f3rias. Em 2024, cobertura vacinal contra a gripe atingiu apenas 53% do p\u00fablico-alvo. Mesmo com os avan\u00e7os da medicina, as vacinas ainda despertam hesita\u00e7\u00e3o, especialmente quando se trata de doen\u00e7as respirat\u00f3rias. Desde a pandemia de COVID-19, os imunizantes contra v\u00edrus desse tipo est\u00e3o entre os que mais [&hellip;]\" \/>\n<meta property=\"og:url\" content=\"https:\/\/blogdacondessa.com.br\/blog\/uncategorized\/a-hesitacao-vacinal-e-um-desafio-crescente-e-reflete-a-desinformacao-acumulada-nos-ultimos-anos\/\" \/>\n<meta property=\"og:site_name\" content=\"Blog da Condessa\" \/>\n<meta property=\"article:published_time\" content=\"2025-10-30T15:32:35+00:00\" \/>\n<meta property=\"og:image\" content=\"https:\/\/blogdacondessa.com.br\/blog\/wp-content\/uploads\/2025\/10\/VACINAS.webp\" \/>\n\t<meta property=\"og:image:width\" content=\"1170\" \/>\n\t<meta property=\"og:image:height\" content=\"700\" \/>\n\t<meta property=\"og:image:type\" content=\"image\/webp\" \/>\n<meta name=\"author\" content=\"Blog da Condessa\" \/>\n<meta name=\"twitter:card\" content=\"summary_large_image\" \/>\n<meta name=\"twitter:label1\" content=\"Escrito por\" \/>\n\t<meta name=\"twitter:data1\" content=\"Blog da Condessa\" \/>\n\t<meta name=\"twitter:label2\" content=\"Est. tempo de leitura\" \/>\n\t<meta name=\"twitter:data2\" content=\"2 minutos\" \/>\n<script type=\"application\/ld+json\" class=\"yoast-schema-graph\">{\"@context\":\"https:\\\/\\\/schema.org\",\"@graph\":[{\"@type\":\"Article\",\"@id\":\"https:\\\/\\\/blogdacondessa.com.br\\\/blog\\\/uncategorized\\\/a-hesitacao-vacinal-e-um-desafio-crescente-e-reflete-a-desinformacao-acumulada-nos-ultimos-anos\\\/#article\",\"isPartOf\":{\"@id\":\"https:\\\/\\\/blogdacondessa.com.br\\\/blog\\\/uncategorized\\\/a-hesitacao-vacinal-e-um-desafio-crescente-e-reflete-a-desinformacao-acumulada-nos-ultimos-anos\\\/\"},\"author\":{\"name\":\"Blog da Condessa\",\"@id\":\"https:\\\/\\\/blogdacondessa.com.br\\\/blog\\\/#\\\/schema\\\/person\\\/1d667ff8b785195b568677489d266035\"},\"headline\":\"\u201cA hesita\u00e7\u00e3o vacinal \u00e9 um desafio crescente e reflete a desinforma\u00e7\u00e3o acumulada nos \u00faltimos anos\u201d\",\"datePublished\":\"2025-10-30T15:32:35+00:00\",\"mainEntityOfPage\":{\"@id\":\"https:\\\/\\\/blogdacondessa.com.br\\\/blog\\\/uncategorized\\\/a-hesitacao-vacinal-e-um-desafio-crescente-e-reflete-a-desinformacao-acumulada-nos-ultimos-anos\\\/\"},\"wordCount\":366,\"image\":{\"@id\":\"https:\\\/\\\/blogdacondessa.com.br\\\/blog\\\/uncategorized\\\/a-hesitacao-vacinal-e-um-desafio-crescente-e-reflete-a-desinformacao-acumulada-nos-ultimos-anos\\\/#primaryimage\"},\"thumbnailUrl\":\"https:\\\/\\\/blogdacondessa.com.br\\\/blog\\\/wp-content\\\/uploads\\\/2025\\\/10\\\/VACINAS.webp\",\"articleSection\":[\"Uncategorized\"],\"inLanguage\":\"pt-BR\"},{\"@type\":\"WebPage\",\"@id\":\"https:\\\/\\\/blogdacondessa.com.br\\\/blog\\\/uncategorized\\\/a-hesitacao-vacinal-e-um-desafio-crescente-e-reflete-a-desinformacao-acumulada-nos-ultimos-anos\\\/\",\"url\":\"https:\\\/\\\/blogdacondessa.com.br\\\/blog\\\/uncategorized\\\/a-hesitacao-vacinal-e-um-desafio-crescente-e-reflete-a-desinformacao-acumulada-nos-ultimos-anos\\\/\",\"name\":\"\u201cA hesita\u00e7\u00e3o vacinal \u00e9 um desafio crescente e reflete a desinforma\u00e7\u00e3o acumulada nos \u00faltimos anos\u201d &#8902; Blog da Condessa\",\"isPartOf\":{\"@id\":\"https:\\\/\\\/blogdacondessa.com.br\\\/blog\\\/#website\"},\"primaryImageOfPage\":{\"@id\":\"https:\\\/\\\/blogdacondessa.com.br\\\/blog\\\/uncategorized\\\/a-hesitacao-vacinal-e-um-desafio-crescente-e-reflete-a-desinformacao-acumulada-nos-ultimos-anos\\\/#primaryimage\"},\"image\":{\"@id\":\"https:\\\/\\\/blogdacondessa.com.br\\\/blog\\\/uncategorized\\\/a-hesitacao-vacinal-e-um-desafio-crescente-e-reflete-a-desinformacao-acumulada-nos-ultimos-anos\\\/#primaryimage\"},\"thumbnailUrl\":\"https:\\\/\\\/blogdacondessa.com.br\\\/blog\\\/wp-content\\\/uploads\\\/2025\\\/10\\\/VACINAS.webp\",\"datePublished\":\"2025-10-30T15:32:35+00:00\",\"author\":{\"@id\":\"https:\\\/\\\/blogdacondessa.com.br\\\/blog\\\/#\\\/schema\\\/person\\\/1d667ff8b785195b568677489d266035\"},\"breadcrumb\":{\"@id\":\"https:\\\/\\\/blogdacondessa.com.br\\\/blog\\\/uncategorized\\\/a-hesitacao-vacinal-e-um-desafio-crescente-e-reflete-a-desinformacao-acumulada-nos-ultimos-anos\\\/#breadcrumb\"},\"inLanguage\":\"pt-BR\",\"potentialAction\":[{\"@type\":\"ReadAction\",\"target\":[\"https:\\\/\\\/blogdacondessa.com.br\\\/blog\\\/uncategorized\\\/a-hesitacao-vacinal-e-um-desafio-crescente-e-reflete-a-desinformacao-acumulada-nos-ultimos-anos\\\/\"]}]},{\"@type\":\"ImageObject\",\"inLanguage\":\"pt-BR\",\"@id\":\"https:\\\/\\\/blogdacondessa.com.br\\\/blog\\\/uncategorized\\\/a-hesitacao-vacinal-e-um-desafio-crescente-e-reflete-a-desinformacao-acumulada-nos-ultimos-anos\\\/#primaryimage\",\"url\":\"https:\\\/\\\/blogdacondessa.com.br\\\/blog\\\/wp-content\\\/uploads\\\/2025\\\/10\\\/VACINAS.webp\",\"contentUrl\":\"https:\\\/\\\/blogdacondessa.com.br\\\/blog\\\/wp-content\\\/uploads\\\/2025\\\/10\\\/VACINAS.webp\",\"width\":1170,\"height\":700,\"caption\":\"Foto: Marcello Casal Jr. \\\/Ag\u00eancia Brasil\"},{\"@type\":\"BreadcrumbList\",\"@id\":\"https:\\\/\\\/blogdacondessa.com.br\\\/blog\\\/uncategorized\\\/a-hesitacao-vacinal-e-um-desafio-crescente-e-reflete-a-desinformacao-acumulada-nos-ultimos-anos\\\/#breadcrumb\",\"itemListElement\":[{\"@type\":\"ListItem\",\"position\":1,\"name\":\"In\u00edcio\",\"item\":\"https:\\\/\\\/blogdacondessa.com.br\\\/blog\\\/\"},{\"@type\":\"ListItem\",\"position\":2,\"name\":\"\u201cA hesita\u00e7\u00e3o vacinal \u00e9 um desafio crescente e reflete a desinforma\u00e7\u00e3o acumulada nos \u00faltimos anos\u201d\"}]},{\"@type\":\"WebSite\",\"@id\":\"https:\\\/\\\/blogdacondessa.com.br\\\/blog\\\/#website\",\"url\":\"https:\\\/\\\/blogdacondessa.com.br\\\/blog\\\/\",\"name\":\"Blog da Condessa\",\"description\":\"Com Shirley de Souza O\u2019Campos\",\"potentialAction\":[{\"@type\":\"SearchAction\",\"target\":{\"@type\":\"EntryPoint\",\"urlTemplate\":\"https:\\\/\\\/blogdacondessa.com.br\\\/blog\\\/?s={search_term_string}\"},\"query-input\":{\"@type\":\"PropertyValueSpecification\",\"valueRequired\":true,\"valueName\":\"search_term_string\"}}],\"inLanguage\":\"pt-BR\"},{\"@type\":\"Person\",\"@id\":\"https:\\\/\\\/blogdacondessa.com.br\\\/blog\\\/#\\\/schema\\\/person\\\/1d667ff8b785195b568677489d266035\",\"name\":\"Blog da Condessa\",\"image\":{\"@type\":\"ImageObject\",\"inLanguage\":\"pt-BR\",\"@id\":\"https:\\\/\\\/secure.gravatar.com\\\/avatar\\\/377c0eb8b4ad2bfc25461b41564b5971e721ca34a57642868fc7b0c8ac7b52c5?s=96&d=mm&r=g\",\"url\":\"https:\\\/\\\/secure.gravatar.com\\\/avatar\\\/377c0eb8b4ad2bfc25461b41564b5971e721ca34a57642868fc7b0c8ac7b52c5?s=96&d=mm&r=g\",\"contentUrl\":\"https:\\\/\\\/secure.gravatar.com\\\/avatar\\\/377c0eb8b4ad2bfc25461b41564b5971e721ca34a57642868fc7b0c8ac7b52c5?s=96&d=mm&r=g\",\"caption\":\"Blog da Condessa\"},\"url\":\"https:\\\/\\\/blogdacondessa.com.br\\\/blog\\\/author\\\/beatriz\\\/\"}]}<\/script>\n<!-- \/ Yoast SEO plugin. -->","yoast_head_json":{"title":"\u201cA hesita\u00e7\u00e3o vacinal \u00e9 um desafio crescente e reflete a desinforma\u00e7\u00e3o acumulada nos \u00faltimos anos\u201d &#8902; Blog da Condessa","robots":{"index":"index","follow":"follow","max-snippet":"max-snippet:-1","max-image-preview":"max-image-preview:large","max-video-preview":"max-video-preview:-1"},"canonical":"https:\/\/blogdacondessa.com.br\/blog\/uncategorized\/a-hesitacao-vacinal-e-um-desafio-crescente-e-reflete-a-desinformacao-acumulada-nos-ultimos-anos\/","og_locale":"pt_BR","og_type":"article","og_title":"\u201cA hesita\u00e7\u00e3o vacinal \u00e9 um desafio crescente e reflete a desinforma\u00e7\u00e3o acumulada nos \u00faltimos anos\u201d &#8902; Blog da Condessa","og_description":"Especialista destaca a imuniza\u00e7\u00e3o na preven\u00e7\u00e3o das doen\u00e7as respirat\u00f3rias. Em 2024, cobertura vacinal contra a gripe atingiu apenas 53% do p\u00fablico-alvo. Mesmo com os avan\u00e7os da medicina, as vacinas ainda despertam hesita\u00e7\u00e3o, especialmente quando se trata de doen\u00e7as respirat\u00f3rias. Desde a pandemia de COVID-19, os imunizantes contra v\u00edrus desse tipo est\u00e3o entre os que mais [&hellip;]","og_url":"https:\/\/blogdacondessa.com.br\/blog\/uncategorized\/a-hesitacao-vacinal-e-um-desafio-crescente-e-reflete-a-desinformacao-acumulada-nos-ultimos-anos\/","og_site_name":"Blog da Condessa","article_published_time":"2025-10-30T15:32:35+00:00","og_image":[{"width":1170,"height":700,"url":"https:\/\/blogdacondessa.com.br\/blog\/wp-content\/uploads\/2025\/10\/VACINAS.webp","type":"image\/webp"}],"author":"Blog da Condessa","twitter_card":"summary_large_image","twitter_misc":{"Escrito por":"Blog da Condessa","Est. tempo de leitura":"2 minutos"},"schema":{"@context":"https:\/\/schema.org","@graph":[{"@type":"Article","@id":"https:\/\/blogdacondessa.com.br\/blog\/uncategorized\/a-hesitacao-vacinal-e-um-desafio-crescente-e-reflete-a-desinformacao-acumulada-nos-ultimos-anos\/#article","isPartOf":{"@id":"https:\/\/blogdacondessa.com.br\/blog\/uncategorized\/a-hesitacao-vacinal-e-um-desafio-crescente-e-reflete-a-desinformacao-acumulada-nos-ultimos-anos\/"},"author":{"name":"Blog da Condessa","@id":"https:\/\/blogdacondessa.com.br\/blog\/#\/schema\/person\/1d667ff8b785195b568677489d266035"},"headline":"\u201cA hesita\u00e7\u00e3o vacinal \u00e9 um desafio crescente e reflete a desinforma\u00e7\u00e3o acumulada nos \u00faltimos anos\u201d","datePublished":"2025-10-30T15:32:35+00:00","mainEntityOfPage":{"@id":"https:\/\/blogdacondessa.com.br\/blog\/uncategorized\/a-hesitacao-vacinal-e-um-desafio-crescente-e-reflete-a-desinformacao-acumulada-nos-ultimos-anos\/"},"wordCount":366,"image":{"@id":"https:\/\/blogdacondessa.com.br\/blog\/uncategorized\/a-hesitacao-vacinal-e-um-desafio-crescente-e-reflete-a-desinformacao-acumulada-nos-ultimos-anos\/#primaryimage"},"thumbnailUrl":"https:\/\/blogdacondessa.com.br\/blog\/wp-content\/uploads\/2025\/10\/VACINAS.webp","articleSection":["Uncategorized"],"inLanguage":"pt-BR"},{"@type":"WebPage","@id":"https:\/\/blogdacondessa.com.br\/blog\/uncategorized\/a-hesitacao-vacinal-e-um-desafio-crescente-e-reflete-a-desinformacao-acumulada-nos-ultimos-anos\/","url":"https:\/\/blogdacondessa.com.br\/blog\/uncategorized\/a-hesitacao-vacinal-e-um-desafio-crescente-e-reflete-a-desinformacao-acumulada-nos-ultimos-anos\/","name":"\u201cA hesita\u00e7\u00e3o vacinal \u00e9 um desafio crescente e reflete a desinforma\u00e7\u00e3o acumulada nos \u00faltimos anos\u201d &#8902; Blog da Condessa","isPartOf":{"@id":"https:\/\/blogdacondessa.com.br\/blog\/#website"},"primaryImageOfPage":{"@id":"https:\/\/blogdacondessa.com.br\/blog\/uncategorized\/a-hesitacao-vacinal-e-um-desafio-crescente-e-reflete-a-desinformacao-acumulada-nos-ultimos-anos\/#primaryimage"},"image":{"@id":"https:\/\/blogdacondessa.com.br\/blog\/uncategorized\/a-hesitacao-vacinal-e-um-desafio-crescente-e-reflete-a-desinformacao-acumulada-nos-ultimos-anos\/#primaryimage"},"thumbnailUrl":"https:\/\/blogdacondessa.com.br\/blog\/wp-content\/uploads\/2025\/10\/VACINAS.webp","datePublished":"2025-10-30T15:32:35+00:00","author":{"@id":"https:\/\/blogdacondessa.com.br\/blog\/#\/schema\/person\/1d667ff8b785195b568677489d266035"},"breadcrumb":{"@id":"https:\/\/blogdacondessa.com.br\/blog\/uncategorized\/a-hesitacao-vacinal-e-um-desafio-crescente-e-reflete-a-desinformacao-acumulada-nos-ultimos-anos\/#breadcrumb"},"inLanguage":"pt-BR","potentialAction":[{"@type":"ReadAction","target":["https:\/\/blogdacondessa.com.br\/blog\/uncategorized\/a-hesitacao-vacinal-e-um-desafio-crescente-e-reflete-a-desinformacao-acumulada-nos-ultimos-anos\/"]}]},{"@type":"ImageObject","inLanguage":"pt-BR","@id":"https:\/\/blogdacondessa.com.br\/blog\/uncategorized\/a-hesitacao-vacinal-e-um-desafio-crescente-e-reflete-a-desinformacao-acumulada-nos-ultimos-anos\/#primaryimage","url":"https:\/\/blogdacondessa.com.br\/blog\/wp-content\/uploads\/2025\/10\/VACINAS.webp","contentUrl":"https:\/\/blogdacondessa.com.br\/blog\/wp-content\/uploads\/2025\/10\/VACINAS.webp","width":1170,"height":700,"caption":"Foto: Marcello Casal Jr. \/Ag\u00eancia Brasil"},{"@type":"BreadcrumbList","@id":"https:\/\/blogdacondessa.com.br\/blog\/uncategorized\/a-hesitacao-vacinal-e-um-desafio-crescente-e-reflete-a-desinformacao-acumulada-nos-ultimos-anos\/#breadcrumb","itemListElement":[{"@type":"ListItem","position":1,"name":"In\u00edcio","item":"https:\/\/blogdacondessa.com.br\/blog\/"},{"@type":"ListItem","position":2,"name":"\u201cA hesita\u00e7\u00e3o vacinal \u00e9 um desafio crescente e reflete a desinforma\u00e7\u00e3o acumulada nos \u00faltimos anos\u201d"}]},{"@type":"WebSite","@id":"https:\/\/blogdacondessa.com.br\/blog\/#website","url":"https:\/\/blogdacondessa.com.br\/blog\/","name":"Blog da Condessa","description":"Com Shirley de Souza O\u2019Campos","potentialAction":[{"@type":"SearchAction","target":{"@type":"EntryPoint","urlTemplate":"https:\/\/blogdacondessa.com.br\/blog\/?s={search_term_string}"},"query-input":{"@type":"PropertyValueSpecification","valueRequired":true,"valueName":"search_term_string"}}],"inLanguage":"pt-BR"},{"@type":"Person","@id":"https:\/\/blogdacondessa.com.br\/blog\/#\/schema\/person\/1d667ff8b785195b568677489d266035","name":"Blog da Condessa","image":{"@type":"ImageObject","inLanguage":"pt-BR","@id":"https:\/\/secure.gravatar.com\/avatar\/377c0eb8b4ad2bfc25461b41564b5971e721ca34a57642868fc7b0c8ac7b52c5?s=96&d=mm&r=g","url":"https:\/\/secure.gravatar.com\/avatar\/377c0eb8b4ad2bfc25461b41564b5971e721ca34a57642868fc7b0c8ac7b52c5?s=96&d=mm&r=g","contentUrl":"https:\/\/secure.gravatar.com\/avatar\/377c0eb8b4ad2bfc25461b41564b5971e721ca34a57642868fc7b0c8ac7b52c5?s=96&d=mm&r=g","caption":"Blog da Condessa"},"url":"https:\/\/blogdacondessa.com.br\/blog\/author\/beatriz\/"}]}},"_links":{"self":[{"href":"https:\/\/blogdacondessa.com.br\/blog\/wp-json\/wp\/v2\/posts\/12985","targetHints":{"allow":["GET"]}}],"collection":[{"href":"https:\/\/blogdacondessa.com.br\/blog\/wp-json\/wp\/v2\/posts"}],"about":[{"href":"https:\/\/blogdacondessa.com.br\/blog\/wp-json\/wp\/v2\/types\/post"}],"author":[{"embeddable":true,"href":"https:\/\/blogdacondessa.com.br\/blog\/wp-json\/wp\/v2\/users\/2"}],"replies":[{"embeddable":true,"href":"https:\/\/blogdacondessa.com.br\/blog\/wp-json\/wp\/v2\/comments?post=12985"}],"version-history":[{"count":1,"href":"https:\/\/blogdacondessa.com.br\/blog\/wp-json\/wp\/v2\/posts\/12985\/revisions"}],"predecessor-version":[{"id":12987,"href":"https:\/\/blogdacondessa.com.br\/blog\/wp-json\/wp\/v2\/posts\/12985\/revisions\/12987"}],"wp:featuredmedia":[{"embeddable":true,"href":"https:\/\/blogdacondessa.com.br\/blog\/wp-json\/wp\/v2\/media\/12986"}],"wp:attachment":[{"href":"https:\/\/blogdacondessa.com.br\/blog\/wp-json\/wp\/v2\/media?parent=12985"}],"wp:term":[{"taxonomy":"category","embeddable":true,"href":"https:\/\/blogdacondessa.com.br\/blog\/wp-json\/wp\/v2\/categories?post=12985"},{"taxonomy":"post_tag","embeddable":true,"href":"https:\/\/blogdacondessa.com.br\/blog\/wp-json\/wp\/v2\/tags?post=12985"}],"curies":[{"name":"wp","href":"https:\/\/api.w.org\/{rel}","templated":true}]}}