{"id":12981,"date":"2025-10-30T05:00:05","date_gmt":"2025-10-30T09:00:05","guid":{"rendered":"https:\/\/blogdacondessa.com.br\/blog\/?p=12981"},"modified":"2025-10-29T18:00:25","modified_gmt":"2025-10-29T22:00:25","slug":"mato-grosso-leva-cultura-sabores-e-arte-pantaneira-a-galeria-visit-brasil","status":"publish","type":"post","link":"https:\/\/blogdacondessa.com.br\/blog\/uncategorized\/mato-grosso-leva-cultura-sabores-e-arte-pantaneira-a-galeria-visit-brasil\/","title":{"rendered":"Mato Grosso leva cultura, sabores e arte pantaneira \u00e0 Galeria Visit Brasil"},"content":{"rendered":"<p>A\u00e7\u00e3o promovida pela Embratur, Sebrae e os Governos de MT e MS tem objetivo de vender o Pantanal como destino de saf\u00e1ri aos norte-americanos. A mostra, que segue at\u00e9 domingo (02.11), transforma o bioma em arte viva, reunindo fotografia, gastronomia, m\u00fasica e debates .<\/p>\n<p>Desde quarta-feira (29.10), o Pantanal \u00e9 o protagonista em Nova York com a abertura da Galeria Visit Brasil \u2013 Pantanal, uma experi\u00eancia imersiva promovida pela Embratur, Sebrae e os Governos de Mato Grosso e Mato Grosso do Sul, no distrito de Chelsea, um dos polos culturais mais prestigiados da cidade.<\/p>\n<p>A mostra, que segue at\u00e9 domingo (2.11), transforma o bioma em arte viva, reunindo fotografia, gastronomia, m\u00fasica e debates sobre sustentabilidade, inova\u00e7\u00e3o e turismo regenerativo.<\/p>\n<p>O espa\u00e7o recebe convidados, imprensa e p\u00fablico norte-americano para conhecer o Pantanal como destino de saf\u00e1ri e observa\u00e7\u00e3o da vida selvagem, um dos grandes ativos tur\u00edsticos do Brasil. A programa\u00e7\u00e3o inclui exposi\u00e7\u00f5es, cooking shows, rodas de conversa e apresenta\u00e7\u00f5es culturais.<\/p>\n<p>Entre os destaques da programa\u00e7\u00e3o est\u00e3o o fot\u00f3grafo mato-grossense Jos\u00e9 Medeiros, que divide a exposi\u00e7\u00e3o \u201cQuatro Esta\u00e7\u00f5es: Um Pantanal\u201d com o premiado documentarista Filipe DeAndrade, e a chef cuiabana Ariani Malouf, que comanda o cooking show ao lado do chef Paulo Machado (Mato Grosso do Sul) nos dias 30 de outubro e 2 de novembro, levando \u00e0 plateia internacional os sabores e aromas da culin\u00e1ria pantaneira, com pratos como o macarr\u00e3o de comitiva com aioli de pequi, o ceviche de til\u00e1pia com mandioca e o doce de leite com queijo.<\/p>\n<p>A cultura tamb\u00e9m estar\u00e1 em evid\u00eancia com a apresenta\u00e7\u00e3o do grupo Flor Ribeirinha, s\u00edmbolo da tradi\u00e7\u00e3o mato-grossense e reconhecido mundialmente pela preserva\u00e7\u00e3o das ra\u00edzes populares do estado, que se apresenta na cerim\u00f4nia de abertura da galeria.<\/p>\n<p>Al\u00e9m das atra\u00e7\u00f5es art\u00edsticas, a programa\u00e7\u00e3o traz rodas de conversa sobre \u201cTurismo Regenerativo e Pesquisa Cient\u00edfica\u201d, \u201cPantanal em Foco: entre paisagens e legado da cultura pantaneira\u201d e \u201cPantanal: um saf\u00e1ri brasileiro no cora\u00e7\u00e3o da biodiversidade\u201d. O evento tamb\u00e9m contar\u00e1 com encontros de neg\u00f3cios e degusta\u00e7\u00f5es de caipirinha, promovendo conex\u00f5es entre operadores internacionais e empreendedores do turismo sustent\u00e1vel.<\/p>\n<p>Representando o Governo de Mato Grosso, participam do evento o secret\u00e1rio de Estado de Desenvolvimento Econ\u00f4mico, C\u00e9sar Miranda, e a superintendente de Pol\u00edticas e Promo\u00e7\u00e3o do Turismo, J\u00falia Assis, que acompanham as a\u00e7\u00f5es de promo\u00e7\u00e3o do destino junto \u00e0 Embratur e \u00e0 imprensa internacional.<\/p>\n<p>\u201cMato Grosso est\u00e1 no centro da estrat\u00e9gia do Brasil para conquistar o mercado internacional de turismo. O Pantanal \u00e9 um dos nossos maiores patrim\u00f4nios e a Galeria Visit Brasil \u00e9 uma vitrine extraordin\u00e1ria para mostrar ao mundo o que temos de melhor: um turismo que une natureza, cultura e sustentabilidade. \u00c9 uma honra ver artistas e profissionais do nosso estado representando o pa\u00eds neste palco global\u201d, afirmou C\u00e9sar Miranda.<\/p>\n<p><strong>Galeria Visit Brasil<\/strong><\/p>\n<p>Projeto itinerante da Embratur, a Galeria Visit Brasil nasceu com o prop\u00f3sito de apresentar o pa\u00eds ao mundo de forma sensorial, despertando emo\u00e7\u00f5es, cheiros, sons e sabores que traduzem a alma brasileira. Em sua segunda passagem por Nova York, a iniciativa reafirma seu papel como vitrine internacional do Brasil.<\/p>\n<p>Segundo a Embratur, o mercado norte-americano \u00e9 o terceiro maior emissor de turistas ao Brasil, com mais de 564 mil viajantes entre janeiro e setembro de 2025. Um aumento de 8,75% em rela\u00e7\u00e3o ao mesmo per\u00edodo do ano anterior. Atualmente, os dois pa\u00edses est\u00e3o conectados por 33 rotas a\u00e9reas, com 217 voos semanais e quase 58 mil assentos dispon\u00edveis, ligando grandes hubs como Nova York, Miami, Atlanta, Houston e Los Angeles a destinos brasileiros.<\/p>\n","protected":false},"excerpt":{"rendered":"<p>A\u00e7\u00e3o promovida pela Embratur, Sebrae e os Governos de MT e MS tem objetivo de vender o Pantanal como destino de saf\u00e1ri aos norte-americanos. A mostra, que segue at\u00e9 domingo (02.11), transforma o bioma em arte viva, reunindo fotografia, gastronomia, m\u00fasica e debates . Desde quarta-feira (29.10), o Pantanal \u00e9 o protagonista em Nova York [&hellip;]<\/p>\n","protected":false},"author":2,"featured_media":12982,"comment_status":"closed","ping_status":"closed","sticky":false,"template":"","format":"standard","meta":{"iawp_total_views":9,"footnotes":""},"categories":[1],"tags":[],"class_list":["post-12981","post","type-post","status-publish","format-standard","has-post-thumbnail","hentry","category-uncategorized"],"yoast_head":"<!-- This site is optimized with the Yoast SEO plugin v27.3 - https:\/\/yoast.com\/product\/yoast-seo-wordpress\/ -->\n<title>Mato Grosso leva cultura, sabores e arte pantaneira \u00e0 Galeria Visit Brasil &#8902; Blog da Condessa<\/title>\n<meta name=\"robots\" content=\"index, follow, max-snippet:-1, max-image-preview:large, max-video-preview:-1\" \/>\n<link rel=\"canonical\" href=\"https:\/\/blogdacondessa.com.br\/blog\/uncategorized\/mato-grosso-leva-cultura-sabores-e-arte-pantaneira-a-galeria-visit-brasil\/\" \/>\n<meta property=\"og:locale\" content=\"pt_BR\" \/>\n<meta property=\"og:type\" content=\"article\" \/>\n<meta property=\"og:title\" content=\"Mato Grosso leva cultura, sabores e arte pantaneira \u00e0 Galeria Visit Brasil &#8902; Blog da Condessa\" \/>\n<meta property=\"og:description\" content=\"A\u00e7\u00e3o promovida pela Embratur, Sebrae e os Governos de MT e MS tem objetivo de vender o Pantanal como destino de saf\u00e1ri aos norte-americanos. A mostra, que segue at\u00e9 domingo (02.11), transforma o bioma em arte viva, reunindo fotografia, gastronomia, m\u00fasica e debates . Desde quarta-feira (29.10), o Pantanal \u00e9 o protagonista em Nova York [&hellip;]\" \/>\n<meta property=\"og:url\" content=\"https:\/\/blogdacondessa.com.br\/blog\/uncategorized\/mato-grosso-leva-cultura-sabores-e-arte-pantaneira-a-galeria-visit-brasil\/\" \/>\n<meta property=\"og:site_name\" content=\"Blog da Condessa\" \/>\n<meta property=\"article:published_time\" content=\"2025-10-30T09:00:05+00:00\" \/>\n<meta property=\"og:image\" content=\"https:\/\/blogdacondessa.com.br\/blog\/wp-content\/uploads\/2025\/10\/VISIT-BRASIL.jpeg\" \/>\n\t<meta property=\"og:image:width\" content=\"1024\" \/>\n\t<meta property=\"og:image:height\" content=\"768\" \/>\n\t<meta property=\"og:image:type\" content=\"image\/jpeg\" \/>\n<meta name=\"author\" content=\"Blog da Condessa\" \/>\n<meta name=\"twitter:card\" content=\"summary_large_image\" \/>\n<meta name=\"twitter:label1\" content=\"Escrito por\" \/>\n\t<meta name=\"twitter:data1\" content=\"Blog da Condessa\" \/>\n\t<meta name=\"twitter:label2\" content=\"Est. tempo de leitura\" \/>\n\t<meta name=\"twitter:data2\" content=\"4 minutos\" \/>\n<script type=\"application\/ld+json\" class=\"yoast-schema-graph\">{\"@context\":\"https:\\\/\\\/schema.org\",\"@graph\":[{\"@type\":\"Article\",\"@id\":\"https:\\\/\\\/blogdacondessa.com.br\\\/blog\\\/uncategorized\\\/mato-grosso-leva-cultura-sabores-e-arte-pantaneira-a-galeria-visit-brasil\\\/#article\",\"isPartOf\":{\"@id\":\"https:\\\/\\\/blogdacondessa.com.br\\\/blog\\\/uncategorized\\\/mato-grosso-leva-cultura-sabores-e-arte-pantaneira-a-galeria-visit-brasil\\\/\"},\"author\":{\"name\":\"Blog da Condessa\",\"@id\":\"https:\\\/\\\/blogdacondessa.com.br\\\/blog\\\/#\\\/schema\\\/person\\\/1d667ff8b785195b568677489d266035\"},\"headline\":\"Mato Grosso leva cultura, sabores e arte pantaneira \u00e0 Galeria Visit Brasil\",\"datePublished\":\"2025-10-30T09:00:05+00:00\",\"mainEntityOfPage\":{\"@id\":\"https:\\\/\\\/blogdacondessa.com.br\\\/blog\\\/uncategorized\\\/mato-grosso-leva-cultura-sabores-e-arte-pantaneira-a-galeria-visit-brasil\\\/\"},\"wordCount\":635,\"image\":{\"@id\":\"https:\\\/\\\/blogdacondessa.com.br\\\/blog\\\/uncategorized\\\/mato-grosso-leva-cultura-sabores-e-arte-pantaneira-a-galeria-visit-brasil\\\/#primaryimage\"},\"thumbnailUrl\":\"https:\\\/\\\/blogdacondessa.com.br\\\/blog\\\/wp-content\\\/uploads\\\/2025\\\/10\\\/VISIT-BRASIL.jpeg\",\"articleSection\":[\"Uncategorized\"],\"inLanguage\":\"pt-BR\"},{\"@type\":\"WebPage\",\"@id\":\"https:\\\/\\\/blogdacondessa.com.br\\\/blog\\\/uncategorized\\\/mato-grosso-leva-cultura-sabores-e-arte-pantaneira-a-galeria-visit-brasil\\\/\",\"url\":\"https:\\\/\\\/blogdacondessa.com.br\\\/blog\\\/uncategorized\\\/mato-grosso-leva-cultura-sabores-e-arte-pantaneira-a-galeria-visit-brasil\\\/\",\"name\":\"Mato Grosso leva cultura, sabores e arte pantaneira \u00e0 Galeria Visit Brasil &#8902; Blog da Condessa\",\"isPartOf\":{\"@id\":\"https:\\\/\\\/blogdacondessa.com.br\\\/blog\\\/#website\"},\"primaryImageOfPage\":{\"@id\":\"https:\\\/\\\/blogdacondessa.com.br\\\/blog\\\/uncategorized\\\/mato-grosso-leva-cultura-sabores-e-arte-pantaneira-a-galeria-visit-brasil\\\/#primaryimage\"},\"image\":{\"@id\":\"https:\\\/\\\/blogdacondessa.com.br\\\/blog\\\/uncategorized\\\/mato-grosso-leva-cultura-sabores-e-arte-pantaneira-a-galeria-visit-brasil\\\/#primaryimage\"},\"thumbnailUrl\":\"https:\\\/\\\/blogdacondessa.com.br\\\/blog\\\/wp-content\\\/uploads\\\/2025\\\/10\\\/VISIT-BRASIL.jpeg\",\"datePublished\":\"2025-10-30T09:00:05+00:00\",\"author\":{\"@id\":\"https:\\\/\\\/blogdacondessa.com.br\\\/blog\\\/#\\\/schema\\\/person\\\/1d667ff8b785195b568677489d266035\"},\"breadcrumb\":{\"@id\":\"https:\\\/\\\/blogdacondessa.com.br\\\/blog\\\/uncategorized\\\/mato-grosso-leva-cultura-sabores-e-arte-pantaneira-a-galeria-visit-brasil\\\/#breadcrumb\"},\"inLanguage\":\"pt-BR\",\"potentialAction\":[{\"@type\":\"ReadAction\",\"target\":[\"https:\\\/\\\/blogdacondessa.com.br\\\/blog\\\/uncategorized\\\/mato-grosso-leva-cultura-sabores-e-arte-pantaneira-a-galeria-visit-brasil\\\/\"]}]},{\"@type\":\"ImageObject\",\"inLanguage\":\"pt-BR\",\"@id\":\"https:\\\/\\\/blogdacondessa.com.br\\\/blog\\\/uncategorized\\\/mato-grosso-leva-cultura-sabores-e-arte-pantaneira-a-galeria-visit-brasil\\\/#primaryimage\",\"url\":\"https:\\\/\\\/blogdacondessa.com.br\\\/blog\\\/wp-content\\\/uploads\\\/2025\\\/10\\\/VISIT-BRASIL.jpeg\",\"contentUrl\":\"https:\\\/\\\/blogdacondessa.com.br\\\/blog\\\/wp-content\\\/uploads\\\/2025\\\/10\\\/VISIT-BRASIL.jpeg\",\"width\":1024,\"height\":768,\"caption\":\"Foto por: Assessoria\\\/Embratur\"},{\"@type\":\"BreadcrumbList\",\"@id\":\"https:\\\/\\\/blogdacondessa.com.br\\\/blog\\\/uncategorized\\\/mato-grosso-leva-cultura-sabores-e-arte-pantaneira-a-galeria-visit-brasil\\\/#breadcrumb\",\"itemListElement\":[{\"@type\":\"ListItem\",\"position\":1,\"name\":\"In\u00edcio\",\"item\":\"https:\\\/\\\/blogdacondessa.com.br\\\/blog\\\/\"},{\"@type\":\"ListItem\",\"position\":2,\"name\":\"Mato Grosso leva cultura, sabores e arte pantaneira \u00e0 Galeria Visit Brasil\"}]},{\"@type\":\"WebSite\",\"@id\":\"https:\\\/\\\/blogdacondessa.com.br\\\/blog\\\/#website\",\"url\":\"https:\\\/\\\/blogdacondessa.com.br\\\/blog\\\/\",\"name\":\"Blog da Condessa\",\"description\":\"Com Shirley de Souza O\u2019Campos\",\"potentialAction\":[{\"@type\":\"SearchAction\",\"target\":{\"@type\":\"EntryPoint\",\"urlTemplate\":\"https:\\\/\\\/blogdacondessa.com.br\\\/blog\\\/?s={search_term_string}\"},\"query-input\":{\"@type\":\"PropertyValueSpecification\",\"valueRequired\":true,\"valueName\":\"search_term_string\"}}],\"inLanguage\":\"pt-BR\"},{\"@type\":\"Person\",\"@id\":\"https:\\\/\\\/blogdacondessa.com.br\\\/blog\\\/#\\\/schema\\\/person\\\/1d667ff8b785195b568677489d266035\",\"name\":\"Blog da Condessa\",\"image\":{\"@type\":\"ImageObject\",\"inLanguage\":\"pt-BR\",\"@id\":\"https:\\\/\\\/secure.gravatar.com\\\/avatar\\\/377c0eb8b4ad2bfc25461b41564b5971e721ca34a57642868fc7b0c8ac7b52c5?s=96&d=mm&r=g\",\"url\":\"https:\\\/\\\/secure.gravatar.com\\\/avatar\\\/377c0eb8b4ad2bfc25461b41564b5971e721ca34a57642868fc7b0c8ac7b52c5?s=96&d=mm&r=g\",\"contentUrl\":\"https:\\\/\\\/secure.gravatar.com\\\/avatar\\\/377c0eb8b4ad2bfc25461b41564b5971e721ca34a57642868fc7b0c8ac7b52c5?s=96&d=mm&r=g\",\"caption\":\"Blog da Condessa\"},\"url\":\"https:\\\/\\\/blogdacondessa.com.br\\\/blog\\\/author\\\/beatriz\\\/\"}]}<\/script>\n<!-- \/ Yoast SEO plugin. -->","yoast_head_json":{"title":"Mato Grosso leva cultura, sabores e arte pantaneira \u00e0 Galeria Visit Brasil &#8902; Blog da Condessa","robots":{"index":"index","follow":"follow","max-snippet":"max-snippet:-1","max-image-preview":"max-image-preview:large","max-video-preview":"max-video-preview:-1"},"canonical":"https:\/\/blogdacondessa.com.br\/blog\/uncategorized\/mato-grosso-leva-cultura-sabores-e-arte-pantaneira-a-galeria-visit-brasil\/","og_locale":"pt_BR","og_type":"article","og_title":"Mato Grosso leva cultura, sabores e arte pantaneira \u00e0 Galeria Visit Brasil &#8902; Blog da Condessa","og_description":"A\u00e7\u00e3o promovida pela Embratur, Sebrae e os Governos de MT e MS tem objetivo de vender o Pantanal como destino de saf\u00e1ri aos norte-americanos. A mostra, que segue at\u00e9 domingo (02.11), transforma o bioma em arte viva, reunindo fotografia, gastronomia, m\u00fasica e debates . Desde quarta-feira (29.10), o Pantanal \u00e9 o protagonista em Nova York [&hellip;]","og_url":"https:\/\/blogdacondessa.com.br\/blog\/uncategorized\/mato-grosso-leva-cultura-sabores-e-arte-pantaneira-a-galeria-visit-brasil\/","og_site_name":"Blog da Condessa","article_published_time":"2025-10-30T09:00:05+00:00","og_image":[{"width":1024,"height":768,"url":"https:\/\/blogdacondessa.com.br\/blog\/wp-content\/uploads\/2025\/10\/VISIT-BRASIL.jpeg","type":"image\/jpeg"}],"author":"Blog da Condessa","twitter_card":"summary_large_image","twitter_misc":{"Escrito por":"Blog da Condessa","Est. tempo de leitura":"4 minutos"},"schema":{"@context":"https:\/\/schema.org","@graph":[{"@type":"Article","@id":"https:\/\/blogdacondessa.com.br\/blog\/uncategorized\/mato-grosso-leva-cultura-sabores-e-arte-pantaneira-a-galeria-visit-brasil\/#article","isPartOf":{"@id":"https:\/\/blogdacondessa.com.br\/blog\/uncategorized\/mato-grosso-leva-cultura-sabores-e-arte-pantaneira-a-galeria-visit-brasil\/"},"author":{"name":"Blog da Condessa","@id":"https:\/\/blogdacondessa.com.br\/blog\/#\/schema\/person\/1d667ff8b785195b568677489d266035"},"headline":"Mato Grosso leva cultura, sabores e arte pantaneira \u00e0 Galeria Visit Brasil","datePublished":"2025-10-30T09:00:05+00:00","mainEntityOfPage":{"@id":"https:\/\/blogdacondessa.com.br\/blog\/uncategorized\/mato-grosso-leva-cultura-sabores-e-arte-pantaneira-a-galeria-visit-brasil\/"},"wordCount":635,"image":{"@id":"https:\/\/blogdacondessa.com.br\/blog\/uncategorized\/mato-grosso-leva-cultura-sabores-e-arte-pantaneira-a-galeria-visit-brasil\/#primaryimage"},"thumbnailUrl":"https:\/\/blogdacondessa.com.br\/blog\/wp-content\/uploads\/2025\/10\/VISIT-BRASIL.jpeg","articleSection":["Uncategorized"],"inLanguage":"pt-BR"},{"@type":"WebPage","@id":"https:\/\/blogdacondessa.com.br\/blog\/uncategorized\/mato-grosso-leva-cultura-sabores-e-arte-pantaneira-a-galeria-visit-brasil\/","url":"https:\/\/blogdacondessa.com.br\/blog\/uncategorized\/mato-grosso-leva-cultura-sabores-e-arte-pantaneira-a-galeria-visit-brasil\/","name":"Mato Grosso leva cultura, sabores e arte pantaneira \u00e0 Galeria Visit Brasil &#8902; Blog da Condessa","isPartOf":{"@id":"https:\/\/blogdacondessa.com.br\/blog\/#website"},"primaryImageOfPage":{"@id":"https:\/\/blogdacondessa.com.br\/blog\/uncategorized\/mato-grosso-leva-cultura-sabores-e-arte-pantaneira-a-galeria-visit-brasil\/#primaryimage"},"image":{"@id":"https:\/\/blogdacondessa.com.br\/blog\/uncategorized\/mato-grosso-leva-cultura-sabores-e-arte-pantaneira-a-galeria-visit-brasil\/#primaryimage"},"thumbnailUrl":"https:\/\/blogdacondessa.com.br\/blog\/wp-content\/uploads\/2025\/10\/VISIT-BRASIL.jpeg","datePublished":"2025-10-30T09:00:05+00:00","author":{"@id":"https:\/\/blogdacondessa.com.br\/blog\/#\/schema\/person\/1d667ff8b785195b568677489d266035"},"breadcrumb":{"@id":"https:\/\/blogdacondessa.com.br\/blog\/uncategorized\/mato-grosso-leva-cultura-sabores-e-arte-pantaneira-a-galeria-visit-brasil\/#breadcrumb"},"inLanguage":"pt-BR","potentialAction":[{"@type":"ReadAction","target":["https:\/\/blogdacondessa.com.br\/blog\/uncategorized\/mato-grosso-leva-cultura-sabores-e-arte-pantaneira-a-galeria-visit-brasil\/"]}]},{"@type":"ImageObject","inLanguage":"pt-BR","@id":"https:\/\/blogdacondessa.com.br\/blog\/uncategorized\/mato-grosso-leva-cultura-sabores-e-arte-pantaneira-a-galeria-visit-brasil\/#primaryimage","url":"https:\/\/blogdacondessa.com.br\/blog\/wp-content\/uploads\/2025\/10\/VISIT-BRASIL.jpeg","contentUrl":"https:\/\/blogdacondessa.com.br\/blog\/wp-content\/uploads\/2025\/10\/VISIT-BRASIL.jpeg","width":1024,"height":768,"caption":"Foto por: Assessoria\/Embratur"},{"@type":"BreadcrumbList","@id":"https:\/\/blogdacondessa.com.br\/blog\/uncategorized\/mato-grosso-leva-cultura-sabores-e-arte-pantaneira-a-galeria-visit-brasil\/#breadcrumb","itemListElement":[{"@type":"ListItem","position":1,"name":"In\u00edcio","item":"https:\/\/blogdacondessa.com.br\/blog\/"},{"@type":"ListItem","position":2,"name":"Mato Grosso leva cultura, sabores e arte pantaneira \u00e0 Galeria Visit Brasil"}]},{"@type":"WebSite","@id":"https:\/\/blogdacondessa.com.br\/blog\/#website","url":"https:\/\/blogdacondessa.com.br\/blog\/","name":"Blog da Condessa","description":"Com Shirley de Souza O\u2019Campos","potentialAction":[{"@type":"SearchAction","target":{"@type":"EntryPoint","urlTemplate":"https:\/\/blogdacondessa.com.br\/blog\/?s={search_term_string}"},"query-input":{"@type":"PropertyValueSpecification","valueRequired":true,"valueName":"search_term_string"}}],"inLanguage":"pt-BR"},{"@type":"Person","@id":"https:\/\/blogdacondessa.com.br\/blog\/#\/schema\/person\/1d667ff8b785195b568677489d266035","name":"Blog da Condessa","image":{"@type":"ImageObject","inLanguage":"pt-BR","@id":"https:\/\/secure.gravatar.com\/avatar\/377c0eb8b4ad2bfc25461b41564b5971e721ca34a57642868fc7b0c8ac7b52c5?s=96&d=mm&r=g","url":"https:\/\/secure.gravatar.com\/avatar\/377c0eb8b4ad2bfc25461b41564b5971e721ca34a57642868fc7b0c8ac7b52c5?s=96&d=mm&r=g","contentUrl":"https:\/\/secure.gravatar.com\/avatar\/377c0eb8b4ad2bfc25461b41564b5971e721ca34a57642868fc7b0c8ac7b52c5?s=96&d=mm&r=g","caption":"Blog da Condessa"},"url":"https:\/\/blogdacondessa.com.br\/blog\/author\/beatriz\/"}]}},"_links":{"self":[{"href":"https:\/\/blogdacondessa.com.br\/blog\/wp-json\/wp\/v2\/posts\/12981","targetHints":{"allow":["GET"]}}],"collection":[{"href":"https:\/\/blogdacondessa.com.br\/blog\/wp-json\/wp\/v2\/posts"}],"about":[{"href":"https:\/\/blogdacondessa.com.br\/blog\/wp-json\/wp\/v2\/types\/post"}],"author":[{"embeddable":true,"href":"https:\/\/blogdacondessa.com.br\/blog\/wp-json\/wp\/v2\/users\/2"}],"replies":[{"embeddable":true,"href":"https:\/\/blogdacondessa.com.br\/blog\/wp-json\/wp\/v2\/comments?post=12981"}],"version-history":[{"count":1,"href":"https:\/\/blogdacondessa.com.br\/blog\/wp-json\/wp\/v2\/posts\/12981\/revisions"}],"predecessor-version":[{"id":12983,"href":"https:\/\/blogdacondessa.com.br\/blog\/wp-json\/wp\/v2\/posts\/12981\/revisions\/12983"}],"wp:featuredmedia":[{"embeddable":true,"href":"https:\/\/blogdacondessa.com.br\/blog\/wp-json\/wp\/v2\/media\/12982"}],"wp:attachment":[{"href":"https:\/\/blogdacondessa.com.br\/blog\/wp-json\/wp\/v2\/media?parent=12981"}],"wp:term":[{"taxonomy":"category","embeddable":true,"href":"https:\/\/blogdacondessa.com.br\/blog\/wp-json\/wp\/v2\/categories?post=12981"},{"taxonomy":"post_tag","embeddable":true,"href":"https:\/\/blogdacondessa.com.br\/blog\/wp-json\/wp\/v2\/tags?post=12981"}],"curies":[{"name":"wp","href":"https:\/\/api.w.org\/{rel}","templated":true}]}}