{"id":12978,"date":"2025-10-29T05:00:34","date_gmt":"2025-10-29T09:00:34","guid":{"rendered":"https:\/\/blogdacondessa.com.br\/blog\/?p=12978"},"modified":"2025-10-28T18:34:49","modified_gmt":"2025-10-28T22:34:49","slug":"samba-e-sabor","status":"publish","type":"post","link":"https:\/\/blogdacondessa.com.br\/blog\/uncategorized\/samba-e-sabor\/","title":{"rendered":"\u201cSamba e Sabor\u201d"},"content":{"rendered":"<p>Evento na Pra\u00e7a 8 de Abril celebra o samba com programa\u00e7\u00e3o gratuita e feira gastron\u00f4mica.<\/p>\n<p>Nos dias 31 de outubro e primeiro de novembro (1\u00ba), a Pra\u00e7a 8 de Abril, que fica entre as avenidas Get\u00falio Vargas e 31 de Mar\u00e7o, no bairro Goiabeiras, ser\u00e1 palco do evento \u2018Samba e Sabor&#8217;. O evento contar\u00e1 com a presen\u00e7a de grandes artistas locais, comida regional e uma feira gastron\u00f4mica. O evento \u00e9 gratuito e realizado pelo Instituto Themis, com apoio da Assembleia Legislativa de Mato Grosso (ALMT).<br \/>\nA programa\u00e7\u00e3o inclui nomes como o grupo feminino de samba Sasminina, J\u00fa Gris\u00f3lia, Filhos da Capad\u00f3cia, L\u00e9u\u00f4, Rodrigo Mendes, Raoni Ricci e o grupo Samba Ra\u00edz. Os sabores das comidas de boteco tamb\u00e9m ganham destaque no evento, com uma feira gastron\u00f4mica organizada especialmente para os apaixonados por samba.<br \/>\nNa ocasi\u00e3o, a Pra\u00e7a 8 de Abril receber\u00e1 toda a estrutura necess\u00e1ria para garantir a seguran\u00e7a e o conforto dos convidados, com banheiros climatizados. A programa\u00e7\u00e3o ter\u00e1 in\u00edcio \u00e0s 18h00 na sexta-feira, e \u00e0s 18h30 no s\u00e1bado. A entrada \u00e9 gratuita e as apresenta\u00e7\u00f5es seguem at\u00e9 meia-noite.<br \/>\n&#8220;O samba \u00e9 uma paix\u00e3o dos cuiabanos, ent\u00e3o esse evento foi pensado para trazer o melhor do nosso samba pro p\u00fablico da capital. \u00c9 um evento gratuito, para toda fam\u00edlia, e com o melhor da comida de boteco. Uma combina\u00e7\u00e3o perfeita&#8221;, conta Madona Arruda, idealizadora do evento.<br \/>\n<strong>Servi\u00e7os<\/strong><br \/>\nSamba e Sabor<br \/>\nQuando: 31 de outubro e primeiro de novembro<br \/>\nOnde: Pra\u00e7a 8 de Abril (Pra\u00e7a do Chopp\u00e3o)<br \/>\nHor\u00e1rio: a partir das 18h00 na sexta-feira e a partir das 18h30 no s\u00e1bado<br \/>\nPrograma\u00e7\u00e3o: Sasminina, Leu\u00f4, Filhos da Capad\u00f3cia, Juliane Gris\u00f3lia, Rodrigo Mendes e Samba Ra\u00edz.<\/p>\n","protected":false},"excerpt":{"rendered":"<p>Evento na Pra\u00e7a 8 de Abril celebra o samba com programa\u00e7\u00e3o gratuita e feira gastron\u00f4mica. Nos dias 31 de outubro e primeiro de novembro (1\u00ba), a Pra\u00e7a 8 de Abril, que fica entre as avenidas Get\u00falio Vargas e 31 de Mar\u00e7o, no bairro Goiabeiras, ser\u00e1 palco do evento \u2018Samba e Sabor&#8217;. O evento contar\u00e1 com [&hellip;]<\/p>\n","protected":false},"author":2,"featured_media":12979,"comment_status":"closed","ping_status":"closed","sticky":false,"template":"","format":"standard","meta":{"iawp_total_views":3,"footnotes":""},"categories":[1],"tags":[],"class_list":["post-12978","post","type-post","status-publish","format-standard","has-post-thumbnail","hentry","category-uncategorized"],"yoast_head":"<!-- This site is optimized with the Yoast SEO plugin v27.3 - https:\/\/yoast.com\/product\/yoast-seo-wordpress\/ -->\n<title>\u201cSamba e Sabor\u201d &#8902; Blog da Condessa<\/title>\n<meta name=\"robots\" content=\"index, follow, max-snippet:-1, max-image-preview:large, max-video-preview:-1\" \/>\n<link rel=\"canonical\" href=\"https:\/\/blogdacondessa.com.br\/blog\/uncategorized\/samba-e-sabor\/\" \/>\n<meta property=\"og:locale\" content=\"pt_BR\" \/>\n<meta property=\"og:type\" content=\"article\" \/>\n<meta property=\"og:title\" content=\"\u201cSamba e Sabor\u201d &#8902; Blog da Condessa\" \/>\n<meta property=\"og:description\" content=\"Evento na Pra\u00e7a 8 de Abril celebra o samba com programa\u00e7\u00e3o gratuita e feira gastron\u00f4mica. Nos dias 31 de outubro e primeiro de novembro (1\u00ba), a Pra\u00e7a 8 de Abril, que fica entre as avenidas Get\u00falio Vargas e 31 de Mar\u00e7o, no bairro Goiabeiras, ser\u00e1 palco do evento \u2018Samba e Sabor&#8217;. O evento contar\u00e1 com [&hellip;]\" \/>\n<meta property=\"og:url\" content=\"https:\/\/blogdacondessa.com.br\/blog\/uncategorized\/samba-e-sabor\/\" \/>\n<meta property=\"og:site_name\" content=\"Blog da Condessa\" \/>\n<meta property=\"article:published_time\" content=\"2025-10-29T09:00:34+00:00\" \/>\n<meta property=\"og:image\" content=\"https:\/\/blogdacondessa.com.br\/blog\/wp-content\/uploads\/2025\/10\/samba-e-sabor.jpg\" \/>\n\t<meta property=\"og:image:width\" content=\"920\" \/>\n\t<meta property=\"og:image:height\" content=\"512\" \/>\n\t<meta property=\"og:image:type\" content=\"image\/jpeg\" \/>\n<meta name=\"author\" content=\"Blog da Condessa\" \/>\n<meta name=\"twitter:card\" content=\"summary_large_image\" \/>\n<meta name=\"twitter:label1\" content=\"Escrito por\" \/>\n\t<meta name=\"twitter:data1\" content=\"Blog da Condessa\" \/>\n\t<meta name=\"twitter:label2\" content=\"Est. tempo de leitura\" \/>\n\t<meta name=\"twitter:data2\" content=\"2 minutos\" \/>\n<script type=\"application\/ld+json\" class=\"yoast-schema-graph\">{\"@context\":\"https:\\\/\\\/schema.org\",\"@graph\":[{\"@type\":\"Article\",\"@id\":\"https:\\\/\\\/blogdacondessa.com.br\\\/blog\\\/uncategorized\\\/samba-e-sabor\\\/#article\",\"isPartOf\":{\"@id\":\"https:\\\/\\\/blogdacondessa.com.br\\\/blog\\\/uncategorized\\\/samba-e-sabor\\\/\"},\"author\":{\"name\":\"Blog da Condessa\",\"@id\":\"https:\\\/\\\/blogdacondessa.com.br\\\/blog\\\/#\\\/schema\\\/person\\\/1d667ff8b785195b568677489d266035\"},\"headline\":\"\u201cSamba e Sabor\u201d\",\"datePublished\":\"2025-10-29T09:00:34+00:00\",\"mainEntityOfPage\":{\"@id\":\"https:\\\/\\\/blogdacondessa.com.br\\\/blog\\\/uncategorized\\\/samba-e-sabor\\\/\"},\"wordCount\":303,\"image\":{\"@id\":\"https:\\\/\\\/blogdacondessa.com.br\\\/blog\\\/uncategorized\\\/samba-e-sabor\\\/#primaryimage\"},\"thumbnailUrl\":\"https:\\\/\\\/blogdacondessa.com.br\\\/blog\\\/wp-content\\\/uploads\\\/2025\\\/10\\\/samba-e-sabor.jpg\",\"articleSection\":[\"Uncategorized\"],\"inLanguage\":\"pt-BR\"},{\"@type\":\"WebPage\",\"@id\":\"https:\\\/\\\/blogdacondessa.com.br\\\/blog\\\/uncategorized\\\/samba-e-sabor\\\/\",\"url\":\"https:\\\/\\\/blogdacondessa.com.br\\\/blog\\\/uncategorized\\\/samba-e-sabor\\\/\",\"name\":\"\u201cSamba e Sabor\u201d &#8902; Blog da Condessa\",\"isPartOf\":{\"@id\":\"https:\\\/\\\/blogdacondessa.com.br\\\/blog\\\/#website\"},\"primaryImageOfPage\":{\"@id\":\"https:\\\/\\\/blogdacondessa.com.br\\\/blog\\\/uncategorized\\\/samba-e-sabor\\\/#primaryimage\"},\"image\":{\"@id\":\"https:\\\/\\\/blogdacondessa.com.br\\\/blog\\\/uncategorized\\\/samba-e-sabor\\\/#primaryimage\"},\"thumbnailUrl\":\"https:\\\/\\\/blogdacondessa.com.br\\\/blog\\\/wp-content\\\/uploads\\\/2025\\\/10\\\/samba-e-sabor.jpg\",\"datePublished\":\"2025-10-29T09:00:34+00:00\",\"author\":{\"@id\":\"https:\\\/\\\/blogdacondessa.com.br\\\/blog\\\/#\\\/schema\\\/person\\\/1d667ff8b785195b568677489d266035\"},\"breadcrumb\":{\"@id\":\"https:\\\/\\\/blogdacondessa.com.br\\\/blog\\\/uncategorized\\\/samba-e-sabor\\\/#breadcrumb\"},\"inLanguage\":\"pt-BR\",\"potentialAction\":[{\"@type\":\"ReadAction\",\"target\":[\"https:\\\/\\\/blogdacondessa.com.br\\\/blog\\\/uncategorized\\\/samba-e-sabor\\\/\"]}]},{\"@type\":\"ImageObject\",\"inLanguage\":\"pt-BR\",\"@id\":\"https:\\\/\\\/blogdacondessa.com.br\\\/blog\\\/uncategorized\\\/samba-e-sabor\\\/#primaryimage\",\"url\":\"https:\\\/\\\/blogdacondessa.com.br\\\/blog\\\/wp-content\\\/uploads\\\/2025\\\/10\\\/samba-e-sabor.jpg\",\"contentUrl\":\"https:\\\/\\\/blogdacondessa.com.br\\\/blog\\\/wp-content\\\/uploads\\\/2025\\\/10\\\/samba-e-sabor.jpg\",\"width\":920,\"height\":512,\"caption\":\"Foto: Assessoria\"},{\"@type\":\"BreadcrumbList\",\"@id\":\"https:\\\/\\\/blogdacondessa.com.br\\\/blog\\\/uncategorized\\\/samba-e-sabor\\\/#breadcrumb\",\"itemListElement\":[{\"@type\":\"ListItem\",\"position\":1,\"name\":\"In\u00edcio\",\"item\":\"https:\\\/\\\/blogdacondessa.com.br\\\/blog\\\/\"},{\"@type\":\"ListItem\",\"position\":2,\"name\":\"\u201cSamba e Sabor\u201d\"}]},{\"@type\":\"WebSite\",\"@id\":\"https:\\\/\\\/blogdacondessa.com.br\\\/blog\\\/#website\",\"url\":\"https:\\\/\\\/blogdacondessa.com.br\\\/blog\\\/\",\"name\":\"Blog da Condessa\",\"description\":\"Com Shirley de Souza O\u2019Campos\",\"potentialAction\":[{\"@type\":\"SearchAction\",\"target\":{\"@type\":\"EntryPoint\",\"urlTemplate\":\"https:\\\/\\\/blogdacondessa.com.br\\\/blog\\\/?s={search_term_string}\"},\"query-input\":{\"@type\":\"PropertyValueSpecification\",\"valueRequired\":true,\"valueName\":\"search_term_string\"}}],\"inLanguage\":\"pt-BR\"},{\"@type\":\"Person\",\"@id\":\"https:\\\/\\\/blogdacondessa.com.br\\\/blog\\\/#\\\/schema\\\/person\\\/1d667ff8b785195b568677489d266035\",\"name\":\"Blog da Condessa\",\"image\":{\"@type\":\"ImageObject\",\"inLanguage\":\"pt-BR\",\"@id\":\"https:\\\/\\\/secure.gravatar.com\\\/avatar\\\/377c0eb8b4ad2bfc25461b41564b5971e721ca34a57642868fc7b0c8ac7b52c5?s=96&d=mm&r=g\",\"url\":\"https:\\\/\\\/secure.gravatar.com\\\/avatar\\\/377c0eb8b4ad2bfc25461b41564b5971e721ca34a57642868fc7b0c8ac7b52c5?s=96&d=mm&r=g\",\"contentUrl\":\"https:\\\/\\\/secure.gravatar.com\\\/avatar\\\/377c0eb8b4ad2bfc25461b41564b5971e721ca34a57642868fc7b0c8ac7b52c5?s=96&d=mm&r=g\",\"caption\":\"Blog da Condessa\"},\"url\":\"https:\\\/\\\/blogdacondessa.com.br\\\/blog\\\/author\\\/beatriz\\\/\"}]}<\/script>\n<!-- \/ Yoast SEO plugin. -->","yoast_head_json":{"title":"\u201cSamba e Sabor\u201d &#8902; Blog da Condessa","robots":{"index":"index","follow":"follow","max-snippet":"max-snippet:-1","max-image-preview":"max-image-preview:large","max-video-preview":"max-video-preview:-1"},"canonical":"https:\/\/blogdacondessa.com.br\/blog\/uncategorized\/samba-e-sabor\/","og_locale":"pt_BR","og_type":"article","og_title":"\u201cSamba e Sabor\u201d &#8902; Blog da Condessa","og_description":"Evento na Pra\u00e7a 8 de Abril celebra o samba com programa\u00e7\u00e3o gratuita e feira gastron\u00f4mica. Nos dias 31 de outubro e primeiro de novembro (1\u00ba), a Pra\u00e7a 8 de Abril, que fica entre as avenidas Get\u00falio Vargas e 31 de Mar\u00e7o, no bairro Goiabeiras, ser\u00e1 palco do evento \u2018Samba e Sabor&#8217;. O evento contar\u00e1 com [&hellip;]","og_url":"https:\/\/blogdacondessa.com.br\/blog\/uncategorized\/samba-e-sabor\/","og_site_name":"Blog da Condessa","article_published_time":"2025-10-29T09:00:34+00:00","og_image":[{"width":920,"height":512,"url":"https:\/\/blogdacondessa.com.br\/blog\/wp-content\/uploads\/2025\/10\/samba-e-sabor.jpg","type":"image\/jpeg"}],"author":"Blog da Condessa","twitter_card":"summary_large_image","twitter_misc":{"Escrito por":"Blog da Condessa","Est. tempo de leitura":"2 minutos"},"schema":{"@context":"https:\/\/schema.org","@graph":[{"@type":"Article","@id":"https:\/\/blogdacondessa.com.br\/blog\/uncategorized\/samba-e-sabor\/#article","isPartOf":{"@id":"https:\/\/blogdacondessa.com.br\/blog\/uncategorized\/samba-e-sabor\/"},"author":{"name":"Blog da Condessa","@id":"https:\/\/blogdacondessa.com.br\/blog\/#\/schema\/person\/1d667ff8b785195b568677489d266035"},"headline":"\u201cSamba e Sabor\u201d","datePublished":"2025-10-29T09:00:34+00:00","mainEntityOfPage":{"@id":"https:\/\/blogdacondessa.com.br\/blog\/uncategorized\/samba-e-sabor\/"},"wordCount":303,"image":{"@id":"https:\/\/blogdacondessa.com.br\/blog\/uncategorized\/samba-e-sabor\/#primaryimage"},"thumbnailUrl":"https:\/\/blogdacondessa.com.br\/blog\/wp-content\/uploads\/2025\/10\/samba-e-sabor.jpg","articleSection":["Uncategorized"],"inLanguage":"pt-BR"},{"@type":"WebPage","@id":"https:\/\/blogdacondessa.com.br\/blog\/uncategorized\/samba-e-sabor\/","url":"https:\/\/blogdacondessa.com.br\/blog\/uncategorized\/samba-e-sabor\/","name":"\u201cSamba e Sabor\u201d &#8902; Blog da Condessa","isPartOf":{"@id":"https:\/\/blogdacondessa.com.br\/blog\/#website"},"primaryImageOfPage":{"@id":"https:\/\/blogdacondessa.com.br\/blog\/uncategorized\/samba-e-sabor\/#primaryimage"},"image":{"@id":"https:\/\/blogdacondessa.com.br\/blog\/uncategorized\/samba-e-sabor\/#primaryimage"},"thumbnailUrl":"https:\/\/blogdacondessa.com.br\/blog\/wp-content\/uploads\/2025\/10\/samba-e-sabor.jpg","datePublished":"2025-10-29T09:00:34+00:00","author":{"@id":"https:\/\/blogdacondessa.com.br\/blog\/#\/schema\/person\/1d667ff8b785195b568677489d266035"},"breadcrumb":{"@id":"https:\/\/blogdacondessa.com.br\/blog\/uncategorized\/samba-e-sabor\/#breadcrumb"},"inLanguage":"pt-BR","potentialAction":[{"@type":"ReadAction","target":["https:\/\/blogdacondessa.com.br\/blog\/uncategorized\/samba-e-sabor\/"]}]},{"@type":"ImageObject","inLanguage":"pt-BR","@id":"https:\/\/blogdacondessa.com.br\/blog\/uncategorized\/samba-e-sabor\/#primaryimage","url":"https:\/\/blogdacondessa.com.br\/blog\/wp-content\/uploads\/2025\/10\/samba-e-sabor.jpg","contentUrl":"https:\/\/blogdacondessa.com.br\/blog\/wp-content\/uploads\/2025\/10\/samba-e-sabor.jpg","width":920,"height":512,"caption":"Foto: Assessoria"},{"@type":"BreadcrumbList","@id":"https:\/\/blogdacondessa.com.br\/blog\/uncategorized\/samba-e-sabor\/#breadcrumb","itemListElement":[{"@type":"ListItem","position":1,"name":"In\u00edcio","item":"https:\/\/blogdacondessa.com.br\/blog\/"},{"@type":"ListItem","position":2,"name":"\u201cSamba e Sabor\u201d"}]},{"@type":"WebSite","@id":"https:\/\/blogdacondessa.com.br\/blog\/#website","url":"https:\/\/blogdacondessa.com.br\/blog\/","name":"Blog da Condessa","description":"Com Shirley de Souza O\u2019Campos","potentialAction":[{"@type":"SearchAction","target":{"@type":"EntryPoint","urlTemplate":"https:\/\/blogdacondessa.com.br\/blog\/?s={search_term_string}"},"query-input":{"@type":"PropertyValueSpecification","valueRequired":true,"valueName":"search_term_string"}}],"inLanguage":"pt-BR"},{"@type":"Person","@id":"https:\/\/blogdacondessa.com.br\/blog\/#\/schema\/person\/1d667ff8b785195b568677489d266035","name":"Blog da Condessa","image":{"@type":"ImageObject","inLanguage":"pt-BR","@id":"https:\/\/secure.gravatar.com\/avatar\/377c0eb8b4ad2bfc25461b41564b5971e721ca34a57642868fc7b0c8ac7b52c5?s=96&d=mm&r=g","url":"https:\/\/secure.gravatar.com\/avatar\/377c0eb8b4ad2bfc25461b41564b5971e721ca34a57642868fc7b0c8ac7b52c5?s=96&d=mm&r=g","contentUrl":"https:\/\/secure.gravatar.com\/avatar\/377c0eb8b4ad2bfc25461b41564b5971e721ca34a57642868fc7b0c8ac7b52c5?s=96&d=mm&r=g","caption":"Blog da Condessa"},"url":"https:\/\/blogdacondessa.com.br\/blog\/author\/beatriz\/"}]}},"_links":{"self":[{"href":"https:\/\/blogdacondessa.com.br\/blog\/wp-json\/wp\/v2\/posts\/12978","targetHints":{"allow":["GET"]}}],"collection":[{"href":"https:\/\/blogdacondessa.com.br\/blog\/wp-json\/wp\/v2\/posts"}],"about":[{"href":"https:\/\/blogdacondessa.com.br\/blog\/wp-json\/wp\/v2\/types\/post"}],"author":[{"embeddable":true,"href":"https:\/\/blogdacondessa.com.br\/blog\/wp-json\/wp\/v2\/users\/2"}],"replies":[{"embeddable":true,"href":"https:\/\/blogdacondessa.com.br\/blog\/wp-json\/wp\/v2\/comments?post=12978"}],"version-history":[{"count":1,"href":"https:\/\/blogdacondessa.com.br\/blog\/wp-json\/wp\/v2\/posts\/12978\/revisions"}],"predecessor-version":[{"id":12980,"href":"https:\/\/blogdacondessa.com.br\/blog\/wp-json\/wp\/v2\/posts\/12978\/revisions\/12980"}],"wp:featuredmedia":[{"embeddable":true,"href":"https:\/\/blogdacondessa.com.br\/blog\/wp-json\/wp\/v2\/media\/12979"}],"wp:attachment":[{"href":"https:\/\/blogdacondessa.com.br\/blog\/wp-json\/wp\/v2\/media?parent=12978"}],"wp:term":[{"taxonomy":"category","embeddable":true,"href":"https:\/\/blogdacondessa.com.br\/blog\/wp-json\/wp\/v2\/categories?post=12978"},{"taxonomy":"post_tag","embeddable":true,"href":"https:\/\/blogdacondessa.com.br\/blog\/wp-json\/wp\/v2\/tags?post=12978"}],"curies":[{"name":"wp","href":"https:\/\/api.w.org\/{rel}","templated":true}]}}