{"id":12975,"date":"2025-10-29T05:00:01","date_gmt":"2025-10-29T09:00:01","guid":{"rendered":"https:\/\/blogdacondessa.com.br\/blog\/?p=12975"},"modified":"2025-10-28T18:11:15","modified_gmt":"2025-10-28T22:11:15","slug":"livro-e-um-convite-a-reflexao-e-a-resistencia-sensivel","status":"publish","type":"post","link":"https:\/\/blogdacondessa.com.br\/blog\/uncategorized\/livro-e-um-convite-a-reflexao-e-a-resistencia-sensivel\/","title":{"rendered":"Livro \u00e9 um convite \u00e0 reflex\u00e3o e \u00e0 resist\u00eancia sens\u00edvel"},"content":{"rendered":"<p>Vivemos uma era em que o excesso de informa\u00e7\u00e3o n\u00e3o esclarece, mas confunde, nos colocando diante da infodemia. O problema n\u00e3o s\u00e3o apenas as fake news, mas tamb\u00e9m a sensa\u00e7\u00e3o de barulho permanente, que esgota a aten\u00e7\u00e3o e fragiliza o sentido coletivo. Lan\u00e7ado pela Editora Letramento, de Minas Gerais, o livro \u201cEscute se for capaz\u201d, do escritor e maestro Fabricio Carvalho, prop\u00f5e que resistir, hoje, n\u00e3o come\u00e7a falando mais alto, mas reaprendendo a escutar. O lan\u00e7amento da obra acontece no dia 14 de novembro, \u00e0s 19h, na Academia Mato-grossense de Letras.<\/p>\n<p>De acordo com o autor, nunca fomos t\u00e3o livres para falar e, ao mesmo tempo, t\u00e3o presos ao ru\u00eddo. \u201cO acesso \u00e0 informa\u00e7\u00e3o nunca foi t\u00e3o amplo, mas o excesso de not\u00edcias, opini\u00f5es e dados nem sempre fortalece. Muitas vezes confunde, anestesia e enfraquece o espa\u00e7o p\u00fablico. Foi dessa inquieta\u00e7\u00e3o que nasceu o livro, fruto da minha travessia entre a m\u00fasica e a pesquisa em pol\u00edtica social, que procura mostrar que a comunica\u00e7\u00e3o n\u00e3o \u00e9 apenas troca de mensagens, mas um campo de disputa. E que a escuta pode ser um gesto pol\u00edtico de resist\u00eancia\u201d, destaca.<\/p>\n<p>Fabricio acrescenta que a obra n\u00e3o \u00e9 s\u00f3 um livro para entender o digital, mas tamb\u00e9m um convite a resistir de forma sens\u00edvel, a recuperar o sil\u00eancio, a disputar os sentidos. Porque comunicar, hoje, \u00e9 tamb\u00e9m lutar pelo comum.<\/p>\n<p>\u201cQuis escrever um livro acess\u00edvel, sem abrir m\u00e3o da densidade. Uso exemplos do cotidiano, met\u00e1foras musicais e uma linguagem que convida tanto acad\u00eamicos quanto leitores curiosos. Ao longo do texto, dialogo com autores como Foucault, Byung-Chul Han, Mark Fisher e Shoshana Zuboff, mas sempre de forma a traduzir esses conceitos para a vida cotidiana, mostrando como eles ajudam a entender a nossa experi\u00eancia di\u00e1ria nas redes. O diferencial \u00e9 pensar a comunica\u00e7\u00e3o n\u00e3o s\u00f3 como tecnologia, mas como vida partilhada. O que est\u00e1 em jogo \u00e9 a pr\u00f3pria democracia, a nossa capacidade de v\u00ednculo e de imagina\u00e7\u00e3o\u201d, revela o autor.<\/p>\n<p>O livro ainda nos convida \u00e0 escuta, mas precisa ser aquela que resiste ao ru\u00eddo, que exige pausa, presen\u00e7a e disposi\u00e7\u00e3o cr\u00edtica. Com a sensibilidade de quem se move entre sons e sil\u00eancios, ele atravessa o terreno denso da comunica\u00e7\u00e3o digital com a escuta apurada de um m\u00fasico \u2013 mas, sobretudo, com a inquieta\u00e7\u00e3o e o rigor de um pesquisador comprometido com a cr\u00edtica social.<\/p>\n<p><strong>Servi\u00e7o<\/strong><br \/>\nLan\u00e7amento da Obra \u201cEscute se for capaz\u201d \u2013 Fabricio Carvalho<br \/>\n14 de novembro, Academia Mato-grossense de Letras, em Cuiab\u00e1<\/p>\n","protected":false},"excerpt":{"rendered":"<p>Vivemos uma era em que o excesso de informa\u00e7\u00e3o n\u00e3o esclarece, mas confunde, nos colocando diante da infodemia. O problema n\u00e3o s\u00e3o apenas as fake news, mas tamb\u00e9m a sensa\u00e7\u00e3o de barulho permanente, que esgota a aten\u00e7\u00e3o e fragiliza o sentido coletivo. Lan\u00e7ado pela Editora Letramento, de Minas Gerais, o livro \u201cEscute se for capaz\u201d, [&hellip;]<\/p>\n","protected":false},"author":2,"featured_media":12976,"comment_status":"closed","ping_status":"closed","sticky":false,"template":"","format":"standard","meta":{"iawp_total_views":22,"footnotes":""},"categories":[1],"tags":[],"class_list":["post-12975","post","type-post","status-publish","format-standard","has-post-thumbnail","hentry","category-uncategorized"],"yoast_head":"<!-- This site is optimized with the Yoast SEO plugin v27.3 - https:\/\/yoast.com\/product\/yoast-seo-wordpress\/ -->\n<title>Livro \u00e9 um convite \u00e0 reflex\u00e3o e \u00e0 resist\u00eancia sens\u00edvel &#8902; Blog da Condessa<\/title>\n<meta name=\"robots\" content=\"index, follow, max-snippet:-1, max-image-preview:large, max-video-preview:-1\" \/>\n<link rel=\"canonical\" href=\"https:\/\/blogdacondessa.com.br\/blog\/uncategorized\/livro-e-um-convite-a-reflexao-e-a-resistencia-sensivel\/\" \/>\n<meta property=\"og:locale\" content=\"pt_BR\" \/>\n<meta property=\"og:type\" content=\"article\" \/>\n<meta property=\"og:title\" content=\"Livro \u00e9 um convite \u00e0 reflex\u00e3o e \u00e0 resist\u00eancia sens\u00edvel &#8902; Blog da Condessa\" \/>\n<meta property=\"og:description\" content=\"Vivemos uma era em que o excesso de informa\u00e7\u00e3o n\u00e3o esclarece, mas confunde, nos colocando diante da infodemia. O problema n\u00e3o s\u00e3o apenas as fake news, mas tamb\u00e9m a sensa\u00e7\u00e3o de barulho permanente, que esgota a aten\u00e7\u00e3o e fragiliza o sentido coletivo. Lan\u00e7ado pela Editora Letramento, de Minas Gerais, o livro \u201cEscute se for capaz\u201d, [&hellip;]\" \/>\n<meta property=\"og:url\" content=\"https:\/\/blogdacondessa.com.br\/blog\/uncategorized\/livro-e-um-convite-a-reflexao-e-a-resistencia-sensivel\/\" \/>\n<meta property=\"og:site_name\" content=\"Blog da Condessa\" \/>\n<meta property=\"article:published_time\" content=\"2025-10-29T09:00:01+00:00\" \/>\n<meta property=\"og:image\" content=\"https:\/\/blogdacondessa.com.br\/blog\/wp-content\/uploads\/2025\/10\/fablicio.jpg\" \/>\n\t<meta property=\"og:image:width\" content=\"854\" \/>\n\t<meta property=\"og:image:height\" content=\"1280\" \/>\n\t<meta property=\"og:image:type\" content=\"image\/jpeg\" \/>\n<meta name=\"author\" content=\"Blog da Condessa\" \/>\n<meta name=\"twitter:card\" content=\"summary_large_image\" \/>\n<meta name=\"twitter:label1\" content=\"Escrito por\" \/>\n\t<meta name=\"twitter:data1\" content=\"Blog da Condessa\" \/>\n\t<meta name=\"twitter:label2\" content=\"Est. tempo de leitura\" \/>\n\t<meta name=\"twitter:data2\" content=\"3 minutos\" \/>\n<script type=\"application\/ld+json\" class=\"yoast-schema-graph\">{\"@context\":\"https:\\\/\\\/schema.org\",\"@graph\":[{\"@type\":\"Article\",\"@id\":\"https:\\\/\\\/blogdacondessa.com.br\\\/blog\\\/uncategorized\\\/livro-e-um-convite-a-reflexao-e-a-resistencia-sensivel\\\/#article\",\"isPartOf\":{\"@id\":\"https:\\\/\\\/blogdacondessa.com.br\\\/blog\\\/uncategorized\\\/livro-e-um-convite-a-reflexao-e-a-resistencia-sensivel\\\/\"},\"author\":{\"name\":\"Blog da Condessa\",\"@id\":\"https:\\\/\\\/blogdacondessa.com.br\\\/blog\\\/#\\\/schema\\\/person\\\/1d667ff8b785195b568677489d266035\"},\"headline\":\"Livro \u00e9 um convite \u00e0 reflex\u00e3o e \u00e0 resist\u00eancia sens\u00edvel\",\"datePublished\":\"2025-10-29T09:00:01+00:00\",\"mainEntityOfPage\":{\"@id\":\"https:\\\/\\\/blogdacondessa.com.br\\\/blog\\\/uncategorized\\\/livro-e-um-convite-a-reflexao-e-a-resistencia-sensivel\\\/\"},\"wordCount\":465,\"image\":{\"@id\":\"https:\\\/\\\/blogdacondessa.com.br\\\/blog\\\/uncategorized\\\/livro-e-um-convite-a-reflexao-e-a-resistencia-sensivel\\\/#primaryimage\"},\"thumbnailUrl\":\"https:\\\/\\\/blogdacondessa.com.br\\\/blog\\\/wp-content\\\/uploads\\\/2025\\\/10\\\/fablicio.jpg\",\"articleSection\":[\"Uncategorized\"],\"inLanguage\":\"pt-BR\"},{\"@type\":\"WebPage\",\"@id\":\"https:\\\/\\\/blogdacondessa.com.br\\\/blog\\\/uncategorized\\\/livro-e-um-convite-a-reflexao-e-a-resistencia-sensivel\\\/\",\"url\":\"https:\\\/\\\/blogdacondessa.com.br\\\/blog\\\/uncategorized\\\/livro-e-um-convite-a-reflexao-e-a-resistencia-sensivel\\\/\",\"name\":\"Livro \u00e9 um convite \u00e0 reflex\u00e3o e \u00e0 resist\u00eancia sens\u00edvel &#8902; Blog da Condessa\",\"isPartOf\":{\"@id\":\"https:\\\/\\\/blogdacondessa.com.br\\\/blog\\\/#website\"},\"primaryImageOfPage\":{\"@id\":\"https:\\\/\\\/blogdacondessa.com.br\\\/blog\\\/uncategorized\\\/livro-e-um-convite-a-reflexao-e-a-resistencia-sensivel\\\/#primaryimage\"},\"image\":{\"@id\":\"https:\\\/\\\/blogdacondessa.com.br\\\/blog\\\/uncategorized\\\/livro-e-um-convite-a-reflexao-e-a-resistencia-sensivel\\\/#primaryimage\"},\"thumbnailUrl\":\"https:\\\/\\\/blogdacondessa.com.br\\\/blog\\\/wp-content\\\/uploads\\\/2025\\\/10\\\/fablicio.jpg\",\"datePublished\":\"2025-10-29T09:00:01+00:00\",\"author\":{\"@id\":\"https:\\\/\\\/blogdacondessa.com.br\\\/blog\\\/#\\\/schema\\\/person\\\/1d667ff8b785195b568677489d266035\"},\"breadcrumb\":{\"@id\":\"https:\\\/\\\/blogdacondessa.com.br\\\/blog\\\/uncategorized\\\/livro-e-um-convite-a-reflexao-e-a-resistencia-sensivel\\\/#breadcrumb\"},\"inLanguage\":\"pt-BR\",\"potentialAction\":[{\"@type\":\"ReadAction\",\"target\":[\"https:\\\/\\\/blogdacondessa.com.br\\\/blog\\\/uncategorized\\\/livro-e-um-convite-a-reflexao-e-a-resistencia-sensivel\\\/\"]}]},{\"@type\":\"ImageObject\",\"inLanguage\":\"pt-BR\",\"@id\":\"https:\\\/\\\/blogdacondessa.com.br\\\/blog\\\/uncategorized\\\/livro-e-um-convite-a-reflexao-e-a-resistencia-sensivel\\\/#primaryimage\",\"url\":\"https:\\\/\\\/blogdacondessa.com.br\\\/blog\\\/wp-content\\\/uploads\\\/2025\\\/10\\\/fablicio.jpg\",\"contentUrl\":\"https:\\\/\\\/blogdacondessa.com.br\\\/blog\\\/wp-content\\\/uploads\\\/2025\\\/10\\\/fablicio.jpg\",\"width\":854,\"height\":1280},{\"@type\":\"BreadcrumbList\",\"@id\":\"https:\\\/\\\/blogdacondessa.com.br\\\/blog\\\/uncategorized\\\/livro-e-um-convite-a-reflexao-e-a-resistencia-sensivel\\\/#breadcrumb\",\"itemListElement\":[{\"@type\":\"ListItem\",\"position\":1,\"name\":\"In\u00edcio\",\"item\":\"https:\\\/\\\/blogdacondessa.com.br\\\/blog\\\/\"},{\"@type\":\"ListItem\",\"position\":2,\"name\":\"Livro \u00e9 um convite \u00e0 reflex\u00e3o e \u00e0 resist\u00eancia sens\u00edvel\"}]},{\"@type\":\"WebSite\",\"@id\":\"https:\\\/\\\/blogdacondessa.com.br\\\/blog\\\/#website\",\"url\":\"https:\\\/\\\/blogdacondessa.com.br\\\/blog\\\/\",\"name\":\"Blog da Condessa\",\"description\":\"Com Shirley de Souza O\u2019Campos\",\"potentialAction\":[{\"@type\":\"SearchAction\",\"target\":{\"@type\":\"EntryPoint\",\"urlTemplate\":\"https:\\\/\\\/blogdacondessa.com.br\\\/blog\\\/?s={search_term_string}\"},\"query-input\":{\"@type\":\"PropertyValueSpecification\",\"valueRequired\":true,\"valueName\":\"search_term_string\"}}],\"inLanguage\":\"pt-BR\"},{\"@type\":\"Person\",\"@id\":\"https:\\\/\\\/blogdacondessa.com.br\\\/blog\\\/#\\\/schema\\\/person\\\/1d667ff8b785195b568677489d266035\",\"name\":\"Blog da Condessa\",\"image\":{\"@type\":\"ImageObject\",\"inLanguage\":\"pt-BR\",\"@id\":\"https:\\\/\\\/secure.gravatar.com\\\/avatar\\\/377c0eb8b4ad2bfc25461b41564b5971e721ca34a57642868fc7b0c8ac7b52c5?s=96&d=mm&r=g\",\"url\":\"https:\\\/\\\/secure.gravatar.com\\\/avatar\\\/377c0eb8b4ad2bfc25461b41564b5971e721ca34a57642868fc7b0c8ac7b52c5?s=96&d=mm&r=g\",\"contentUrl\":\"https:\\\/\\\/secure.gravatar.com\\\/avatar\\\/377c0eb8b4ad2bfc25461b41564b5971e721ca34a57642868fc7b0c8ac7b52c5?s=96&d=mm&r=g\",\"caption\":\"Blog da Condessa\"},\"url\":\"https:\\\/\\\/blogdacondessa.com.br\\\/blog\\\/author\\\/beatriz\\\/\"}]}<\/script>\n<!-- \/ Yoast SEO plugin. -->","yoast_head_json":{"title":"Livro \u00e9 um convite \u00e0 reflex\u00e3o e \u00e0 resist\u00eancia sens\u00edvel &#8902; Blog da Condessa","robots":{"index":"index","follow":"follow","max-snippet":"max-snippet:-1","max-image-preview":"max-image-preview:large","max-video-preview":"max-video-preview:-1"},"canonical":"https:\/\/blogdacondessa.com.br\/blog\/uncategorized\/livro-e-um-convite-a-reflexao-e-a-resistencia-sensivel\/","og_locale":"pt_BR","og_type":"article","og_title":"Livro \u00e9 um convite \u00e0 reflex\u00e3o e \u00e0 resist\u00eancia sens\u00edvel &#8902; Blog da Condessa","og_description":"Vivemos uma era em que o excesso de informa\u00e7\u00e3o n\u00e3o esclarece, mas confunde, nos colocando diante da infodemia. O problema n\u00e3o s\u00e3o apenas as fake news, mas tamb\u00e9m a sensa\u00e7\u00e3o de barulho permanente, que esgota a aten\u00e7\u00e3o e fragiliza o sentido coletivo. Lan\u00e7ado pela Editora Letramento, de Minas Gerais, o livro \u201cEscute se for capaz\u201d, [&hellip;]","og_url":"https:\/\/blogdacondessa.com.br\/blog\/uncategorized\/livro-e-um-convite-a-reflexao-e-a-resistencia-sensivel\/","og_site_name":"Blog da Condessa","article_published_time":"2025-10-29T09:00:01+00:00","og_image":[{"width":854,"height":1280,"url":"https:\/\/blogdacondessa.com.br\/blog\/wp-content\/uploads\/2025\/10\/fablicio.jpg","type":"image\/jpeg"}],"author":"Blog da Condessa","twitter_card":"summary_large_image","twitter_misc":{"Escrito por":"Blog da Condessa","Est. tempo de leitura":"3 minutos"},"schema":{"@context":"https:\/\/schema.org","@graph":[{"@type":"Article","@id":"https:\/\/blogdacondessa.com.br\/blog\/uncategorized\/livro-e-um-convite-a-reflexao-e-a-resistencia-sensivel\/#article","isPartOf":{"@id":"https:\/\/blogdacondessa.com.br\/blog\/uncategorized\/livro-e-um-convite-a-reflexao-e-a-resistencia-sensivel\/"},"author":{"name":"Blog da Condessa","@id":"https:\/\/blogdacondessa.com.br\/blog\/#\/schema\/person\/1d667ff8b785195b568677489d266035"},"headline":"Livro \u00e9 um convite \u00e0 reflex\u00e3o e \u00e0 resist\u00eancia sens\u00edvel","datePublished":"2025-10-29T09:00:01+00:00","mainEntityOfPage":{"@id":"https:\/\/blogdacondessa.com.br\/blog\/uncategorized\/livro-e-um-convite-a-reflexao-e-a-resistencia-sensivel\/"},"wordCount":465,"image":{"@id":"https:\/\/blogdacondessa.com.br\/blog\/uncategorized\/livro-e-um-convite-a-reflexao-e-a-resistencia-sensivel\/#primaryimage"},"thumbnailUrl":"https:\/\/blogdacondessa.com.br\/blog\/wp-content\/uploads\/2025\/10\/fablicio.jpg","articleSection":["Uncategorized"],"inLanguage":"pt-BR"},{"@type":"WebPage","@id":"https:\/\/blogdacondessa.com.br\/blog\/uncategorized\/livro-e-um-convite-a-reflexao-e-a-resistencia-sensivel\/","url":"https:\/\/blogdacondessa.com.br\/blog\/uncategorized\/livro-e-um-convite-a-reflexao-e-a-resistencia-sensivel\/","name":"Livro \u00e9 um convite \u00e0 reflex\u00e3o e \u00e0 resist\u00eancia sens\u00edvel &#8902; Blog da Condessa","isPartOf":{"@id":"https:\/\/blogdacondessa.com.br\/blog\/#website"},"primaryImageOfPage":{"@id":"https:\/\/blogdacondessa.com.br\/blog\/uncategorized\/livro-e-um-convite-a-reflexao-e-a-resistencia-sensivel\/#primaryimage"},"image":{"@id":"https:\/\/blogdacondessa.com.br\/blog\/uncategorized\/livro-e-um-convite-a-reflexao-e-a-resistencia-sensivel\/#primaryimage"},"thumbnailUrl":"https:\/\/blogdacondessa.com.br\/blog\/wp-content\/uploads\/2025\/10\/fablicio.jpg","datePublished":"2025-10-29T09:00:01+00:00","author":{"@id":"https:\/\/blogdacondessa.com.br\/blog\/#\/schema\/person\/1d667ff8b785195b568677489d266035"},"breadcrumb":{"@id":"https:\/\/blogdacondessa.com.br\/blog\/uncategorized\/livro-e-um-convite-a-reflexao-e-a-resistencia-sensivel\/#breadcrumb"},"inLanguage":"pt-BR","potentialAction":[{"@type":"ReadAction","target":["https:\/\/blogdacondessa.com.br\/blog\/uncategorized\/livro-e-um-convite-a-reflexao-e-a-resistencia-sensivel\/"]}]},{"@type":"ImageObject","inLanguage":"pt-BR","@id":"https:\/\/blogdacondessa.com.br\/blog\/uncategorized\/livro-e-um-convite-a-reflexao-e-a-resistencia-sensivel\/#primaryimage","url":"https:\/\/blogdacondessa.com.br\/blog\/wp-content\/uploads\/2025\/10\/fablicio.jpg","contentUrl":"https:\/\/blogdacondessa.com.br\/blog\/wp-content\/uploads\/2025\/10\/fablicio.jpg","width":854,"height":1280},{"@type":"BreadcrumbList","@id":"https:\/\/blogdacondessa.com.br\/blog\/uncategorized\/livro-e-um-convite-a-reflexao-e-a-resistencia-sensivel\/#breadcrumb","itemListElement":[{"@type":"ListItem","position":1,"name":"In\u00edcio","item":"https:\/\/blogdacondessa.com.br\/blog\/"},{"@type":"ListItem","position":2,"name":"Livro \u00e9 um convite \u00e0 reflex\u00e3o e \u00e0 resist\u00eancia sens\u00edvel"}]},{"@type":"WebSite","@id":"https:\/\/blogdacondessa.com.br\/blog\/#website","url":"https:\/\/blogdacondessa.com.br\/blog\/","name":"Blog da Condessa","description":"Com Shirley de Souza O\u2019Campos","potentialAction":[{"@type":"SearchAction","target":{"@type":"EntryPoint","urlTemplate":"https:\/\/blogdacondessa.com.br\/blog\/?s={search_term_string}"},"query-input":{"@type":"PropertyValueSpecification","valueRequired":true,"valueName":"search_term_string"}}],"inLanguage":"pt-BR"},{"@type":"Person","@id":"https:\/\/blogdacondessa.com.br\/blog\/#\/schema\/person\/1d667ff8b785195b568677489d266035","name":"Blog da Condessa","image":{"@type":"ImageObject","inLanguage":"pt-BR","@id":"https:\/\/secure.gravatar.com\/avatar\/377c0eb8b4ad2bfc25461b41564b5971e721ca34a57642868fc7b0c8ac7b52c5?s=96&d=mm&r=g","url":"https:\/\/secure.gravatar.com\/avatar\/377c0eb8b4ad2bfc25461b41564b5971e721ca34a57642868fc7b0c8ac7b52c5?s=96&d=mm&r=g","contentUrl":"https:\/\/secure.gravatar.com\/avatar\/377c0eb8b4ad2bfc25461b41564b5971e721ca34a57642868fc7b0c8ac7b52c5?s=96&d=mm&r=g","caption":"Blog da Condessa"},"url":"https:\/\/blogdacondessa.com.br\/blog\/author\/beatriz\/"}]}},"_links":{"self":[{"href":"https:\/\/blogdacondessa.com.br\/blog\/wp-json\/wp\/v2\/posts\/12975","targetHints":{"allow":["GET"]}}],"collection":[{"href":"https:\/\/blogdacondessa.com.br\/blog\/wp-json\/wp\/v2\/posts"}],"about":[{"href":"https:\/\/blogdacondessa.com.br\/blog\/wp-json\/wp\/v2\/types\/post"}],"author":[{"embeddable":true,"href":"https:\/\/blogdacondessa.com.br\/blog\/wp-json\/wp\/v2\/users\/2"}],"replies":[{"embeddable":true,"href":"https:\/\/blogdacondessa.com.br\/blog\/wp-json\/wp\/v2\/comments?post=12975"}],"version-history":[{"count":1,"href":"https:\/\/blogdacondessa.com.br\/blog\/wp-json\/wp\/v2\/posts\/12975\/revisions"}],"predecessor-version":[{"id":12977,"href":"https:\/\/blogdacondessa.com.br\/blog\/wp-json\/wp\/v2\/posts\/12975\/revisions\/12977"}],"wp:featuredmedia":[{"embeddable":true,"href":"https:\/\/blogdacondessa.com.br\/blog\/wp-json\/wp\/v2\/media\/12976"}],"wp:attachment":[{"href":"https:\/\/blogdacondessa.com.br\/blog\/wp-json\/wp\/v2\/media?parent=12975"}],"wp:term":[{"taxonomy":"category","embeddable":true,"href":"https:\/\/blogdacondessa.com.br\/blog\/wp-json\/wp\/v2\/categories?post=12975"},{"taxonomy":"post_tag","embeddable":true,"href":"https:\/\/blogdacondessa.com.br\/blog\/wp-json\/wp\/v2\/tags?post=12975"}],"curies":[{"name":"wp","href":"https:\/\/api.w.org\/{rel}","templated":true}]}}