{"id":12972,"date":"2025-10-28T05:00:07","date_gmt":"2025-10-28T09:00:07","guid":{"rendered":"https:\/\/blogdacondessa.com.br\/blog\/?p=12972"},"modified":"2025-10-27T21:27:59","modified_gmt":"2025-10-28T01:27:59","slug":"documentario-sobre-gordofobia-tem-mostra-exclusiva-no-cine-teatro-cuiaba","status":"publish","type":"post","link":"https:\/\/blogdacondessa.com.br\/blog\/uncategorized\/documentario-sobre-gordofobia-tem-mostra-exclusiva-no-cine-teatro-cuiaba\/","title":{"rendered":"Document\u00e1rio sobre gordofobia tem mostra exclusiva no Cine Teatro Cuiab\u00e1"},"content":{"rendered":"<p>O filme \u201cPoesia Documentada: Lute como Uma Gorda\u201d, de Ju Queiroz estreando como diretora, ter\u00e1 uma mostra exclusiva nesta ter\u00e7a-feira (28.10), \u00e0s 19h30, no Cine Teatro Cuiab\u00e1. Contemplado pela Secretaria de Estado de Cultura, Esporte e Lazer (Secel\/MT)\u00a0no edital de Fomento Audiovisual Diretor Estreante &#8211; edi\u00e7\u00e3o Lei Paulo Gustavo, a produ\u00e7\u00e3o aborda a tem\u00e1tica da \u201cgordofobia\u201d, a partir da hist\u00f3ria de vida de Malu Jimenez.<\/p>\n<p>No filme, a poesia documentada, como o pr\u00f3prio nome j\u00e1 diz, alia performance, artes pl\u00e1sticas, fotografia e sonoplastia. De maneira po\u00e9tica, a obra audiovisual projeta novos contornos de luz e sombra sobre um tema invisibilizado historicamente.\u00a0A partir de um vi\u00e9s art\u00edstico e afetuoso, o tema, que traz muita dor, \u00e9 tamb\u00e9m apresentado como um desejo de transforma\u00e7\u00e3o social e de valoriza\u00e7\u00e3o e respeito aos corpos e \u201ccorpas\u201d gordas.<\/p>\n<p>Para Ju Queiroz, trabalhar o tema em um document\u00e1rio \u00e9 super necess\u00e1rio pois a gordofobia ainda segue invisibilizada.<\/p>\n<p>\u201cA gente pensou nesse document\u00e1rio n\u00e3o s\u00f3 como uma forma de educar e informar, mas que provoque sensa\u00e7\u00f5es e reflex\u00f5es. Precisamos olhar e ouvir o que as pessoas gordas t\u00eam a dizer. Meu papel \u00e9 trazer visibilidade e colocar este corpo, t\u00e3o marginalizado, num lugar de poder, num lugar central\u201d, destaca Ju Queiroz.<\/p>\n<p>Com 21 minutos, o document\u00e1rio tem co-dire\u00e7\u00e3o de Rodrigo Zaiden, que tamb\u00e9m assina o roteiro e dire\u00e7\u00e3o de performance. A produ\u00e7\u00e3o executiva do filme, que conta com acessibilidade em libras, \u00e9 realizada por Caju Paschoalick, que tamb\u00e9m \u00e9 o produtor e designer de som, da trilha sonora e masteriza\u00e7\u00e3o.<\/p>\n<p>A dire\u00e7\u00e3o de produ\u00e7\u00e3o \u00e9 de Francieska Dinarte, e a produ\u00e7\u00e3o de arte, de Tamii Gondo Lage. A equipe de fotografia foi comandada por Ju Queiroz e Jo\u00e3o Pedro Regis, na dire\u00e7\u00e3o de fotografia. J\u00e1 montagem, coloriza\u00e7\u00e3o e finaliza\u00e7\u00e3o, \u00e9 de Maria Rita Costa.<\/p>\n<p>Para assistira a mostra exclusiva do filme, os ingressos s\u00e3o gratuitos e est\u00e3o dispon\u00edveis no sympla, pelo seguinte link https:\/\/www.sympla.com.br\/evento\/mostra-documentario-lute-como-uma-gorda\/3172712?referrer=www.secel.mt.gov.br&amp;referrer=www.secel.mt.gov.br<\/p>\n<p><strong>Sobre a protagonista<\/strong><\/p>\n<p>Al\u00e9m de protagonista, Malu Jimenez \u00e9 co-diretora e assessora do filme. \u00a0Refer\u00eancia brasileira da tem\u00e1tica, ela pesquisa a gordofobia h\u00e1 mais de 10 anos, e defendeu sua tese de doutorado com o mesmo t\u00edtulo \u201cLute como Uma Gorda\u201d, no Programa de P\u00f3s-Gradua\u00e7\u00e3o em Estudos Contempor\u00e2neos da Universidade Federal de Mato Grosso (UFMT), em 2020. O trabalho, que depois virou livro best seller da \u00e1rea, j\u00e1 est\u00e1 em sua segunda edi\u00e7\u00e3o.<\/p>\n<p>A parceria entre Ju e Malu iniciou com ensaios fotogr\u00e1ficos de Malu no cerrado do Parque Nacional de Chapada dos Guimar\u00e3es, tornando-se uma refer\u00eancia visual para a tese e o livro. A proximidade entre ambas rendeu 12 ensaios, alguns premiados em festivais tanto no Brasil, quanto fora dele.<\/p>\n<p>Com forma\u00e7\u00e3o em teatro de rua, Malu realizou uma performance para o filme, rodada no Centro de Cuiab\u00e1, que teve continuidade no Parque Nacional de Chapada dos Guimar\u00e3es.<\/p>\n<p>Para ela, a performance na rua trouxe um debate do inc\u00f4modo, da falta da acessibilidade para o espa\u00e7o e debates p\u00fablicos importantes, que mostram muitas marcas nos corpos de n\u00e3o caber.<\/p>\n<p>\u201cS\u00e3o marcas e dores que a gente, de alguma forma, neste document\u00e1rio est\u00e1 ressignificando, mas fazendo pensar tamb\u00e9m quais s\u00e3o os lugares que todo mundo n\u00e3o cabe, porque sempre vai ter um lugar que voc\u00ea n\u00e3o cabe. Quais s\u00e3o esses lugares que voc\u00ea n\u00e3o cabe? J\u00e1 parou para pensar?\u201d, pergunta Malu.<\/p>\n<p><strong>Servi\u00e7o:\u00a0<\/strong><br \/>\nMostra exclusiva do filme \u201cPoesia Documentada: Lute Como Uma Gorda\u201d<br \/>\nQuando: ter\u00e7a (28.10), \u00e0s 19h30<br \/>\nLocal: Cine Teatro Cuiab\u00e1<br \/>\nIngressos gratuitos:\u00a0<a href=\"https:\/\/www.sympla.com.br\/evento\/mostra-documentario-lute-como-uma-gorda\/3172712\">aqui<\/a><br \/>\nEvento acess\u00edvel em libras<\/p>\n<p><strong>Exibi\u00e7\u00e3o no YouTube<\/strong><br \/>\nCanal do Youtube: @Document\u00e1rio-LuteComoUmaGorda<br \/>\nHor\u00e1rio: De ter\u00e7a (28.10), \u00e0s 19h30, at\u00e9 quarta (29.10), \u00e0s 19h30<\/p>\n","protected":false},"excerpt":{"rendered":"<p>O filme \u201cPoesia Documentada: Lute como Uma Gorda\u201d, de Ju Queiroz estreando como diretora, ter\u00e1 uma mostra exclusiva nesta ter\u00e7a-feira (28.10), \u00e0s 19h30, no Cine Teatro Cuiab\u00e1. Contemplado pela Secretaria de Estado de Cultura, Esporte e Lazer (Secel\/MT)\u00a0no edital de Fomento Audiovisual Diretor Estreante &#8211; edi\u00e7\u00e3o Lei Paulo Gustavo, a produ\u00e7\u00e3o aborda a tem\u00e1tica da [&hellip;]<\/p>\n","protected":false},"author":2,"featured_media":12973,"comment_status":"closed","ping_status":"closed","sticky":false,"template":"","format":"standard","meta":{"iawp_total_views":3,"footnotes":""},"categories":[1],"tags":[],"class_list":["post-12972","post","type-post","status-publish","format-standard","has-post-thumbnail","hentry","category-uncategorized"],"yoast_head":"<!-- This site is optimized with the Yoast SEO plugin v27.3 - https:\/\/yoast.com\/product\/yoast-seo-wordpress\/ -->\n<title>Document\u00e1rio sobre gordofobia tem mostra exclusiva no Cine Teatro Cuiab\u00e1 &#8902; Blog da Condessa<\/title>\n<meta name=\"robots\" content=\"index, follow, max-snippet:-1, max-image-preview:large, max-video-preview:-1\" \/>\n<link rel=\"canonical\" href=\"https:\/\/blogdacondessa.com.br\/blog\/uncategorized\/documentario-sobre-gordofobia-tem-mostra-exclusiva-no-cine-teatro-cuiaba\/\" \/>\n<meta property=\"og:locale\" content=\"pt_BR\" \/>\n<meta property=\"og:type\" content=\"article\" \/>\n<meta property=\"og:title\" content=\"Document\u00e1rio sobre gordofobia tem mostra exclusiva no Cine Teatro Cuiab\u00e1 &#8902; Blog da Condessa\" \/>\n<meta property=\"og:description\" content=\"O filme \u201cPoesia Documentada: Lute como Uma Gorda\u201d, de Ju Queiroz estreando como diretora, ter\u00e1 uma mostra exclusiva nesta ter\u00e7a-feira (28.10), \u00e0s 19h30, no Cine Teatro Cuiab\u00e1. Contemplado pela Secretaria de Estado de Cultura, Esporte e Lazer (Secel\/MT)\u00a0no edital de Fomento Audiovisual Diretor Estreante &#8211; edi\u00e7\u00e3o Lei Paulo Gustavo, a produ\u00e7\u00e3o aborda a tem\u00e1tica da [&hellip;]\" \/>\n<meta property=\"og:url\" content=\"https:\/\/blogdacondessa.com.br\/blog\/uncategorized\/documentario-sobre-gordofobia-tem-mostra-exclusiva-no-cine-teatro-cuiaba\/\" \/>\n<meta property=\"og:site_name\" content=\"Blog da Condessa\" \/>\n<meta property=\"article:published_time\" content=\"2025-10-28T09:00:07+00:00\" \/>\n<meta property=\"og:image\" content=\"https:\/\/blogdacondessa.com.br\/blog\/wp-content\/uploads\/2025\/10\/GORDOFOBIA.jpg\" \/>\n\t<meta property=\"og:image:width\" content=\"1024\" \/>\n\t<meta property=\"og:image:height\" content=\"759\" \/>\n\t<meta property=\"og:image:type\" content=\"image\/jpeg\" \/>\n<meta name=\"author\" content=\"Blog da Condessa\" \/>\n<meta name=\"twitter:card\" content=\"summary_large_image\" \/>\n<meta name=\"twitter:label1\" content=\"Escrito por\" \/>\n\t<meta name=\"twitter:data1\" content=\"Blog da Condessa\" \/>\n\t<meta name=\"twitter:label2\" content=\"Est. tempo de leitura\" \/>\n\t<meta name=\"twitter:data2\" content=\"4 minutos\" \/>\n<script type=\"application\/ld+json\" class=\"yoast-schema-graph\">{\"@context\":\"https:\\\/\\\/schema.org\",\"@graph\":[{\"@type\":\"Article\",\"@id\":\"https:\\\/\\\/blogdacondessa.com.br\\\/blog\\\/uncategorized\\\/documentario-sobre-gordofobia-tem-mostra-exclusiva-no-cine-teatro-cuiaba\\\/#article\",\"isPartOf\":{\"@id\":\"https:\\\/\\\/blogdacondessa.com.br\\\/blog\\\/uncategorized\\\/documentario-sobre-gordofobia-tem-mostra-exclusiva-no-cine-teatro-cuiaba\\\/\"},\"author\":{\"name\":\"Blog da Condessa\",\"@id\":\"https:\\\/\\\/blogdacondessa.com.br\\\/blog\\\/#\\\/schema\\\/person\\\/1d667ff8b785195b568677489d266035\"},\"headline\":\"Document\u00e1rio sobre gordofobia tem mostra exclusiva no Cine Teatro Cuiab\u00e1\",\"datePublished\":\"2025-10-28T09:00:07+00:00\",\"mainEntityOfPage\":{\"@id\":\"https:\\\/\\\/blogdacondessa.com.br\\\/blog\\\/uncategorized\\\/documentario-sobre-gordofobia-tem-mostra-exclusiva-no-cine-teatro-cuiaba\\\/\"},\"wordCount\":680,\"image\":{\"@id\":\"https:\\\/\\\/blogdacondessa.com.br\\\/blog\\\/uncategorized\\\/documentario-sobre-gordofobia-tem-mostra-exclusiva-no-cine-teatro-cuiaba\\\/#primaryimage\"},\"thumbnailUrl\":\"https:\\\/\\\/blogdacondessa.com.br\\\/blog\\\/wp-content\\\/uploads\\\/2025\\\/10\\\/GORDOFOBIA.jpg\",\"articleSection\":[\"Uncategorized\"],\"inLanguage\":\"pt-BR\"},{\"@type\":\"WebPage\",\"@id\":\"https:\\\/\\\/blogdacondessa.com.br\\\/blog\\\/uncategorized\\\/documentario-sobre-gordofobia-tem-mostra-exclusiva-no-cine-teatro-cuiaba\\\/\",\"url\":\"https:\\\/\\\/blogdacondessa.com.br\\\/blog\\\/uncategorized\\\/documentario-sobre-gordofobia-tem-mostra-exclusiva-no-cine-teatro-cuiaba\\\/\",\"name\":\"Document\u00e1rio sobre gordofobia tem mostra exclusiva no Cine Teatro Cuiab\u00e1 &#8902; Blog da Condessa\",\"isPartOf\":{\"@id\":\"https:\\\/\\\/blogdacondessa.com.br\\\/blog\\\/#website\"},\"primaryImageOfPage\":{\"@id\":\"https:\\\/\\\/blogdacondessa.com.br\\\/blog\\\/uncategorized\\\/documentario-sobre-gordofobia-tem-mostra-exclusiva-no-cine-teatro-cuiaba\\\/#primaryimage\"},\"image\":{\"@id\":\"https:\\\/\\\/blogdacondessa.com.br\\\/blog\\\/uncategorized\\\/documentario-sobre-gordofobia-tem-mostra-exclusiva-no-cine-teatro-cuiaba\\\/#primaryimage\"},\"thumbnailUrl\":\"https:\\\/\\\/blogdacondessa.com.br\\\/blog\\\/wp-content\\\/uploads\\\/2025\\\/10\\\/GORDOFOBIA.jpg\",\"datePublished\":\"2025-10-28T09:00:07+00:00\",\"author\":{\"@id\":\"https:\\\/\\\/blogdacondessa.com.br\\\/blog\\\/#\\\/schema\\\/person\\\/1d667ff8b785195b568677489d266035\"},\"breadcrumb\":{\"@id\":\"https:\\\/\\\/blogdacondessa.com.br\\\/blog\\\/uncategorized\\\/documentario-sobre-gordofobia-tem-mostra-exclusiva-no-cine-teatro-cuiaba\\\/#breadcrumb\"},\"inLanguage\":\"pt-BR\",\"potentialAction\":[{\"@type\":\"ReadAction\",\"target\":[\"https:\\\/\\\/blogdacondessa.com.br\\\/blog\\\/uncategorized\\\/documentario-sobre-gordofobia-tem-mostra-exclusiva-no-cine-teatro-cuiaba\\\/\"]}]},{\"@type\":\"ImageObject\",\"inLanguage\":\"pt-BR\",\"@id\":\"https:\\\/\\\/blogdacondessa.com.br\\\/blog\\\/uncategorized\\\/documentario-sobre-gordofobia-tem-mostra-exclusiva-no-cine-teatro-cuiaba\\\/#primaryimage\",\"url\":\"https:\\\/\\\/blogdacondessa.com.br\\\/blog\\\/wp-content\\\/uploads\\\/2025\\\/10\\\/GORDOFOBIA.jpg\",\"contentUrl\":\"https:\\\/\\\/blogdacondessa.com.br\\\/blog\\\/wp-content\\\/uploads\\\/2025\\\/10\\\/GORDOFOBIA.jpg\",\"width\":1024,\"height\":759,\"caption\":\"Foto: Pedro Mutz\"},{\"@type\":\"BreadcrumbList\",\"@id\":\"https:\\\/\\\/blogdacondessa.com.br\\\/blog\\\/uncategorized\\\/documentario-sobre-gordofobia-tem-mostra-exclusiva-no-cine-teatro-cuiaba\\\/#breadcrumb\",\"itemListElement\":[{\"@type\":\"ListItem\",\"position\":1,\"name\":\"In\u00edcio\",\"item\":\"https:\\\/\\\/blogdacondessa.com.br\\\/blog\\\/\"},{\"@type\":\"ListItem\",\"position\":2,\"name\":\"Document\u00e1rio sobre gordofobia tem mostra exclusiva no Cine Teatro Cuiab\u00e1\"}]},{\"@type\":\"WebSite\",\"@id\":\"https:\\\/\\\/blogdacondessa.com.br\\\/blog\\\/#website\",\"url\":\"https:\\\/\\\/blogdacondessa.com.br\\\/blog\\\/\",\"name\":\"Blog da Condessa\",\"description\":\"Com Shirley de Souza O\u2019Campos\",\"potentialAction\":[{\"@type\":\"SearchAction\",\"target\":{\"@type\":\"EntryPoint\",\"urlTemplate\":\"https:\\\/\\\/blogdacondessa.com.br\\\/blog\\\/?s={search_term_string}\"},\"query-input\":{\"@type\":\"PropertyValueSpecification\",\"valueRequired\":true,\"valueName\":\"search_term_string\"}}],\"inLanguage\":\"pt-BR\"},{\"@type\":\"Person\",\"@id\":\"https:\\\/\\\/blogdacondessa.com.br\\\/blog\\\/#\\\/schema\\\/person\\\/1d667ff8b785195b568677489d266035\",\"name\":\"Blog da Condessa\",\"image\":{\"@type\":\"ImageObject\",\"inLanguage\":\"pt-BR\",\"@id\":\"https:\\\/\\\/secure.gravatar.com\\\/avatar\\\/377c0eb8b4ad2bfc25461b41564b5971e721ca34a57642868fc7b0c8ac7b52c5?s=96&d=mm&r=g\",\"url\":\"https:\\\/\\\/secure.gravatar.com\\\/avatar\\\/377c0eb8b4ad2bfc25461b41564b5971e721ca34a57642868fc7b0c8ac7b52c5?s=96&d=mm&r=g\",\"contentUrl\":\"https:\\\/\\\/secure.gravatar.com\\\/avatar\\\/377c0eb8b4ad2bfc25461b41564b5971e721ca34a57642868fc7b0c8ac7b52c5?s=96&d=mm&r=g\",\"caption\":\"Blog da Condessa\"},\"url\":\"https:\\\/\\\/blogdacondessa.com.br\\\/blog\\\/author\\\/beatriz\\\/\"}]}<\/script>\n<!-- \/ Yoast SEO plugin. -->","yoast_head_json":{"title":"Document\u00e1rio sobre gordofobia tem mostra exclusiva no Cine Teatro Cuiab\u00e1 &#8902; Blog da Condessa","robots":{"index":"index","follow":"follow","max-snippet":"max-snippet:-1","max-image-preview":"max-image-preview:large","max-video-preview":"max-video-preview:-1"},"canonical":"https:\/\/blogdacondessa.com.br\/blog\/uncategorized\/documentario-sobre-gordofobia-tem-mostra-exclusiva-no-cine-teatro-cuiaba\/","og_locale":"pt_BR","og_type":"article","og_title":"Document\u00e1rio sobre gordofobia tem mostra exclusiva no Cine Teatro Cuiab\u00e1 &#8902; Blog da Condessa","og_description":"O filme \u201cPoesia Documentada: Lute como Uma Gorda\u201d, de Ju Queiroz estreando como diretora, ter\u00e1 uma mostra exclusiva nesta ter\u00e7a-feira (28.10), \u00e0s 19h30, no Cine Teatro Cuiab\u00e1. Contemplado pela Secretaria de Estado de Cultura, Esporte e Lazer (Secel\/MT)\u00a0no edital de Fomento Audiovisual Diretor Estreante &#8211; edi\u00e7\u00e3o Lei Paulo Gustavo, a produ\u00e7\u00e3o aborda a tem\u00e1tica da [&hellip;]","og_url":"https:\/\/blogdacondessa.com.br\/blog\/uncategorized\/documentario-sobre-gordofobia-tem-mostra-exclusiva-no-cine-teatro-cuiaba\/","og_site_name":"Blog da Condessa","article_published_time":"2025-10-28T09:00:07+00:00","og_image":[{"width":1024,"height":759,"url":"https:\/\/blogdacondessa.com.br\/blog\/wp-content\/uploads\/2025\/10\/GORDOFOBIA.jpg","type":"image\/jpeg"}],"author":"Blog da Condessa","twitter_card":"summary_large_image","twitter_misc":{"Escrito por":"Blog da Condessa","Est. tempo de leitura":"4 minutos"},"schema":{"@context":"https:\/\/schema.org","@graph":[{"@type":"Article","@id":"https:\/\/blogdacondessa.com.br\/blog\/uncategorized\/documentario-sobre-gordofobia-tem-mostra-exclusiva-no-cine-teatro-cuiaba\/#article","isPartOf":{"@id":"https:\/\/blogdacondessa.com.br\/blog\/uncategorized\/documentario-sobre-gordofobia-tem-mostra-exclusiva-no-cine-teatro-cuiaba\/"},"author":{"name":"Blog da Condessa","@id":"https:\/\/blogdacondessa.com.br\/blog\/#\/schema\/person\/1d667ff8b785195b568677489d266035"},"headline":"Document\u00e1rio sobre gordofobia tem mostra exclusiva no Cine Teatro Cuiab\u00e1","datePublished":"2025-10-28T09:00:07+00:00","mainEntityOfPage":{"@id":"https:\/\/blogdacondessa.com.br\/blog\/uncategorized\/documentario-sobre-gordofobia-tem-mostra-exclusiva-no-cine-teatro-cuiaba\/"},"wordCount":680,"image":{"@id":"https:\/\/blogdacondessa.com.br\/blog\/uncategorized\/documentario-sobre-gordofobia-tem-mostra-exclusiva-no-cine-teatro-cuiaba\/#primaryimage"},"thumbnailUrl":"https:\/\/blogdacondessa.com.br\/blog\/wp-content\/uploads\/2025\/10\/GORDOFOBIA.jpg","articleSection":["Uncategorized"],"inLanguage":"pt-BR"},{"@type":"WebPage","@id":"https:\/\/blogdacondessa.com.br\/blog\/uncategorized\/documentario-sobre-gordofobia-tem-mostra-exclusiva-no-cine-teatro-cuiaba\/","url":"https:\/\/blogdacondessa.com.br\/blog\/uncategorized\/documentario-sobre-gordofobia-tem-mostra-exclusiva-no-cine-teatro-cuiaba\/","name":"Document\u00e1rio sobre gordofobia tem mostra exclusiva no Cine Teatro Cuiab\u00e1 &#8902; Blog da Condessa","isPartOf":{"@id":"https:\/\/blogdacondessa.com.br\/blog\/#website"},"primaryImageOfPage":{"@id":"https:\/\/blogdacondessa.com.br\/blog\/uncategorized\/documentario-sobre-gordofobia-tem-mostra-exclusiva-no-cine-teatro-cuiaba\/#primaryimage"},"image":{"@id":"https:\/\/blogdacondessa.com.br\/blog\/uncategorized\/documentario-sobre-gordofobia-tem-mostra-exclusiva-no-cine-teatro-cuiaba\/#primaryimage"},"thumbnailUrl":"https:\/\/blogdacondessa.com.br\/blog\/wp-content\/uploads\/2025\/10\/GORDOFOBIA.jpg","datePublished":"2025-10-28T09:00:07+00:00","author":{"@id":"https:\/\/blogdacondessa.com.br\/blog\/#\/schema\/person\/1d667ff8b785195b568677489d266035"},"breadcrumb":{"@id":"https:\/\/blogdacondessa.com.br\/blog\/uncategorized\/documentario-sobre-gordofobia-tem-mostra-exclusiva-no-cine-teatro-cuiaba\/#breadcrumb"},"inLanguage":"pt-BR","potentialAction":[{"@type":"ReadAction","target":["https:\/\/blogdacondessa.com.br\/blog\/uncategorized\/documentario-sobre-gordofobia-tem-mostra-exclusiva-no-cine-teatro-cuiaba\/"]}]},{"@type":"ImageObject","inLanguage":"pt-BR","@id":"https:\/\/blogdacondessa.com.br\/blog\/uncategorized\/documentario-sobre-gordofobia-tem-mostra-exclusiva-no-cine-teatro-cuiaba\/#primaryimage","url":"https:\/\/blogdacondessa.com.br\/blog\/wp-content\/uploads\/2025\/10\/GORDOFOBIA.jpg","contentUrl":"https:\/\/blogdacondessa.com.br\/blog\/wp-content\/uploads\/2025\/10\/GORDOFOBIA.jpg","width":1024,"height":759,"caption":"Foto: Pedro Mutz"},{"@type":"BreadcrumbList","@id":"https:\/\/blogdacondessa.com.br\/blog\/uncategorized\/documentario-sobre-gordofobia-tem-mostra-exclusiva-no-cine-teatro-cuiaba\/#breadcrumb","itemListElement":[{"@type":"ListItem","position":1,"name":"In\u00edcio","item":"https:\/\/blogdacondessa.com.br\/blog\/"},{"@type":"ListItem","position":2,"name":"Document\u00e1rio sobre gordofobia tem mostra exclusiva no Cine Teatro Cuiab\u00e1"}]},{"@type":"WebSite","@id":"https:\/\/blogdacondessa.com.br\/blog\/#website","url":"https:\/\/blogdacondessa.com.br\/blog\/","name":"Blog da Condessa","description":"Com Shirley de Souza O\u2019Campos","potentialAction":[{"@type":"SearchAction","target":{"@type":"EntryPoint","urlTemplate":"https:\/\/blogdacondessa.com.br\/blog\/?s={search_term_string}"},"query-input":{"@type":"PropertyValueSpecification","valueRequired":true,"valueName":"search_term_string"}}],"inLanguage":"pt-BR"},{"@type":"Person","@id":"https:\/\/blogdacondessa.com.br\/blog\/#\/schema\/person\/1d667ff8b785195b568677489d266035","name":"Blog da Condessa","image":{"@type":"ImageObject","inLanguage":"pt-BR","@id":"https:\/\/secure.gravatar.com\/avatar\/377c0eb8b4ad2bfc25461b41564b5971e721ca34a57642868fc7b0c8ac7b52c5?s=96&d=mm&r=g","url":"https:\/\/secure.gravatar.com\/avatar\/377c0eb8b4ad2bfc25461b41564b5971e721ca34a57642868fc7b0c8ac7b52c5?s=96&d=mm&r=g","contentUrl":"https:\/\/secure.gravatar.com\/avatar\/377c0eb8b4ad2bfc25461b41564b5971e721ca34a57642868fc7b0c8ac7b52c5?s=96&d=mm&r=g","caption":"Blog da Condessa"},"url":"https:\/\/blogdacondessa.com.br\/blog\/author\/beatriz\/"}]}},"_links":{"self":[{"href":"https:\/\/blogdacondessa.com.br\/blog\/wp-json\/wp\/v2\/posts\/12972","targetHints":{"allow":["GET"]}}],"collection":[{"href":"https:\/\/blogdacondessa.com.br\/blog\/wp-json\/wp\/v2\/posts"}],"about":[{"href":"https:\/\/blogdacondessa.com.br\/blog\/wp-json\/wp\/v2\/types\/post"}],"author":[{"embeddable":true,"href":"https:\/\/blogdacondessa.com.br\/blog\/wp-json\/wp\/v2\/users\/2"}],"replies":[{"embeddable":true,"href":"https:\/\/blogdacondessa.com.br\/blog\/wp-json\/wp\/v2\/comments?post=12972"}],"version-history":[{"count":1,"href":"https:\/\/blogdacondessa.com.br\/blog\/wp-json\/wp\/v2\/posts\/12972\/revisions"}],"predecessor-version":[{"id":12974,"href":"https:\/\/blogdacondessa.com.br\/blog\/wp-json\/wp\/v2\/posts\/12972\/revisions\/12974"}],"wp:featuredmedia":[{"embeddable":true,"href":"https:\/\/blogdacondessa.com.br\/blog\/wp-json\/wp\/v2\/media\/12973"}],"wp:attachment":[{"href":"https:\/\/blogdacondessa.com.br\/blog\/wp-json\/wp\/v2\/media?parent=12972"}],"wp:term":[{"taxonomy":"category","embeddable":true,"href":"https:\/\/blogdacondessa.com.br\/blog\/wp-json\/wp\/v2\/categories?post=12972"},{"taxonomy":"post_tag","embeddable":true,"href":"https:\/\/blogdacondessa.com.br\/blog\/wp-json\/wp\/v2\/tags?post=12972"}],"curies":[{"name":"wp","href":"https:\/\/api.w.org\/{rel}","templated":true}]}}