{"id":12963,"date":"2025-10-27T05:00:57","date_gmt":"2025-10-27T09:00:57","guid":{"rendered":"https:\/\/blogdacondessa.com.br\/blog\/?p=12963"},"modified":"2025-10-26T20:39:45","modified_gmt":"2025-10-27T00:39:45","slug":"a-ideia-de-que-nao-vale-a-pena-separar-os-materiais-reciclaveis-dos-nao-reciclaveis-e-falsa","status":"publish","type":"post","link":"https:\/\/blogdacondessa.com.br\/blog\/uncategorized\/a-ideia-de-que-nao-vale-a-pena-separar-os-materiais-reciclaveis-dos-nao-reciclaveis-e-falsa\/","title":{"rendered":"\u201cA ideia de que n\u00e3o vale a pena separar os materiais recicl\u00e1veis dos n\u00e3o recicl\u00e1veis \u00e9 falsa\u201d"},"content":{"rendered":"<p>\u00c9 necess\u00e1rio separar o lixo entre materiais recicl\u00e1veis e n\u00e3o recicl\u00e1veis, mesmo se a minha cidade n\u00e3o tem coleta seletiva? J\u00e1 que tudo vai para a ca\u00e7amba de coleta, por que devemos separar os materiais? Para sanar essas e outras d\u00favidas, a Defensoria P\u00fablica do Estado de Mato Grosso (DPEMT) foi at\u00e9 o bairro Pedra 90, em Cuiab\u00e1, para\u00a0<a href=\"https:\/\/www.instagram.com\/reel\/DQKF5Mqif8T\/?utm_source=ig_web_copy_link\">conhecer a Coorepam<\/a>, cooperativa de catadores de materiais recicl\u00e1veis que h\u00e1 20 anos atua em Cuiab\u00e1 e V\u00e1rzea Grande ajudando a popula\u00e7\u00e3o a cuidar do meio ambiente com coleta seletiva.<\/p>\n<p>A presidente da cooperativa, F\u00e1tima Ferreira de Almeida, explica que essa ideia de que n\u00e3o vale a pena separar os materiais recicl\u00e1veis dos n\u00e3o recicl\u00e1veis \u00e9 falsa, afinal, a popula\u00e7\u00e3o pode ajudar o meio ambiente e facilitar o trabalho dos catadores realizando a separa\u00e7\u00e3o dos materiais em casa e entrando em contato com a Coorepam para que ela possa coletar os materiais. Al\u00e9m disso, os cidad\u00e3os de Cuiab\u00e1 e V\u00e1rzea Grande tamb\u00e9m podem se dirigir ao ponto de coleta da cooperativa que fica localizado no Shopping Popular de Cuiab\u00e1, no bairro Dom Aquino.<\/p>\n<p>\u201cEstamos aqui na rua 50, quadra 236 do Pedra 90, onde a popula\u00e7\u00e3o pode trazer o material recicl\u00e1vel, desde garrafas pet, at\u00e9 cadeiras, computador, som, ou qualquer tipo de eletr\u00f4nico. Hoje somos 21 cooperados e temos o curso de coleta e separa\u00e7\u00e3o de materiais el\u00e9tricos, estamos prontos para receber esse tipo de material. Al\u00e9m do nosso ponto no Shopping Popular, atendemos empresas, mercados, restaurantes e condom\u00ednios. O material aqui chega misturado, s\u00f3 depois fazemos a separa\u00e7\u00e3o, mas a popula\u00e7\u00e3o pode ajudar realizando essa separa\u00e7\u00e3o na hora de fazer o descarte\u201d, conta F\u00e1tima Ferreira.<\/p>\n<p>A Coorepam teve in\u00edcio com uma presidente do bairro Jardim dos Ip\u00eas, na capital. Com o objetivo de melhorar as condi\u00e7\u00f5es sanit\u00e1rias do bairro, a \u201cSenhora Gema\u201d, como era conhecida, passou a reunir os moradores para conscientiz\u00e1-los sobre a import\u00e2ncia da coleta seletiva.<\/p>\n<p>Com isso, surgiu a cooperativa que hoje est\u00e1 localizada no Pedra 90 e conta com o apoio de 21 cooperados, al\u00e9m do incentivo de diversas entidades, como a pr\u00f3pria DPEMT por meio do Grupo de Atua\u00e7\u00e3o Estrat\u00e9gica em Direitos Coletivos (Gaedic) em aten\u00e7\u00e3o aos Catadores de Materiais Recicl\u00e1veis.<\/p>\n<p>Ali\u00e1s, \u00e9 por meio do Gaedic Catadores de Materiais Recicl\u00e1veis, que a Coorepam tira todas as suas d\u00favidas jur\u00eddicas e tamb\u00e9m consegue colocar em dia a documenta\u00e7\u00e3o dos catadores que atuam por l\u00e1. Al\u00e9m disso, o Gaedic auxilia a cooperativa na interlocu\u00e7\u00e3o com os poderes Executivo e Legislativo em Cuiab\u00e1. J\u00e1 ao lado da Universidade Estadual de Mato Grosso (Unemat), o Gaedic auxiliou os cooperados a terem acesso a cursos de capacita\u00e7\u00e3o em associativismo e cooperativismo, que se\u00a0<a href=\"https:\/\/defensoria.mt.def.br\/dpmt\/noticias\/catadores-de-materiais-reciclaveis-recebem-certificado-de-encerramento-de-curso-em-cooperativismo-e-economia-solidaria\">encerrou no dia 16 de outubro<\/a>.<\/p>\n<p>O curso de capacita\u00e7\u00e3o teve in\u00edcio em novembro de 2024 e faz parte de um acordo negociado entre os catadores de Cuiab\u00e1 que trabalhavam no antigo lix\u00e3o da capital, Minist\u00e9rio P\u00fablico Estadual, DPEMT, Unemat, Prefeitura de Cuiab\u00e1, Empresa Cuiabana de Limpeza Urbana (Limpurb) e da Orizon \u2013 Eco Parque Pantanal. Com o fim das atividades do antigo lix\u00e3o, os catadores foram indenizados e receberam o curso com aulas de\u00a0economia solid\u00e1ria; associativismo; cooperativismo; rela\u00e7\u00f5es interpessoais; coleta, triagem, separa\u00e7\u00e3o, classifica\u00e7\u00e3o, prensagem e estocagem de res\u00edduos; al\u00e9m de no\u00e7\u00f5es de administra\u00e7\u00e3o, jur\u00eddicas e empresariais.<\/p>\n<p>Muito al\u00e9m de garantir aos seus cooperados um trabalho digno atuando na coleta, sele\u00e7\u00e3o e tratamento de material reciclado, a Coorepam atua diretamente cuidando do meio ambiente, afinal, a reciclagem de materiais que v\u00e3o para o lixo d\u00e3o um respiro para a natureza.<\/p>\n<p>\u201cConvido toda a sociedade cuiabana e mato-grossense, que ama o meio ambiente, para ajudar na separa\u00e7\u00e3o do material recicl\u00e1vel, isso melhora a vida de todos n\u00f3s. \u00c9 s\u00f3 entrar em contato conosco pelo n\u00famero (65) 999316589, que n\u00f3s te ajudamos na coleta\u201d, diz F\u00e1tima Ferreira.<\/p>\n<p><strong>O Gaedic Catadores<\/strong>\u00a0\u2013 O Grupo de Atua\u00e7\u00e3o Estrat\u00e9gica em Direitos Coletivos (Gaedic) em aten\u00e7\u00e3o aos Catadores de Materiais Recicl\u00e1veis foi criado em 2020, com o objetivo de dar aten\u00e7\u00e3o especial a grupos sociais espec\u00edficos da popula\u00e7\u00e3o para prestar assist\u00eancia jur\u00eddica integral e gratuita de forma priorit\u00e1ria e coletiva.<\/p>\n<p>Desde o seu surgimento, o Gaedic Catadores de Materiais Recicl\u00e1veis sempre atuou com o objetivo de levar dignidade e conhecimento aos trabalhadores, fazendo com que eles possam se unir em associa\u00e7\u00f5es e cooperativas para que busquem melhorias em suas vidas.<\/p>\n<p>Para tanto, o grupo auxilia os trabalhadores com cursos de forma\u00e7\u00e3o, educa\u00e7\u00e3o b\u00e1sica, aulas que ensinam a criar e gerir as associa\u00e7\u00f5es e cooperativas e tamb\u00e9m atuando lado a lado dos trabalhadores para que eles possam ter acesso \u00e0s pol\u00edticas p\u00fablicas estaduais e municipais.<\/p>\n<p>\u201cA participa\u00e7\u00e3o do Gaedic na emancipa\u00e7\u00e3o de catadores e catadoras de materiais recicl\u00e1veis no estado de Mato Grosso trouxe a toda essa categoria personalidade jur\u00eddica na cria\u00e7\u00e3o e organiza\u00e7\u00e3o das cooperativas e associa\u00e7\u00f5es, legitimidade social e capacidade de dialogar com o poder p\u00fablico. Quando o Gaedic entra na interlocu\u00e7\u00e3o de pessoas vulner\u00e1veis junto ao poder p\u00fablico n\u00f3s ajudamos no empoderamento e os inclu\u00edmos na cadeia produtiva de materiais recicl\u00e1veis. Sempre buscamos levar melhoria na condi\u00e7\u00e3o de vida, social e econ\u00f4mica, dos catadores j\u00e1 organizados e dos ainda n\u00e3o organizados\u201d, afirma a coordenadora do Gaedic, a defensora p\u00fablica Kelly Christina Monteiro.<\/p>\n<p><strong>Fato ou Fake: Reciclagem<\/strong>\u00a0\u2013 Entre o m\u00eas de outubro e novembro, a Defensoria P\u00fablica de Mato Grosso realiza a campanha \u201c<a href=\"https:\/\/www.instagram.com\/reel\/DQKF5Mqif8T\/?utm_source=ig_web_copy_link\">Fato ou Fake: Reciclagem<\/a>\u201d, com o objetivo de sanar as d\u00favidas da popula\u00e7\u00e3o quanto aos materiais recicl\u00e1veis, a coleta seletiva e a educa\u00e7\u00e3o ambiental.<\/p>\n<p>Em parceria com o Geadic Catadores e com as associa\u00e7\u00f5es e cooperativas de catadores de materiais recicl\u00e1veis de Cuiab\u00e1, a DPEMT publica nas redes sociais uma s\u00e9rie de v\u00eddeos instrutivos que tem como protagonistas os pr\u00f3prios catadores que est\u00e3o na miss\u00e3o de realizar a coleta seletiva na Capital.<\/p>\n<p>&nbsp;<\/p>\n","protected":false},"excerpt":{"rendered":"<p>\u00c9 necess\u00e1rio separar o lixo entre materiais recicl\u00e1veis e n\u00e3o recicl\u00e1veis, mesmo se a minha cidade n\u00e3o tem coleta seletiva? J\u00e1 que tudo vai para a ca\u00e7amba de coleta, por que devemos separar os materiais? Para sanar essas e outras d\u00favidas, a Defensoria P\u00fablica do Estado de Mato Grosso (DPEMT) foi at\u00e9 o bairro Pedra [&hellip;]<\/p>\n","protected":false},"author":2,"featured_media":12964,"comment_status":"closed","ping_status":"closed","sticky":false,"template":"","format":"standard","meta":{"iawp_total_views":5,"footnotes":""},"categories":[1],"tags":[],"class_list":["post-12963","post","type-post","status-publish","format-standard","has-post-thumbnail","hentry","category-uncategorized"],"yoast_head":"<!-- This site is optimized with the Yoast SEO plugin v27.3 - https:\/\/yoast.com\/product\/yoast-seo-wordpress\/ -->\n<title>\u201cA ideia de que n\u00e3o vale a pena separar os materiais recicl\u00e1veis dos n\u00e3o recicl\u00e1veis \u00e9 falsa\u201d &#8902; Blog da Condessa<\/title>\n<meta name=\"robots\" content=\"index, follow, max-snippet:-1, max-image-preview:large, max-video-preview:-1\" \/>\n<link rel=\"canonical\" href=\"https:\/\/blogdacondessa.com.br\/blog\/uncategorized\/a-ideia-de-que-nao-vale-a-pena-separar-os-materiais-reciclaveis-dos-nao-reciclaveis-e-falsa\/\" \/>\n<meta property=\"og:locale\" content=\"pt_BR\" \/>\n<meta property=\"og:type\" content=\"article\" \/>\n<meta property=\"og:title\" content=\"\u201cA ideia de que n\u00e3o vale a pena separar os materiais recicl\u00e1veis dos n\u00e3o recicl\u00e1veis \u00e9 falsa\u201d &#8902; Blog da Condessa\" \/>\n<meta property=\"og:description\" content=\"\u00c9 necess\u00e1rio separar o lixo entre materiais recicl\u00e1veis e n\u00e3o recicl\u00e1veis, mesmo se a minha cidade n\u00e3o tem coleta seletiva? J\u00e1 que tudo vai para a ca\u00e7amba de coleta, por que devemos separar os materiais? Para sanar essas e outras d\u00favidas, a Defensoria P\u00fablica do Estado de Mato Grosso (DPEMT) foi at\u00e9 o bairro Pedra [&hellip;]\" \/>\n<meta property=\"og:url\" content=\"https:\/\/blogdacondessa.com.br\/blog\/uncategorized\/a-ideia-de-que-nao-vale-a-pena-separar-os-materiais-reciclaveis-dos-nao-reciclaveis-e-falsa\/\" \/>\n<meta property=\"og:site_name\" content=\"Blog da Condessa\" \/>\n<meta property=\"article:published_time\" content=\"2025-10-27T09:00:57+00:00\" \/>\n<meta property=\"og:image\" content=\"https:\/\/blogdacondessa.com.br\/blog\/wp-content\/uploads\/2025\/10\/catadores.jpg\" \/>\n\t<meta property=\"og:image:width\" content=\"800\" \/>\n\t<meta property=\"og:image:height\" content=\"533\" \/>\n\t<meta property=\"og:image:type\" content=\"image\/jpeg\" \/>\n<meta name=\"author\" content=\"Blog da Condessa\" \/>\n<meta name=\"twitter:card\" content=\"summary_large_image\" \/>\n<meta name=\"twitter:label1\" content=\"Escrito por\" \/>\n\t<meta name=\"twitter:data1\" content=\"Blog da Condessa\" \/>\n\t<meta name=\"twitter:label2\" content=\"Est. tempo de leitura\" \/>\n\t<meta name=\"twitter:data2\" content=\"6 minutos\" \/>\n<script type=\"application\/ld+json\" class=\"yoast-schema-graph\">{\"@context\":\"https:\\\/\\\/schema.org\",\"@graph\":[{\"@type\":\"Article\",\"@id\":\"https:\\\/\\\/blogdacondessa.com.br\\\/blog\\\/uncategorized\\\/a-ideia-de-que-nao-vale-a-pena-separar-os-materiais-reciclaveis-dos-nao-reciclaveis-e-falsa\\\/#article\",\"isPartOf\":{\"@id\":\"https:\\\/\\\/blogdacondessa.com.br\\\/blog\\\/uncategorized\\\/a-ideia-de-que-nao-vale-a-pena-separar-os-materiais-reciclaveis-dos-nao-reciclaveis-e-falsa\\\/\"},\"author\":{\"name\":\"Blog da Condessa\",\"@id\":\"https:\\\/\\\/blogdacondessa.com.br\\\/blog\\\/#\\\/schema\\\/person\\\/1d667ff8b785195b568677489d266035\"},\"headline\":\"\u201cA ideia de que n\u00e3o vale a pena separar os materiais recicl\u00e1veis dos n\u00e3o recicl\u00e1veis \u00e9 falsa\u201d\",\"datePublished\":\"2025-10-27T09:00:57+00:00\",\"mainEntityOfPage\":{\"@id\":\"https:\\\/\\\/blogdacondessa.com.br\\\/blog\\\/uncategorized\\\/a-ideia-de-que-nao-vale-a-pena-separar-os-materiais-reciclaveis-dos-nao-reciclaveis-e-falsa\\\/\"},\"wordCount\":1086,\"image\":{\"@id\":\"https:\\\/\\\/blogdacondessa.com.br\\\/blog\\\/uncategorized\\\/a-ideia-de-que-nao-vale-a-pena-separar-os-materiais-reciclaveis-dos-nao-reciclaveis-e-falsa\\\/#primaryimage\"},\"thumbnailUrl\":\"https:\\\/\\\/blogdacondessa.com.br\\\/blog\\\/wp-content\\\/uploads\\\/2025\\\/10\\\/catadores.jpg\",\"articleSection\":[\"Uncategorized\"],\"inLanguage\":\"pt-BR\"},{\"@type\":\"WebPage\",\"@id\":\"https:\\\/\\\/blogdacondessa.com.br\\\/blog\\\/uncategorized\\\/a-ideia-de-que-nao-vale-a-pena-separar-os-materiais-reciclaveis-dos-nao-reciclaveis-e-falsa\\\/\",\"url\":\"https:\\\/\\\/blogdacondessa.com.br\\\/blog\\\/uncategorized\\\/a-ideia-de-que-nao-vale-a-pena-separar-os-materiais-reciclaveis-dos-nao-reciclaveis-e-falsa\\\/\",\"name\":\"\u201cA ideia de que n\u00e3o vale a pena separar os materiais recicl\u00e1veis dos n\u00e3o recicl\u00e1veis \u00e9 falsa\u201d &#8902; Blog da Condessa\",\"isPartOf\":{\"@id\":\"https:\\\/\\\/blogdacondessa.com.br\\\/blog\\\/#website\"},\"primaryImageOfPage\":{\"@id\":\"https:\\\/\\\/blogdacondessa.com.br\\\/blog\\\/uncategorized\\\/a-ideia-de-que-nao-vale-a-pena-separar-os-materiais-reciclaveis-dos-nao-reciclaveis-e-falsa\\\/#primaryimage\"},\"image\":{\"@id\":\"https:\\\/\\\/blogdacondessa.com.br\\\/blog\\\/uncategorized\\\/a-ideia-de-que-nao-vale-a-pena-separar-os-materiais-reciclaveis-dos-nao-reciclaveis-e-falsa\\\/#primaryimage\"},\"thumbnailUrl\":\"https:\\\/\\\/blogdacondessa.com.br\\\/blog\\\/wp-content\\\/uploads\\\/2025\\\/10\\\/catadores.jpg\",\"datePublished\":\"2025-10-27T09:00:57+00:00\",\"author\":{\"@id\":\"https:\\\/\\\/blogdacondessa.com.br\\\/blog\\\/#\\\/schema\\\/person\\\/1d667ff8b785195b568677489d266035\"},\"breadcrumb\":{\"@id\":\"https:\\\/\\\/blogdacondessa.com.br\\\/blog\\\/uncategorized\\\/a-ideia-de-que-nao-vale-a-pena-separar-os-materiais-reciclaveis-dos-nao-reciclaveis-e-falsa\\\/#breadcrumb\"},\"inLanguage\":\"pt-BR\",\"potentialAction\":[{\"@type\":\"ReadAction\",\"target\":[\"https:\\\/\\\/blogdacondessa.com.br\\\/blog\\\/uncategorized\\\/a-ideia-de-que-nao-vale-a-pena-separar-os-materiais-reciclaveis-dos-nao-reciclaveis-e-falsa\\\/\"]}]},{\"@type\":\"ImageObject\",\"inLanguage\":\"pt-BR\",\"@id\":\"https:\\\/\\\/blogdacondessa.com.br\\\/blog\\\/uncategorized\\\/a-ideia-de-que-nao-vale-a-pena-separar-os-materiais-reciclaveis-dos-nao-reciclaveis-e-falsa\\\/#primaryimage\",\"url\":\"https:\\\/\\\/blogdacondessa.com.br\\\/blog\\\/wp-content\\\/uploads\\\/2025\\\/10\\\/catadores.jpg\",\"contentUrl\":\"https:\\\/\\\/blogdacondessa.com.br\\\/blog\\\/wp-content\\\/uploads\\\/2025\\\/10\\\/catadores.jpg\",\"width\":800,\"height\":533,\"caption\":\"Foto: Isabela Mercuri\"},{\"@type\":\"BreadcrumbList\",\"@id\":\"https:\\\/\\\/blogdacondessa.com.br\\\/blog\\\/uncategorized\\\/a-ideia-de-que-nao-vale-a-pena-separar-os-materiais-reciclaveis-dos-nao-reciclaveis-e-falsa\\\/#breadcrumb\",\"itemListElement\":[{\"@type\":\"ListItem\",\"position\":1,\"name\":\"In\u00edcio\",\"item\":\"https:\\\/\\\/blogdacondessa.com.br\\\/blog\\\/\"},{\"@type\":\"ListItem\",\"position\":2,\"name\":\"\u201cA ideia de que n\u00e3o vale a pena separar os materiais recicl\u00e1veis dos n\u00e3o recicl\u00e1veis \u00e9 falsa\u201d\"}]},{\"@type\":\"WebSite\",\"@id\":\"https:\\\/\\\/blogdacondessa.com.br\\\/blog\\\/#website\",\"url\":\"https:\\\/\\\/blogdacondessa.com.br\\\/blog\\\/\",\"name\":\"Blog da Condessa\",\"description\":\"Com Shirley de Souza O\u2019Campos\",\"potentialAction\":[{\"@type\":\"SearchAction\",\"target\":{\"@type\":\"EntryPoint\",\"urlTemplate\":\"https:\\\/\\\/blogdacondessa.com.br\\\/blog\\\/?s={search_term_string}\"},\"query-input\":{\"@type\":\"PropertyValueSpecification\",\"valueRequired\":true,\"valueName\":\"search_term_string\"}}],\"inLanguage\":\"pt-BR\"},{\"@type\":\"Person\",\"@id\":\"https:\\\/\\\/blogdacondessa.com.br\\\/blog\\\/#\\\/schema\\\/person\\\/1d667ff8b785195b568677489d266035\",\"name\":\"Blog da Condessa\",\"image\":{\"@type\":\"ImageObject\",\"inLanguage\":\"pt-BR\",\"@id\":\"https:\\\/\\\/secure.gravatar.com\\\/avatar\\\/377c0eb8b4ad2bfc25461b41564b5971e721ca34a57642868fc7b0c8ac7b52c5?s=96&d=mm&r=g\",\"url\":\"https:\\\/\\\/secure.gravatar.com\\\/avatar\\\/377c0eb8b4ad2bfc25461b41564b5971e721ca34a57642868fc7b0c8ac7b52c5?s=96&d=mm&r=g\",\"contentUrl\":\"https:\\\/\\\/secure.gravatar.com\\\/avatar\\\/377c0eb8b4ad2bfc25461b41564b5971e721ca34a57642868fc7b0c8ac7b52c5?s=96&d=mm&r=g\",\"caption\":\"Blog da Condessa\"},\"url\":\"https:\\\/\\\/blogdacondessa.com.br\\\/blog\\\/author\\\/beatriz\\\/\"}]}<\/script>\n<!-- \/ Yoast SEO plugin. -->","yoast_head_json":{"title":"\u201cA ideia de que n\u00e3o vale a pena separar os materiais recicl\u00e1veis dos n\u00e3o recicl\u00e1veis \u00e9 falsa\u201d &#8902; Blog da Condessa","robots":{"index":"index","follow":"follow","max-snippet":"max-snippet:-1","max-image-preview":"max-image-preview:large","max-video-preview":"max-video-preview:-1"},"canonical":"https:\/\/blogdacondessa.com.br\/blog\/uncategorized\/a-ideia-de-que-nao-vale-a-pena-separar-os-materiais-reciclaveis-dos-nao-reciclaveis-e-falsa\/","og_locale":"pt_BR","og_type":"article","og_title":"\u201cA ideia de que n\u00e3o vale a pena separar os materiais recicl\u00e1veis dos n\u00e3o recicl\u00e1veis \u00e9 falsa\u201d &#8902; Blog da Condessa","og_description":"\u00c9 necess\u00e1rio separar o lixo entre materiais recicl\u00e1veis e n\u00e3o recicl\u00e1veis, mesmo se a minha cidade n\u00e3o tem coleta seletiva? J\u00e1 que tudo vai para a ca\u00e7amba de coleta, por que devemos separar os materiais? Para sanar essas e outras d\u00favidas, a Defensoria P\u00fablica do Estado de Mato Grosso (DPEMT) foi at\u00e9 o bairro Pedra [&hellip;]","og_url":"https:\/\/blogdacondessa.com.br\/blog\/uncategorized\/a-ideia-de-que-nao-vale-a-pena-separar-os-materiais-reciclaveis-dos-nao-reciclaveis-e-falsa\/","og_site_name":"Blog da Condessa","article_published_time":"2025-10-27T09:00:57+00:00","og_image":[{"width":800,"height":533,"url":"https:\/\/blogdacondessa.com.br\/blog\/wp-content\/uploads\/2025\/10\/catadores.jpg","type":"image\/jpeg"}],"author":"Blog da Condessa","twitter_card":"summary_large_image","twitter_misc":{"Escrito por":"Blog da Condessa","Est. tempo de leitura":"6 minutos"},"schema":{"@context":"https:\/\/schema.org","@graph":[{"@type":"Article","@id":"https:\/\/blogdacondessa.com.br\/blog\/uncategorized\/a-ideia-de-que-nao-vale-a-pena-separar-os-materiais-reciclaveis-dos-nao-reciclaveis-e-falsa\/#article","isPartOf":{"@id":"https:\/\/blogdacondessa.com.br\/blog\/uncategorized\/a-ideia-de-que-nao-vale-a-pena-separar-os-materiais-reciclaveis-dos-nao-reciclaveis-e-falsa\/"},"author":{"name":"Blog da Condessa","@id":"https:\/\/blogdacondessa.com.br\/blog\/#\/schema\/person\/1d667ff8b785195b568677489d266035"},"headline":"\u201cA ideia de que n\u00e3o vale a pena separar os materiais recicl\u00e1veis dos n\u00e3o recicl\u00e1veis \u00e9 falsa\u201d","datePublished":"2025-10-27T09:00:57+00:00","mainEntityOfPage":{"@id":"https:\/\/blogdacondessa.com.br\/blog\/uncategorized\/a-ideia-de-que-nao-vale-a-pena-separar-os-materiais-reciclaveis-dos-nao-reciclaveis-e-falsa\/"},"wordCount":1086,"image":{"@id":"https:\/\/blogdacondessa.com.br\/blog\/uncategorized\/a-ideia-de-que-nao-vale-a-pena-separar-os-materiais-reciclaveis-dos-nao-reciclaveis-e-falsa\/#primaryimage"},"thumbnailUrl":"https:\/\/blogdacondessa.com.br\/blog\/wp-content\/uploads\/2025\/10\/catadores.jpg","articleSection":["Uncategorized"],"inLanguage":"pt-BR"},{"@type":"WebPage","@id":"https:\/\/blogdacondessa.com.br\/blog\/uncategorized\/a-ideia-de-que-nao-vale-a-pena-separar-os-materiais-reciclaveis-dos-nao-reciclaveis-e-falsa\/","url":"https:\/\/blogdacondessa.com.br\/blog\/uncategorized\/a-ideia-de-que-nao-vale-a-pena-separar-os-materiais-reciclaveis-dos-nao-reciclaveis-e-falsa\/","name":"\u201cA ideia de que n\u00e3o vale a pena separar os materiais recicl\u00e1veis dos n\u00e3o recicl\u00e1veis \u00e9 falsa\u201d &#8902; Blog da Condessa","isPartOf":{"@id":"https:\/\/blogdacondessa.com.br\/blog\/#website"},"primaryImageOfPage":{"@id":"https:\/\/blogdacondessa.com.br\/blog\/uncategorized\/a-ideia-de-que-nao-vale-a-pena-separar-os-materiais-reciclaveis-dos-nao-reciclaveis-e-falsa\/#primaryimage"},"image":{"@id":"https:\/\/blogdacondessa.com.br\/blog\/uncategorized\/a-ideia-de-que-nao-vale-a-pena-separar-os-materiais-reciclaveis-dos-nao-reciclaveis-e-falsa\/#primaryimage"},"thumbnailUrl":"https:\/\/blogdacondessa.com.br\/blog\/wp-content\/uploads\/2025\/10\/catadores.jpg","datePublished":"2025-10-27T09:00:57+00:00","author":{"@id":"https:\/\/blogdacondessa.com.br\/blog\/#\/schema\/person\/1d667ff8b785195b568677489d266035"},"breadcrumb":{"@id":"https:\/\/blogdacondessa.com.br\/blog\/uncategorized\/a-ideia-de-que-nao-vale-a-pena-separar-os-materiais-reciclaveis-dos-nao-reciclaveis-e-falsa\/#breadcrumb"},"inLanguage":"pt-BR","potentialAction":[{"@type":"ReadAction","target":["https:\/\/blogdacondessa.com.br\/blog\/uncategorized\/a-ideia-de-que-nao-vale-a-pena-separar-os-materiais-reciclaveis-dos-nao-reciclaveis-e-falsa\/"]}]},{"@type":"ImageObject","inLanguage":"pt-BR","@id":"https:\/\/blogdacondessa.com.br\/blog\/uncategorized\/a-ideia-de-que-nao-vale-a-pena-separar-os-materiais-reciclaveis-dos-nao-reciclaveis-e-falsa\/#primaryimage","url":"https:\/\/blogdacondessa.com.br\/blog\/wp-content\/uploads\/2025\/10\/catadores.jpg","contentUrl":"https:\/\/blogdacondessa.com.br\/blog\/wp-content\/uploads\/2025\/10\/catadores.jpg","width":800,"height":533,"caption":"Foto: Isabela Mercuri"},{"@type":"BreadcrumbList","@id":"https:\/\/blogdacondessa.com.br\/blog\/uncategorized\/a-ideia-de-que-nao-vale-a-pena-separar-os-materiais-reciclaveis-dos-nao-reciclaveis-e-falsa\/#breadcrumb","itemListElement":[{"@type":"ListItem","position":1,"name":"In\u00edcio","item":"https:\/\/blogdacondessa.com.br\/blog\/"},{"@type":"ListItem","position":2,"name":"\u201cA ideia de que n\u00e3o vale a pena separar os materiais recicl\u00e1veis dos n\u00e3o recicl\u00e1veis \u00e9 falsa\u201d"}]},{"@type":"WebSite","@id":"https:\/\/blogdacondessa.com.br\/blog\/#website","url":"https:\/\/blogdacondessa.com.br\/blog\/","name":"Blog da Condessa","description":"Com Shirley de Souza O\u2019Campos","potentialAction":[{"@type":"SearchAction","target":{"@type":"EntryPoint","urlTemplate":"https:\/\/blogdacondessa.com.br\/blog\/?s={search_term_string}"},"query-input":{"@type":"PropertyValueSpecification","valueRequired":true,"valueName":"search_term_string"}}],"inLanguage":"pt-BR"},{"@type":"Person","@id":"https:\/\/blogdacondessa.com.br\/blog\/#\/schema\/person\/1d667ff8b785195b568677489d266035","name":"Blog da Condessa","image":{"@type":"ImageObject","inLanguage":"pt-BR","@id":"https:\/\/secure.gravatar.com\/avatar\/377c0eb8b4ad2bfc25461b41564b5971e721ca34a57642868fc7b0c8ac7b52c5?s=96&d=mm&r=g","url":"https:\/\/secure.gravatar.com\/avatar\/377c0eb8b4ad2bfc25461b41564b5971e721ca34a57642868fc7b0c8ac7b52c5?s=96&d=mm&r=g","contentUrl":"https:\/\/secure.gravatar.com\/avatar\/377c0eb8b4ad2bfc25461b41564b5971e721ca34a57642868fc7b0c8ac7b52c5?s=96&d=mm&r=g","caption":"Blog da Condessa"},"url":"https:\/\/blogdacondessa.com.br\/blog\/author\/beatriz\/"}]}},"_links":{"self":[{"href":"https:\/\/blogdacondessa.com.br\/blog\/wp-json\/wp\/v2\/posts\/12963","targetHints":{"allow":["GET"]}}],"collection":[{"href":"https:\/\/blogdacondessa.com.br\/blog\/wp-json\/wp\/v2\/posts"}],"about":[{"href":"https:\/\/blogdacondessa.com.br\/blog\/wp-json\/wp\/v2\/types\/post"}],"author":[{"embeddable":true,"href":"https:\/\/blogdacondessa.com.br\/blog\/wp-json\/wp\/v2\/users\/2"}],"replies":[{"embeddable":true,"href":"https:\/\/blogdacondessa.com.br\/blog\/wp-json\/wp\/v2\/comments?post=12963"}],"version-history":[{"count":1,"href":"https:\/\/blogdacondessa.com.br\/blog\/wp-json\/wp\/v2\/posts\/12963\/revisions"}],"predecessor-version":[{"id":12965,"href":"https:\/\/blogdacondessa.com.br\/blog\/wp-json\/wp\/v2\/posts\/12963\/revisions\/12965"}],"wp:featuredmedia":[{"embeddable":true,"href":"https:\/\/blogdacondessa.com.br\/blog\/wp-json\/wp\/v2\/media\/12964"}],"wp:attachment":[{"href":"https:\/\/blogdacondessa.com.br\/blog\/wp-json\/wp\/v2\/media?parent=12963"}],"wp:term":[{"taxonomy":"category","embeddable":true,"href":"https:\/\/blogdacondessa.com.br\/blog\/wp-json\/wp\/v2\/categories?post=12963"},{"taxonomy":"post_tag","embeddable":true,"href":"https:\/\/blogdacondessa.com.br\/blog\/wp-json\/wp\/v2\/tags?post=12963"}],"curies":[{"name":"wp","href":"https:\/\/api.w.org\/{rel}","templated":true}]}}