{"id":12957,"date":"2025-10-25T05:00:21","date_gmt":"2025-10-25T09:00:21","guid":{"rendered":"https:\/\/blogdacondessa.com.br\/blog\/?p=12957"},"modified":"2025-10-24T17:39:27","modified_gmt":"2025-10-24T21:39:27","slug":"novo-espaco-no-aeroporto-marechal-rondon-atuara-como-elo-entre-o-poder-publico-e-o-trade-turistico","status":"publish","type":"post","link":"https:\/\/blogdacondessa.com.br\/blog\/uncategorized\/novo-espaco-no-aeroporto-marechal-rondon-atuara-como-elo-entre-o-poder-publico-e-o-trade-turistico\/","title":{"rendered":"Novo espa\u00e7o no Aeroporto Marechal Rondon atuar\u00e1 como elo entre o poder p\u00fablico e o trade tur\u00edstico"},"content":{"rendered":"<p>Com investimento de R$ 98,8 mil, iniciativa ir\u00e1 coletar dados estrat\u00e9gicos para o planejamento do setor em Mato Grosso.<\/p>\n<p>O Governo de Mato Grosso, em parceria com as prefeituras de Cuiab\u00e1 e V\u00e1rzea Grande, inaugurou, na quinta-feira (23.10), o novo Centro de Atendimento ao Turista (CAT) no Aeroporto Internacional Marechal Rondon. O espa\u00e7o foi estruturado para acolher visitantes e oferecer informa\u00e7\u00f5es atualizadas sobre atrativos tur\u00edsticos, transporte, hospedagem, gastronomia, eventos e roteiros regionais.<\/p>\n<p>O secret\u00e1rio de Estado de Desenvolvimento Econ\u00f4mico, C\u00e9sar Miranda, destacou a relev\u00e2ncia do turismo como atividade estrat\u00e9gica para o desenvolvimento econ\u00f4mico e a import\u00e2ncia do investimento em infraestrutura para o setor.<\/p>\n<p>\u201cQuando a gente pensa em turismo, pensa em lazer. Mas o turismo \u00e9 um segmento econ\u00f4mico, \u00e9 gera\u00e7\u00e3o de emprego e gera\u00e7\u00e3o de renda. Agora, para isso, \u00e9 preciso ter as condi\u00e7\u00f5es certas. O aeroporto, que est\u00e1 internacionalizado, pode receber voos internacionais e agora teremos um espa\u00e7o para receber esse turista, seja ele nacional ou internacional, para que ele receba as informa\u00e7\u00f5es de que precisar\u201d, disse.<\/p>\n<p>Com funcionamento di\u00e1rio, das 8h \u00e0s 20h, o local ser\u00e1 administrado de forma compartilhada pelas prefeituras, respons\u00e1veis pela equipe t\u00e9cnica e pelo atendimento ao p\u00fablico. O espa\u00e7o contou com investimento de R$ 98,8 mil e atuar\u00e1 como elo entre o poder p\u00fablico e o trade tur\u00edstico, orientando visitantes a buscarem servi\u00e7os formais e profissionais, como guias credenciados e ag\u00eancias locais.<\/p>\n<p>O secret\u00e1rio municipal de Desenvolvimento Econ\u00f4mico, Trabalho, Turismo e Agricultura de Cuiab\u00e1, Fernando Medeiros, ressaltou a import\u00e2ncia da integra\u00e7\u00e3o entre Estado e munic\u00edpios para aprimorar a experi\u00eancia dos visitantes. \u201cN\u00f3s estamos hoje comemorando uma grande parceria entre duas prefeituras e o Governo do Estado. A partir de agora, estaremos trabalhando com nosso time para receber todos os turistas que diariamente pousam aqui na nossa capital&#8221;, destacou.<\/p>\n<p>Al\u00e9m de prestar informa\u00e7\u00f5es, o CAT ser\u00e1 ainda uma base de coleta de dados sobre o perfil dos turistas, auxiliando o Estado e os munic\u00edpios na formula\u00e7\u00e3o de pol\u00edticas p\u00fablicas e estrat\u00e9gias de promo\u00e7\u00e3o.<\/p>\n<p>A prefeita de V\u00e1rzea Grande, Fl\u00e1via Moretti, enfatizou que a iniciativa fortalece o turismo em todas as regi\u00f5es de Mato Grosso, ampliando os benef\u00edcios econ\u00f4micos gerados pelo setor. \u201cO novo espa\u00e7o aqui no aeroporto \u00e9 muito importante para o fomento de toda nossa economia estadual. Aqui \u00e9 a porta de entrada para o nosso Estado, mas o turismo n\u00e3o \u00e9 s\u00f3 em Cuiab\u00e1, \u00e9 no Estado todo. \u00c9 do norte, sul, leste e oeste do nosso Mato Grosso&#8221;, disse.<\/p>\n<p>O presidente da Associa\u00e7\u00e3o Brasileira de Bares e Restaurantes de Mato Grosso (Abrasel-MT), Daniel Teixeira, tamb\u00e9m destacou o papel do novo centro na promo\u00e7\u00e3o do destino e na melhoria do atendimento ao p\u00fablico.<\/p>\n<p>\u201cO CAT \u00e9 um servi\u00e7o indispens\u00e1vel. A gente j\u00e1 v\u00ea isso em v\u00e1rios aeroportos do Brasil. N\u00f3s temos muitos atrativos, s\u00f3 que o turista n\u00e3o sabe. E ele chegando aqui, vamos ter condi\u00e7\u00f5es de dar informa\u00e7\u00f5es mais precisas. Recebendo bem os turistas, teremos feedbacks mais positivos e vamos atrair mais gente para c\u00e1&#8221;, concluiu.<\/p>\n","protected":false},"excerpt":{"rendered":"<p>Com investimento de R$ 98,8 mil, iniciativa ir\u00e1 coletar dados estrat\u00e9gicos para o planejamento do setor em Mato Grosso. O Governo de Mato Grosso, em parceria com as prefeituras de Cuiab\u00e1 e V\u00e1rzea Grande, inaugurou, na quinta-feira (23.10), o novo Centro de Atendimento ao Turista (CAT) no Aeroporto Internacional Marechal Rondon. O espa\u00e7o foi estruturado [&hellip;]<\/p>\n","protected":false},"author":2,"featured_media":12958,"comment_status":"closed","ping_status":"closed","sticky":false,"template":"","format":"standard","meta":{"iawp_total_views":119,"footnotes":""},"categories":[1],"tags":[],"class_list":["post-12957","post","type-post","status-publish","format-standard","has-post-thumbnail","hentry","category-uncategorized"],"yoast_head":"<!-- This site is optimized with the Yoast SEO plugin v27.3 - https:\/\/yoast.com\/product\/yoast-seo-wordpress\/ -->\n<title>Novo espa\u00e7o no Aeroporto Marechal Rondon atuar\u00e1 como elo entre o poder p\u00fablico e o trade tur\u00edstico &#8902; Blog da Condessa<\/title>\n<meta name=\"robots\" content=\"index, follow, max-snippet:-1, max-image-preview:large, max-video-preview:-1\" \/>\n<link rel=\"canonical\" href=\"https:\/\/blogdacondessa.com.br\/blog\/uncategorized\/novo-espaco-no-aeroporto-marechal-rondon-atuara-como-elo-entre-o-poder-publico-e-o-trade-turistico\/\" \/>\n<meta property=\"og:locale\" content=\"pt_BR\" \/>\n<meta property=\"og:type\" content=\"article\" \/>\n<meta property=\"og:title\" content=\"Novo espa\u00e7o no Aeroporto Marechal Rondon atuar\u00e1 como elo entre o poder p\u00fablico e o trade tur\u00edstico &#8902; Blog da Condessa\" \/>\n<meta property=\"og:description\" content=\"Com investimento de R$ 98,8 mil, iniciativa ir\u00e1 coletar dados estrat\u00e9gicos para o planejamento do setor em Mato Grosso. O Governo de Mato Grosso, em parceria com as prefeituras de Cuiab\u00e1 e V\u00e1rzea Grande, inaugurou, na quinta-feira (23.10), o novo Centro de Atendimento ao Turista (CAT) no Aeroporto Internacional Marechal Rondon. O espa\u00e7o foi estruturado [&hellip;]\" \/>\n<meta property=\"og:url\" content=\"https:\/\/blogdacondessa.com.br\/blog\/uncategorized\/novo-espaco-no-aeroporto-marechal-rondon-atuara-como-elo-entre-o-poder-publico-e-o-trade-turistico\/\" \/>\n<meta property=\"og:site_name\" content=\"Blog da Condessa\" \/>\n<meta property=\"article:published_time\" content=\"2025-10-25T09:00:21+00:00\" \/>\n<meta property=\"og:image\" content=\"https:\/\/blogdacondessa.com.br\/blog\/wp-content\/uploads\/2025\/10\/AEROPORTO-turismo.jpeg\" \/>\n\t<meta property=\"og:image:width\" content=\"1024\" \/>\n\t<meta property=\"og:image:height\" content=\"768\" \/>\n\t<meta property=\"og:image:type\" content=\"image\/jpeg\" \/>\n<meta name=\"author\" content=\"Blog da Condessa\" \/>\n<meta name=\"twitter:card\" content=\"summary_large_image\" \/>\n<meta name=\"twitter:label1\" content=\"Escrito por\" \/>\n\t<meta name=\"twitter:data1\" content=\"Blog da Condessa\" \/>\n\t<meta name=\"twitter:label2\" content=\"Est. tempo de leitura\" \/>\n\t<meta name=\"twitter:data2\" content=\"3 minutos\" \/>\n<script type=\"application\/ld+json\" class=\"yoast-schema-graph\">{\"@context\":\"https:\\\/\\\/schema.org\",\"@graph\":[{\"@type\":\"Article\",\"@id\":\"https:\\\/\\\/blogdacondessa.com.br\\\/blog\\\/uncategorized\\\/novo-espaco-no-aeroporto-marechal-rondon-atuara-como-elo-entre-o-poder-publico-e-o-trade-turistico\\\/#article\",\"isPartOf\":{\"@id\":\"https:\\\/\\\/blogdacondessa.com.br\\\/blog\\\/uncategorized\\\/novo-espaco-no-aeroporto-marechal-rondon-atuara-como-elo-entre-o-poder-publico-e-o-trade-turistico\\\/\"},\"author\":{\"name\":\"Blog da Condessa\",\"@id\":\"https:\\\/\\\/blogdacondessa.com.br\\\/blog\\\/#\\\/schema\\\/person\\\/1d667ff8b785195b568677489d266035\"},\"headline\":\"Novo espa\u00e7o no Aeroporto Marechal Rondon atuar\u00e1 como elo entre o poder p\u00fablico e o trade tur\u00edstico\",\"datePublished\":\"2025-10-25T09:00:21+00:00\",\"mainEntityOfPage\":{\"@id\":\"https:\\\/\\\/blogdacondessa.com.br\\\/blog\\\/uncategorized\\\/novo-espaco-no-aeroporto-marechal-rondon-atuara-como-elo-entre-o-poder-publico-e-o-trade-turistico\\\/\"},\"wordCount\":563,\"image\":{\"@id\":\"https:\\\/\\\/blogdacondessa.com.br\\\/blog\\\/uncategorized\\\/novo-espaco-no-aeroporto-marechal-rondon-atuara-como-elo-entre-o-poder-publico-e-o-trade-turistico\\\/#primaryimage\"},\"thumbnailUrl\":\"https:\\\/\\\/blogdacondessa.com.br\\\/blog\\\/wp-content\\\/uploads\\\/2025\\\/10\\\/AEROPORTO-turismo.jpeg\",\"articleSection\":[\"Uncategorized\"],\"inLanguage\":\"pt-BR\"},{\"@type\":\"WebPage\",\"@id\":\"https:\\\/\\\/blogdacondessa.com.br\\\/blog\\\/uncategorized\\\/novo-espaco-no-aeroporto-marechal-rondon-atuara-como-elo-entre-o-poder-publico-e-o-trade-turistico\\\/\",\"url\":\"https:\\\/\\\/blogdacondessa.com.br\\\/blog\\\/uncategorized\\\/novo-espaco-no-aeroporto-marechal-rondon-atuara-como-elo-entre-o-poder-publico-e-o-trade-turistico\\\/\",\"name\":\"Novo espa\u00e7o no Aeroporto Marechal Rondon atuar\u00e1 como elo entre o poder p\u00fablico e o trade tur\u00edstico &#8902; Blog da Condessa\",\"isPartOf\":{\"@id\":\"https:\\\/\\\/blogdacondessa.com.br\\\/blog\\\/#website\"},\"primaryImageOfPage\":{\"@id\":\"https:\\\/\\\/blogdacondessa.com.br\\\/blog\\\/uncategorized\\\/novo-espaco-no-aeroporto-marechal-rondon-atuara-como-elo-entre-o-poder-publico-e-o-trade-turistico\\\/#primaryimage\"},\"image\":{\"@id\":\"https:\\\/\\\/blogdacondessa.com.br\\\/blog\\\/uncategorized\\\/novo-espaco-no-aeroporto-marechal-rondon-atuara-como-elo-entre-o-poder-publico-e-o-trade-turistico\\\/#primaryimage\"},\"thumbnailUrl\":\"https:\\\/\\\/blogdacondessa.com.br\\\/blog\\\/wp-content\\\/uploads\\\/2025\\\/10\\\/AEROPORTO-turismo.jpeg\",\"datePublished\":\"2025-10-25T09:00:21+00:00\",\"author\":{\"@id\":\"https:\\\/\\\/blogdacondessa.com.br\\\/blog\\\/#\\\/schema\\\/person\\\/1d667ff8b785195b568677489d266035\"},\"breadcrumb\":{\"@id\":\"https:\\\/\\\/blogdacondessa.com.br\\\/blog\\\/uncategorized\\\/novo-espaco-no-aeroporto-marechal-rondon-atuara-como-elo-entre-o-poder-publico-e-o-trade-turistico\\\/#breadcrumb\"},\"inLanguage\":\"pt-BR\",\"potentialAction\":[{\"@type\":\"ReadAction\",\"target\":[\"https:\\\/\\\/blogdacondessa.com.br\\\/blog\\\/uncategorized\\\/novo-espaco-no-aeroporto-marechal-rondon-atuara-como-elo-entre-o-poder-publico-e-o-trade-turistico\\\/\"]}]},{\"@type\":\"ImageObject\",\"inLanguage\":\"pt-BR\",\"@id\":\"https:\\\/\\\/blogdacondessa.com.br\\\/blog\\\/uncategorized\\\/novo-espaco-no-aeroporto-marechal-rondon-atuara-como-elo-entre-o-poder-publico-e-o-trade-turistico\\\/#primaryimage\",\"url\":\"https:\\\/\\\/blogdacondessa.com.br\\\/blog\\\/wp-content\\\/uploads\\\/2025\\\/10\\\/AEROPORTO-turismo.jpeg\",\"contentUrl\":\"https:\\\/\\\/blogdacondessa.com.br\\\/blog\\\/wp-content\\\/uploads\\\/2025\\\/10\\\/AEROPORTO-turismo.jpeg\",\"width\":1024,\"height\":768},{\"@type\":\"BreadcrumbList\",\"@id\":\"https:\\\/\\\/blogdacondessa.com.br\\\/blog\\\/uncategorized\\\/novo-espaco-no-aeroporto-marechal-rondon-atuara-como-elo-entre-o-poder-publico-e-o-trade-turistico\\\/#breadcrumb\",\"itemListElement\":[{\"@type\":\"ListItem\",\"position\":1,\"name\":\"In\u00edcio\",\"item\":\"https:\\\/\\\/blogdacondessa.com.br\\\/blog\\\/\"},{\"@type\":\"ListItem\",\"position\":2,\"name\":\"Novo espa\u00e7o no Aeroporto Marechal Rondon atuar\u00e1 como elo entre o poder p\u00fablico e o trade tur\u00edstico\"}]},{\"@type\":\"WebSite\",\"@id\":\"https:\\\/\\\/blogdacondessa.com.br\\\/blog\\\/#website\",\"url\":\"https:\\\/\\\/blogdacondessa.com.br\\\/blog\\\/\",\"name\":\"Blog da Condessa\",\"description\":\"Com Shirley de Souza O\u2019Campos\",\"potentialAction\":[{\"@type\":\"SearchAction\",\"target\":{\"@type\":\"EntryPoint\",\"urlTemplate\":\"https:\\\/\\\/blogdacondessa.com.br\\\/blog\\\/?s={search_term_string}\"},\"query-input\":{\"@type\":\"PropertyValueSpecification\",\"valueRequired\":true,\"valueName\":\"search_term_string\"}}],\"inLanguage\":\"pt-BR\"},{\"@type\":\"Person\",\"@id\":\"https:\\\/\\\/blogdacondessa.com.br\\\/blog\\\/#\\\/schema\\\/person\\\/1d667ff8b785195b568677489d266035\",\"name\":\"Blog da Condessa\",\"image\":{\"@type\":\"ImageObject\",\"inLanguage\":\"pt-BR\",\"@id\":\"https:\\\/\\\/secure.gravatar.com\\\/avatar\\\/377c0eb8b4ad2bfc25461b41564b5971e721ca34a57642868fc7b0c8ac7b52c5?s=96&d=mm&r=g\",\"url\":\"https:\\\/\\\/secure.gravatar.com\\\/avatar\\\/377c0eb8b4ad2bfc25461b41564b5971e721ca34a57642868fc7b0c8ac7b52c5?s=96&d=mm&r=g\",\"contentUrl\":\"https:\\\/\\\/secure.gravatar.com\\\/avatar\\\/377c0eb8b4ad2bfc25461b41564b5971e721ca34a57642868fc7b0c8ac7b52c5?s=96&d=mm&r=g\",\"caption\":\"Blog da Condessa\"},\"url\":\"https:\\\/\\\/blogdacondessa.com.br\\\/blog\\\/author\\\/beatriz\\\/\"}]}<\/script>\n<!-- \/ Yoast SEO plugin. -->","yoast_head_json":{"title":"Novo espa\u00e7o no Aeroporto Marechal Rondon atuar\u00e1 como elo entre o poder p\u00fablico e o trade tur\u00edstico &#8902; Blog da Condessa","robots":{"index":"index","follow":"follow","max-snippet":"max-snippet:-1","max-image-preview":"max-image-preview:large","max-video-preview":"max-video-preview:-1"},"canonical":"https:\/\/blogdacondessa.com.br\/blog\/uncategorized\/novo-espaco-no-aeroporto-marechal-rondon-atuara-como-elo-entre-o-poder-publico-e-o-trade-turistico\/","og_locale":"pt_BR","og_type":"article","og_title":"Novo espa\u00e7o no Aeroporto Marechal Rondon atuar\u00e1 como elo entre o poder p\u00fablico e o trade tur\u00edstico &#8902; Blog da Condessa","og_description":"Com investimento de R$ 98,8 mil, iniciativa ir\u00e1 coletar dados estrat\u00e9gicos para o planejamento do setor em Mato Grosso. O Governo de Mato Grosso, em parceria com as prefeituras de Cuiab\u00e1 e V\u00e1rzea Grande, inaugurou, na quinta-feira (23.10), o novo Centro de Atendimento ao Turista (CAT) no Aeroporto Internacional Marechal Rondon. O espa\u00e7o foi estruturado [&hellip;]","og_url":"https:\/\/blogdacondessa.com.br\/blog\/uncategorized\/novo-espaco-no-aeroporto-marechal-rondon-atuara-como-elo-entre-o-poder-publico-e-o-trade-turistico\/","og_site_name":"Blog da Condessa","article_published_time":"2025-10-25T09:00:21+00:00","og_image":[{"width":1024,"height":768,"url":"https:\/\/blogdacondessa.com.br\/blog\/wp-content\/uploads\/2025\/10\/AEROPORTO-turismo.jpeg","type":"image\/jpeg"}],"author":"Blog da Condessa","twitter_card":"summary_large_image","twitter_misc":{"Escrito por":"Blog da Condessa","Est. tempo de leitura":"3 minutos"},"schema":{"@context":"https:\/\/schema.org","@graph":[{"@type":"Article","@id":"https:\/\/blogdacondessa.com.br\/blog\/uncategorized\/novo-espaco-no-aeroporto-marechal-rondon-atuara-como-elo-entre-o-poder-publico-e-o-trade-turistico\/#article","isPartOf":{"@id":"https:\/\/blogdacondessa.com.br\/blog\/uncategorized\/novo-espaco-no-aeroporto-marechal-rondon-atuara-como-elo-entre-o-poder-publico-e-o-trade-turistico\/"},"author":{"name":"Blog da Condessa","@id":"https:\/\/blogdacondessa.com.br\/blog\/#\/schema\/person\/1d667ff8b785195b568677489d266035"},"headline":"Novo espa\u00e7o no Aeroporto Marechal Rondon atuar\u00e1 como elo entre o poder p\u00fablico e o trade tur\u00edstico","datePublished":"2025-10-25T09:00:21+00:00","mainEntityOfPage":{"@id":"https:\/\/blogdacondessa.com.br\/blog\/uncategorized\/novo-espaco-no-aeroporto-marechal-rondon-atuara-como-elo-entre-o-poder-publico-e-o-trade-turistico\/"},"wordCount":563,"image":{"@id":"https:\/\/blogdacondessa.com.br\/blog\/uncategorized\/novo-espaco-no-aeroporto-marechal-rondon-atuara-como-elo-entre-o-poder-publico-e-o-trade-turistico\/#primaryimage"},"thumbnailUrl":"https:\/\/blogdacondessa.com.br\/blog\/wp-content\/uploads\/2025\/10\/AEROPORTO-turismo.jpeg","articleSection":["Uncategorized"],"inLanguage":"pt-BR"},{"@type":"WebPage","@id":"https:\/\/blogdacondessa.com.br\/blog\/uncategorized\/novo-espaco-no-aeroporto-marechal-rondon-atuara-como-elo-entre-o-poder-publico-e-o-trade-turistico\/","url":"https:\/\/blogdacondessa.com.br\/blog\/uncategorized\/novo-espaco-no-aeroporto-marechal-rondon-atuara-como-elo-entre-o-poder-publico-e-o-trade-turistico\/","name":"Novo espa\u00e7o no Aeroporto Marechal Rondon atuar\u00e1 como elo entre o poder p\u00fablico e o trade tur\u00edstico &#8902; Blog da Condessa","isPartOf":{"@id":"https:\/\/blogdacondessa.com.br\/blog\/#website"},"primaryImageOfPage":{"@id":"https:\/\/blogdacondessa.com.br\/blog\/uncategorized\/novo-espaco-no-aeroporto-marechal-rondon-atuara-como-elo-entre-o-poder-publico-e-o-trade-turistico\/#primaryimage"},"image":{"@id":"https:\/\/blogdacondessa.com.br\/blog\/uncategorized\/novo-espaco-no-aeroporto-marechal-rondon-atuara-como-elo-entre-o-poder-publico-e-o-trade-turistico\/#primaryimage"},"thumbnailUrl":"https:\/\/blogdacondessa.com.br\/blog\/wp-content\/uploads\/2025\/10\/AEROPORTO-turismo.jpeg","datePublished":"2025-10-25T09:00:21+00:00","author":{"@id":"https:\/\/blogdacondessa.com.br\/blog\/#\/schema\/person\/1d667ff8b785195b568677489d266035"},"breadcrumb":{"@id":"https:\/\/blogdacondessa.com.br\/blog\/uncategorized\/novo-espaco-no-aeroporto-marechal-rondon-atuara-como-elo-entre-o-poder-publico-e-o-trade-turistico\/#breadcrumb"},"inLanguage":"pt-BR","potentialAction":[{"@type":"ReadAction","target":["https:\/\/blogdacondessa.com.br\/blog\/uncategorized\/novo-espaco-no-aeroporto-marechal-rondon-atuara-como-elo-entre-o-poder-publico-e-o-trade-turistico\/"]}]},{"@type":"ImageObject","inLanguage":"pt-BR","@id":"https:\/\/blogdacondessa.com.br\/blog\/uncategorized\/novo-espaco-no-aeroporto-marechal-rondon-atuara-como-elo-entre-o-poder-publico-e-o-trade-turistico\/#primaryimage","url":"https:\/\/blogdacondessa.com.br\/blog\/wp-content\/uploads\/2025\/10\/AEROPORTO-turismo.jpeg","contentUrl":"https:\/\/blogdacondessa.com.br\/blog\/wp-content\/uploads\/2025\/10\/AEROPORTO-turismo.jpeg","width":1024,"height":768},{"@type":"BreadcrumbList","@id":"https:\/\/blogdacondessa.com.br\/blog\/uncategorized\/novo-espaco-no-aeroporto-marechal-rondon-atuara-como-elo-entre-o-poder-publico-e-o-trade-turistico\/#breadcrumb","itemListElement":[{"@type":"ListItem","position":1,"name":"In\u00edcio","item":"https:\/\/blogdacondessa.com.br\/blog\/"},{"@type":"ListItem","position":2,"name":"Novo espa\u00e7o no Aeroporto Marechal Rondon atuar\u00e1 como elo entre o poder p\u00fablico e o trade tur\u00edstico"}]},{"@type":"WebSite","@id":"https:\/\/blogdacondessa.com.br\/blog\/#website","url":"https:\/\/blogdacondessa.com.br\/blog\/","name":"Blog da Condessa","description":"Com Shirley de Souza O\u2019Campos","potentialAction":[{"@type":"SearchAction","target":{"@type":"EntryPoint","urlTemplate":"https:\/\/blogdacondessa.com.br\/blog\/?s={search_term_string}"},"query-input":{"@type":"PropertyValueSpecification","valueRequired":true,"valueName":"search_term_string"}}],"inLanguage":"pt-BR"},{"@type":"Person","@id":"https:\/\/blogdacondessa.com.br\/blog\/#\/schema\/person\/1d667ff8b785195b568677489d266035","name":"Blog da Condessa","image":{"@type":"ImageObject","inLanguage":"pt-BR","@id":"https:\/\/secure.gravatar.com\/avatar\/377c0eb8b4ad2bfc25461b41564b5971e721ca34a57642868fc7b0c8ac7b52c5?s=96&d=mm&r=g","url":"https:\/\/secure.gravatar.com\/avatar\/377c0eb8b4ad2bfc25461b41564b5971e721ca34a57642868fc7b0c8ac7b52c5?s=96&d=mm&r=g","contentUrl":"https:\/\/secure.gravatar.com\/avatar\/377c0eb8b4ad2bfc25461b41564b5971e721ca34a57642868fc7b0c8ac7b52c5?s=96&d=mm&r=g","caption":"Blog da Condessa"},"url":"https:\/\/blogdacondessa.com.br\/blog\/author\/beatriz\/"}]}},"_links":{"self":[{"href":"https:\/\/blogdacondessa.com.br\/blog\/wp-json\/wp\/v2\/posts\/12957","targetHints":{"allow":["GET"]}}],"collection":[{"href":"https:\/\/blogdacondessa.com.br\/blog\/wp-json\/wp\/v2\/posts"}],"about":[{"href":"https:\/\/blogdacondessa.com.br\/blog\/wp-json\/wp\/v2\/types\/post"}],"author":[{"embeddable":true,"href":"https:\/\/blogdacondessa.com.br\/blog\/wp-json\/wp\/v2\/users\/2"}],"replies":[{"embeddable":true,"href":"https:\/\/blogdacondessa.com.br\/blog\/wp-json\/wp\/v2\/comments?post=12957"}],"version-history":[{"count":1,"href":"https:\/\/blogdacondessa.com.br\/blog\/wp-json\/wp\/v2\/posts\/12957\/revisions"}],"predecessor-version":[{"id":12959,"href":"https:\/\/blogdacondessa.com.br\/blog\/wp-json\/wp\/v2\/posts\/12957\/revisions\/12959"}],"wp:featuredmedia":[{"embeddable":true,"href":"https:\/\/blogdacondessa.com.br\/blog\/wp-json\/wp\/v2\/media\/12958"}],"wp:attachment":[{"href":"https:\/\/blogdacondessa.com.br\/blog\/wp-json\/wp\/v2\/media?parent=12957"}],"wp:term":[{"taxonomy":"category","embeddable":true,"href":"https:\/\/blogdacondessa.com.br\/blog\/wp-json\/wp\/v2\/categories?post=12957"},{"taxonomy":"post_tag","embeddable":true,"href":"https:\/\/blogdacondessa.com.br\/blog\/wp-json\/wp\/v2\/tags?post=12957"}],"curies":[{"name":"wp","href":"https:\/\/api.w.org\/{rel}","templated":true}]}}