{"id":12944,"date":"2025-10-23T05:00:15","date_gmt":"2025-10-23T09:00:15","guid":{"rendered":"https:\/\/blogdacondessa.com.br\/blog\/?p=12944"},"modified":"2025-10-22T18:35:44","modified_gmt":"2025-10-22T22:35:44","slug":"pecas-das-redeiras-de-limpo-grande-chegam-as-passarelas-do-sao-paulo-fashion-week","status":"publish","type":"post","link":"https:\/\/blogdacondessa.com.br\/blog\/uncategorized\/pecas-das-redeiras-de-limpo-grande-chegam-as-passarelas-do-sao-paulo-fashion-week\/","title":{"rendered":"Pe\u00e7as das Redeiras de Limpo Grande chegam \u00e0s passarelas do S\u00e3o Paulo Fashion Week"},"content":{"rendered":"<p>As produ\u00e7\u00f5es da Associa\u00e7\u00e3o das Redeiras de Limpo Grande (Tece Arte), em V\u00e1rzea Grande, estiveram na passarela do S\u00e3o Paulo Fashion Week 2025. Assinadas pelo estilista Amir Slama, cinco pe\u00e7as exclusivas foram produzidas pela Associa\u00e7\u00e3o, que chegou ao setor de moda ap\u00f3s passar pelo programa de acelera\u00e7\u00e3o de neg\u00f3cios criativos Move_MT, da Secretaria de Estado de Cultura, Esporte e Lazer (Secel-MT).<\/p>\n<p>Para a superintendente de Desenvolvimento da Economia Criativa da Secel, Keiko Okamura, o reconhecimento conquistado pela Tece Arte mostra o potencial do setor em Mato Grosso.<\/p>\n<p>\u201cA Associa\u00e7\u00e3o tem buscado desenvolver habilidades de gest\u00e3o, de empreendedorismo, e conseguiu ir al\u00e9m do artesanato e das feiras, criando outros produtos e parcerias na moda. \u00c9 uma honra saber que a Secel contribuiu para os primeiros interc\u00e2mbios que ampliaram a visibilidade desse maravilhoso trabalho. Parab\u00e9ns Tece Arte!\u201d, celebra Keiko.<\/p>\n<p>O coletivo de 55 mulheres redeiras, que produzem pe\u00e7as artesanais \u00fanicas com base nos aprendizados ancestrais da etnia Guan\u00e1, foi um dos 20 empreendimentos, e um dos cinco premiados, que participaram da 2\u00aa edi\u00e7\u00e3o do Move_MT. O programa de\u00a0 acelera\u00e7\u00e3o de neg\u00f3cios criativos, de inova\u00e7\u00e3o e\/ou impacto sociocultural da Secel foi executado em parceria com o instituto Oi Futuro.<\/p>\n<p>Todas as iniciativas selecionadas no programa fizeram parte de uma jornada de aprendizados, que contou com mais de 1.700 horas de mentorias e capacita\u00e7\u00e3o em gest\u00e3o, inova\u00e7\u00e3o, impacto social, comunica\u00e7\u00e3o, gest\u00e3o financeira e capta\u00e7\u00e3o de recursos. As cinco iniciativas premiadas participaram de um interc\u00e2mbio no Lab Oi Futuro, no Rio de Janeiro (RJ), para uma imers\u00e3o no ecossistema da economia criativa da cidade.<\/p>\n<p>Na ocasi\u00e3o, as representantes da Tece Arte fizeram o primeiro contato com a renomada estilista brasileira, Isabela Capeto.\u00a0E assim nasceu a primeira collab de moda da Associa\u00e7\u00e3o v\u00e1rzea-grandense, possibilitando que o artesanato de Mato Grosso estivesse nas rendas, vestidos, saias e bolsas em todo o pa\u00eds.<\/p>\n<p>J\u00e1 para a passarela da S\u00e3o Paulo Fashion Week 2025, as redeiras produziram sa\u00eddas de banho com elementos t\u00edpicos mato-grossenses. O desfile foi assinado pelo estilista Amir Slama, um dos nomes mais inovadores da moda brasileira, reconhecido por sua habilidade em unir eleg\u00e2ncia e casualidade em suas pe\u00e7as de moda praiana.<\/p>\n<p>Mais informa\u00e7\u00f5es sobre os trabalhos da Tece Arte podem ser acessadas no instagram da Associa\u00e7\u00e3o (@teceartemt)<\/p>\n","protected":false},"excerpt":{"rendered":"<p>As produ\u00e7\u00f5es da Associa\u00e7\u00e3o das Redeiras de Limpo Grande (Tece Arte), em V\u00e1rzea Grande, estiveram na passarela do S\u00e3o Paulo Fashion Week 2025. Assinadas pelo estilista Amir Slama, cinco pe\u00e7as exclusivas foram produzidas pela Associa\u00e7\u00e3o, que chegou ao setor de moda ap\u00f3s passar pelo programa de acelera\u00e7\u00e3o de neg\u00f3cios criativos Move_MT, da Secretaria de Estado [&hellip;]<\/p>\n","protected":false},"author":2,"featured_media":12945,"comment_status":"closed","ping_status":"closed","sticky":false,"template":"","format":"standard","meta":{"iawp_total_views":1,"footnotes":""},"categories":[1],"tags":[],"class_list":["post-12944","post","type-post","status-publish","format-standard","has-post-thumbnail","hentry","category-uncategorized"],"yoast_head":"<!-- This site is optimized with the Yoast SEO plugin v27.3 - https:\/\/yoast.com\/product\/yoast-seo-wordpress\/ -->\n<title>Pe\u00e7as das Redeiras de Limpo Grande chegam \u00e0s passarelas do S\u00e3o Paulo Fashion Week &#8902; Blog da Condessa<\/title>\n<meta name=\"robots\" content=\"index, follow, max-snippet:-1, max-image-preview:large, max-video-preview:-1\" \/>\n<link rel=\"canonical\" href=\"https:\/\/blogdacondessa.com.br\/blog\/uncategorized\/pecas-das-redeiras-de-limpo-grande-chegam-as-passarelas-do-sao-paulo-fashion-week\/\" \/>\n<meta property=\"og:locale\" content=\"pt_BR\" \/>\n<meta property=\"og:type\" content=\"article\" \/>\n<meta property=\"og:title\" content=\"Pe\u00e7as das Redeiras de Limpo Grande chegam \u00e0s passarelas do S\u00e3o Paulo Fashion Week &#8902; Blog da Condessa\" \/>\n<meta property=\"og:description\" content=\"As produ\u00e7\u00f5es da Associa\u00e7\u00e3o das Redeiras de Limpo Grande (Tece Arte), em V\u00e1rzea Grande, estiveram na passarela do S\u00e3o Paulo Fashion Week 2025. Assinadas pelo estilista Amir Slama, cinco pe\u00e7as exclusivas foram produzidas pela Associa\u00e7\u00e3o, que chegou ao setor de moda ap\u00f3s passar pelo programa de acelera\u00e7\u00e3o de neg\u00f3cios criativos Move_MT, da Secretaria de Estado [&hellip;]\" \/>\n<meta property=\"og:url\" content=\"https:\/\/blogdacondessa.com.br\/blog\/uncategorized\/pecas-das-redeiras-de-limpo-grande-chegam-as-passarelas-do-sao-paulo-fashion-week\/\" \/>\n<meta property=\"og:site_name\" content=\"Blog da Condessa\" \/>\n<meta property=\"article:published_time\" content=\"2025-10-23T09:00:15+00:00\" \/>\n<meta property=\"og:image\" content=\"https:\/\/blogdacondessa.com.br\/blog\/wp-content\/uploads\/2025\/10\/redeiras-de-lipo-grande.jpg\" \/>\n\t<meta property=\"og:image:width\" content=\"1024\" \/>\n\t<meta property=\"og:image:height\" content=\"683\" \/>\n\t<meta property=\"og:image:type\" content=\"image\/jpeg\" \/>\n<meta name=\"author\" content=\"Blog da Condessa\" \/>\n<meta name=\"twitter:card\" content=\"summary_large_image\" \/>\n<meta name=\"twitter:label1\" content=\"Escrito por\" \/>\n\t<meta name=\"twitter:data1\" content=\"Blog da Condessa\" \/>\n\t<meta name=\"twitter:label2\" content=\"Est. tempo de leitura\" \/>\n\t<meta name=\"twitter:data2\" content=\"3 minutos\" \/>\n<script type=\"application\/ld+json\" class=\"yoast-schema-graph\">{\"@context\":\"https:\\\/\\\/schema.org\",\"@graph\":[{\"@type\":\"Article\",\"@id\":\"https:\\\/\\\/blogdacondessa.com.br\\\/blog\\\/uncategorized\\\/pecas-das-redeiras-de-limpo-grande-chegam-as-passarelas-do-sao-paulo-fashion-week\\\/#article\",\"isPartOf\":{\"@id\":\"https:\\\/\\\/blogdacondessa.com.br\\\/blog\\\/uncategorized\\\/pecas-das-redeiras-de-limpo-grande-chegam-as-passarelas-do-sao-paulo-fashion-week\\\/\"},\"author\":{\"name\":\"Blog da Condessa\",\"@id\":\"https:\\\/\\\/blogdacondessa.com.br\\\/blog\\\/#\\\/schema\\\/person\\\/1d667ff8b785195b568677489d266035\"},\"headline\":\"Pe\u00e7as das Redeiras de Limpo Grande chegam \u00e0s passarelas do S\u00e3o Paulo Fashion Week\",\"datePublished\":\"2025-10-23T09:00:15+00:00\",\"mainEntityOfPage\":{\"@id\":\"https:\\\/\\\/blogdacondessa.com.br\\\/blog\\\/uncategorized\\\/pecas-das-redeiras-de-limpo-grande-chegam-as-passarelas-do-sao-paulo-fashion-week\\\/\"},\"wordCount\":423,\"image\":{\"@id\":\"https:\\\/\\\/blogdacondessa.com.br\\\/blog\\\/uncategorized\\\/pecas-das-redeiras-de-limpo-grande-chegam-as-passarelas-do-sao-paulo-fashion-week\\\/#primaryimage\"},\"thumbnailUrl\":\"https:\\\/\\\/blogdacondessa.com.br\\\/blog\\\/wp-content\\\/uploads\\\/2025\\\/10\\\/redeiras-de-lipo-grande.jpg\",\"articleSection\":[\"Uncategorized\"],\"inLanguage\":\"pt-BR\"},{\"@type\":\"WebPage\",\"@id\":\"https:\\\/\\\/blogdacondessa.com.br\\\/blog\\\/uncategorized\\\/pecas-das-redeiras-de-limpo-grande-chegam-as-passarelas-do-sao-paulo-fashion-week\\\/\",\"url\":\"https:\\\/\\\/blogdacondessa.com.br\\\/blog\\\/uncategorized\\\/pecas-das-redeiras-de-limpo-grande-chegam-as-passarelas-do-sao-paulo-fashion-week\\\/\",\"name\":\"Pe\u00e7as das Redeiras de Limpo Grande chegam \u00e0s passarelas do S\u00e3o Paulo Fashion Week &#8902; Blog da Condessa\",\"isPartOf\":{\"@id\":\"https:\\\/\\\/blogdacondessa.com.br\\\/blog\\\/#website\"},\"primaryImageOfPage\":{\"@id\":\"https:\\\/\\\/blogdacondessa.com.br\\\/blog\\\/uncategorized\\\/pecas-das-redeiras-de-limpo-grande-chegam-as-passarelas-do-sao-paulo-fashion-week\\\/#primaryimage\"},\"image\":{\"@id\":\"https:\\\/\\\/blogdacondessa.com.br\\\/blog\\\/uncategorized\\\/pecas-das-redeiras-de-limpo-grande-chegam-as-passarelas-do-sao-paulo-fashion-week\\\/#primaryimage\"},\"thumbnailUrl\":\"https:\\\/\\\/blogdacondessa.com.br\\\/blog\\\/wp-content\\\/uploads\\\/2025\\\/10\\\/redeiras-de-lipo-grande.jpg\",\"datePublished\":\"2025-10-23T09:00:15+00:00\",\"author\":{\"@id\":\"https:\\\/\\\/blogdacondessa.com.br\\\/blog\\\/#\\\/schema\\\/person\\\/1d667ff8b785195b568677489d266035\"},\"breadcrumb\":{\"@id\":\"https:\\\/\\\/blogdacondessa.com.br\\\/blog\\\/uncategorized\\\/pecas-das-redeiras-de-limpo-grande-chegam-as-passarelas-do-sao-paulo-fashion-week\\\/#breadcrumb\"},\"inLanguage\":\"pt-BR\",\"potentialAction\":[{\"@type\":\"ReadAction\",\"target\":[\"https:\\\/\\\/blogdacondessa.com.br\\\/blog\\\/uncategorized\\\/pecas-das-redeiras-de-limpo-grande-chegam-as-passarelas-do-sao-paulo-fashion-week\\\/\"]}]},{\"@type\":\"ImageObject\",\"inLanguage\":\"pt-BR\",\"@id\":\"https:\\\/\\\/blogdacondessa.com.br\\\/blog\\\/uncategorized\\\/pecas-das-redeiras-de-limpo-grande-chegam-as-passarelas-do-sao-paulo-fashion-week\\\/#primaryimage\",\"url\":\"https:\\\/\\\/blogdacondessa.com.br\\\/blog\\\/wp-content\\\/uploads\\\/2025\\\/10\\\/redeiras-de-lipo-grande.jpg\",\"contentUrl\":\"https:\\\/\\\/blogdacondessa.com.br\\\/blog\\\/wp-content\\\/uploads\\\/2025\\\/10\\\/redeiras-de-lipo-grande.jpg\",\"width\":1024,\"height\":683,\"caption\":\"Foto: Divulga\u00e7\u00e3o\"},{\"@type\":\"BreadcrumbList\",\"@id\":\"https:\\\/\\\/blogdacondessa.com.br\\\/blog\\\/uncategorized\\\/pecas-das-redeiras-de-limpo-grande-chegam-as-passarelas-do-sao-paulo-fashion-week\\\/#breadcrumb\",\"itemListElement\":[{\"@type\":\"ListItem\",\"position\":1,\"name\":\"In\u00edcio\",\"item\":\"https:\\\/\\\/blogdacondessa.com.br\\\/blog\\\/\"},{\"@type\":\"ListItem\",\"position\":2,\"name\":\"Pe\u00e7as das Redeiras de Limpo Grande chegam \u00e0s passarelas do S\u00e3o Paulo Fashion Week\"}]},{\"@type\":\"WebSite\",\"@id\":\"https:\\\/\\\/blogdacondessa.com.br\\\/blog\\\/#website\",\"url\":\"https:\\\/\\\/blogdacondessa.com.br\\\/blog\\\/\",\"name\":\"Blog da Condessa\",\"description\":\"Com Shirley de Souza O\u2019Campos\",\"potentialAction\":[{\"@type\":\"SearchAction\",\"target\":{\"@type\":\"EntryPoint\",\"urlTemplate\":\"https:\\\/\\\/blogdacondessa.com.br\\\/blog\\\/?s={search_term_string}\"},\"query-input\":{\"@type\":\"PropertyValueSpecification\",\"valueRequired\":true,\"valueName\":\"search_term_string\"}}],\"inLanguage\":\"pt-BR\"},{\"@type\":\"Person\",\"@id\":\"https:\\\/\\\/blogdacondessa.com.br\\\/blog\\\/#\\\/schema\\\/person\\\/1d667ff8b785195b568677489d266035\",\"name\":\"Blog da Condessa\",\"image\":{\"@type\":\"ImageObject\",\"inLanguage\":\"pt-BR\",\"@id\":\"https:\\\/\\\/secure.gravatar.com\\\/avatar\\\/377c0eb8b4ad2bfc25461b41564b5971e721ca34a57642868fc7b0c8ac7b52c5?s=96&d=mm&r=g\",\"url\":\"https:\\\/\\\/secure.gravatar.com\\\/avatar\\\/377c0eb8b4ad2bfc25461b41564b5971e721ca34a57642868fc7b0c8ac7b52c5?s=96&d=mm&r=g\",\"contentUrl\":\"https:\\\/\\\/secure.gravatar.com\\\/avatar\\\/377c0eb8b4ad2bfc25461b41564b5971e721ca34a57642868fc7b0c8ac7b52c5?s=96&d=mm&r=g\",\"caption\":\"Blog da Condessa\"},\"url\":\"https:\\\/\\\/blogdacondessa.com.br\\\/blog\\\/author\\\/beatriz\\\/\"}]}<\/script>\n<!-- \/ Yoast SEO plugin. -->","yoast_head_json":{"title":"Pe\u00e7as das Redeiras de Limpo Grande chegam \u00e0s passarelas do S\u00e3o Paulo Fashion Week &#8902; Blog da Condessa","robots":{"index":"index","follow":"follow","max-snippet":"max-snippet:-1","max-image-preview":"max-image-preview:large","max-video-preview":"max-video-preview:-1"},"canonical":"https:\/\/blogdacondessa.com.br\/blog\/uncategorized\/pecas-das-redeiras-de-limpo-grande-chegam-as-passarelas-do-sao-paulo-fashion-week\/","og_locale":"pt_BR","og_type":"article","og_title":"Pe\u00e7as das Redeiras de Limpo Grande chegam \u00e0s passarelas do S\u00e3o Paulo Fashion Week &#8902; Blog da Condessa","og_description":"As produ\u00e7\u00f5es da Associa\u00e7\u00e3o das Redeiras de Limpo Grande (Tece Arte), em V\u00e1rzea Grande, estiveram na passarela do S\u00e3o Paulo Fashion Week 2025. Assinadas pelo estilista Amir Slama, cinco pe\u00e7as exclusivas foram produzidas pela Associa\u00e7\u00e3o, que chegou ao setor de moda ap\u00f3s passar pelo programa de acelera\u00e7\u00e3o de neg\u00f3cios criativos Move_MT, da Secretaria de Estado [&hellip;]","og_url":"https:\/\/blogdacondessa.com.br\/blog\/uncategorized\/pecas-das-redeiras-de-limpo-grande-chegam-as-passarelas-do-sao-paulo-fashion-week\/","og_site_name":"Blog da Condessa","article_published_time":"2025-10-23T09:00:15+00:00","og_image":[{"width":1024,"height":683,"url":"https:\/\/blogdacondessa.com.br\/blog\/wp-content\/uploads\/2025\/10\/redeiras-de-lipo-grande.jpg","type":"image\/jpeg"}],"author":"Blog da Condessa","twitter_card":"summary_large_image","twitter_misc":{"Escrito por":"Blog da Condessa","Est. tempo de leitura":"3 minutos"},"schema":{"@context":"https:\/\/schema.org","@graph":[{"@type":"Article","@id":"https:\/\/blogdacondessa.com.br\/blog\/uncategorized\/pecas-das-redeiras-de-limpo-grande-chegam-as-passarelas-do-sao-paulo-fashion-week\/#article","isPartOf":{"@id":"https:\/\/blogdacondessa.com.br\/blog\/uncategorized\/pecas-das-redeiras-de-limpo-grande-chegam-as-passarelas-do-sao-paulo-fashion-week\/"},"author":{"name":"Blog da Condessa","@id":"https:\/\/blogdacondessa.com.br\/blog\/#\/schema\/person\/1d667ff8b785195b568677489d266035"},"headline":"Pe\u00e7as das Redeiras de Limpo Grande chegam \u00e0s passarelas do S\u00e3o Paulo Fashion Week","datePublished":"2025-10-23T09:00:15+00:00","mainEntityOfPage":{"@id":"https:\/\/blogdacondessa.com.br\/blog\/uncategorized\/pecas-das-redeiras-de-limpo-grande-chegam-as-passarelas-do-sao-paulo-fashion-week\/"},"wordCount":423,"image":{"@id":"https:\/\/blogdacondessa.com.br\/blog\/uncategorized\/pecas-das-redeiras-de-limpo-grande-chegam-as-passarelas-do-sao-paulo-fashion-week\/#primaryimage"},"thumbnailUrl":"https:\/\/blogdacondessa.com.br\/blog\/wp-content\/uploads\/2025\/10\/redeiras-de-lipo-grande.jpg","articleSection":["Uncategorized"],"inLanguage":"pt-BR"},{"@type":"WebPage","@id":"https:\/\/blogdacondessa.com.br\/blog\/uncategorized\/pecas-das-redeiras-de-limpo-grande-chegam-as-passarelas-do-sao-paulo-fashion-week\/","url":"https:\/\/blogdacondessa.com.br\/blog\/uncategorized\/pecas-das-redeiras-de-limpo-grande-chegam-as-passarelas-do-sao-paulo-fashion-week\/","name":"Pe\u00e7as das Redeiras de Limpo Grande chegam \u00e0s passarelas do S\u00e3o Paulo Fashion Week &#8902; Blog da Condessa","isPartOf":{"@id":"https:\/\/blogdacondessa.com.br\/blog\/#website"},"primaryImageOfPage":{"@id":"https:\/\/blogdacondessa.com.br\/blog\/uncategorized\/pecas-das-redeiras-de-limpo-grande-chegam-as-passarelas-do-sao-paulo-fashion-week\/#primaryimage"},"image":{"@id":"https:\/\/blogdacondessa.com.br\/blog\/uncategorized\/pecas-das-redeiras-de-limpo-grande-chegam-as-passarelas-do-sao-paulo-fashion-week\/#primaryimage"},"thumbnailUrl":"https:\/\/blogdacondessa.com.br\/blog\/wp-content\/uploads\/2025\/10\/redeiras-de-lipo-grande.jpg","datePublished":"2025-10-23T09:00:15+00:00","author":{"@id":"https:\/\/blogdacondessa.com.br\/blog\/#\/schema\/person\/1d667ff8b785195b568677489d266035"},"breadcrumb":{"@id":"https:\/\/blogdacondessa.com.br\/blog\/uncategorized\/pecas-das-redeiras-de-limpo-grande-chegam-as-passarelas-do-sao-paulo-fashion-week\/#breadcrumb"},"inLanguage":"pt-BR","potentialAction":[{"@type":"ReadAction","target":["https:\/\/blogdacondessa.com.br\/blog\/uncategorized\/pecas-das-redeiras-de-limpo-grande-chegam-as-passarelas-do-sao-paulo-fashion-week\/"]}]},{"@type":"ImageObject","inLanguage":"pt-BR","@id":"https:\/\/blogdacondessa.com.br\/blog\/uncategorized\/pecas-das-redeiras-de-limpo-grande-chegam-as-passarelas-do-sao-paulo-fashion-week\/#primaryimage","url":"https:\/\/blogdacondessa.com.br\/blog\/wp-content\/uploads\/2025\/10\/redeiras-de-lipo-grande.jpg","contentUrl":"https:\/\/blogdacondessa.com.br\/blog\/wp-content\/uploads\/2025\/10\/redeiras-de-lipo-grande.jpg","width":1024,"height":683,"caption":"Foto: Divulga\u00e7\u00e3o"},{"@type":"BreadcrumbList","@id":"https:\/\/blogdacondessa.com.br\/blog\/uncategorized\/pecas-das-redeiras-de-limpo-grande-chegam-as-passarelas-do-sao-paulo-fashion-week\/#breadcrumb","itemListElement":[{"@type":"ListItem","position":1,"name":"In\u00edcio","item":"https:\/\/blogdacondessa.com.br\/blog\/"},{"@type":"ListItem","position":2,"name":"Pe\u00e7as das Redeiras de Limpo Grande chegam \u00e0s passarelas do S\u00e3o Paulo Fashion Week"}]},{"@type":"WebSite","@id":"https:\/\/blogdacondessa.com.br\/blog\/#website","url":"https:\/\/blogdacondessa.com.br\/blog\/","name":"Blog da Condessa","description":"Com Shirley de Souza O\u2019Campos","potentialAction":[{"@type":"SearchAction","target":{"@type":"EntryPoint","urlTemplate":"https:\/\/blogdacondessa.com.br\/blog\/?s={search_term_string}"},"query-input":{"@type":"PropertyValueSpecification","valueRequired":true,"valueName":"search_term_string"}}],"inLanguage":"pt-BR"},{"@type":"Person","@id":"https:\/\/blogdacondessa.com.br\/blog\/#\/schema\/person\/1d667ff8b785195b568677489d266035","name":"Blog da Condessa","image":{"@type":"ImageObject","inLanguage":"pt-BR","@id":"https:\/\/secure.gravatar.com\/avatar\/377c0eb8b4ad2bfc25461b41564b5971e721ca34a57642868fc7b0c8ac7b52c5?s=96&d=mm&r=g","url":"https:\/\/secure.gravatar.com\/avatar\/377c0eb8b4ad2bfc25461b41564b5971e721ca34a57642868fc7b0c8ac7b52c5?s=96&d=mm&r=g","contentUrl":"https:\/\/secure.gravatar.com\/avatar\/377c0eb8b4ad2bfc25461b41564b5971e721ca34a57642868fc7b0c8ac7b52c5?s=96&d=mm&r=g","caption":"Blog da Condessa"},"url":"https:\/\/blogdacondessa.com.br\/blog\/author\/beatriz\/"}]}},"_links":{"self":[{"href":"https:\/\/blogdacondessa.com.br\/blog\/wp-json\/wp\/v2\/posts\/12944","targetHints":{"allow":["GET"]}}],"collection":[{"href":"https:\/\/blogdacondessa.com.br\/blog\/wp-json\/wp\/v2\/posts"}],"about":[{"href":"https:\/\/blogdacondessa.com.br\/blog\/wp-json\/wp\/v2\/types\/post"}],"author":[{"embeddable":true,"href":"https:\/\/blogdacondessa.com.br\/blog\/wp-json\/wp\/v2\/users\/2"}],"replies":[{"embeddable":true,"href":"https:\/\/blogdacondessa.com.br\/blog\/wp-json\/wp\/v2\/comments?post=12944"}],"version-history":[{"count":1,"href":"https:\/\/blogdacondessa.com.br\/blog\/wp-json\/wp\/v2\/posts\/12944\/revisions"}],"predecessor-version":[{"id":12946,"href":"https:\/\/blogdacondessa.com.br\/blog\/wp-json\/wp\/v2\/posts\/12944\/revisions\/12946"}],"wp:featuredmedia":[{"embeddable":true,"href":"https:\/\/blogdacondessa.com.br\/blog\/wp-json\/wp\/v2\/media\/12945"}],"wp:attachment":[{"href":"https:\/\/blogdacondessa.com.br\/blog\/wp-json\/wp\/v2\/media?parent=12944"}],"wp:term":[{"taxonomy":"category","embeddable":true,"href":"https:\/\/blogdacondessa.com.br\/blog\/wp-json\/wp\/v2\/categories?post=12944"},{"taxonomy":"post_tag","embeddable":true,"href":"https:\/\/blogdacondessa.com.br\/blog\/wp-json\/wp\/v2\/tags?post=12944"}],"curies":[{"name":"wp","href":"https:\/\/api.w.org\/{rel}","templated":true}]}}