{"id":12941,"date":"2025-10-23T05:00:53","date_gmt":"2025-10-23T09:00:53","guid":{"rendered":"https:\/\/blogdacondessa.com.br\/blog\/?p=12941"},"modified":"2025-10-23T13:31:53","modified_gmt":"2025-10-23T17:31:53","slug":"programa-catar-pretende-tornar-o-mato-grosso-referencia-em-residuos-zero-no-brasil","status":"publish","type":"post","link":"https:\/\/blogdacondessa.com.br\/blog\/uncategorized\/programa-catar-pretende-tornar-o-mato-grosso-referencia-em-residuos-zero-no-brasil\/","title":{"rendered":"Programa Catar pretende tornar Mato Grosso refer\u00eancia em res\u00edduos zero no Brasil"},"content":{"rendered":"<p>COP30 inspira Mato Grosso a liderar movimento de transforma\u00e7\u00e3o de ESG, conectando agroindustrializa\u00e7\u00e3o, bioeconomia e impacto real.<\/p>\n<p>Com a COP30 se aproximando, o mundo volta os olhos para a Amaz\u00f4nia, e Mato Grosso se prepara para mostrar que desenvolvimento e sustentabilidade podem caminhar juntos. No cora\u00e7\u00e3o do agroneg\u00f3cio brasileiro, o estado come\u00e7a a protagonizar um novo movimento: transformar o ESG em estrat\u00e9gia real de gera\u00e7\u00e3o de valor, conectando agroindustrializa\u00e7\u00e3o, bioeconomia e impacto social.<\/p>\n<p>Segundo dados do estudo A Maturidade ESG nas Empresas Brasileiras: Avan\u00e7os e Desafios 2024, conduzido pela Beon ESG e Aberje, 51% das empresas j\u00e1 possuem uma estrat\u00e9gia formalizada de sustentabilidade &#8211; um crescimento de 14% em rela\u00e7\u00e3o a\u00a0<a href=\"http:\/\/2021.as\/\">2021.as<\/a>\u00a0o avan\u00e7o do ESG exige mais do que iniciativas corporativas isoladas: precisa envolver o poder p\u00fablico, a sociedade civil e os territ\u00f3rios. No Mato Grosso, onde o agroneg\u00f3cio representa 50% do PIB, cresce a busca por solu\u00e7\u00f5es que unam produtividade e preserva\u00e7\u00e3o.<\/p>\n<p>H\u00e1 quatro anos em opera\u00e7\u00e3o no estado, o Impact Hub Cuiab\u00e1 desenvolve programas que fortalecem o empreendedorismo, fomentam neg\u00f3cios de impacto e impulsionam o desenvolvimento regional. Em parceria com o Sebrae-MT, a organiza\u00e7\u00e3o j\u00e1 impactou mais de 3 mil empreendedores.<\/p>\n<p>\u201cCom nossas metodologias e programas, conseguimos aplicar solu\u00e7\u00f5es nos territ\u00f3rios e ver a transforma\u00e7\u00e3o acontecer de forma concreta. Atuamos como ponte entre inclus\u00e3o e inova\u00e7\u00e3o, entre o campo e a cidade, fomentando novas ind\u00fastrias, a agroindustrializa\u00e7\u00e3o e caminhos reais para a bioeconomia. Nosso papel \u00e9 integrar poder p\u00fablico, Sistema S, cooperativas e sociedade civil para ampliar a renda local e fortalecer um Mato Grosso mais potente, onde prop\u00f3sito, desenvolvimento e sustentabilidade caminham juntos.\u201d, afirma Cristiane Furlanetti, diretora e cofundadora do Impact Hub Cuiab\u00e1.<\/p>\n<p><strong>Programa Catar: economia circular com impacto real<\/strong><\/p>\n<p>Com foco em res\u00edduos s\u00f3lidos urbanos, o Programa Catar \u00e9 uma iniciativa do Impact Hub Cuiab\u00e1 que conecta munic\u00edpios, cooperativas, catadores aut\u00f4nomos, empresas e sociedade civil em uma nova l\u00f3gica de economia circular: justa, inclusiva e regenerativa. Em vez de ficar restrito ao discurso, o Programa Catar promove a\u00e7\u00f5es reais com impacto direto nas comunidades e no meio ambiente.<\/p>\n<p><strong>O cen\u00e1rio refor\u00e7a a urg\u00eancia da pauta:<\/strong><\/p>\n<p>apenas 58,5% dos res\u00edduos s\u00f3lidos urbanos t\u00eam destina\u00e7\u00e3o adequada, o restante (41,5%) vai para lix\u00f5es ou aterros.<\/p>\n<p>No Mato Grosso, apenas 52% dos munic\u00edpios fazem a destina\u00e7\u00e3o correta dos res\u00edduos s\u00f3lidos, m\u00e9dia abaixo da nacional, segundo dados do Minist\u00e9rio P\u00fablico do estado.<\/p>\n<p>Em 2024, o MT foi contemplado com aprova\u00e7\u00e3o de quatro propostas para receber o \u201cNovo PAC Sele\u00e7\u00f5es de Res\u00edduos S\u00f3lidos\u201d do Governo federal com investimentos de R$15,4 milh\u00f5es, o que pode ajudar a mudar essa realidade.<\/p>\n<p>Al\u00e9m disso, o Brasil recicla apenas 4% dos res\u00edduos s\u00f3lidos urbanos, desperdi\u00e7ando recursos que poderiam movimentar at\u00e9 R$ 14 bilh\u00f5es por ano em economia e gera\u00e7\u00e3o de renda.<\/p>\n<p><strong>De pol\u00edtica p\u00fablica viva a modelo replic\u00e1vel<\/strong><\/p>\n<p>Diante de um cen\u00e1rio cr\u00edtico na gest\u00e3o de res\u00edduos s\u00f3lidos, iniciativas como o Programa Catar se destacam como caminhos vi\u00e1veis para transformar desafios ambientais em oportunidades de desenvolvimento. Mais do que uma solu\u00e7\u00e3o pontual, o Catar \u00e9 uma proposta de pol\u00edtica p\u00fablica viva, que articula poder p\u00fablico, prefeituras, empresas, cooperativas e cidad\u00e3os para tornar a economia circular uma realidade em Mato Grosso.<\/p>\n<p>Embora ainda em fase de implementa\u00e7\u00e3o, o programa busca a ades\u00e3o de institui\u00e7\u00f5es e governos que compartilhem da mesma causa: tornar o estado uma refer\u00eancia nacional em res\u00edduos zero. A ideia \u00e9 escalar a proposta por meio de parcerias estrat\u00e9gicas que permitam viabilizar financeiramente sua aplica\u00e7\u00e3o em diferentes territ\u00f3rios.<\/p>\n<p>\u201cMais que um projeto, o CATAR \u00e9 uma pol\u00edtica p\u00fablica viva, que mostra que a transforma\u00e7\u00e3o acontece quando todos assumem o seu papel. \u00c9 uma forma real de transformar promessas em impacto. Porque crescer de forma sustent\u00e1vel \u00e9 olhar al\u00e9m do PIB, \u00e9 enxergar a renda dos territ\u00f3rios, reduzir a pobreza multidimensional e criar neg\u00f3cios que resolvem desafios p\u00fablicos. Assim, o desenvolvimento deixa de ser s\u00f3 papel do governo e passa a ser responsabilidade de todos n\u00f3s, mato-grossenses\u201d, explica Cristiane Furlanetti.<\/p>\n<p>Essa proposta \u00e9 fruto da atua\u00e7\u00e3o do Impact Hub Cuiab\u00e1 em articula\u00e7\u00e3o com lideran\u00e7as locais e marcos legais que reconhecem o impacto socioambiental como vetor de desenvolvimento. O programa se apoia na Lei de Neg\u00f3cios de Impacto de Mato Grosso, que abre espa\u00e7o para solu\u00e7\u00f5es inovadoras no setor p\u00fablico, e se alinha a iniciativas nacionais como a ENIMPACTO, que promove o fortalecimento de neg\u00f3cios com prop\u00f3sito, e \u00e0 Taxonomia Sustent\u00e1vel, que orienta investimentos voltados \u00e0 sustentabilidade.<\/p>\n<p>&nbsp;<\/p>\n<p>Impact Hub Cuiab\u00e1<\/p>\n<p>O Impact Hub Cuiab\u00e1 \u00e9 o primeiro hub[6]\u00a0 de impacto de Mato Grosso, pioneiro em inserir a pauta de Impacto e Inova\u00e7\u00e3o no Estado. Atua como catalisador da diversifica\u00e7\u00e3o econ\u00f4mica local, conectando agroneg\u00f3cio, agricultura familiar, empreendedoras e neg\u00f3cios sociais. Focado em sustentabilidade e inclus\u00e3o, \u00e9 refer\u00eancia em compras sociais e pol\u00edticas p\u00fablicas para cadeias produtivas locais, atuando junto a governos e empresas para fortalecer a economia regional.<\/p>\n<p><strong>\u00a0Companhia de Impacto<\/strong><\/p>\n<p>A Companhia de Impacto \u00e9 o primeiro grupo de neg\u00f3cios do Brasil 100% dedicado ao impacto socioambiental positivo. Re\u00fane iniciativas como os Impact Hubs de S\u00e3o Paulo, Florian\u00f3polis, Porto Alegre e Cuiab\u00e1, al\u00e9m da empresa Salto Inclus\u00e3o Produtiva e do f\u00f3rum Impacta Mais. Ao longo de mais de 18 anos de atua\u00e7\u00e3o, j\u00e1 acelerou mais de 700 startups de impacto e consolidou-se como refer\u00eancia nacional na cria\u00e7\u00e3o de ecossistemas que combinam inova\u00e7\u00e3o, inclus\u00e3o produtiva, pol\u00edticas p\u00fablicas e empreendedorismo com prop\u00f3sito.<\/p>\n<p>&nbsp;<\/p>\n","protected":false},"excerpt":{"rendered":"<p>COP30 inspira Mato Grosso a liderar movimento de transforma\u00e7\u00e3o de ESG, conectando agroindustrializa\u00e7\u00e3o, bioeconomia e impacto real. Com a COP30 se aproximando, o mundo volta os olhos para a Amaz\u00f4nia, e Mato Grosso se prepara para mostrar que desenvolvimento e sustentabilidade podem caminhar juntos. No cora\u00e7\u00e3o do agroneg\u00f3cio brasileiro, o estado come\u00e7a a protagonizar um [&hellip;]<\/p>\n","protected":false},"author":2,"featured_media":12942,"comment_status":"closed","ping_status":"closed","sticky":false,"template":"","format":"standard","meta":{"iawp_total_views":12,"footnotes":""},"categories":[1],"tags":[],"class_list":["post-12941","post","type-post","status-publish","format-standard","has-post-thumbnail","hentry","category-uncategorized"],"yoast_head":"<!-- This site is optimized with the Yoast SEO plugin v27.3 - https:\/\/yoast.com\/product\/yoast-seo-wordpress\/ -->\n<title>Programa Catar pretende tornar Mato Grosso refer\u00eancia em res\u00edduos zero no Brasil &#8902; Blog da Condessa<\/title>\n<meta name=\"robots\" content=\"index, follow, max-snippet:-1, max-image-preview:large, max-video-preview:-1\" \/>\n<link rel=\"canonical\" href=\"https:\/\/blogdacondessa.com.br\/blog\/uncategorized\/programa-catar-pretende-tornar-o-mato-grosso-referencia-em-residuos-zero-no-brasil\/\" \/>\n<meta property=\"og:locale\" content=\"pt_BR\" \/>\n<meta property=\"og:type\" content=\"article\" \/>\n<meta property=\"og:title\" content=\"Programa Catar pretende tornar Mato Grosso refer\u00eancia em res\u00edduos zero no Brasil &#8902; Blog da Condessa\" \/>\n<meta property=\"og:description\" content=\"COP30 inspira Mato Grosso a liderar movimento de transforma\u00e7\u00e3o de ESG, conectando agroindustrializa\u00e7\u00e3o, bioeconomia e impacto real. Com a COP30 se aproximando, o mundo volta os olhos para a Amaz\u00f4nia, e Mato Grosso se prepara para mostrar que desenvolvimento e sustentabilidade podem caminhar juntos. No cora\u00e7\u00e3o do agroneg\u00f3cio brasileiro, o estado come\u00e7a a protagonizar um [&hellip;]\" \/>\n<meta property=\"og:url\" content=\"https:\/\/blogdacondessa.com.br\/blog\/uncategorized\/programa-catar-pretende-tornar-o-mato-grosso-referencia-em-residuos-zero-no-brasil\/\" \/>\n<meta property=\"og:site_name\" content=\"Blog da Condessa\" \/>\n<meta property=\"article:published_time\" content=\"2025-10-23T09:00:53+00:00\" \/>\n<meta property=\"article:modified_time\" content=\"2025-10-23T17:31:53+00:00\" \/>\n<meta property=\"og:image\" content=\"https:\/\/blogdacondessa.com.br\/blog\/wp-content\/uploads\/2025\/10\/COP-30.jpg\" \/>\n\t<meta property=\"og:image:width\" content=\"1280\" \/>\n\t<meta property=\"og:image:height\" content=\"852\" \/>\n\t<meta property=\"og:image:type\" content=\"image\/jpeg\" \/>\n<meta name=\"author\" content=\"Blog da Condessa\" \/>\n<meta name=\"twitter:card\" content=\"summary_large_image\" \/>\n<meta name=\"twitter:label1\" content=\"Escrito por\" \/>\n\t<meta name=\"twitter:data1\" content=\"Blog da Condessa\" \/>\n\t<meta name=\"twitter:label2\" content=\"Est. tempo de leitura\" \/>\n\t<meta name=\"twitter:data2\" content=\"6 minutos\" \/>\n<script type=\"application\/ld+json\" class=\"yoast-schema-graph\">{\"@context\":\"https:\\\/\\\/schema.org\",\"@graph\":[{\"@type\":\"Article\",\"@id\":\"https:\\\/\\\/blogdacondessa.com.br\\\/blog\\\/uncategorized\\\/programa-catar-pretende-tornar-o-mato-grosso-referencia-em-residuos-zero-no-brasil\\\/#article\",\"isPartOf\":{\"@id\":\"https:\\\/\\\/blogdacondessa.com.br\\\/blog\\\/uncategorized\\\/programa-catar-pretende-tornar-o-mato-grosso-referencia-em-residuos-zero-no-brasil\\\/\"},\"author\":{\"name\":\"Blog da Condessa\",\"@id\":\"https:\\\/\\\/blogdacondessa.com.br\\\/blog\\\/#\\\/schema\\\/person\\\/1d667ff8b785195b568677489d266035\"},\"headline\":\"Programa Catar pretende tornar Mato Grosso refer\u00eancia em res\u00edduos zero no Brasil\",\"datePublished\":\"2025-10-23T09:00:53+00:00\",\"dateModified\":\"2025-10-23T17:31:53+00:00\",\"mainEntityOfPage\":{\"@id\":\"https:\\\/\\\/blogdacondessa.com.br\\\/blog\\\/uncategorized\\\/programa-catar-pretende-tornar-o-mato-grosso-referencia-em-residuos-zero-no-brasil\\\/\"},\"wordCount\":999,\"image\":{\"@id\":\"https:\\\/\\\/blogdacondessa.com.br\\\/blog\\\/uncategorized\\\/programa-catar-pretende-tornar-o-mato-grosso-referencia-em-residuos-zero-no-brasil\\\/#primaryimage\"},\"thumbnailUrl\":\"https:\\\/\\\/blogdacondessa.com.br\\\/blog\\\/wp-content\\\/uploads\\\/2025\\\/10\\\/COP-30.jpg\",\"articleSection\":[\"Uncategorized\"],\"inLanguage\":\"pt-BR\"},{\"@type\":\"WebPage\",\"@id\":\"https:\\\/\\\/blogdacondessa.com.br\\\/blog\\\/uncategorized\\\/programa-catar-pretende-tornar-o-mato-grosso-referencia-em-residuos-zero-no-brasil\\\/\",\"url\":\"https:\\\/\\\/blogdacondessa.com.br\\\/blog\\\/uncategorized\\\/programa-catar-pretende-tornar-o-mato-grosso-referencia-em-residuos-zero-no-brasil\\\/\",\"name\":\"Programa Catar pretende tornar Mato Grosso refer\u00eancia em res\u00edduos zero no Brasil &#8902; Blog da Condessa\",\"isPartOf\":{\"@id\":\"https:\\\/\\\/blogdacondessa.com.br\\\/blog\\\/#website\"},\"primaryImageOfPage\":{\"@id\":\"https:\\\/\\\/blogdacondessa.com.br\\\/blog\\\/uncategorized\\\/programa-catar-pretende-tornar-o-mato-grosso-referencia-em-residuos-zero-no-brasil\\\/#primaryimage\"},\"image\":{\"@id\":\"https:\\\/\\\/blogdacondessa.com.br\\\/blog\\\/uncategorized\\\/programa-catar-pretende-tornar-o-mato-grosso-referencia-em-residuos-zero-no-brasil\\\/#primaryimage\"},\"thumbnailUrl\":\"https:\\\/\\\/blogdacondessa.com.br\\\/blog\\\/wp-content\\\/uploads\\\/2025\\\/10\\\/COP-30.jpg\",\"datePublished\":\"2025-10-23T09:00:53+00:00\",\"dateModified\":\"2025-10-23T17:31:53+00:00\",\"author\":{\"@id\":\"https:\\\/\\\/blogdacondessa.com.br\\\/blog\\\/#\\\/schema\\\/person\\\/1d667ff8b785195b568677489d266035\"},\"breadcrumb\":{\"@id\":\"https:\\\/\\\/blogdacondessa.com.br\\\/blog\\\/uncategorized\\\/programa-catar-pretende-tornar-o-mato-grosso-referencia-em-residuos-zero-no-brasil\\\/#breadcrumb\"},\"inLanguage\":\"pt-BR\",\"potentialAction\":[{\"@type\":\"ReadAction\",\"target\":[\"https:\\\/\\\/blogdacondessa.com.br\\\/blog\\\/uncategorized\\\/programa-catar-pretende-tornar-o-mato-grosso-referencia-em-residuos-zero-no-brasil\\\/\"]}]},{\"@type\":\"ImageObject\",\"inLanguage\":\"pt-BR\",\"@id\":\"https:\\\/\\\/blogdacondessa.com.br\\\/blog\\\/uncategorized\\\/programa-catar-pretende-tornar-o-mato-grosso-referencia-em-residuos-zero-no-brasil\\\/#primaryimage\",\"url\":\"https:\\\/\\\/blogdacondessa.com.br\\\/blog\\\/wp-content\\\/uploads\\\/2025\\\/10\\\/COP-30.jpg\",\"contentUrl\":\"https:\\\/\\\/blogdacondessa.com.br\\\/blog\\\/wp-content\\\/uploads\\\/2025\\\/10\\\/COP-30.jpg\",\"width\":1280,\"height\":852},{\"@type\":\"BreadcrumbList\",\"@id\":\"https:\\\/\\\/blogdacondessa.com.br\\\/blog\\\/uncategorized\\\/programa-catar-pretende-tornar-o-mato-grosso-referencia-em-residuos-zero-no-brasil\\\/#breadcrumb\",\"itemListElement\":[{\"@type\":\"ListItem\",\"position\":1,\"name\":\"In\u00edcio\",\"item\":\"https:\\\/\\\/blogdacondessa.com.br\\\/blog\\\/\"},{\"@type\":\"ListItem\",\"position\":2,\"name\":\"Programa Catar pretende tornar Mato Grosso refer\u00eancia em res\u00edduos zero no Brasil\"}]},{\"@type\":\"WebSite\",\"@id\":\"https:\\\/\\\/blogdacondessa.com.br\\\/blog\\\/#website\",\"url\":\"https:\\\/\\\/blogdacondessa.com.br\\\/blog\\\/\",\"name\":\"Blog da Condessa\",\"description\":\"Com Shirley de Souza O\u2019Campos\",\"potentialAction\":[{\"@type\":\"SearchAction\",\"target\":{\"@type\":\"EntryPoint\",\"urlTemplate\":\"https:\\\/\\\/blogdacondessa.com.br\\\/blog\\\/?s={search_term_string}\"},\"query-input\":{\"@type\":\"PropertyValueSpecification\",\"valueRequired\":true,\"valueName\":\"search_term_string\"}}],\"inLanguage\":\"pt-BR\"},{\"@type\":\"Person\",\"@id\":\"https:\\\/\\\/blogdacondessa.com.br\\\/blog\\\/#\\\/schema\\\/person\\\/1d667ff8b785195b568677489d266035\",\"name\":\"Blog da Condessa\",\"image\":{\"@type\":\"ImageObject\",\"inLanguage\":\"pt-BR\",\"@id\":\"https:\\\/\\\/secure.gravatar.com\\\/avatar\\\/377c0eb8b4ad2bfc25461b41564b5971e721ca34a57642868fc7b0c8ac7b52c5?s=96&d=mm&r=g\",\"url\":\"https:\\\/\\\/secure.gravatar.com\\\/avatar\\\/377c0eb8b4ad2bfc25461b41564b5971e721ca34a57642868fc7b0c8ac7b52c5?s=96&d=mm&r=g\",\"contentUrl\":\"https:\\\/\\\/secure.gravatar.com\\\/avatar\\\/377c0eb8b4ad2bfc25461b41564b5971e721ca34a57642868fc7b0c8ac7b52c5?s=96&d=mm&r=g\",\"caption\":\"Blog da Condessa\"},\"url\":\"https:\\\/\\\/blogdacondessa.com.br\\\/blog\\\/author\\\/beatriz\\\/\"}]}<\/script>\n<!-- \/ Yoast SEO plugin. -->","yoast_head_json":{"title":"Programa Catar pretende tornar Mato Grosso refer\u00eancia em res\u00edduos zero no Brasil &#8902; Blog da Condessa","robots":{"index":"index","follow":"follow","max-snippet":"max-snippet:-1","max-image-preview":"max-image-preview:large","max-video-preview":"max-video-preview:-1"},"canonical":"https:\/\/blogdacondessa.com.br\/blog\/uncategorized\/programa-catar-pretende-tornar-o-mato-grosso-referencia-em-residuos-zero-no-brasil\/","og_locale":"pt_BR","og_type":"article","og_title":"Programa Catar pretende tornar Mato Grosso refer\u00eancia em res\u00edduos zero no Brasil &#8902; Blog da Condessa","og_description":"COP30 inspira Mato Grosso a liderar movimento de transforma\u00e7\u00e3o de ESG, conectando agroindustrializa\u00e7\u00e3o, bioeconomia e impacto real. Com a COP30 se aproximando, o mundo volta os olhos para a Amaz\u00f4nia, e Mato Grosso se prepara para mostrar que desenvolvimento e sustentabilidade podem caminhar juntos. No cora\u00e7\u00e3o do agroneg\u00f3cio brasileiro, o estado come\u00e7a a protagonizar um [&hellip;]","og_url":"https:\/\/blogdacondessa.com.br\/blog\/uncategorized\/programa-catar-pretende-tornar-o-mato-grosso-referencia-em-residuos-zero-no-brasil\/","og_site_name":"Blog da Condessa","article_published_time":"2025-10-23T09:00:53+00:00","article_modified_time":"2025-10-23T17:31:53+00:00","og_image":[{"width":1280,"height":852,"url":"https:\/\/blogdacondessa.com.br\/blog\/wp-content\/uploads\/2025\/10\/COP-30.jpg","type":"image\/jpeg"}],"author":"Blog da Condessa","twitter_card":"summary_large_image","twitter_misc":{"Escrito por":"Blog da Condessa","Est. tempo de leitura":"6 minutos"},"schema":{"@context":"https:\/\/schema.org","@graph":[{"@type":"Article","@id":"https:\/\/blogdacondessa.com.br\/blog\/uncategorized\/programa-catar-pretende-tornar-o-mato-grosso-referencia-em-residuos-zero-no-brasil\/#article","isPartOf":{"@id":"https:\/\/blogdacondessa.com.br\/blog\/uncategorized\/programa-catar-pretende-tornar-o-mato-grosso-referencia-em-residuos-zero-no-brasil\/"},"author":{"name":"Blog da Condessa","@id":"https:\/\/blogdacondessa.com.br\/blog\/#\/schema\/person\/1d667ff8b785195b568677489d266035"},"headline":"Programa Catar pretende tornar Mato Grosso refer\u00eancia em res\u00edduos zero no Brasil","datePublished":"2025-10-23T09:00:53+00:00","dateModified":"2025-10-23T17:31:53+00:00","mainEntityOfPage":{"@id":"https:\/\/blogdacondessa.com.br\/blog\/uncategorized\/programa-catar-pretende-tornar-o-mato-grosso-referencia-em-residuos-zero-no-brasil\/"},"wordCount":999,"image":{"@id":"https:\/\/blogdacondessa.com.br\/blog\/uncategorized\/programa-catar-pretende-tornar-o-mato-grosso-referencia-em-residuos-zero-no-brasil\/#primaryimage"},"thumbnailUrl":"https:\/\/blogdacondessa.com.br\/blog\/wp-content\/uploads\/2025\/10\/COP-30.jpg","articleSection":["Uncategorized"],"inLanguage":"pt-BR"},{"@type":"WebPage","@id":"https:\/\/blogdacondessa.com.br\/blog\/uncategorized\/programa-catar-pretende-tornar-o-mato-grosso-referencia-em-residuos-zero-no-brasil\/","url":"https:\/\/blogdacondessa.com.br\/blog\/uncategorized\/programa-catar-pretende-tornar-o-mato-grosso-referencia-em-residuos-zero-no-brasil\/","name":"Programa Catar pretende tornar Mato Grosso refer\u00eancia em res\u00edduos zero no Brasil &#8902; Blog da Condessa","isPartOf":{"@id":"https:\/\/blogdacondessa.com.br\/blog\/#website"},"primaryImageOfPage":{"@id":"https:\/\/blogdacondessa.com.br\/blog\/uncategorized\/programa-catar-pretende-tornar-o-mato-grosso-referencia-em-residuos-zero-no-brasil\/#primaryimage"},"image":{"@id":"https:\/\/blogdacondessa.com.br\/blog\/uncategorized\/programa-catar-pretende-tornar-o-mato-grosso-referencia-em-residuos-zero-no-brasil\/#primaryimage"},"thumbnailUrl":"https:\/\/blogdacondessa.com.br\/blog\/wp-content\/uploads\/2025\/10\/COP-30.jpg","datePublished":"2025-10-23T09:00:53+00:00","dateModified":"2025-10-23T17:31:53+00:00","author":{"@id":"https:\/\/blogdacondessa.com.br\/blog\/#\/schema\/person\/1d667ff8b785195b568677489d266035"},"breadcrumb":{"@id":"https:\/\/blogdacondessa.com.br\/blog\/uncategorized\/programa-catar-pretende-tornar-o-mato-grosso-referencia-em-residuos-zero-no-brasil\/#breadcrumb"},"inLanguage":"pt-BR","potentialAction":[{"@type":"ReadAction","target":["https:\/\/blogdacondessa.com.br\/blog\/uncategorized\/programa-catar-pretende-tornar-o-mato-grosso-referencia-em-residuos-zero-no-brasil\/"]}]},{"@type":"ImageObject","inLanguage":"pt-BR","@id":"https:\/\/blogdacondessa.com.br\/blog\/uncategorized\/programa-catar-pretende-tornar-o-mato-grosso-referencia-em-residuos-zero-no-brasil\/#primaryimage","url":"https:\/\/blogdacondessa.com.br\/blog\/wp-content\/uploads\/2025\/10\/COP-30.jpg","contentUrl":"https:\/\/blogdacondessa.com.br\/blog\/wp-content\/uploads\/2025\/10\/COP-30.jpg","width":1280,"height":852},{"@type":"BreadcrumbList","@id":"https:\/\/blogdacondessa.com.br\/blog\/uncategorized\/programa-catar-pretende-tornar-o-mato-grosso-referencia-em-residuos-zero-no-brasil\/#breadcrumb","itemListElement":[{"@type":"ListItem","position":1,"name":"In\u00edcio","item":"https:\/\/blogdacondessa.com.br\/blog\/"},{"@type":"ListItem","position":2,"name":"Programa Catar pretende tornar Mato Grosso refer\u00eancia em res\u00edduos zero no Brasil"}]},{"@type":"WebSite","@id":"https:\/\/blogdacondessa.com.br\/blog\/#website","url":"https:\/\/blogdacondessa.com.br\/blog\/","name":"Blog da Condessa","description":"Com Shirley de Souza O\u2019Campos","potentialAction":[{"@type":"SearchAction","target":{"@type":"EntryPoint","urlTemplate":"https:\/\/blogdacondessa.com.br\/blog\/?s={search_term_string}"},"query-input":{"@type":"PropertyValueSpecification","valueRequired":true,"valueName":"search_term_string"}}],"inLanguage":"pt-BR"},{"@type":"Person","@id":"https:\/\/blogdacondessa.com.br\/blog\/#\/schema\/person\/1d667ff8b785195b568677489d266035","name":"Blog da Condessa","image":{"@type":"ImageObject","inLanguage":"pt-BR","@id":"https:\/\/secure.gravatar.com\/avatar\/377c0eb8b4ad2bfc25461b41564b5971e721ca34a57642868fc7b0c8ac7b52c5?s=96&d=mm&r=g","url":"https:\/\/secure.gravatar.com\/avatar\/377c0eb8b4ad2bfc25461b41564b5971e721ca34a57642868fc7b0c8ac7b52c5?s=96&d=mm&r=g","contentUrl":"https:\/\/secure.gravatar.com\/avatar\/377c0eb8b4ad2bfc25461b41564b5971e721ca34a57642868fc7b0c8ac7b52c5?s=96&d=mm&r=g","caption":"Blog da Condessa"},"url":"https:\/\/blogdacondessa.com.br\/blog\/author\/beatriz\/"}]}},"_links":{"self":[{"href":"https:\/\/blogdacondessa.com.br\/blog\/wp-json\/wp\/v2\/posts\/12941","targetHints":{"allow":["GET"]}}],"collection":[{"href":"https:\/\/blogdacondessa.com.br\/blog\/wp-json\/wp\/v2\/posts"}],"about":[{"href":"https:\/\/blogdacondessa.com.br\/blog\/wp-json\/wp\/v2\/types\/post"}],"author":[{"embeddable":true,"href":"https:\/\/blogdacondessa.com.br\/blog\/wp-json\/wp\/v2\/users\/2"}],"replies":[{"embeddable":true,"href":"https:\/\/blogdacondessa.com.br\/blog\/wp-json\/wp\/v2\/comments?post=12941"}],"version-history":[{"count":2,"href":"https:\/\/blogdacondessa.com.br\/blog\/wp-json\/wp\/v2\/posts\/12941\/revisions"}],"predecessor-version":[{"id":12947,"href":"https:\/\/blogdacondessa.com.br\/blog\/wp-json\/wp\/v2\/posts\/12941\/revisions\/12947"}],"wp:featuredmedia":[{"embeddable":true,"href":"https:\/\/blogdacondessa.com.br\/blog\/wp-json\/wp\/v2\/media\/12942"}],"wp:attachment":[{"href":"https:\/\/blogdacondessa.com.br\/blog\/wp-json\/wp\/v2\/media?parent=12941"}],"wp:term":[{"taxonomy":"category","embeddable":true,"href":"https:\/\/blogdacondessa.com.br\/blog\/wp-json\/wp\/v2\/categories?post=12941"},{"taxonomy":"post_tag","embeddable":true,"href":"https:\/\/blogdacondessa.com.br\/blog\/wp-json\/wp\/v2\/tags?post=12941"}],"curies":[{"name":"wp","href":"https:\/\/api.w.org\/{rel}","templated":true}]}}