{"id":12937,"date":"2025-10-22T05:00:37","date_gmt":"2025-10-22T09:00:37","guid":{"rendered":"https:\/\/blogdacondessa.com.br\/blog\/?p=12937"},"modified":"2025-10-22T05:56:27","modified_gmt":"2025-10-22T09:56:27","slug":"espetaculo-apresenta-um-mergulho-poetico-na-relacao-entre-o-ser-humano-e-a-agua","status":"publish","type":"post","link":"https:\/\/blogdacondessa.com.br\/blog\/uncategorized\/espetaculo-apresenta-um-mergulho-poetico-na-relacao-entre-o-ser-humano-e-a-agua\/","title":{"rendered":"Espet\u00e1culo apresenta um mergulho po\u00e9tico na rela\u00e7\u00e3o entre o ser humano e a \u00e1gua"},"content":{"rendered":"<p>Alunos do curso de teatro do Cena Onze apresentam o espet\u00e1culo infantil: \u00c1guas, no Cine Teatro Cuiab\u00e1.<\/p>\n<p>Neste domingo (26), alunos da Cia de Teatro Cena Onze apresentar\u00e3o a pe\u00e7a de teatro infantil: \u00c1guas, texto de Flavio Ferreira, baseado nas obras de Silva Freire.<\/p>\n<p>O espet\u00e1culo ser\u00e1 apresentado no Cine Teatro Cuiab\u00e1, \u00e0s 18h e faz parte do encerramento do curso de teatro, ofertado pela companhia \u00e0s crian\u00e7as e adolescentes.<\/p>\n<p>Todos os alunos que se apresentar\u00e3o, pesquisaram sobre o tema, como forma de reflex\u00e3o e de respeito \u00e0 m\u00e3e natureza.<\/p>\n<p>A pe\u00e7a de teatro \u00c1guas \u00e9 de car\u00e1ter educativo; um mergulho po\u00e9tico na rela\u00e7\u00e3o entre o ser humano e a \u00e1gua, onde a dramaturgia faz reflex\u00f5es sobre a import\u00e2ncia da inf\u00e2ncia, dos rios, das chuvas, das matas, da Terra enfim!<\/p>\n<p>Mostra ainda a agress\u00e3o que o garimpo, que as queimadas representam e os riscos da seca, mas, tamb\u00e9m a esperan\u00e7a do renascimento!<\/p>\n<p>A pe\u00e7a celebra a vida, a mem\u00f3ria e os sonhos, onde a pr\u00f3pria \u00c1gua se torna personagem, e nos lembra sobre a import\u00e2ncia da sua preserva\u00e7\u00e3o.<\/p>\n<p>O Cena Onze v\u00ea o teatro como uma das ferramentas de educa\u00e7\u00e3o emocional e resgate da cidadania. Que tenhamos um bom espet\u00e1culo!<\/p>\n<p>Com 36 anos de exist\u00eancia, o Cena Onze realiza, anualmente, 2 cursos de teatro, em parceria com o Col\u00e9gio Maxi, onde cada um deles \u00e9 finalizado com a apresenta\u00e7\u00e3o de um espet\u00e1culo, colocando em pr\u00e1tica, os ensinamentos de meses de aprendizado numa noite especial para os estudantes, familiares e p\u00fablico em geral.<\/p>\n<p>E, al\u00e9m dos cursos de teatro ofertados para crian\u00e7as e adolescentes, a Associa\u00e7\u00e3o Cena Onze \u00e9 gestora da MT Escola de Teatro &#8211; faculdade de teatro p\u00fablica &#8211; em parceria com a Secel-MT, UNEMAT e ADAAP.<\/p>\n<p>Ficha T\u00e9cnica: Professores: Mackson Alexandre e Taty Silva; Adere\u00e7os: Agda Goes, Roque Almeida e Aguilar; Figurinos: Luana Hanes; Texto: Fl\u00e1vio Ferreira; Adapta\u00e7\u00e3o: Mackson Alexandre; Designer: Marcondes Ara\u00fajo; Projetista e T\u00e9cnico de Som: Jo\u00e3o Paulo Nunes; Cuiab\u00e1 Music; Ilumina\u00e7\u00e3o: Hiald Ilumina\u00e7\u00e3o; Assistentes de Produ\u00e7\u00e3o: Anny Goes, Thiago Tech e Roque Almeida; Produ\u00e7\u00e3o Executiva: Agda Go\u00e9s e Marcondes Araujo; Dire\u00e7\u00e3o musical: Paulo F\u00e1bio; Dire\u00e7\u00e3o geral: Fl\u00e1vio Ferreira.<\/p>\n<table>\n<tbody>\n<tr>\n<td width=\"44\"><\/td>\n<td width=\"836\"><\/td>\n<\/tr>\n<\/tbody>\n<\/table>\n","protected":false},"excerpt":{"rendered":"<p>Alunos do curso de teatro do Cena Onze apresentam o espet\u00e1culo infantil: \u00c1guas, no Cine Teatro Cuiab\u00e1. Neste domingo (26), alunos da Cia de Teatro Cena Onze apresentar\u00e3o a pe\u00e7a de teatro infantil: \u00c1guas, texto de Flavio Ferreira, baseado nas obras de Silva Freire. O espet\u00e1culo ser\u00e1 apresentado no Cine Teatro Cuiab\u00e1, \u00e0s 18h e [&hellip;]<\/p>\n","protected":false},"author":2,"featured_media":12938,"comment_status":"closed","ping_status":"closed","sticky":false,"template":"","format":"standard","meta":{"iawp_total_views":65,"footnotes":""},"categories":[1],"tags":[],"class_list":["post-12937","post","type-post","status-publish","format-standard","has-post-thumbnail","hentry","category-uncategorized"],"yoast_head":"<!-- This site is optimized with the Yoast SEO plugin v27.3 - https:\/\/yoast.com\/product\/yoast-seo-wordpress\/ -->\n<title>Espet\u00e1culo apresenta um mergulho po\u00e9tico na rela\u00e7\u00e3o entre o ser humano e a \u00e1gua &#8902; Blog da Condessa<\/title>\n<meta name=\"robots\" content=\"index, follow, max-snippet:-1, max-image-preview:large, max-video-preview:-1\" \/>\n<link rel=\"canonical\" href=\"https:\/\/blogdacondessa.com.br\/blog\/uncategorized\/espetaculo-apresenta-um-mergulho-poetico-na-relacao-entre-o-ser-humano-e-a-agua\/\" \/>\n<meta property=\"og:locale\" content=\"pt_BR\" \/>\n<meta property=\"og:type\" content=\"article\" \/>\n<meta property=\"og:title\" content=\"Espet\u00e1culo apresenta um mergulho po\u00e9tico na rela\u00e7\u00e3o entre o ser humano e a \u00e1gua &#8902; Blog da Condessa\" \/>\n<meta property=\"og:description\" content=\"Alunos do curso de teatro do Cena Onze apresentam o espet\u00e1culo infantil: \u00c1guas, no Cine Teatro Cuiab\u00e1. Neste domingo (26), alunos da Cia de Teatro Cena Onze apresentar\u00e3o a pe\u00e7a de teatro infantil: \u00c1guas, texto de Flavio Ferreira, baseado nas obras de Silva Freire. O espet\u00e1culo ser\u00e1 apresentado no Cine Teatro Cuiab\u00e1, \u00e0s 18h e [&hellip;]\" \/>\n<meta property=\"og:url\" content=\"https:\/\/blogdacondessa.com.br\/blog\/uncategorized\/espetaculo-apresenta-um-mergulho-poetico-na-relacao-entre-o-ser-humano-e-a-agua\/\" \/>\n<meta property=\"og:site_name\" content=\"Blog da Condessa\" \/>\n<meta property=\"article:published_time\" content=\"2025-10-22T09:00:37+00:00\" \/>\n<meta property=\"article:modified_time\" content=\"2025-10-22T09:56:27+00:00\" \/>\n<meta property=\"og:image\" content=\"https:\/\/blogdacondessa.com.br\/blog\/wp-content\/uploads\/2025\/10\/AGUAS.jpg\" \/>\n\t<meta property=\"og:image:width\" content=\"768\" \/>\n\t<meta property=\"og:image:height\" content=\"1024\" \/>\n\t<meta property=\"og:image:type\" content=\"image\/jpeg\" \/>\n<meta name=\"author\" content=\"Blog da Condessa\" \/>\n<meta name=\"twitter:card\" content=\"summary_large_image\" \/>\n<meta name=\"twitter:label1\" content=\"Escrito por\" \/>\n\t<meta name=\"twitter:data1\" content=\"Blog da Condessa\" \/>\n\t<meta name=\"twitter:label2\" content=\"Est. tempo de leitura\" \/>\n\t<meta name=\"twitter:data2\" content=\"3 minutos\" \/>\n<script type=\"application\/ld+json\" class=\"yoast-schema-graph\">{\"@context\":\"https:\\\/\\\/schema.org\",\"@graph\":[{\"@type\":\"Article\",\"@id\":\"https:\\\/\\\/blogdacondessa.com.br\\\/blog\\\/uncategorized\\\/espetaculo-apresenta-um-mergulho-poetico-na-relacao-entre-o-ser-humano-e-a-agua\\\/#article\",\"isPartOf\":{\"@id\":\"https:\\\/\\\/blogdacondessa.com.br\\\/blog\\\/uncategorized\\\/espetaculo-apresenta-um-mergulho-poetico-na-relacao-entre-o-ser-humano-e-a-agua\\\/\"},\"author\":{\"name\":\"Blog da Condessa\",\"@id\":\"https:\\\/\\\/blogdacondessa.com.br\\\/blog\\\/#\\\/schema\\\/person\\\/1d667ff8b785195b568677489d266035\"},\"headline\":\"Espet\u00e1culo apresenta um mergulho po\u00e9tico na rela\u00e7\u00e3o entre o ser humano e a \u00e1gua\",\"datePublished\":\"2025-10-22T09:00:37+00:00\",\"dateModified\":\"2025-10-22T09:56:27+00:00\",\"mainEntityOfPage\":{\"@id\":\"https:\\\/\\\/blogdacondessa.com.br\\\/blog\\\/uncategorized\\\/espetaculo-apresenta-um-mergulho-poetico-na-relacao-entre-o-ser-humano-e-a-agua\\\/\"},\"wordCount\":414,\"image\":{\"@id\":\"https:\\\/\\\/blogdacondessa.com.br\\\/blog\\\/uncategorized\\\/espetaculo-apresenta-um-mergulho-poetico-na-relacao-entre-o-ser-humano-e-a-agua\\\/#primaryimage\"},\"thumbnailUrl\":\"https:\\\/\\\/blogdacondessa.com.br\\\/blog\\\/wp-content\\\/uploads\\\/2025\\\/10\\\/AGUAS.jpg\",\"articleSection\":[\"Uncategorized\"],\"inLanguage\":\"pt-BR\"},{\"@type\":\"WebPage\",\"@id\":\"https:\\\/\\\/blogdacondessa.com.br\\\/blog\\\/uncategorized\\\/espetaculo-apresenta-um-mergulho-poetico-na-relacao-entre-o-ser-humano-e-a-agua\\\/\",\"url\":\"https:\\\/\\\/blogdacondessa.com.br\\\/blog\\\/uncategorized\\\/espetaculo-apresenta-um-mergulho-poetico-na-relacao-entre-o-ser-humano-e-a-agua\\\/\",\"name\":\"Espet\u00e1culo apresenta um mergulho po\u00e9tico na rela\u00e7\u00e3o entre o ser humano e a \u00e1gua &#8902; Blog da Condessa\",\"isPartOf\":{\"@id\":\"https:\\\/\\\/blogdacondessa.com.br\\\/blog\\\/#website\"},\"primaryImageOfPage\":{\"@id\":\"https:\\\/\\\/blogdacondessa.com.br\\\/blog\\\/uncategorized\\\/espetaculo-apresenta-um-mergulho-poetico-na-relacao-entre-o-ser-humano-e-a-agua\\\/#primaryimage\"},\"image\":{\"@id\":\"https:\\\/\\\/blogdacondessa.com.br\\\/blog\\\/uncategorized\\\/espetaculo-apresenta-um-mergulho-poetico-na-relacao-entre-o-ser-humano-e-a-agua\\\/#primaryimage\"},\"thumbnailUrl\":\"https:\\\/\\\/blogdacondessa.com.br\\\/blog\\\/wp-content\\\/uploads\\\/2025\\\/10\\\/AGUAS.jpg\",\"datePublished\":\"2025-10-22T09:00:37+00:00\",\"dateModified\":\"2025-10-22T09:56:27+00:00\",\"author\":{\"@id\":\"https:\\\/\\\/blogdacondessa.com.br\\\/blog\\\/#\\\/schema\\\/person\\\/1d667ff8b785195b568677489d266035\"},\"breadcrumb\":{\"@id\":\"https:\\\/\\\/blogdacondessa.com.br\\\/blog\\\/uncategorized\\\/espetaculo-apresenta-um-mergulho-poetico-na-relacao-entre-o-ser-humano-e-a-agua\\\/#breadcrumb\"},\"inLanguage\":\"pt-BR\",\"potentialAction\":[{\"@type\":\"ReadAction\",\"target\":[\"https:\\\/\\\/blogdacondessa.com.br\\\/blog\\\/uncategorized\\\/espetaculo-apresenta-um-mergulho-poetico-na-relacao-entre-o-ser-humano-e-a-agua\\\/\"]}]},{\"@type\":\"ImageObject\",\"inLanguage\":\"pt-BR\",\"@id\":\"https:\\\/\\\/blogdacondessa.com.br\\\/blog\\\/uncategorized\\\/espetaculo-apresenta-um-mergulho-poetico-na-relacao-entre-o-ser-humano-e-a-agua\\\/#primaryimage\",\"url\":\"https:\\\/\\\/blogdacondessa.com.br\\\/blog\\\/wp-content\\\/uploads\\\/2025\\\/10\\\/AGUAS.jpg\",\"contentUrl\":\"https:\\\/\\\/blogdacondessa.com.br\\\/blog\\\/wp-content\\\/uploads\\\/2025\\\/10\\\/AGUAS.jpg\",\"width\":768,\"height\":1024},{\"@type\":\"BreadcrumbList\",\"@id\":\"https:\\\/\\\/blogdacondessa.com.br\\\/blog\\\/uncategorized\\\/espetaculo-apresenta-um-mergulho-poetico-na-relacao-entre-o-ser-humano-e-a-agua\\\/#breadcrumb\",\"itemListElement\":[{\"@type\":\"ListItem\",\"position\":1,\"name\":\"In\u00edcio\",\"item\":\"https:\\\/\\\/blogdacondessa.com.br\\\/blog\\\/\"},{\"@type\":\"ListItem\",\"position\":2,\"name\":\"Espet\u00e1culo apresenta um mergulho po\u00e9tico na rela\u00e7\u00e3o entre o ser humano e a \u00e1gua\"}]},{\"@type\":\"WebSite\",\"@id\":\"https:\\\/\\\/blogdacondessa.com.br\\\/blog\\\/#website\",\"url\":\"https:\\\/\\\/blogdacondessa.com.br\\\/blog\\\/\",\"name\":\"Blog da Condessa\",\"description\":\"Com Shirley de Souza O\u2019Campos\",\"potentialAction\":[{\"@type\":\"SearchAction\",\"target\":{\"@type\":\"EntryPoint\",\"urlTemplate\":\"https:\\\/\\\/blogdacondessa.com.br\\\/blog\\\/?s={search_term_string}\"},\"query-input\":{\"@type\":\"PropertyValueSpecification\",\"valueRequired\":true,\"valueName\":\"search_term_string\"}}],\"inLanguage\":\"pt-BR\"},{\"@type\":\"Person\",\"@id\":\"https:\\\/\\\/blogdacondessa.com.br\\\/blog\\\/#\\\/schema\\\/person\\\/1d667ff8b785195b568677489d266035\",\"name\":\"Blog da Condessa\",\"image\":{\"@type\":\"ImageObject\",\"inLanguage\":\"pt-BR\",\"@id\":\"https:\\\/\\\/secure.gravatar.com\\\/avatar\\\/377c0eb8b4ad2bfc25461b41564b5971e721ca34a57642868fc7b0c8ac7b52c5?s=96&d=mm&r=g\",\"url\":\"https:\\\/\\\/secure.gravatar.com\\\/avatar\\\/377c0eb8b4ad2bfc25461b41564b5971e721ca34a57642868fc7b0c8ac7b52c5?s=96&d=mm&r=g\",\"contentUrl\":\"https:\\\/\\\/secure.gravatar.com\\\/avatar\\\/377c0eb8b4ad2bfc25461b41564b5971e721ca34a57642868fc7b0c8ac7b52c5?s=96&d=mm&r=g\",\"caption\":\"Blog da Condessa\"},\"url\":\"https:\\\/\\\/blogdacondessa.com.br\\\/blog\\\/author\\\/beatriz\\\/\"}]}<\/script>\n<!-- \/ Yoast SEO plugin. -->","yoast_head_json":{"title":"Espet\u00e1culo apresenta um mergulho po\u00e9tico na rela\u00e7\u00e3o entre o ser humano e a \u00e1gua &#8902; Blog da Condessa","robots":{"index":"index","follow":"follow","max-snippet":"max-snippet:-1","max-image-preview":"max-image-preview:large","max-video-preview":"max-video-preview:-1"},"canonical":"https:\/\/blogdacondessa.com.br\/blog\/uncategorized\/espetaculo-apresenta-um-mergulho-poetico-na-relacao-entre-o-ser-humano-e-a-agua\/","og_locale":"pt_BR","og_type":"article","og_title":"Espet\u00e1culo apresenta um mergulho po\u00e9tico na rela\u00e7\u00e3o entre o ser humano e a \u00e1gua &#8902; Blog da Condessa","og_description":"Alunos do curso de teatro do Cena Onze apresentam o espet\u00e1culo infantil: \u00c1guas, no Cine Teatro Cuiab\u00e1. Neste domingo (26), alunos da Cia de Teatro Cena Onze apresentar\u00e3o a pe\u00e7a de teatro infantil: \u00c1guas, texto de Flavio Ferreira, baseado nas obras de Silva Freire. O espet\u00e1culo ser\u00e1 apresentado no Cine Teatro Cuiab\u00e1, \u00e0s 18h e [&hellip;]","og_url":"https:\/\/blogdacondessa.com.br\/blog\/uncategorized\/espetaculo-apresenta-um-mergulho-poetico-na-relacao-entre-o-ser-humano-e-a-agua\/","og_site_name":"Blog da Condessa","article_published_time":"2025-10-22T09:00:37+00:00","article_modified_time":"2025-10-22T09:56:27+00:00","og_image":[{"width":768,"height":1024,"url":"https:\/\/blogdacondessa.com.br\/blog\/wp-content\/uploads\/2025\/10\/AGUAS.jpg","type":"image\/jpeg"}],"author":"Blog da Condessa","twitter_card":"summary_large_image","twitter_misc":{"Escrito por":"Blog da Condessa","Est. tempo de leitura":"3 minutos"},"schema":{"@context":"https:\/\/schema.org","@graph":[{"@type":"Article","@id":"https:\/\/blogdacondessa.com.br\/blog\/uncategorized\/espetaculo-apresenta-um-mergulho-poetico-na-relacao-entre-o-ser-humano-e-a-agua\/#article","isPartOf":{"@id":"https:\/\/blogdacondessa.com.br\/blog\/uncategorized\/espetaculo-apresenta-um-mergulho-poetico-na-relacao-entre-o-ser-humano-e-a-agua\/"},"author":{"name":"Blog da Condessa","@id":"https:\/\/blogdacondessa.com.br\/blog\/#\/schema\/person\/1d667ff8b785195b568677489d266035"},"headline":"Espet\u00e1culo apresenta um mergulho po\u00e9tico na rela\u00e7\u00e3o entre o ser humano e a \u00e1gua","datePublished":"2025-10-22T09:00:37+00:00","dateModified":"2025-10-22T09:56:27+00:00","mainEntityOfPage":{"@id":"https:\/\/blogdacondessa.com.br\/blog\/uncategorized\/espetaculo-apresenta-um-mergulho-poetico-na-relacao-entre-o-ser-humano-e-a-agua\/"},"wordCount":414,"image":{"@id":"https:\/\/blogdacondessa.com.br\/blog\/uncategorized\/espetaculo-apresenta-um-mergulho-poetico-na-relacao-entre-o-ser-humano-e-a-agua\/#primaryimage"},"thumbnailUrl":"https:\/\/blogdacondessa.com.br\/blog\/wp-content\/uploads\/2025\/10\/AGUAS.jpg","articleSection":["Uncategorized"],"inLanguage":"pt-BR"},{"@type":"WebPage","@id":"https:\/\/blogdacondessa.com.br\/blog\/uncategorized\/espetaculo-apresenta-um-mergulho-poetico-na-relacao-entre-o-ser-humano-e-a-agua\/","url":"https:\/\/blogdacondessa.com.br\/blog\/uncategorized\/espetaculo-apresenta-um-mergulho-poetico-na-relacao-entre-o-ser-humano-e-a-agua\/","name":"Espet\u00e1culo apresenta um mergulho po\u00e9tico na rela\u00e7\u00e3o entre o ser humano e a \u00e1gua &#8902; Blog da Condessa","isPartOf":{"@id":"https:\/\/blogdacondessa.com.br\/blog\/#website"},"primaryImageOfPage":{"@id":"https:\/\/blogdacondessa.com.br\/blog\/uncategorized\/espetaculo-apresenta-um-mergulho-poetico-na-relacao-entre-o-ser-humano-e-a-agua\/#primaryimage"},"image":{"@id":"https:\/\/blogdacondessa.com.br\/blog\/uncategorized\/espetaculo-apresenta-um-mergulho-poetico-na-relacao-entre-o-ser-humano-e-a-agua\/#primaryimage"},"thumbnailUrl":"https:\/\/blogdacondessa.com.br\/blog\/wp-content\/uploads\/2025\/10\/AGUAS.jpg","datePublished":"2025-10-22T09:00:37+00:00","dateModified":"2025-10-22T09:56:27+00:00","author":{"@id":"https:\/\/blogdacondessa.com.br\/blog\/#\/schema\/person\/1d667ff8b785195b568677489d266035"},"breadcrumb":{"@id":"https:\/\/blogdacondessa.com.br\/blog\/uncategorized\/espetaculo-apresenta-um-mergulho-poetico-na-relacao-entre-o-ser-humano-e-a-agua\/#breadcrumb"},"inLanguage":"pt-BR","potentialAction":[{"@type":"ReadAction","target":["https:\/\/blogdacondessa.com.br\/blog\/uncategorized\/espetaculo-apresenta-um-mergulho-poetico-na-relacao-entre-o-ser-humano-e-a-agua\/"]}]},{"@type":"ImageObject","inLanguage":"pt-BR","@id":"https:\/\/blogdacondessa.com.br\/blog\/uncategorized\/espetaculo-apresenta-um-mergulho-poetico-na-relacao-entre-o-ser-humano-e-a-agua\/#primaryimage","url":"https:\/\/blogdacondessa.com.br\/blog\/wp-content\/uploads\/2025\/10\/AGUAS.jpg","contentUrl":"https:\/\/blogdacondessa.com.br\/blog\/wp-content\/uploads\/2025\/10\/AGUAS.jpg","width":768,"height":1024},{"@type":"BreadcrumbList","@id":"https:\/\/blogdacondessa.com.br\/blog\/uncategorized\/espetaculo-apresenta-um-mergulho-poetico-na-relacao-entre-o-ser-humano-e-a-agua\/#breadcrumb","itemListElement":[{"@type":"ListItem","position":1,"name":"In\u00edcio","item":"https:\/\/blogdacondessa.com.br\/blog\/"},{"@type":"ListItem","position":2,"name":"Espet\u00e1culo apresenta um mergulho po\u00e9tico na rela\u00e7\u00e3o entre o ser humano e a \u00e1gua"}]},{"@type":"WebSite","@id":"https:\/\/blogdacondessa.com.br\/blog\/#website","url":"https:\/\/blogdacondessa.com.br\/blog\/","name":"Blog da Condessa","description":"Com Shirley de Souza O\u2019Campos","potentialAction":[{"@type":"SearchAction","target":{"@type":"EntryPoint","urlTemplate":"https:\/\/blogdacondessa.com.br\/blog\/?s={search_term_string}"},"query-input":{"@type":"PropertyValueSpecification","valueRequired":true,"valueName":"search_term_string"}}],"inLanguage":"pt-BR"},{"@type":"Person","@id":"https:\/\/blogdacondessa.com.br\/blog\/#\/schema\/person\/1d667ff8b785195b568677489d266035","name":"Blog da Condessa","image":{"@type":"ImageObject","inLanguage":"pt-BR","@id":"https:\/\/secure.gravatar.com\/avatar\/377c0eb8b4ad2bfc25461b41564b5971e721ca34a57642868fc7b0c8ac7b52c5?s=96&d=mm&r=g","url":"https:\/\/secure.gravatar.com\/avatar\/377c0eb8b4ad2bfc25461b41564b5971e721ca34a57642868fc7b0c8ac7b52c5?s=96&d=mm&r=g","contentUrl":"https:\/\/secure.gravatar.com\/avatar\/377c0eb8b4ad2bfc25461b41564b5971e721ca34a57642868fc7b0c8ac7b52c5?s=96&d=mm&r=g","caption":"Blog da Condessa"},"url":"https:\/\/blogdacondessa.com.br\/blog\/author\/beatriz\/"}]}},"_links":{"self":[{"href":"https:\/\/blogdacondessa.com.br\/blog\/wp-json\/wp\/v2\/posts\/12937","targetHints":{"allow":["GET"]}}],"collection":[{"href":"https:\/\/blogdacondessa.com.br\/blog\/wp-json\/wp\/v2\/posts"}],"about":[{"href":"https:\/\/blogdacondessa.com.br\/blog\/wp-json\/wp\/v2\/types\/post"}],"author":[{"embeddable":true,"href":"https:\/\/blogdacondessa.com.br\/blog\/wp-json\/wp\/v2\/users\/2"}],"replies":[{"embeddable":true,"href":"https:\/\/blogdacondessa.com.br\/blog\/wp-json\/wp\/v2\/comments?post=12937"}],"version-history":[{"count":1,"href":"https:\/\/blogdacondessa.com.br\/blog\/wp-json\/wp\/v2\/posts\/12937\/revisions"}],"predecessor-version":[{"id":12939,"href":"https:\/\/blogdacondessa.com.br\/blog\/wp-json\/wp\/v2\/posts\/12937\/revisions\/12939"}],"wp:featuredmedia":[{"embeddable":true,"href":"https:\/\/blogdacondessa.com.br\/blog\/wp-json\/wp\/v2\/media\/12938"}],"wp:attachment":[{"href":"https:\/\/blogdacondessa.com.br\/blog\/wp-json\/wp\/v2\/media?parent=12937"}],"wp:term":[{"taxonomy":"category","embeddable":true,"href":"https:\/\/blogdacondessa.com.br\/blog\/wp-json\/wp\/v2\/categories?post=12937"},{"taxonomy":"post_tag","embeddable":true,"href":"https:\/\/blogdacondessa.com.br\/blog\/wp-json\/wp\/v2\/tags?post=12937"}],"curies":[{"name":"wp","href":"https:\/\/api.w.org\/{rel}","templated":true}]}}