{"id":12934,"date":"2025-10-22T05:00:41","date_gmt":"2025-10-22T09:00:41","guid":{"rendered":"https:\/\/blogdacondessa.com.br\/blog\/?p=12934"},"modified":"2025-10-21T11:11:05","modified_gmt":"2025-10-21T15:11:05","slug":"da-terra-ao-copo-a-trajetoria-de-maria-antonia-e-a-cervejaria-cabocla-serrana","status":"publish","type":"post","link":"https:\/\/blogdacondessa.com.br\/blog\/uncategorized\/da-terra-ao-copo-a-trajetoria-de-maria-antonia-e-a-cervejaria-cabocla-serrana\/","title":{"rendered":"Da Terra ao Copo: A trajet\u00f3ria de Maria Antonia e a Cervejaria Cabocla Serrana"},"content":{"rendered":"<p>A minha hist\u00f3ria com a comunidade Cintur\u00e3o Verde come\u00e7ou em 2003, quando fui convidada a participar do projeto Banco da Terra. A proposta era simples e poderosa: conquistar um peda\u00e7o de ch\u00e3o para produzir de forma agroecol\u00f3gica e criar nossos animais de pequeno porte. Foram anos de reuni\u00f5es, sonhos e muito trabalho at\u00e9 que, em 2008, meu esposo foi sorteado com o nosso s\u00edtio. Lembro com carinho das primeiras etapas. Ajudei a medir o assentamento, puxando trena e carregando garrafas t\u00e9rmicas de \u00e1gua.\u00a0 Sempre brinco dizendo que conhe\u00e7o a comunidade \u201cpalmo a palmo\u201d, porque realmente ajudei a medir cada pedacinho daquele territ\u00f3rio. Em 2009, tomamos posse definitiva da terra e nos tornamos os primeiros moradores da Comunidade Cintur\u00e3o Verde.\u00a0 Os desafios foram muitos, mas com sabedoria e perseveran\u00e7a, enfrentamos cada um deles. No mesmo ano, decidi estudar no IFMT, no curso t\u00e9cnico em Agropecu\u00e1ria com \u00eanfase em Agricultura.<br \/>\nFoi um divisor de \u00e1guas. Formei-me em 2010 e, com o conhecimento adquirido, nossa produ\u00e7\u00e3o come\u00e7ou a prosperar. Logo passei a vender o excedente na cidade.<br \/>\nEm 2017, participei de uma forma\u00e7\u00e3o em Economia Solid\u00e1ria, promovida pela Unemat.\u00a0Dela nasceu a Feisol \u2013 Feira de Economia Solid\u00e1ria, da qual tenho orgulho de ser coordenadora desde 2018.<br \/>\nMas foi em 2018 que uma nova paix\u00e3o nasceu. Fui convidada para o projeto Tereza de Benguela, do IFMT Campus C\u00e1ceres \u2013 Prof. Oleg\u00e1rio Baldo, no curso t\u00e9cnico de Preparadora de Cervejas Artesanais. Conclu\u00edmos o curso em agosto de 2019 e, a partir dele, surgiu a ideia de formar um grupo de mulheres produtoras da cerveja Cabocla Serrana.\u00a0 Nossa primeira venda aconteceu em 7 de setembro de 2019, durante a tradicional Festa do Frango, aqui na comunidade. No come\u00e7o, a produ\u00e7\u00e3o era cigana, cada produ\u00e7\u00e3o era feita na casa de uma das integrantes. Come\u00e7amos em 18 mulheres e atualmente seguimos em duas, eu e Maria de Lurdes da silva conhecida como Dona On\u00e7a. Produzir cerveja exige amor, paci\u00eancia e dedica\u00e7\u00e3o. Aos poucos, consegui construir a Casa da Cabocla Serrana, que hoje funciona aqui na minha propriedade do Cintur\u00e3o Verde. Seguimos produzindo em pequena escala, mas com muita qualidade. Nossos estilos s\u00e3o Pilsen, Blond Ale, APA, IPA, Bocai\u00fava e a especial Cerveja Pantaneira de Manga. Os insumos v\u00eam da natureza: \u00e1gua mineral de uma fonte na Serra do Fac\u00e3o, malte, l\u00fapulo e leveduras. As vers\u00f5es frutadas t\u00eam um toque especial. As cervejas de Bocai\u00fava e Manga s\u00e3o feitas com polpas cultivadas aqui mesmo. A de manga, em especial, tem uma hist\u00f3ria afetiva: a fruta vem de uma mangueira nascida do caro\u00e7o deixado por meu afilhado ainda beb\u00ea. O aroma \u00e9 t\u00e3o intenso que at\u00e9 o caule exala cheiro de manga \u2014 e \u00e9 dela que nasce o sabor \u00fanico da nossa cerveja pantaneira. Al\u00e9m da produ\u00e7\u00e3o, j\u00e1 recebi alunos do IFMT e da Unemat para oficinas de degusta\u00e7\u00e3o e produ\u00e7\u00e3o de cervejas e refrigerantes naturais feitos com sucos de frutas da propriedade.<br \/>\nEste ano, fomos agraciados com o projeto de Extens\u00e3o de Turismo de Base Comunit\u00e1ria (TBC) coordenados pela Dra.Profa Liliane Cristine Schlemer Alcantara da Universidade Federal de Mato Grosso\/UFMT \u00a0\u00a0e pesquisadora da CAPES e doutoranda do Programa de P\u00f3s Gradua\u00e7\u00e3o em Ci\u00eancias Ambientais \u2013 PPGCA\/UNEMAT Gisa Reis, esse projeto veio ao encontro dos anseios da nossa comunidade que h\u00e1 muito tempo vem desejando implementar o turismo na regi\u00e3o. Acredito que unir o turismo\u00a0 \u00e0 produ\u00e7\u00e3o artesanal de cervejas e outras bebidas \u00e9 um caminho para fortalecer o territ\u00f3rio, valorizar os saberes locais e celebrar a hist\u00f3ria de quem cultiva, produz e transforma com respeito tudo o que a natureza nos oferece.<\/p>\n<p><strong><em>*Maria Antonia Rolon de Souza, \u00e9\u00a0m\u00e3e, esposa, mulher empreendedora\u00a0e uma das \u00a0protagonistas do Turismo de Base Comunit\u00e1ria\u00a0na\u00a0Comunidade Cintur\u00e3o Verde\/Fac\u00e3o em C\u00e1ceres (MT). Foi uma das primeiras moradoras do assentamento e se formou\u00a0t\u00e9cnica em agropecu\u00e1ria\u00a0pelo IFMT. Coordena a\u00a0Feisol \u2013 Feira de Economia Solid\u00e1ria\u00a0e fundou a\u00a0Cervejaria Cabocla Serrana, refer\u00eancia em produ\u00e7\u00e3o artesanal. Atua promovendo\u00a0sustentabilidade, saberes locais e valoriza\u00e7\u00e3o da cultura\u00a0pantaneira.<\/em><\/strong><\/p>\n","protected":false},"excerpt":{"rendered":"<p>A minha hist\u00f3ria com a comunidade Cintur\u00e3o Verde come\u00e7ou em 2003, quando fui convidada a participar do projeto Banco da Terra. A proposta era simples e poderosa: conquistar um peda\u00e7o de ch\u00e3o para produzir de forma agroecol\u00f3gica e criar nossos animais de pequeno porte. Foram anos de reuni\u00f5es, sonhos e muito trabalho at\u00e9 que, em [&hellip;]<\/p>\n","protected":false},"author":2,"featured_media":12935,"comment_status":"closed","ping_status":"closed","sticky":false,"template":"","format":"standard","meta":{"iawp_total_views":28,"footnotes":""},"categories":[1],"tags":[],"class_list":["post-12934","post","type-post","status-publish","format-standard","has-post-thumbnail","hentry","category-uncategorized"],"yoast_head":"<!-- This site is optimized with the Yoast SEO plugin v27.3 - https:\/\/yoast.com\/product\/yoast-seo-wordpress\/ -->\n<title>Da Terra ao Copo: A trajet\u00f3ria de Maria Antonia e a Cervejaria Cabocla Serrana &#8902; Blog da Condessa<\/title>\n<meta name=\"robots\" content=\"index, follow, max-snippet:-1, max-image-preview:large, max-video-preview:-1\" \/>\n<link rel=\"canonical\" href=\"https:\/\/blogdacondessa.com.br\/blog\/uncategorized\/da-terra-ao-copo-a-trajetoria-de-maria-antonia-e-a-cervejaria-cabocla-serrana\/\" \/>\n<meta property=\"og:locale\" content=\"pt_BR\" \/>\n<meta property=\"og:type\" content=\"article\" \/>\n<meta property=\"og:title\" content=\"Da Terra ao Copo: A trajet\u00f3ria de Maria Antonia e a Cervejaria Cabocla Serrana &#8902; Blog da Condessa\" \/>\n<meta property=\"og:description\" content=\"A minha hist\u00f3ria com a comunidade Cintur\u00e3o Verde come\u00e7ou em 2003, quando fui convidada a participar do projeto Banco da Terra. A proposta era simples e poderosa: conquistar um peda\u00e7o de ch\u00e3o para produzir de forma agroecol\u00f3gica e criar nossos animais de pequeno porte. Foram anos de reuni\u00f5es, sonhos e muito trabalho at\u00e9 que, em [&hellip;]\" \/>\n<meta property=\"og:url\" content=\"https:\/\/blogdacondessa.com.br\/blog\/uncategorized\/da-terra-ao-copo-a-trajetoria-de-maria-antonia-e-a-cervejaria-cabocla-serrana\/\" \/>\n<meta property=\"og:site_name\" content=\"Blog da Condessa\" \/>\n<meta property=\"article:published_time\" content=\"2025-10-22T09:00:41+00:00\" \/>\n<meta property=\"og:image\" content=\"https:\/\/blogdacondessa.com.br\/blog\/wp-content\/uploads\/2025\/10\/ANTONIA-ROLON.jpg\" \/>\n\t<meta property=\"og:image:width\" content=\"450\" \/>\n\t<meta property=\"og:image:height\" content=\"600\" \/>\n\t<meta property=\"og:image:type\" content=\"image\/jpeg\" \/>\n<meta name=\"author\" content=\"Blog da Condessa\" \/>\n<meta name=\"twitter:card\" content=\"summary_large_image\" \/>\n<meta name=\"twitter:label1\" content=\"Escrito por\" \/>\n\t<meta name=\"twitter:data1\" content=\"Blog da Condessa\" \/>\n\t<meta name=\"twitter:label2\" content=\"Est. tempo de leitura\" \/>\n\t<meta name=\"twitter:data2\" content=\"4 minutos\" \/>\n<script type=\"application\/ld+json\" class=\"yoast-schema-graph\">{\"@context\":\"https:\\\/\\\/schema.org\",\"@graph\":[{\"@type\":\"Article\",\"@id\":\"https:\\\/\\\/blogdacondessa.com.br\\\/blog\\\/uncategorized\\\/da-terra-ao-copo-a-trajetoria-de-maria-antonia-e-a-cervejaria-cabocla-serrana\\\/#article\",\"isPartOf\":{\"@id\":\"https:\\\/\\\/blogdacondessa.com.br\\\/blog\\\/uncategorized\\\/da-terra-ao-copo-a-trajetoria-de-maria-antonia-e-a-cervejaria-cabocla-serrana\\\/\"},\"author\":{\"name\":\"Blog da Condessa\",\"@id\":\"https:\\\/\\\/blogdacondessa.com.br\\\/blog\\\/#\\\/schema\\\/person\\\/1d667ff8b785195b568677489d266035\"},\"headline\":\"Da Terra ao Copo: A trajet\u00f3ria de Maria Antonia e a Cervejaria Cabocla Serrana\",\"datePublished\":\"2025-10-22T09:00:41+00:00\",\"mainEntityOfPage\":{\"@id\":\"https:\\\/\\\/blogdacondessa.com.br\\\/blog\\\/uncategorized\\\/da-terra-ao-copo-a-trajetoria-de-maria-antonia-e-a-cervejaria-cabocla-serrana\\\/\"},\"wordCount\":731,\"image\":{\"@id\":\"https:\\\/\\\/blogdacondessa.com.br\\\/blog\\\/uncategorized\\\/da-terra-ao-copo-a-trajetoria-de-maria-antonia-e-a-cervejaria-cabocla-serrana\\\/#primaryimage\"},\"thumbnailUrl\":\"https:\\\/\\\/blogdacondessa.com.br\\\/blog\\\/wp-content\\\/uploads\\\/2025\\\/10\\\/ANTONIA-ROLON.jpg\",\"articleSection\":[\"Uncategorized\"],\"inLanguage\":\"pt-BR\"},{\"@type\":\"WebPage\",\"@id\":\"https:\\\/\\\/blogdacondessa.com.br\\\/blog\\\/uncategorized\\\/da-terra-ao-copo-a-trajetoria-de-maria-antonia-e-a-cervejaria-cabocla-serrana\\\/\",\"url\":\"https:\\\/\\\/blogdacondessa.com.br\\\/blog\\\/uncategorized\\\/da-terra-ao-copo-a-trajetoria-de-maria-antonia-e-a-cervejaria-cabocla-serrana\\\/\",\"name\":\"Da Terra ao Copo: A trajet\u00f3ria de Maria Antonia e a Cervejaria Cabocla Serrana &#8902; Blog da Condessa\",\"isPartOf\":{\"@id\":\"https:\\\/\\\/blogdacondessa.com.br\\\/blog\\\/#website\"},\"primaryImageOfPage\":{\"@id\":\"https:\\\/\\\/blogdacondessa.com.br\\\/blog\\\/uncategorized\\\/da-terra-ao-copo-a-trajetoria-de-maria-antonia-e-a-cervejaria-cabocla-serrana\\\/#primaryimage\"},\"image\":{\"@id\":\"https:\\\/\\\/blogdacondessa.com.br\\\/blog\\\/uncategorized\\\/da-terra-ao-copo-a-trajetoria-de-maria-antonia-e-a-cervejaria-cabocla-serrana\\\/#primaryimage\"},\"thumbnailUrl\":\"https:\\\/\\\/blogdacondessa.com.br\\\/blog\\\/wp-content\\\/uploads\\\/2025\\\/10\\\/ANTONIA-ROLON.jpg\",\"datePublished\":\"2025-10-22T09:00:41+00:00\",\"author\":{\"@id\":\"https:\\\/\\\/blogdacondessa.com.br\\\/blog\\\/#\\\/schema\\\/person\\\/1d667ff8b785195b568677489d266035\"},\"breadcrumb\":{\"@id\":\"https:\\\/\\\/blogdacondessa.com.br\\\/blog\\\/uncategorized\\\/da-terra-ao-copo-a-trajetoria-de-maria-antonia-e-a-cervejaria-cabocla-serrana\\\/#breadcrumb\"},\"inLanguage\":\"pt-BR\",\"potentialAction\":[{\"@type\":\"ReadAction\",\"target\":[\"https:\\\/\\\/blogdacondessa.com.br\\\/blog\\\/uncategorized\\\/da-terra-ao-copo-a-trajetoria-de-maria-antonia-e-a-cervejaria-cabocla-serrana\\\/\"]}]},{\"@type\":\"ImageObject\",\"inLanguage\":\"pt-BR\",\"@id\":\"https:\\\/\\\/blogdacondessa.com.br\\\/blog\\\/uncategorized\\\/da-terra-ao-copo-a-trajetoria-de-maria-antonia-e-a-cervejaria-cabocla-serrana\\\/#primaryimage\",\"url\":\"https:\\\/\\\/blogdacondessa.com.br\\\/blog\\\/wp-content\\\/uploads\\\/2025\\\/10\\\/ANTONIA-ROLON.jpg\",\"contentUrl\":\"https:\\\/\\\/blogdacondessa.com.br\\\/blog\\\/wp-content\\\/uploads\\\/2025\\\/10\\\/ANTONIA-ROLON.jpg\",\"width\":450,\"height\":600},{\"@type\":\"BreadcrumbList\",\"@id\":\"https:\\\/\\\/blogdacondessa.com.br\\\/blog\\\/uncategorized\\\/da-terra-ao-copo-a-trajetoria-de-maria-antonia-e-a-cervejaria-cabocla-serrana\\\/#breadcrumb\",\"itemListElement\":[{\"@type\":\"ListItem\",\"position\":1,\"name\":\"In\u00edcio\",\"item\":\"https:\\\/\\\/blogdacondessa.com.br\\\/blog\\\/\"},{\"@type\":\"ListItem\",\"position\":2,\"name\":\"Da Terra ao Copo: A trajet\u00f3ria de Maria Antonia e a Cervejaria Cabocla Serrana\"}]},{\"@type\":\"WebSite\",\"@id\":\"https:\\\/\\\/blogdacondessa.com.br\\\/blog\\\/#website\",\"url\":\"https:\\\/\\\/blogdacondessa.com.br\\\/blog\\\/\",\"name\":\"Blog da Condessa\",\"description\":\"Com Shirley de Souza O\u2019Campos\",\"potentialAction\":[{\"@type\":\"SearchAction\",\"target\":{\"@type\":\"EntryPoint\",\"urlTemplate\":\"https:\\\/\\\/blogdacondessa.com.br\\\/blog\\\/?s={search_term_string}\"},\"query-input\":{\"@type\":\"PropertyValueSpecification\",\"valueRequired\":true,\"valueName\":\"search_term_string\"}}],\"inLanguage\":\"pt-BR\"},{\"@type\":\"Person\",\"@id\":\"https:\\\/\\\/blogdacondessa.com.br\\\/blog\\\/#\\\/schema\\\/person\\\/1d667ff8b785195b568677489d266035\",\"name\":\"Blog da Condessa\",\"image\":{\"@type\":\"ImageObject\",\"inLanguage\":\"pt-BR\",\"@id\":\"https:\\\/\\\/secure.gravatar.com\\\/avatar\\\/377c0eb8b4ad2bfc25461b41564b5971e721ca34a57642868fc7b0c8ac7b52c5?s=96&d=mm&r=g\",\"url\":\"https:\\\/\\\/secure.gravatar.com\\\/avatar\\\/377c0eb8b4ad2bfc25461b41564b5971e721ca34a57642868fc7b0c8ac7b52c5?s=96&d=mm&r=g\",\"contentUrl\":\"https:\\\/\\\/secure.gravatar.com\\\/avatar\\\/377c0eb8b4ad2bfc25461b41564b5971e721ca34a57642868fc7b0c8ac7b52c5?s=96&d=mm&r=g\",\"caption\":\"Blog da Condessa\"},\"url\":\"https:\\\/\\\/blogdacondessa.com.br\\\/blog\\\/author\\\/beatriz\\\/\"}]}<\/script>\n<!-- \/ Yoast SEO plugin. -->","yoast_head_json":{"title":"Da Terra ao Copo: A trajet\u00f3ria de Maria Antonia e a Cervejaria Cabocla Serrana &#8902; Blog da Condessa","robots":{"index":"index","follow":"follow","max-snippet":"max-snippet:-1","max-image-preview":"max-image-preview:large","max-video-preview":"max-video-preview:-1"},"canonical":"https:\/\/blogdacondessa.com.br\/blog\/uncategorized\/da-terra-ao-copo-a-trajetoria-de-maria-antonia-e-a-cervejaria-cabocla-serrana\/","og_locale":"pt_BR","og_type":"article","og_title":"Da Terra ao Copo: A trajet\u00f3ria de Maria Antonia e a Cervejaria Cabocla Serrana &#8902; Blog da Condessa","og_description":"A minha hist\u00f3ria com a comunidade Cintur\u00e3o Verde come\u00e7ou em 2003, quando fui convidada a participar do projeto Banco da Terra. A proposta era simples e poderosa: conquistar um peda\u00e7o de ch\u00e3o para produzir de forma agroecol\u00f3gica e criar nossos animais de pequeno porte. Foram anos de reuni\u00f5es, sonhos e muito trabalho at\u00e9 que, em [&hellip;]","og_url":"https:\/\/blogdacondessa.com.br\/blog\/uncategorized\/da-terra-ao-copo-a-trajetoria-de-maria-antonia-e-a-cervejaria-cabocla-serrana\/","og_site_name":"Blog da Condessa","article_published_time":"2025-10-22T09:00:41+00:00","og_image":[{"width":450,"height":600,"url":"https:\/\/blogdacondessa.com.br\/blog\/wp-content\/uploads\/2025\/10\/ANTONIA-ROLON.jpg","type":"image\/jpeg"}],"author":"Blog da Condessa","twitter_card":"summary_large_image","twitter_misc":{"Escrito por":"Blog da Condessa","Est. tempo de leitura":"4 minutos"},"schema":{"@context":"https:\/\/schema.org","@graph":[{"@type":"Article","@id":"https:\/\/blogdacondessa.com.br\/blog\/uncategorized\/da-terra-ao-copo-a-trajetoria-de-maria-antonia-e-a-cervejaria-cabocla-serrana\/#article","isPartOf":{"@id":"https:\/\/blogdacondessa.com.br\/blog\/uncategorized\/da-terra-ao-copo-a-trajetoria-de-maria-antonia-e-a-cervejaria-cabocla-serrana\/"},"author":{"name":"Blog da Condessa","@id":"https:\/\/blogdacondessa.com.br\/blog\/#\/schema\/person\/1d667ff8b785195b568677489d266035"},"headline":"Da Terra ao Copo: A trajet\u00f3ria de Maria Antonia e a Cervejaria Cabocla Serrana","datePublished":"2025-10-22T09:00:41+00:00","mainEntityOfPage":{"@id":"https:\/\/blogdacondessa.com.br\/blog\/uncategorized\/da-terra-ao-copo-a-trajetoria-de-maria-antonia-e-a-cervejaria-cabocla-serrana\/"},"wordCount":731,"image":{"@id":"https:\/\/blogdacondessa.com.br\/blog\/uncategorized\/da-terra-ao-copo-a-trajetoria-de-maria-antonia-e-a-cervejaria-cabocla-serrana\/#primaryimage"},"thumbnailUrl":"https:\/\/blogdacondessa.com.br\/blog\/wp-content\/uploads\/2025\/10\/ANTONIA-ROLON.jpg","articleSection":["Uncategorized"],"inLanguage":"pt-BR"},{"@type":"WebPage","@id":"https:\/\/blogdacondessa.com.br\/blog\/uncategorized\/da-terra-ao-copo-a-trajetoria-de-maria-antonia-e-a-cervejaria-cabocla-serrana\/","url":"https:\/\/blogdacondessa.com.br\/blog\/uncategorized\/da-terra-ao-copo-a-trajetoria-de-maria-antonia-e-a-cervejaria-cabocla-serrana\/","name":"Da Terra ao Copo: A trajet\u00f3ria de Maria Antonia e a Cervejaria Cabocla Serrana &#8902; Blog da Condessa","isPartOf":{"@id":"https:\/\/blogdacondessa.com.br\/blog\/#website"},"primaryImageOfPage":{"@id":"https:\/\/blogdacondessa.com.br\/blog\/uncategorized\/da-terra-ao-copo-a-trajetoria-de-maria-antonia-e-a-cervejaria-cabocla-serrana\/#primaryimage"},"image":{"@id":"https:\/\/blogdacondessa.com.br\/blog\/uncategorized\/da-terra-ao-copo-a-trajetoria-de-maria-antonia-e-a-cervejaria-cabocla-serrana\/#primaryimage"},"thumbnailUrl":"https:\/\/blogdacondessa.com.br\/blog\/wp-content\/uploads\/2025\/10\/ANTONIA-ROLON.jpg","datePublished":"2025-10-22T09:00:41+00:00","author":{"@id":"https:\/\/blogdacondessa.com.br\/blog\/#\/schema\/person\/1d667ff8b785195b568677489d266035"},"breadcrumb":{"@id":"https:\/\/blogdacondessa.com.br\/blog\/uncategorized\/da-terra-ao-copo-a-trajetoria-de-maria-antonia-e-a-cervejaria-cabocla-serrana\/#breadcrumb"},"inLanguage":"pt-BR","potentialAction":[{"@type":"ReadAction","target":["https:\/\/blogdacondessa.com.br\/blog\/uncategorized\/da-terra-ao-copo-a-trajetoria-de-maria-antonia-e-a-cervejaria-cabocla-serrana\/"]}]},{"@type":"ImageObject","inLanguage":"pt-BR","@id":"https:\/\/blogdacondessa.com.br\/blog\/uncategorized\/da-terra-ao-copo-a-trajetoria-de-maria-antonia-e-a-cervejaria-cabocla-serrana\/#primaryimage","url":"https:\/\/blogdacondessa.com.br\/blog\/wp-content\/uploads\/2025\/10\/ANTONIA-ROLON.jpg","contentUrl":"https:\/\/blogdacondessa.com.br\/blog\/wp-content\/uploads\/2025\/10\/ANTONIA-ROLON.jpg","width":450,"height":600},{"@type":"BreadcrumbList","@id":"https:\/\/blogdacondessa.com.br\/blog\/uncategorized\/da-terra-ao-copo-a-trajetoria-de-maria-antonia-e-a-cervejaria-cabocla-serrana\/#breadcrumb","itemListElement":[{"@type":"ListItem","position":1,"name":"In\u00edcio","item":"https:\/\/blogdacondessa.com.br\/blog\/"},{"@type":"ListItem","position":2,"name":"Da Terra ao Copo: A trajet\u00f3ria de Maria Antonia e a Cervejaria Cabocla Serrana"}]},{"@type":"WebSite","@id":"https:\/\/blogdacondessa.com.br\/blog\/#website","url":"https:\/\/blogdacondessa.com.br\/blog\/","name":"Blog da Condessa","description":"Com Shirley de Souza O\u2019Campos","potentialAction":[{"@type":"SearchAction","target":{"@type":"EntryPoint","urlTemplate":"https:\/\/blogdacondessa.com.br\/blog\/?s={search_term_string}"},"query-input":{"@type":"PropertyValueSpecification","valueRequired":true,"valueName":"search_term_string"}}],"inLanguage":"pt-BR"},{"@type":"Person","@id":"https:\/\/blogdacondessa.com.br\/blog\/#\/schema\/person\/1d667ff8b785195b568677489d266035","name":"Blog da Condessa","image":{"@type":"ImageObject","inLanguage":"pt-BR","@id":"https:\/\/secure.gravatar.com\/avatar\/377c0eb8b4ad2bfc25461b41564b5971e721ca34a57642868fc7b0c8ac7b52c5?s=96&d=mm&r=g","url":"https:\/\/secure.gravatar.com\/avatar\/377c0eb8b4ad2bfc25461b41564b5971e721ca34a57642868fc7b0c8ac7b52c5?s=96&d=mm&r=g","contentUrl":"https:\/\/secure.gravatar.com\/avatar\/377c0eb8b4ad2bfc25461b41564b5971e721ca34a57642868fc7b0c8ac7b52c5?s=96&d=mm&r=g","caption":"Blog da Condessa"},"url":"https:\/\/blogdacondessa.com.br\/blog\/author\/beatriz\/"}]}},"_links":{"self":[{"href":"https:\/\/blogdacondessa.com.br\/blog\/wp-json\/wp\/v2\/posts\/12934","targetHints":{"allow":["GET"]}}],"collection":[{"href":"https:\/\/blogdacondessa.com.br\/blog\/wp-json\/wp\/v2\/posts"}],"about":[{"href":"https:\/\/blogdacondessa.com.br\/blog\/wp-json\/wp\/v2\/types\/post"}],"author":[{"embeddable":true,"href":"https:\/\/blogdacondessa.com.br\/blog\/wp-json\/wp\/v2\/users\/2"}],"replies":[{"embeddable":true,"href":"https:\/\/blogdacondessa.com.br\/blog\/wp-json\/wp\/v2\/comments?post=12934"}],"version-history":[{"count":1,"href":"https:\/\/blogdacondessa.com.br\/blog\/wp-json\/wp\/v2\/posts\/12934\/revisions"}],"predecessor-version":[{"id":12936,"href":"https:\/\/blogdacondessa.com.br\/blog\/wp-json\/wp\/v2\/posts\/12934\/revisions\/12936"}],"wp:featuredmedia":[{"embeddable":true,"href":"https:\/\/blogdacondessa.com.br\/blog\/wp-json\/wp\/v2\/media\/12935"}],"wp:attachment":[{"href":"https:\/\/blogdacondessa.com.br\/blog\/wp-json\/wp\/v2\/media?parent=12934"}],"wp:term":[{"taxonomy":"category","embeddable":true,"href":"https:\/\/blogdacondessa.com.br\/blog\/wp-json\/wp\/v2\/categories?post=12934"},{"taxonomy":"post_tag","embeddable":true,"href":"https:\/\/blogdacondessa.com.br\/blog\/wp-json\/wp\/v2\/tags?post=12934"}],"curies":[{"name":"wp","href":"https:\/\/api.w.org\/{rel}","templated":true}]}}