{"id":12931,"date":"2025-10-21T11:03:22","date_gmt":"2025-10-21T15:03:22","guid":{"rendered":"https:\/\/blogdacondessa.com.br\/blog\/?p=12931"},"modified":"2025-10-21T11:03:22","modified_gmt":"2025-10-21T15:03:22","slug":"primeira-dama-de-cuiaba-e-tjmt-visitam-igreja-lagoinha-para-capacitacao-sobre-autismo","status":"publish","type":"post","link":"https:\/\/blogdacondessa.com.br\/blog\/uncategorized\/primeira-dama-de-cuiaba-e-tjmt-visitam-igreja-lagoinha-para-capacitacao-sobre-autismo\/","title":{"rendered":"Primeira-dama de Cuiab\u00e1 e TJMT visitam Igreja Lagoinha para capacita\u00e7\u00e3o sobre autismo"},"content":{"rendered":"<p>A primeira-dama e vereadora de Cuiab\u00e1, Samantha Iris, e a vice-presidente do Tribunal de Justi\u00e7a de Mato Grosso (TJMT), desembargadora Nilza Maria P\u00f4ssas de Carvalho, visitaram no \u00faltimo dia 15 a Igreja Lagoinha, parceira na realiza\u00e7\u00e3o da pr\u00f3xima Capacita\u00e7\u00e3o e Conscientiza\u00e7\u00e3o em Autismo do projeto TJMT Inclusivo.<\/p>\n<p>A iniciativa, promovida pela Comiss\u00e3o de Acessibilidade e Inclus\u00e3o do TJMT, acontecer\u00e1 no dia 5 de dezembro, com o apoio da Prefeitura de Cuiab\u00e1.<\/p>\n<p>Durante a visita, a desembargadora Nilza P\u00f4ssas conheceu toda a estrutura da igreja, que ser\u00e1 cedida para o evento, e elogiou a disponibilidade da comunidade em contribuir com uma causa t\u00e3o relevante quanto a das pessoas com Transtorno do Espectro Autista (TEA).<\/p>\n<p>Samantha Iris agradeceu a parceria com a igreja por contribuir com o evento, previsto para reunir cerca de 2 mil participantes, entre servidores p\u00fablicos, profissionais das \u00e1reas de sa\u00fade e educa\u00e7\u00e3o, familiares e pessoas autistas. \u201cA Igreja Lagoinha vai colaborar conosco cedendo o espa\u00e7o para a capacita\u00e7\u00e3o sobre o autismo que o TJMT vai realizar aqui em Cuiab\u00e1 no dia 5 de dezembro. Essa a\u00e7\u00e3o \u00e9 muito importante e vai impactar a vida de muitas crian\u00e7as e fam\u00edlias. Agrade\u00e7o pelo cuidado, pela disponibilidade e pelo apoio. N\u00f3s estamos honrados em poder realizar esse evento junto com o Tribunal de Justi\u00e7a\u201d, afirmou Samantha.<\/p>\n<p>Ela tamb\u00e9m destacou o papel fundamental do prefeito de Cuiab\u00e1, Abilio Brunini, na articula\u00e7\u00e3o da parceria. O chefe do Poder Executivo conversou com o pastor Hugo, Presidente da igreja Lagoinha, solicitando o apoio para a realiza\u00e7\u00e3o do evento, que prontamente atendeu ao pedido.<\/p>\n<p>\u201cN\u00f3s agradecemos o apoio do pastor Hugo, da pastora Bianca e de toda a equipe da Igreja Lagoinha, que, al\u00e9m de ceder o espa\u00e7o, tem buscado qualificar seus membros para lidar com crian\u00e7as autistas, refor\u00e7ando o compromisso com a inclus\u00e3o e o cuidado com as fam\u00edlias cuiabanas\u201d, completou.<\/p>\n<p>Acompanhando a visita, o pastor Maik Aquino, da Igreja Lagoinha em Cuiab\u00e1, expressou gratid\u00e3o pela oportunidade de contribuir com o projeto e ressaltou o compromisso da igreja com a\u00e7\u00f5es que beneficiam a cidade.<\/p>\n<p>\u201cPara n\u00f3s \u00e9 um privil\u00e9gio muito grande, uma honra mesmo. Estamos muito felizes com essa parceria, porque acreditamos que a igreja deve ser um bra\u00e7o que aben\u00e7oa e apoia a cidade. \u00c9 um privil\u00e9gio enorme estar tamb\u00e9m abra\u00e7ando essas crian\u00e7as, as fam\u00edlias, e essa \u00e1rea \u00e9 uma \u00e1rea que toca muito o nosso cora\u00e7\u00e3o\u201d, declarou o pastor.<\/p>\n<p>&nbsp;<\/p>\n<table>\n<tbody>\n<tr>\n<td width=\"44\"><\/td>\n<td width=\"836\"><\/td>\n<\/tr>\n<\/tbody>\n<\/table>\n","protected":false},"excerpt":{"rendered":"<p>A primeira-dama e vereadora de Cuiab\u00e1, Samantha Iris, e a vice-presidente do Tribunal de Justi\u00e7a de Mato Grosso (TJMT), desembargadora Nilza Maria P\u00f4ssas de Carvalho, visitaram no \u00faltimo dia 15 a Igreja Lagoinha, parceira na realiza\u00e7\u00e3o da pr\u00f3xima Capacita\u00e7\u00e3o e Conscientiza\u00e7\u00e3o em Autismo do projeto TJMT Inclusivo. A iniciativa, promovida pela Comiss\u00e3o de Acessibilidade e [&hellip;]<\/p>\n","protected":false},"author":2,"featured_media":12932,"comment_status":"closed","ping_status":"closed","sticky":false,"template":"","format":"standard","meta":{"iawp_total_views":3,"footnotes":""},"categories":[1],"tags":[],"class_list":["post-12931","post","type-post","status-publish","format-standard","has-post-thumbnail","hentry","category-uncategorized"],"yoast_head":"<!-- This site is optimized with the Yoast SEO plugin v27.3 - https:\/\/yoast.com\/product\/yoast-seo-wordpress\/ -->\n<title>Primeira-dama de Cuiab\u00e1 e TJMT visitam Igreja Lagoinha para capacita\u00e7\u00e3o sobre autismo &#8902; Blog da Condessa<\/title>\n<meta name=\"robots\" content=\"index, follow, max-snippet:-1, max-image-preview:large, max-video-preview:-1\" \/>\n<link rel=\"canonical\" href=\"https:\/\/blogdacondessa.com.br\/blog\/uncategorized\/primeira-dama-de-cuiaba-e-tjmt-visitam-igreja-lagoinha-para-capacitacao-sobre-autismo\/\" \/>\n<meta property=\"og:locale\" content=\"pt_BR\" \/>\n<meta property=\"og:type\" content=\"article\" \/>\n<meta property=\"og:title\" content=\"Primeira-dama de Cuiab\u00e1 e TJMT visitam Igreja Lagoinha para capacita\u00e7\u00e3o sobre autismo &#8902; Blog da Condessa\" \/>\n<meta property=\"og:description\" content=\"A primeira-dama e vereadora de Cuiab\u00e1, Samantha Iris, e a vice-presidente do Tribunal de Justi\u00e7a de Mato Grosso (TJMT), desembargadora Nilza Maria P\u00f4ssas de Carvalho, visitaram no \u00faltimo dia 15 a Igreja Lagoinha, parceira na realiza\u00e7\u00e3o da pr\u00f3xima Capacita\u00e7\u00e3o e Conscientiza\u00e7\u00e3o em Autismo do projeto TJMT Inclusivo. A iniciativa, promovida pela Comiss\u00e3o de Acessibilidade e [&hellip;]\" \/>\n<meta property=\"og:url\" content=\"https:\/\/blogdacondessa.com.br\/blog\/uncategorized\/primeira-dama-de-cuiaba-e-tjmt-visitam-igreja-lagoinha-para-capacitacao-sobre-autismo\/\" \/>\n<meta property=\"og:site_name\" content=\"Blog da Condessa\" \/>\n<meta property=\"article:published_time\" content=\"2025-10-21T15:03:22+00:00\" \/>\n<meta property=\"og:image\" content=\"https:\/\/blogdacondessa.com.br\/blog\/wp-content\/uploads\/2025\/10\/SAMANTHA.jpg\" \/>\n\t<meta property=\"og:image:width\" content=\"1280\" \/>\n\t<meta property=\"og:image:height\" content=\"720\" \/>\n\t<meta property=\"og:image:type\" content=\"image\/jpeg\" \/>\n<meta name=\"author\" content=\"Blog da Condessa\" \/>\n<meta name=\"twitter:card\" content=\"summary_large_image\" \/>\n<meta name=\"twitter:label1\" content=\"Escrito por\" \/>\n\t<meta name=\"twitter:data1\" content=\"Blog da Condessa\" \/>\n\t<meta name=\"twitter:label2\" content=\"Est. tempo de leitura\" \/>\n\t<meta name=\"twitter:data2\" content=\"3 minutos\" \/>\n<script type=\"application\/ld+json\" class=\"yoast-schema-graph\">{\"@context\":\"https:\\\/\\\/schema.org\",\"@graph\":[{\"@type\":\"Article\",\"@id\":\"https:\\\/\\\/blogdacondessa.com.br\\\/blog\\\/uncategorized\\\/primeira-dama-de-cuiaba-e-tjmt-visitam-igreja-lagoinha-para-capacitacao-sobre-autismo\\\/#article\",\"isPartOf\":{\"@id\":\"https:\\\/\\\/blogdacondessa.com.br\\\/blog\\\/uncategorized\\\/primeira-dama-de-cuiaba-e-tjmt-visitam-igreja-lagoinha-para-capacitacao-sobre-autismo\\\/\"},\"author\":{\"name\":\"Blog da Condessa\",\"@id\":\"https:\\\/\\\/blogdacondessa.com.br\\\/blog\\\/#\\\/schema\\\/person\\\/1d667ff8b785195b568677489d266035\"},\"headline\":\"Primeira-dama de Cuiab\u00e1 e TJMT visitam Igreja Lagoinha para capacita\u00e7\u00e3o sobre autismo\",\"datePublished\":\"2025-10-21T15:03:22+00:00\",\"mainEntityOfPage\":{\"@id\":\"https:\\\/\\\/blogdacondessa.com.br\\\/blog\\\/uncategorized\\\/primeira-dama-de-cuiaba-e-tjmt-visitam-igreja-lagoinha-para-capacitacao-sobre-autismo\\\/\"},\"wordCount\":445,\"image\":{\"@id\":\"https:\\\/\\\/blogdacondessa.com.br\\\/blog\\\/uncategorized\\\/primeira-dama-de-cuiaba-e-tjmt-visitam-igreja-lagoinha-para-capacitacao-sobre-autismo\\\/#primaryimage\"},\"thumbnailUrl\":\"https:\\\/\\\/blogdacondessa.com.br\\\/blog\\\/wp-content\\\/uploads\\\/2025\\\/10\\\/SAMANTHA.jpg\",\"articleSection\":[\"Uncategorized\"],\"inLanguage\":\"pt-BR\"},{\"@type\":\"WebPage\",\"@id\":\"https:\\\/\\\/blogdacondessa.com.br\\\/blog\\\/uncategorized\\\/primeira-dama-de-cuiaba-e-tjmt-visitam-igreja-lagoinha-para-capacitacao-sobre-autismo\\\/\",\"url\":\"https:\\\/\\\/blogdacondessa.com.br\\\/blog\\\/uncategorized\\\/primeira-dama-de-cuiaba-e-tjmt-visitam-igreja-lagoinha-para-capacitacao-sobre-autismo\\\/\",\"name\":\"Primeira-dama de Cuiab\u00e1 e TJMT visitam Igreja Lagoinha para capacita\u00e7\u00e3o sobre autismo &#8902; Blog da Condessa\",\"isPartOf\":{\"@id\":\"https:\\\/\\\/blogdacondessa.com.br\\\/blog\\\/#website\"},\"primaryImageOfPage\":{\"@id\":\"https:\\\/\\\/blogdacondessa.com.br\\\/blog\\\/uncategorized\\\/primeira-dama-de-cuiaba-e-tjmt-visitam-igreja-lagoinha-para-capacitacao-sobre-autismo\\\/#primaryimage\"},\"image\":{\"@id\":\"https:\\\/\\\/blogdacondessa.com.br\\\/blog\\\/uncategorized\\\/primeira-dama-de-cuiaba-e-tjmt-visitam-igreja-lagoinha-para-capacitacao-sobre-autismo\\\/#primaryimage\"},\"thumbnailUrl\":\"https:\\\/\\\/blogdacondessa.com.br\\\/blog\\\/wp-content\\\/uploads\\\/2025\\\/10\\\/SAMANTHA.jpg\",\"datePublished\":\"2025-10-21T15:03:22+00:00\",\"author\":{\"@id\":\"https:\\\/\\\/blogdacondessa.com.br\\\/blog\\\/#\\\/schema\\\/person\\\/1d667ff8b785195b568677489d266035\"},\"breadcrumb\":{\"@id\":\"https:\\\/\\\/blogdacondessa.com.br\\\/blog\\\/uncategorized\\\/primeira-dama-de-cuiaba-e-tjmt-visitam-igreja-lagoinha-para-capacitacao-sobre-autismo\\\/#breadcrumb\"},\"inLanguage\":\"pt-BR\",\"potentialAction\":[{\"@type\":\"ReadAction\",\"target\":[\"https:\\\/\\\/blogdacondessa.com.br\\\/blog\\\/uncategorized\\\/primeira-dama-de-cuiaba-e-tjmt-visitam-igreja-lagoinha-para-capacitacao-sobre-autismo\\\/\"]}]},{\"@type\":\"ImageObject\",\"inLanguage\":\"pt-BR\",\"@id\":\"https:\\\/\\\/blogdacondessa.com.br\\\/blog\\\/uncategorized\\\/primeira-dama-de-cuiaba-e-tjmt-visitam-igreja-lagoinha-para-capacitacao-sobre-autismo\\\/#primaryimage\",\"url\":\"https:\\\/\\\/blogdacondessa.com.br\\\/blog\\\/wp-content\\\/uploads\\\/2025\\\/10\\\/SAMANTHA.jpg\",\"contentUrl\":\"https:\\\/\\\/blogdacondessa.com.br\\\/blog\\\/wp-content\\\/uploads\\\/2025\\\/10\\\/SAMANTHA.jpg\",\"width\":1280,\"height\":720},{\"@type\":\"BreadcrumbList\",\"@id\":\"https:\\\/\\\/blogdacondessa.com.br\\\/blog\\\/uncategorized\\\/primeira-dama-de-cuiaba-e-tjmt-visitam-igreja-lagoinha-para-capacitacao-sobre-autismo\\\/#breadcrumb\",\"itemListElement\":[{\"@type\":\"ListItem\",\"position\":1,\"name\":\"In\u00edcio\",\"item\":\"https:\\\/\\\/blogdacondessa.com.br\\\/blog\\\/\"},{\"@type\":\"ListItem\",\"position\":2,\"name\":\"Primeira-dama de Cuiab\u00e1 e TJMT visitam Igreja Lagoinha para capacita\u00e7\u00e3o sobre autismo\"}]},{\"@type\":\"WebSite\",\"@id\":\"https:\\\/\\\/blogdacondessa.com.br\\\/blog\\\/#website\",\"url\":\"https:\\\/\\\/blogdacondessa.com.br\\\/blog\\\/\",\"name\":\"Blog da Condessa\",\"description\":\"Com Shirley de Souza O\u2019Campos\",\"potentialAction\":[{\"@type\":\"SearchAction\",\"target\":{\"@type\":\"EntryPoint\",\"urlTemplate\":\"https:\\\/\\\/blogdacondessa.com.br\\\/blog\\\/?s={search_term_string}\"},\"query-input\":{\"@type\":\"PropertyValueSpecification\",\"valueRequired\":true,\"valueName\":\"search_term_string\"}}],\"inLanguage\":\"pt-BR\"},{\"@type\":\"Person\",\"@id\":\"https:\\\/\\\/blogdacondessa.com.br\\\/blog\\\/#\\\/schema\\\/person\\\/1d667ff8b785195b568677489d266035\",\"name\":\"Blog da Condessa\",\"image\":{\"@type\":\"ImageObject\",\"inLanguage\":\"pt-BR\",\"@id\":\"https:\\\/\\\/secure.gravatar.com\\\/avatar\\\/377c0eb8b4ad2bfc25461b41564b5971e721ca34a57642868fc7b0c8ac7b52c5?s=96&d=mm&r=g\",\"url\":\"https:\\\/\\\/secure.gravatar.com\\\/avatar\\\/377c0eb8b4ad2bfc25461b41564b5971e721ca34a57642868fc7b0c8ac7b52c5?s=96&d=mm&r=g\",\"contentUrl\":\"https:\\\/\\\/secure.gravatar.com\\\/avatar\\\/377c0eb8b4ad2bfc25461b41564b5971e721ca34a57642868fc7b0c8ac7b52c5?s=96&d=mm&r=g\",\"caption\":\"Blog da Condessa\"},\"url\":\"https:\\\/\\\/blogdacondessa.com.br\\\/blog\\\/author\\\/beatriz\\\/\"}]}<\/script>\n<!-- \/ Yoast SEO plugin. -->","yoast_head_json":{"title":"Primeira-dama de Cuiab\u00e1 e TJMT visitam Igreja Lagoinha para capacita\u00e7\u00e3o sobre autismo &#8902; Blog da Condessa","robots":{"index":"index","follow":"follow","max-snippet":"max-snippet:-1","max-image-preview":"max-image-preview:large","max-video-preview":"max-video-preview:-1"},"canonical":"https:\/\/blogdacondessa.com.br\/blog\/uncategorized\/primeira-dama-de-cuiaba-e-tjmt-visitam-igreja-lagoinha-para-capacitacao-sobre-autismo\/","og_locale":"pt_BR","og_type":"article","og_title":"Primeira-dama de Cuiab\u00e1 e TJMT visitam Igreja Lagoinha para capacita\u00e7\u00e3o sobre autismo &#8902; Blog da Condessa","og_description":"A primeira-dama e vereadora de Cuiab\u00e1, Samantha Iris, e a vice-presidente do Tribunal de Justi\u00e7a de Mato Grosso (TJMT), desembargadora Nilza Maria P\u00f4ssas de Carvalho, visitaram no \u00faltimo dia 15 a Igreja Lagoinha, parceira na realiza\u00e7\u00e3o da pr\u00f3xima Capacita\u00e7\u00e3o e Conscientiza\u00e7\u00e3o em Autismo do projeto TJMT Inclusivo. A iniciativa, promovida pela Comiss\u00e3o de Acessibilidade e [&hellip;]","og_url":"https:\/\/blogdacondessa.com.br\/blog\/uncategorized\/primeira-dama-de-cuiaba-e-tjmt-visitam-igreja-lagoinha-para-capacitacao-sobre-autismo\/","og_site_name":"Blog da Condessa","article_published_time":"2025-10-21T15:03:22+00:00","og_image":[{"width":1280,"height":720,"url":"https:\/\/blogdacondessa.com.br\/blog\/wp-content\/uploads\/2025\/10\/SAMANTHA.jpg","type":"image\/jpeg"}],"author":"Blog da Condessa","twitter_card":"summary_large_image","twitter_misc":{"Escrito por":"Blog da Condessa","Est. tempo de leitura":"3 minutos"},"schema":{"@context":"https:\/\/schema.org","@graph":[{"@type":"Article","@id":"https:\/\/blogdacondessa.com.br\/blog\/uncategorized\/primeira-dama-de-cuiaba-e-tjmt-visitam-igreja-lagoinha-para-capacitacao-sobre-autismo\/#article","isPartOf":{"@id":"https:\/\/blogdacondessa.com.br\/blog\/uncategorized\/primeira-dama-de-cuiaba-e-tjmt-visitam-igreja-lagoinha-para-capacitacao-sobre-autismo\/"},"author":{"name":"Blog da Condessa","@id":"https:\/\/blogdacondessa.com.br\/blog\/#\/schema\/person\/1d667ff8b785195b568677489d266035"},"headline":"Primeira-dama de Cuiab\u00e1 e TJMT visitam Igreja Lagoinha para capacita\u00e7\u00e3o sobre autismo","datePublished":"2025-10-21T15:03:22+00:00","mainEntityOfPage":{"@id":"https:\/\/blogdacondessa.com.br\/blog\/uncategorized\/primeira-dama-de-cuiaba-e-tjmt-visitam-igreja-lagoinha-para-capacitacao-sobre-autismo\/"},"wordCount":445,"image":{"@id":"https:\/\/blogdacondessa.com.br\/blog\/uncategorized\/primeira-dama-de-cuiaba-e-tjmt-visitam-igreja-lagoinha-para-capacitacao-sobre-autismo\/#primaryimage"},"thumbnailUrl":"https:\/\/blogdacondessa.com.br\/blog\/wp-content\/uploads\/2025\/10\/SAMANTHA.jpg","articleSection":["Uncategorized"],"inLanguage":"pt-BR"},{"@type":"WebPage","@id":"https:\/\/blogdacondessa.com.br\/blog\/uncategorized\/primeira-dama-de-cuiaba-e-tjmt-visitam-igreja-lagoinha-para-capacitacao-sobre-autismo\/","url":"https:\/\/blogdacondessa.com.br\/blog\/uncategorized\/primeira-dama-de-cuiaba-e-tjmt-visitam-igreja-lagoinha-para-capacitacao-sobre-autismo\/","name":"Primeira-dama de Cuiab\u00e1 e TJMT visitam Igreja Lagoinha para capacita\u00e7\u00e3o sobre autismo &#8902; Blog da Condessa","isPartOf":{"@id":"https:\/\/blogdacondessa.com.br\/blog\/#website"},"primaryImageOfPage":{"@id":"https:\/\/blogdacondessa.com.br\/blog\/uncategorized\/primeira-dama-de-cuiaba-e-tjmt-visitam-igreja-lagoinha-para-capacitacao-sobre-autismo\/#primaryimage"},"image":{"@id":"https:\/\/blogdacondessa.com.br\/blog\/uncategorized\/primeira-dama-de-cuiaba-e-tjmt-visitam-igreja-lagoinha-para-capacitacao-sobre-autismo\/#primaryimage"},"thumbnailUrl":"https:\/\/blogdacondessa.com.br\/blog\/wp-content\/uploads\/2025\/10\/SAMANTHA.jpg","datePublished":"2025-10-21T15:03:22+00:00","author":{"@id":"https:\/\/blogdacondessa.com.br\/blog\/#\/schema\/person\/1d667ff8b785195b568677489d266035"},"breadcrumb":{"@id":"https:\/\/blogdacondessa.com.br\/blog\/uncategorized\/primeira-dama-de-cuiaba-e-tjmt-visitam-igreja-lagoinha-para-capacitacao-sobre-autismo\/#breadcrumb"},"inLanguage":"pt-BR","potentialAction":[{"@type":"ReadAction","target":["https:\/\/blogdacondessa.com.br\/blog\/uncategorized\/primeira-dama-de-cuiaba-e-tjmt-visitam-igreja-lagoinha-para-capacitacao-sobre-autismo\/"]}]},{"@type":"ImageObject","inLanguage":"pt-BR","@id":"https:\/\/blogdacondessa.com.br\/blog\/uncategorized\/primeira-dama-de-cuiaba-e-tjmt-visitam-igreja-lagoinha-para-capacitacao-sobre-autismo\/#primaryimage","url":"https:\/\/blogdacondessa.com.br\/blog\/wp-content\/uploads\/2025\/10\/SAMANTHA.jpg","contentUrl":"https:\/\/blogdacondessa.com.br\/blog\/wp-content\/uploads\/2025\/10\/SAMANTHA.jpg","width":1280,"height":720},{"@type":"BreadcrumbList","@id":"https:\/\/blogdacondessa.com.br\/blog\/uncategorized\/primeira-dama-de-cuiaba-e-tjmt-visitam-igreja-lagoinha-para-capacitacao-sobre-autismo\/#breadcrumb","itemListElement":[{"@type":"ListItem","position":1,"name":"In\u00edcio","item":"https:\/\/blogdacondessa.com.br\/blog\/"},{"@type":"ListItem","position":2,"name":"Primeira-dama de Cuiab\u00e1 e TJMT visitam Igreja Lagoinha para capacita\u00e7\u00e3o sobre autismo"}]},{"@type":"WebSite","@id":"https:\/\/blogdacondessa.com.br\/blog\/#website","url":"https:\/\/blogdacondessa.com.br\/blog\/","name":"Blog da Condessa","description":"Com Shirley de Souza O\u2019Campos","potentialAction":[{"@type":"SearchAction","target":{"@type":"EntryPoint","urlTemplate":"https:\/\/blogdacondessa.com.br\/blog\/?s={search_term_string}"},"query-input":{"@type":"PropertyValueSpecification","valueRequired":true,"valueName":"search_term_string"}}],"inLanguage":"pt-BR"},{"@type":"Person","@id":"https:\/\/blogdacondessa.com.br\/blog\/#\/schema\/person\/1d667ff8b785195b568677489d266035","name":"Blog da Condessa","image":{"@type":"ImageObject","inLanguage":"pt-BR","@id":"https:\/\/secure.gravatar.com\/avatar\/377c0eb8b4ad2bfc25461b41564b5971e721ca34a57642868fc7b0c8ac7b52c5?s=96&d=mm&r=g","url":"https:\/\/secure.gravatar.com\/avatar\/377c0eb8b4ad2bfc25461b41564b5971e721ca34a57642868fc7b0c8ac7b52c5?s=96&d=mm&r=g","contentUrl":"https:\/\/secure.gravatar.com\/avatar\/377c0eb8b4ad2bfc25461b41564b5971e721ca34a57642868fc7b0c8ac7b52c5?s=96&d=mm&r=g","caption":"Blog da Condessa"},"url":"https:\/\/blogdacondessa.com.br\/blog\/author\/beatriz\/"}]}},"_links":{"self":[{"href":"https:\/\/blogdacondessa.com.br\/blog\/wp-json\/wp\/v2\/posts\/12931","targetHints":{"allow":["GET"]}}],"collection":[{"href":"https:\/\/blogdacondessa.com.br\/blog\/wp-json\/wp\/v2\/posts"}],"about":[{"href":"https:\/\/blogdacondessa.com.br\/blog\/wp-json\/wp\/v2\/types\/post"}],"author":[{"embeddable":true,"href":"https:\/\/blogdacondessa.com.br\/blog\/wp-json\/wp\/v2\/users\/2"}],"replies":[{"embeddable":true,"href":"https:\/\/blogdacondessa.com.br\/blog\/wp-json\/wp\/v2\/comments?post=12931"}],"version-history":[{"count":1,"href":"https:\/\/blogdacondessa.com.br\/blog\/wp-json\/wp\/v2\/posts\/12931\/revisions"}],"predecessor-version":[{"id":12933,"href":"https:\/\/blogdacondessa.com.br\/blog\/wp-json\/wp\/v2\/posts\/12931\/revisions\/12933"}],"wp:featuredmedia":[{"embeddable":true,"href":"https:\/\/blogdacondessa.com.br\/blog\/wp-json\/wp\/v2\/media\/12932"}],"wp:attachment":[{"href":"https:\/\/blogdacondessa.com.br\/blog\/wp-json\/wp\/v2\/media?parent=12931"}],"wp:term":[{"taxonomy":"category","embeddable":true,"href":"https:\/\/blogdacondessa.com.br\/blog\/wp-json\/wp\/v2\/categories?post=12931"},{"taxonomy":"post_tag","embeddable":true,"href":"https:\/\/blogdacondessa.com.br\/blog\/wp-json\/wp\/v2\/tags?post=12931"}],"curies":[{"name":"wp","href":"https:\/\/api.w.org\/{rel}","templated":true}]}}