{"id":12925,"date":"2025-10-20T12:20:54","date_gmt":"2025-10-20T16:20:54","guid":{"rendered":"https:\/\/blogdacondessa.com.br\/blog\/?p=12925"},"modified":"2025-10-20T12:20:54","modified_gmt":"2025-10-20T16:20:54","slug":"piano-gente-comunidade","status":"publish","type":"post","link":"https:\/\/blogdacondessa.com.br\/blog\/uncategorized\/piano-gente-comunidade\/","title":{"rendered":"\u201cPiano Gente Comunidade\u201d"},"content":{"rendered":"<p>Projeto percorre escolas, pra\u00e7as e institui\u00e7\u00f5es de apoio com apresenta\u00e7\u00f5es gratuitas at\u00e9 o fim de outubro.<\/p>\n<p>Cumprindo mais uma\u00a0maratona de eventos com o DNA Piano Gente, o grupo liderado pelo\u00a0publicit\u00e1rio e pianista Dario Scherner\u00a0inicia nesta segunda-feira (20) um novo circuito de apresenta\u00e7\u00f5es em Cuiab\u00e1. A proposta \u00e9 levar arte, emo\u00e7\u00e3o e inclus\u00e3o a\u00a0equipamentos p\u00fablicos e institui\u00e7\u00f5es sociais\u00a0que impactam diretamente as comunidades mais vulner\u00e1veis.<\/p>\n<p>O formato, j\u00e1 consagrado na capital mato-grossense, une\u00a0m\u00fasica instrumental e bal\u00e9, com apresenta\u00e7\u00f5es do\u00a0pianista Arthur Scharneski, do\u00a0saxofonista Jucimar Vidal\u00a0e das bailarinas\u00a0J\u00falia Fernandes,\u00a0Ludmila Arruda\u00a0e\u00a0Nat\u00e1lia Galv\u00e3o.<\/p>\n<p>\u201cLevar nosso conceito de m\u00fasica e dan\u00e7a a pra\u00e7as, escolas e institui\u00e7\u00f5es j\u00e1 \u00e9 uma realidade que imprimimos ao longo dos \u00faltimos anos. Mas quando temos a oportunidade de compartilhar nossa arte em locais como o\u00a0C.E.A.A.D.A.\u00a0(escola bil\u00edngue que atende exclusivamente crian\u00e7as surdas ou com defici\u00eancia auditiva),\u00a0Apae,\u00a0Pestalozzi\u00a0e o\u00a0Hospital Municipal de Cuiab\u00e1 (HMC), \u00e9 algo muito caro pra gente. Por isso iremos com for\u00e7a m\u00e1xima levar alegria e paz aos cora\u00e7\u00f5es dessas pessoas\u201d, destacou\u00a0Dario Scherner.<\/p>\n<p>O circuito\u00a0\u201cPiano Gente Comunidade\u201d\u00a0ter\u00e1\u00a020 apresenta\u00e7\u00f5es\u00a0entre os dias\u00a020 e 30 de outubro, com apoio do\u00a0Governo do Estado, da\u00a0Assembleia Legislativa de Mato Grosso (ALMT)\u00a0e da\u00a0SETASC \u2013 Secretaria de Assist\u00eancia Social e Cidadania de Mato Grosso.<\/p>\n<p><strong>\u00a0Programa\u00e7\u00e3o\u00a0\u2013 Piano Gente Comunidade<\/strong><\/p>\n<p>De 20 a 30 de outubro de 2025<\/p>\n<p>20\/10 \u2013 Segunda-feira<\/p>\n<ul>\n<li>09h \u00e0s 11h \u2013\u00a0<em>E. E. Dom Pedro II \u2013 Bairro M\u00e9dici<\/em><\/li>\n<li>14h \u00e0s 16h \u2013\u00a0<em>C.E.A.A.D.A.<\/em><\/li>\n<\/ul>\n<p>21\/10 \u2013 Ter\u00e7a-feira<\/p>\n<ul>\n<li>09h \u00e0s 11h \u2013\u00a0<em>Pra\u00e7a Ipiranga<\/em><\/li>\n<li>14h \u00e0s 16h \u2013\u00a0<em>Pra\u00e7a Ipiranga<\/em><\/li>\n<\/ul>\n<p>22\/10 \u2013 Quarta-feira<\/p>\n<ul>\n<li>09h \u00e0s 11h \u2013\u00a0<em>Mercado do Porto<\/em><\/li>\n<li>14h \u00e0s 16h \u2013\u00a0<em>Mercado do Porto<\/em><\/li>\n<\/ul>\n<p>23\/10 \u2013 Quinta-feira<\/p>\n<ul>\n<li>09h \u00e0s 11h \u2013\u00a0<em>E. E. Liceu Cuiabano<\/em><\/li>\n<li>14h \u00e0s 16h \u2013\u00a0<em>E. E. Liceu Cuiabano<\/em><\/li>\n<\/ul>\n<p>24\/10 \u2013 Sexta-feira<\/p>\n<ul>\n<li>09h \u00e0s 11h \u2013\u00a0<em>APAE Cuiab\u00e1<\/em><\/li>\n<li>14h \u00e0s 16h \u2013\u00a0<em>Pestalozzi Cuiab\u00e1<\/em><\/li>\n<\/ul>\n<p>25\/10 \u2013 S\u00e1bado<\/p>\n<ul>\n<li>09h \u00e0s 11h \u2013\u00a0<em>Aqu\u00e1rio Municipal<\/em><\/li>\n<li>14h \u00e0s 16h \u2013\u00a0<em>Aqu\u00e1rio Municipal<\/em><\/li>\n<\/ul>\n<p>27\/10 \u2013 Segunda-feira<\/p>\n<ul>\n<li>09h \u00e0s 11h \u2013\u00a0<em>Hospital Municipal de Cuiab\u00e1 (HMC)<\/em><\/li>\n<li>16h \u00e0s 18h \u2013\u00a0<em>Hospital Municipal de Cuiab\u00e1 (HMC)<\/em><\/li>\n<\/ul>\n<p>28\/10 \u2013 Ter\u00e7a-feira<\/p>\n<ul>\n<li>09h \u00e0s 11h \u2013\u00a0<em>Pra\u00e7a da Rep\u00fablica<\/em><\/li>\n<li>15h \u00e0s 17h \u2013\u00a0<em>Pra\u00e7a da Rep\u00fablica<\/em><\/li>\n<\/ul>\n<p>29\/10 \u2013 Quarta-feira<\/p>\n<ul>\n<li>09h \u00e0s 11h \u2013\u00a0<em>C\u00e2mara Municipal de Cuiab\u00e1<\/em><\/li>\n<li>14h \u00e0s 16h \u2013\u00a0<em>Pra\u00e7a Popular<\/em><\/li>\n<\/ul>\n<p>30\/10 \u2013 Quinta-feira<\/p>\n<ul>\n<li>09h \u00e0s 11h \u2013\u00a0<em>Pra\u00e7a Alencastro<\/em><\/li>\n<li>15h \u00e0s 17h \u2013\u00a0<em>Pra\u00e7a Alencastro<\/em><\/li>\n<\/ul>\n","protected":false},"excerpt":{"rendered":"<p>Projeto percorre escolas, pra\u00e7as e institui\u00e7\u00f5es de apoio com apresenta\u00e7\u00f5es gratuitas at\u00e9 o fim de outubro. Cumprindo mais uma\u00a0maratona de eventos com o DNA Piano Gente, o grupo liderado pelo\u00a0publicit\u00e1rio e pianista Dario Scherner\u00a0inicia nesta segunda-feira (20) um novo circuito de apresenta\u00e7\u00f5es em Cuiab\u00e1. A proposta \u00e9 levar arte, emo\u00e7\u00e3o e inclus\u00e3o a\u00a0equipamentos p\u00fablicos e [&hellip;]<\/p>\n","protected":false},"author":2,"featured_media":12926,"comment_status":"closed","ping_status":"closed","sticky":false,"template":"","format":"standard","meta":{"iawp_total_views":7,"footnotes":""},"categories":[1],"tags":[],"class_list":["post-12925","post","type-post","status-publish","format-standard","has-post-thumbnail","hentry","category-uncategorized"],"yoast_head":"<!-- This site is optimized with the Yoast SEO plugin v27.3 - https:\/\/yoast.com\/product\/yoast-seo-wordpress\/ -->\n<title>\u201cPiano Gente Comunidade\u201d &#8902; Blog da Condessa<\/title>\n<meta name=\"robots\" content=\"index, follow, max-snippet:-1, max-image-preview:large, max-video-preview:-1\" \/>\n<link rel=\"canonical\" href=\"https:\/\/blogdacondessa.com.br\/blog\/uncategorized\/piano-gente-comunidade\/\" \/>\n<meta property=\"og:locale\" content=\"pt_BR\" \/>\n<meta property=\"og:type\" content=\"article\" \/>\n<meta property=\"og:title\" content=\"\u201cPiano Gente Comunidade\u201d &#8902; Blog da Condessa\" \/>\n<meta property=\"og:description\" content=\"Projeto percorre escolas, pra\u00e7as e institui\u00e7\u00f5es de apoio com apresenta\u00e7\u00f5es gratuitas at\u00e9 o fim de outubro. Cumprindo mais uma\u00a0maratona de eventos com o DNA Piano Gente, o grupo liderado pelo\u00a0publicit\u00e1rio e pianista Dario Scherner\u00a0inicia nesta segunda-feira (20) um novo circuito de apresenta\u00e7\u00f5es em Cuiab\u00e1. A proposta \u00e9 levar arte, emo\u00e7\u00e3o e inclus\u00e3o a\u00a0equipamentos p\u00fablicos e [&hellip;]\" \/>\n<meta property=\"og:url\" content=\"https:\/\/blogdacondessa.com.br\/blog\/uncategorized\/piano-gente-comunidade\/\" \/>\n<meta property=\"og:site_name\" content=\"Blog da Condessa\" \/>\n<meta property=\"article:published_time\" content=\"2025-10-20T16:20:54+00:00\" \/>\n<meta property=\"og:image\" content=\"https:\/\/blogdacondessa.com.br\/blog\/wp-content\/uploads\/2025\/10\/DARIO-2.jpeg\" \/>\n\t<meta property=\"og:image:width\" content=\"1181\" \/>\n\t<meta property=\"og:image:height\" content=\"886\" \/>\n\t<meta property=\"og:image:type\" content=\"image\/jpeg\" \/>\n<meta name=\"author\" content=\"Blog da Condessa\" \/>\n<meta name=\"twitter:card\" content=\"summary_large_image\" \/>\n<meta name=\"twitter:label1\" content=\"Escrito por\" \/>\n\t<meta name=\"twitter:data1\" content=\"Blog da Condessa\" \/>\n\t<meta name=\"twitter:label2\" content=\"Est. tempo de leitura\" \/>\n\t<meta name=\"twitter:data2\" content=\"3 minutos\" \/>\n<script type=\"application\/ld+json\" class=\"yoast-schema-graph\">{\"@context\":\"https:\\\/\\\/schema.org\",\"@graph\":[{\"@type\":\"Article\",\"@id\":\"https:\\\/\\\/blogdacondessa.com.br\\\/blog\\\/uncategorized\\\/piano-gente-comunidade\\\/#article\",\"isPartOf\":{\"@id\":\"https:\\\/\\\/blogdacondessa.com.br\\\/blog\\\/uncategorized\\\/piano-gente-comunidade\\\/\"},\"author\":{\"name\":\"Blog da Condessa\",\"@id\":\"https:\\\/\\\/blogdacondessa.com.br\\\/blog\\\/#\\\/schema\\\/person\\\/1d667ff8b785195b568677489d266035\"},\"headline\":\"\u201cPiano Gente Comunidade\u201d\",\"datePublished\":\"2025-10-20T16:20:54+00:00\",\"mainEntityOfPage\":{\"@id\":\"https:\\\/\\\/blogdacondessa.com.br\\\/blog\\\/uncategorized\\\/piano-gente-comunidade\\\/\"},\"wordCount\":410,\"image\":{\"@id\":\"https:\\\/\\\/blogdacondessa.com.br\\\/blog\\\/uncategorized\\\/piano-gente-comunidade\\\/#primaryimage\"},\"thumbnailUrl\":\"https:\\\/\\\/blogdacondessa.com.br\\\/blog\\\/wp-content\\\/uploads\\\/2025\\\/10\\\/DARIO-2.jpeg\",\"articleSection\":[\"Uncategorized\"],\"inLanguage\":\"pt-BR\"},{\"@type\":\"WebPage\",\"@id\":\"https:\\\/\\\/blogdacondessa.com.br\\\/blog\\\/uncategorized\\\/piano-gente-comunidade\\\/\",\"url\":\"https:\\\/\\\/blogdacondessa.com.br\\\/blog\\\/uncategorized\\\/piano-gente-comunidade\\\/\",\"name\":\"\u201cPiano Gente Comunidade\u201d &#8902; Blog da Condessa\",\"isPartOf\":{\"@id\":\"https:\\\/\\\/blogdacondessa.com.br\\\/blog\\\/#website\"},\"primaryImageOfPage\":{\"@id\":\"https:\\\/\\\/blogdacondessa.com.br\\\/blog\\\/uncategorized\\\/piano-gente-comunidade\\\/#primaryimage\"},\"image\":{\"@id\":\"https:\\\/\\\/blogdacondessa.com.br\\\/blog\\\/uncategorized\\\/piano-gente-comunidade\\\/#primaryimage\"},\"thumbnailUrl\":\"https:\\\/\\\/blogdacondessa.com.br\\\/blog\\\/wp-content\\\/uploads\\\/2025\\\/10\\\/DARIO-2.jpeg\",\"datePublished\":\"2025-10-20T16:20:54+00:00\",\"author\":{\"@id\":\"https:\\\/\\\/blogdacondessa.com.br\\\/blog\\\/#\\\/schema\\\/person\\\/1d667ff8b785195b568677489d266035\"},\"breadcrumb\":{\"@id\":\"https:\\\/\\\/blogdacondessa.com.br\\\/blog\\\/uncategorized\\\/piano-gente-comunidade\\\/#breadcrumb\"},\"inLanguage\":\"pt-BR\",\"potentialAction\":[{\"@type\":\"ReadAction\",\"target\":[\"https:\\\/\\\/blogdacondessa.com.br\\\/blog\\\/uncategorized\\\/piano-gente-comunidade\\\/\"]}]},{\"@type\":\"ImageObject\",\"inLanguage\":\"pt-BR\",\"@id\":\"https:\\\/\\\/blogdacondessa.com.br\\\/blog\\\/uncategorized\\\/piano-gente-comunidade\\\/#primaryimage\",\"url\":\"https:\\\/\\\/blogdacondessa.com.br\\\/blog\\\/wp-content\\\/uploads\\\/2025\\\/10\\\/DARIO-2.jpeg\",\"contentUrl\":\"https:\\\/\\\/blogdacondessa.com.br\\\/blog\\\/wp-content\\\/uploads\\\/2025\\\/10\\\/DARIO-2.jpeg\",\"width\":1181,\"height\":886},{\"@type\":\"BreadcrumbList\",\"@id\":\"https:\\\/\\\/blogdacondessa.com.br\\\/blog\\\/uncategorized\\\/piano-gente-comunidade\\\/#breadcrumb\",\"itemListElement\":[{\"@type\":\"ListItem\",\"position\":1,\"name\":\"In\u00edcio\",\"item\":\"https:\\\/\\\/blogdacondessa.com.br\\\/blog\\\/\"},{\"@type\":\"ListItem\",\"position\":2,\"name\":\"\u201cPiano Gente Comunidade\u201d\"}]},{\"@type\":\"WebSite\",\"@id\":\"https:\\\/\\\/blogdacondessa.com.br\\\/blog\\\/#website\",\"url\":\"https:\\\/\\\/blogdacondessa.com.br\\\/blog\\\/\",\"name\":\"Blog da Condessa\",\"description\":\"Com Shirley de Souza O\u2019Campos\",\"potentialAction\":[{\"@type\":\"SearchAction\",\"target\":{\"@type\":\"EntryPoint\",\"urlTemplate\":\"https:\\\/\\\/blogdacondessa.com.br\\\/blog\\\/?s={search_term_string}\"},\"query-input\":{\"@type\":\"PropertyValueSpecification\",\"valueRequired\":true,\"valueName\":\"search_term_string\"}}],\"inLanguage\":\"pt-BR\"},{\"@type\":\"Person\",\"@id\":\"https:\\\/\\\/blogdacondessa.com.br\\\/blog\\\/#\\\/schema\\\/person\\\/1d667ff8b785195b568677489d266035\",\"name\":\"Blog da Condessa\",\"image\":{\"@type\":\"ImageObject\",\"inLanguage\":\"pt-BR\",\"@id\":\"https:\\\/\\\/secure.gravatar.com\\\/avatar\\\/377c0eb8b4ad2bfc25461b41564b5971e721ca34a57642868fc7b0c8ac7b52c5?s=96&d=mm&r=g\",\"url\":\"https:\\\/\\\/secure.gravatar.com\\\/avatar\\\/377c0eb8b4ad2bfc25461b41564b5971e721ca34a57642868fc7b0c8ac7b52c5?s=96&d=mm&r=g\",\"contentUrl\":\"https:\\\/\\\/secure.gravatar.com\\\/avatar\\\/377c0eb8b4ad2bfc25461b41564b5971e721ca34a57642868fc7b0c8ac7b52c5?s=96&d=mm&r=g\",\"caption\":\"Blog da Condessa\"},\"url\":\"https:\\\/\\\/blogdacondessa.com.br\\\/blog\\\/author\\\/beatriz\\\/\"}]}<\/script>\n<!-- \/ Yoast SEO plugin. -->","yoast_head_json":{"title":"\u201cPiano Gente Comunidade\u201d &#8902; Blog da Condessa","robots":{"index":"index","follow":"follow","max-snippet":"max-snippet:-1","max-image-preview":"max-image-preview:large","max-video-preview":"max-video-preview:-1"},"canonical":"https:\/\/blogdacondessa.com.br\/blog\/uncategorized\/piano-gente-comunidade\/","og_locale":"pt_BR","og_type":"article","og_title":"\u201cPiano Gente Comunidade\u201d &#8902; Blog da Condessa","og_description":"Projeto percorre escolas, pra\u00e7as e institui\u00e7\u00f5es de apoio com apresenta\u00e7\u00f5es gratuitas at\u00e9 o fim de outubro. Cumprindo mais uma\u00a0maratona de eventos com o DNA Piano Gente, o grupo liderado pelo\u00a0publicit\u00e1rio e pianista Dario Scherner\u00a0inicia nesta segunda-feira (20) um novo circuito de apresenta\u00e7\u00f5es em Cuiab\u00e1. A proposta \u00e9 levar arte, emo\u00e7\u00e3o e inclus\u00e3o a\u00a0equipamentos p\u00fablicos e [&hellip;]","og_url":"https:\/\/blogdacondessa.com.br\/blog\/uncategorized\/piano-gente-comunidade\/","og_site_name":"Blog da Condessa","article_published_time":"2025-10-20T16:20:54+00:00","og_image":[{"width":1181,"height":886,"url":"https:\/\/blogdacondessa.com.br\/blog\/wp-content\/uploads\/2025\/10\/DARIO-2.jpeg","type":"image\/jpeg"}],"author":"Blog da Condessa","twitter_card":"summary_large_image","twitter_misc":{"Escrito por":"Blog da Condessa","Est. tempo de leitura":"3 minutos"},"schema":{"@context":"https:\/\/schema.org","@graph":[{"@type":"Article","@id":"https:\/\/blogdacondessa.com.br\/blog\/uncategorized\/piano-gente-comunidade\/#article","isPartOf":{"@id":"https:\/\/blogdacondessa.com.br\/blog\/uncategorized\/piano-gente-comunidade\/"},"author":{"name":"Blog da Condessa","@id":"https:\/\/blogdacondessa.com.br\/blog\/#\/schema\/person\/1d667ff8b785195b568677489d266035"},"headline":"\u201cPiano Gente Comunidade\u201d","datePublished":"2025-10-20T16:20:54+00:00","mainEntityOfPage":{"@id":"https:\/\/blogdacondessa.com.br\/blog\/uncategorized\/piano-gente-comunidade\/"},"wordCount":410,"image":{"@id":"https:\/\/blogdacondessa.com.br\/blog\/uncategorized\/piano-gente-comunidade\/#primaryimage"},"thumbnailUrl":"https:\/\/blogdacondessa.com.br\/blog\/wp-content\/uploads\/2025\/10\/DARIO-2.jpeg","articleSection":["Uncategorized"],"inLanguage":"pt-BR"},{"@type":"WebPage","@id":"https:\/\/blogdacondessa.com.br\/blog\/uncategorized\/piano-gente-comunidade\/","url":"https:\/\/blogdacondessa.com.br\/blog\/uncategorized\/piano-gente-comunidade\/","name":"\u201cPiano Gente Comunidade\u201d &#8902; Blog da Condessa","isPartOf":{"@id":"https:\/\/blogdacondessa.com.br\/blog\/#website"},"primaryImageOfPage":{"@id":"https:\/\/blogdacondessa.com.br\/blog\/uncategorized\/piano-gente-comunidade\/#primaryimage"},"image":{"@id":"https:\/\/blogdacondessa.com.br\/blog\/uncategorized\/piano-gente-comunidade\/#primaryimage"},"thumbnailUrl":"https:\/\/blogdacondessa.com.br\/blog\/wp-content\/uploads\/2025\/10\/DARIO-2.jpeg","datePublished":"2025-10-20T16:20:54+00:00","author":{"@id":"https:\/\/blogdacondessa.com.br\/blog\/#\/schema\/person\/1d667ff8b785195b568677489d266035"},"breadcrumb":{"@id":"https:\/\/blogdacondessa.com.br\/blog\/uncategorized\/piano-gente-comunidade\/#breadcrumb"},"inLanguage":"pt-BR","potentialAction":[{"@type":"ReadAction","target":["https:\/\/blogdacondessa.com.br\/blog\/uncategorized\/piano-gente-comunidade\/"]}]},{"@type":"ImageObject","inLanguage":"pt-BR","@id":"https:\/\/blogdacondessa.com.br\/blog\/uncategorized\/piano-gente-comunidade\/#primaryimage","url":"https:\/\/blogdacondessa.com.br\/blog\/wp-content\/uploads\/2025\/10\/DARIO-2.jpeg","contentUrl":"https:\/\/blogdacondessa.com.br\/blog\/wp-content\/uploads\/2025\/10\/DARIO-2.jpeg","width":1181,"height":886},{"@type":"BreadcrumbList","@id":"https:\/\/blogdacondessa.com.br\/blog\/uncategorized\/piano-gente-comunidade\/#breadcrumb","itemListElement":[{"@type":"ListItem","position":1,"name":"In\u00edcio","item":"https:\/\/blogdacondessa.com.br\/blog\/"},{"@type":"ListItem","position":2,"name":"\u201cPiano Gente Comunidade\u201d"}]},{"@type":"WebSite","@id":"https:\/\/blogdacondessa.com.br\/blog\/#website","url":"https:\/\/blogdacondessa.com.br\/blog\/","name":"Blog da Condessa","description":"Com Shirley de Souza O\u2019Campos","potentialAction":[{"@type":"SearchAction","target":{"@type":"EntryPoint","urlTemplate":"https:\/\/blogdacondessa.com.br\/blog\/?s={search_term_string}"},"query-input":{"@type":"PropertyValueSpecification","valueRequired":true,"valueName":"search_term_string"}}],"inLanguage":"pt-BR"},{"@type":"Person","@id":"https:\/\/blogdacondessa.com.br\/blog\/#\/schema\/person\/1d667ff8b785195b568677489d266035","name":"Blog da Condessa","image":{"@type":"ImageObject","inLanguage":"pt-BR","@id":"https:\/\/secure.gravatar.com\/avatar\/377c0eb8b4ad2bfc25461b41564b5971e721ca34a57642868fc7b0c8ac7b52c5?s=96&d=mm&r=g","url":"https:\/\/secure.gravatar.com\/avatar\/377c0eb8b4ad2bfc25461b41564b5971e721ca34a57642868fc7b0c8ac7b52c5?s=96&d=mm&r=g","contentUrl":"https:\/\/secure.gravatar.com\/avatar\/377c0eb8b4ad2bfc25461b41564b5971e721ca34a57642868fc7b0c8ac7b52c5?s=96&d=mm&r=g","caption":"Blog da Condessa"},"url":"https:\/\/blogdacondessa.com.br\/blog\/author\/beatriz\/"}]}},"_links":{"self":[{"href":"https:\/\/blogdacondessa.com.br\/blog\/wp-json\/wp\/v2\/posts\/12925","targetHints":{"allow":["GET"]}}],"collection":[{"href":"https:\/\/blogdacondessa.com.br\/blog\/wp-json\/wp\/v2\/posts"}],"about":[{"href":"https:\/\/blogdacondessa.com.br\/blog\/wp-json\/wp\/v2\/types\/post"}],"author":[{"embeddable":true,"href":"https:\/\/blogdacondessa.com.br\/blog\/wp-json\/wp\/v2\/users\/2"}],"replies":[{"embeddable":true,"href":"https:\/\/blogdacondessa.com.br\/blog\/wp-json\/wp\/v2\/comments?post=12925"}],"version-history":[{"count":1,"href":"https:\/\/blogdacondessa.com.br\/blog\/wp-json\/wp\/v2\/posts\/12925\/revisions"}],"predecessor-version":[{"id":12927,"href":"https:\/\/blogdacondessa.com.br\/blog\/wp-json\/wp\/v2\/posts\/12925\/revisions\/12927"}],"wp:featuredmedia":[{"embeddable":true,"href":"https:\/\/blogdacondessa.com.br\/blog\/wp-json\/wp\/v2\/media\/12926"}],"wp:attachment":[{"href":"https:\/\/blogdacondessa.com.br\/blog\/wp-json\/wp\/v2\/media?parent=12925"}],"wp:term":[{"taxonomy":"category","embeddable":true,"href":"https:\/\/blogdacondessa.com.br\/blog\/wp-json\/wp\/v2\/categories?post=12925"},{"taxonomy":"post_tag","embeddable":true,"href":"https:\/\/blogdacondessa.com.br\/blog\/wp-json\/wp\/v2\/tags?post=12925"}],"curies":[{"name":"wp","href":"https:\/\/api.w.org\/{rel}","templated":true}]}}